{"id":171723,"date":"2021-08-05T16:17:14","date_gmt":"2021-08-05T14:17:14","guid":{"rendered":"https:\/\/www.prijedordanas.com\/?p=171723"},"modified":"2021-08-05T16:17:14","modified_gmt":"2021-08-05T14:17:14","slug":"apel-policijske-uprave-prijedor-da-se-zastiti-licna-imovina","status":"publish","type":"post","link":"https:\/\/www.prijedordanas.com\/?p=171723","title":{"rendered":"Apel Policijske uprave Prijedor da se za\u0161titi li\u010dna imovina"},"content":{"rendered":"<p><a href=\"https:\/\/www.prijedordanas.com\/wp-content\/uploads\/2019\/05\/policija-pd-2019-11-2.jpg\"><img loading=\"lazy\" decoding=\"async\" src=\"https:\/\/www.prijedordanas.com\/wp-content\/uploads\/2019\/05\/policija-pd-2019-11-2-300x217.jpg\" alt=\"\" width=\"300\" height=\"217\" class=\"alignleft size-medium wp-image-128306\" srcset=\"https:\/\/www.prijedordanas.com\/wp-content\/uploads\/2019\/05\/policija-pd-2019-11-2-300x217.jpg 300w, https:\/\/www.prijedordanas.com\/wp-content\/uploads\/2019\/05\/policija-pd-2019-11-2-100x72.jpg 100w, https:\/\/www.prijedordanas.com\/wp-content\/uploads\/2019\/05\/policija-pd-2019-11-2.jpg 690w\" sizes=\"(max-width: 300px) 100vw, 300px\" \/><\/a>Policijska uprava Prijedor apeluje na gra\u0111ane da tokom turisti\u010dke sezone obrate pa\u017enju na \u010duvanje svoje imovine koja u odsustvu vlasnika mo\u017ee biti meta izvr\u0161ioca krivi\u010dnih djela. Apelujemo na gra\u0111ane da preduzmu sve mjere kako bi smanjili mogu\u0107nost pristupa li\u010dnoj imovini licima koja koriste nepa\u017enju i odsustvo vlasnika i ugro\u017eavaju li\u010dnu imovinu.<\/p>\n<p>Tokom sezone godi\u0161njih odmora kada gra\u0111ani ne borave u svojim domovima, pove\u0107ana je mogu\u0107nost da se li\u010dna imovina, objekti ku\u0107a i stanova, na\u0111u na meti izvr\u0161ilaca krivi\u010dnih djela.<\/p>\n<p>Ukoliko odlazite na godi\u0161nji odmor ili du\u017ee vrijeme ne boravite u svojim ku\u0107ama i stanovima, preduzmite sve potrebne preventivne mjere, kako bi za\u0161titili svoju imovinu. Savjetujemo da o svom odlasku obavijestite kom\u0161ije, rodbinu ili prijatelje, koji \u0107e u va\u0161em odsustvu izvr\u0161iti obilazak va\u0161ih stambenih jedinica. Dok ste odsutni, u domovima ne ostavljajte novac, nakit i druge vrijedosti, ve\u0107 ih ponesite sa sobom ili ih povjerite na \u010duvanje, i ne objavljujte na dru\u0161tvenim mre\u017eama fotografije sa odmora koje pokazuju va\u0161e odsustvo sa adrese stanovanja. Klju\u010deve od stanova i ku\u0107a ne ostavljajte ispred objekata, na vidnim mjestima ili mjestima gdje su lako dostupna potencijalnim izvr\u0161iocima krivi\u010dnih djela.<\/p>\n<p>U slu\u010daju uo\u010davanja neuobi\u010dajenih de\u0161avanja, kretanja nepoznatih lica, posebno oko objekata \u010diji su vlasnici odsutni, pozovite besplatan servisni broj \u201e122\u201c ili uo\u010deno prijavite najbli\u017eoj policijskoj stanici, kako bi se efikasnim djelovanjem na vrijeme sprije\u010dilo izvr\u0161enje krivi\u010dnih djela i uhvatili izvr\u0161ioci.<\/p>\n<p>Tokom turisti\u010dke sezone poja\u010dano je prisustvo policijskih slu\u017ebenika na terenu, intenzivira se saradnja sa lokalnom zajednicom, a gra\u0111ani se pozivaju na aktivno u\u010de\u0161\u0107e, pru\u017eanjem bezbjednosno interesantnih i korisnih informacija, u cilju o\u010duvanja stabilnog stanja bezbjednosti i ja\u010danja povjerenja me\u0111usobnog odnosa gra\u0111ani-policija.<\/p>\n<p>PU Prijedor<br \/>\nFoto &#8211; ilustracija<\/p>\n","protected":false},"excerpt":{"rendered":"<p>Policijska uprava Prijedor apeluje na gra\u0111ane da tokom turisti\u010dke sezone obrate pa\u017enju na \u010duvanje svoje imovine koja u odsustvu vlasnika mo\u017ee biti meta izvr\u0161ioca krivi\u010dnih djela. Apelujemo na gra\u0111ane da [&hellip;]<\/p>\n","protected":false},"author":1,"featured_media":0,"comment_status":"closed","ping_status":"open","sticky":false,"template":"","format":"standard","meta":{"_monsterinsights_skip_tracking":false,"_monsterinsights_sitenote_active":false,"_monsterinsights_sitenote_note":"","_monsterinsights_sitenote_category":0,"footnotes":""},"categories":[8],"tags":[],"yoast_head":"<!-- This site is optimized with the Yoast SEO plugin v21.6 - https:\/\/yoast.com\/wordpress\/plugins\/seo\/ -->\n<title>Apel Policijske uprave Prijedor da se za\u0161titi li\u010dna imovina - PrijedorDanas.com - Prijedorski gradski portal<\/title>\n<meta name=\"robots\" content=\"index, follow, max-snippet:-1, max-image-preview:large, max-video-preview:-1\" \/>\n<link rel=\"canonical\" href=\"https:\/\/www.prijedordanas.com\/?p=171723\" \/>\n<meta property=\"og:locale\" content=\"en_US\" \/>\n<meta property=\"og:type\" content=\"article\" \/>\n<meta property=\"og:title\" content=\"Apel Policijske uprave Prijedor da se za\u0161titi li\u010dna imovina - PrijedorDanas.com - Prijedorski gradski portal\" \/>\n<meta property=\"og:description\" content=\"Policijska uprava Prijedor apeluje na gra\u0111ane da tokom turisti\u010dke sezone obrate pa\u017enju na \u010duvanje svoje imovine koja u odsustvu vlasnika mo\u017ee biti meta izvr\u0161ioca krivi\u010dnih djela. Apelujemo na gra\u0111ane da [&hellip;]\" \/>\n<meta property=\"og:url\" content=\"https:\/\/www.prijedordanas.com\/?p=171723\" \/>\n<meta property=\"og:site_name\" content=\"PrijedorDanas.com - Prijedorski gradski portal\" \/>\n<meta property=\"article:publisher\" content=\"https:\/\/www.facebook.com\/PrijedorDanasCom\/\" \/>\n<meta property=\"article:published_time\" content=\"2021-08-05T14:17:14+00:00\" \/>\n<meta property=\"og:image\" content=\"https:\/\/www.prijedordanas.com\/wp-content\/uploads\/2019\/05\/policija-pd-2019-11-2-300x217.jpg\" \/>\n<meta name=\"author\" content=\"admin\" \/>\n<meta name=\"twitter:card\" content=\"summary_large_image\" \/>\n<meta name=\"twitter:label1\" content=\"Written by\" \/>\n\t<meta name=\"twitter:data1\" content=\"admin\" \/>\n\t<meta name=\"twitter:label2\" content=\"Est. reading time\" \/>\n\t<meta name=\"twitter:data2\" content=\"2 minutes\" \/>\n<script type=\"application\/ld+json\" class=\"yoast-schema-graph\">{\"@context\":\"https:\/\/schema.org\",\"@graph\":[{\"@type\":\"Article\",\"@id\":\"https:\/\/www.prijedordanas.com\/?p=171723#article\",\"isPartOf\":{\"@id\":\"https:\/\/www.prijedordanas.com\/?p=171723\"},\"author\":{\"name\":\"admin\",\"@id\":\"https:\/\/www.prijedordanas.com\/#\/schema\/person\/4e08ccf29b506ca916ff86d46bb700e6\"},\"headline\":\"Apel Policijske uprave Prijedor da se za\u0161titi li\u010dna imovina\",\"datePublished\":\"2021-08-05T14:17:14+00:00\",\"dateModified\":\"2021-08-05T14:17:14+00:00\",\"mainEntityOfPage\":{\"@id\":\"https:\/\/www.prijedordanas.com\/?p=171723\"},\"wordCount\":337,\"publisher\":{\"@id\":\"https:\/\/www.prijedordanas.com\/#organization\"},\"articleSection\":[\"Svakodnevno\"],\"inLanguage\":\"en-US\"},{\"@type\":\"WebPage\",\"@id\":\"https:\/\/www.prijedordanas.com\/?p=171723\",\"url\":\"https:\/\/www.prijedordanas.com\/?p=171723\",\"name\":\"Apel Policijske uprave Prijedor da se za\u0161titi li\u010dna imovina - PrijedorDanas.com - Prijedorski gradski portal\",\"isPartOf\":{\"@id\":\"https:\/\/www.prijedordanas.com\/#website\"},\"datePublished\":\"2021-08-05T14:17:14+00:00\",\"dateModified\":\"2021-08-05T14:17:14+00:00\",\"breadcrumb\":{\"@id\":\"https:\/\/www.prijedordanas.com\/?p=171723#breadcrumb\"},\"inLanguage\":\"en-US\",\"potentialAction\":[{\"@type\":\"ReadAction\",\"target\":[\"https:\/\/www.prijedordanas.com\/?p=171723\"]}]},{\"@type\":\"BreadcrumbList\",\"@id\":\"https:\/\/www.prijedordanas.com\/?p=171723#breadcrumb\",\"itemListElement\":[{\"@type\":\"ListItem\",\"position\":1,\"name\":\"Home\",\"item\":\"https:\/\/www.prijedordanas.com\/\"},{\"@type\":\"ListItem\",\"position\":2,\"name\":\"Apel Policijske uprave Prijedor da se za\u0161titi li\u010dna imovina\"}]},{\"@type\":\"WebSite\",\"@id\":\"https:\/\/www.prijedordanas.com\/#website\",\"url\":\"https:\/\/www.prijedordanas.com\/\",\"name\":\"PrijedorDanas.com - Prijedorski gradski portal\",\"description\":\"Portal o doga\u0111anjima u gradu Prijedoru\",\"publisher\":{\"@id\":\"https:\/\/www.prijedordanas.com\/#organization\"},\"potentialAction\":[{\"@type\":\"SearchAction\",\"target\":{\"@type\":\"EntryPoint\",\"urlTemplate\":\"https:\/\/www.prijedordanas.com\/?s={search_term_string}\"},\"query-input\":\"required name=search_term_string\"}],\"inLanguage\":\"en-US\"},{\"@type\":\"Organization\",\"@id\":\"https:\/\/www.prijedordanas.com\/#organization\",\"name\":\"PrijedorDanas.com\",\"url\":\"https:\/\/www.prijedordanas.com\/\",\"logo\":{\"@type\":\"ImageObject\",\"inLanguage\":\"en-US\",\"@id\":\"https:\/\/www.prijedordanas.com\/#\/schema\/logo\/image\/\",\"url\":\"http:\/\/www.prijedordanas.com\/wp-content\/uploads\/2021\/12\/logopng.png\",\"contentUrl\":\"http:\/\/www.prijedordanas.com\/wp-content\/uploads\/2021\/12\/logopng.png\",\"width\":1019,\"height\":776,\"caption\":\"PrijedorDanas.com\"},\"image\":{\"@id\":\"https:\/\/www.prijedordanas.com\/#\/schema\/logo\/image\/\"},\"sameAs\":[\"https:\/\/www.facebook.com\/PrijedorDanasCom\/\"]},{\"@type\":\"Person\",\"@id\":\"https:\/\/www.prijedordanas.com\/#\/schema\/person\/4e08ccf29b506ca916ff86d46bb700e6\",\"name\":\"admin\",\"image\":{\"@type\":\"ImageObject\",\"inLanguage\":\"en-US\",\"@id\":\"https:\/\/www.prijedordanas.com\/#\/schema\/person\/image\/\",\"url\":\"https:\/\/secure.gravatar.com\/avatar\/1d3fc949d550f0b53a5f0d51e06dfd79?s=96&d=mm&r=g\",\"contentUrl\":\"https:\/\/secure.gravatar.com\/avatar\/1d3fc949d550f0b53a5f0d51e06dfd79?s=96&d=mm&r=g\",\"caption\":\"admin\"},\"url\":\"https:\/\/www.prijedordanas.com\/?author=1\"}]}<\/script>\n<!-- \/ Yoast SEO plugin. -->","yoast_head_json":{"title":"Apel Policijske uprave Prijedor da se za\u0161titi li\u010dna imovina - PrijedorDanas.com - Prijedorski gradski portal","robots":{"index":"index","follow":"follow","max-snippet":"max-snippet:-1","max-image-preview":"max-image-preview:large","max-video-preview":"max-video-preview:-1"},"canonical":"https:\/\/www.prijedordanas.com\/?p=171723","og_locale":"en_US","og_type":"article","og_title":"Apel Policijske uprave Prijedor da se za\u0161titi li\u010dna imovina - PrijedorDanas.com - Prijedorski gradski portal","og_description":"Policijska uprava Prijedor apeluje na gra\u0111ane da tokom turisti\u010dke sezone obrate pa\u017enju na \u010duvanje svoje imovine koja u odsustvu vlasnika mo\u017ee biti meta izvr\u0161ioca krivi\u010dnih djela. Apelujemo na gra\u0111ane da [&hellip;]","og_url":"https:\/\/www.prijedordanas.com\/?p=171723","og_site_name":"PrijedorDanas.com - Prijedorski gradski portal","article_publisher":"https:\/\/www.facebook.com\/PrijedorDanasCom\/","article_published_time":"2021-08-05T14:17:14+00:00","og_image":[{"url":"https:\/\/www.prijedordanas.com\/wp-content\/uploads\/2019\/05\/policija-pd-2019-11-2-300x217.jpg"}],"author":"admin","twitter_card":"summary_large_image","twitter_misc":{"Written by":"admin","Est. reading time":"2 minutes"},"schema":{"@context":"https:\/\/schema.org","@graph":[{"@type":"Article","@id":"https:\/\/www.prijedordanas.com\/?p=171723#article","isPartOf":{"@id":"https:\/\/www.prijedordanas.com\/?p=171723"},"author":{"name":"admin","@id":"https:\/\/www.prijedordanas.com\/#\/schema\/person\/4e08ccf29b506ca916ff86d46bb700e6"},"headline":"Apel Policijske uprave Prijedor da se za\u0161titi li\u010dna imovina","datePublished":"2021-08-05T14:17:14+00:00","dateModified":"2021-08-05T14:17:14+00:00","mainEntityOfPage":{"@id":"https:\/\/www.prijedordanas.com\/?p=171723"},"wordCount":337,"publisher":{"@id":"https:\/\/www.prijedordanas.com\/#organization"},"articleSection":["Svakodnevno"],"inLanguage":"en-US"},{"@type":"WebPage","@id":"https:\/\/www.prijedordanas.com\/?p=171723","url":"https:\/\/www.prijedordanas.com\/?p=171723","name":"Apel Policijske uprave Prijedor da se za\u0161titi li\u010dna imovina - PrijedorDanas.com - Prijedorski gradski portal","isPartOf":{"@id":"https:\/\/www.prijedordanas.com\/#website"},"datePublished":"2021-08-05T14:17:14+00:00","dateModified":"2021-08-05T14:17:14+00:00","breadcrumb":{"@id":"https:\/\/www.prijedordanas.com\/?p=171723#breadcrumb"},"inLanguage":"en-US","potentialAction":[{"@type":"ReadAction","target":["https:\/\/www.prijedordanas.com\/?p=171723"]}]},{"@type":"BreadcrumbList","@id":"https:\/\/www.prijedordanas.com\/?p=171723#breadcrumb","itemListElement":[{"@type":"ListItem","position":1,"name":"Home","item":"https:\/\/www.prijedordanas.com\/"},{"@type":"ListItem","position":2,"name":"Apel Policijske uprave Prijedor da se za\u0161titi li\u010dna imovina"}]},{"@type":"WebSite","@id":"https:\/\/www.prijedordanas.com\/#website","url":"https:\/\/www.prijedordanas.com\/","name":"PrijedorDanas.com - Prijedorski gradski portal","description":"Portal o doga\u0111anjima u gradu Prijedoru","publisher":{"@id":"https:\/\/www.prijedordanas.com\/#organization"},"potentialAction":[{"@type":"SearchAction","target":{"@type":"EntryPoint","urlTemplate":"https:\/\/www.prijedordanas.com\/?s={search_term_string}"},"query-input":"required name=search_term_string"}],"inLanguage":"en-US"},{"@type":"Organization","@id":"https:\/\/www.prijedordanas.com\/#organization","name":"PrijedorDanas.com","url":"https:\/\/www.prijedordanas.com\/","logo":{"@type":"ImageObject","inLanguage":"en-US","@id":"https:\/\/www.prijedordanas.com\/#\/schema\/logo\/image\/","url":"http:\/\/www.prijedordanas.com\/wp-content\/uploads\/2021\/12\/logopng.png","contentUrl":"http:\/\/www.prijedordanas.com\/wp-content\/uploads\/2021\/12\/logopng.png","width":1019,"height":776,"caption":"PrijedorDanas.com"},"image":{"@id":"https:\/\/www.prijedordanas.com\/#\/schema\/logo\/image\/"},"sameAs":["https:\/\/www.facebook.com\/PrijedorDanasCom\/"]},{"@type":"Person","@id":"https:\/\/www.prijedordanas.com\/#\/schema\/person\/4e08ccf29b506ca916ff86d46bb700e6","name":"admin","image":{"@type":"ImageObject","inLanguage":"en-US","@id":"https:\/\/www.prijedordanas.com\/#\/schema\/person\/image\/","url":"https:\/\/secure.gravatar.com\/avatar\/1d3fc949d550f0b53a5f0d51e06dfd79?s=96&d=mm&r=g","contentUrl":"https:\/\/secure.gravatar.com\/avatar\/1d3fc949d550f0b53a5f0d51e06dfd79?s=96&d=mm&r=g","caption":"admin"},"url":"https:\/\/www.prijedordanas.com\/?author=1"}]}},"_links":{"self":[{"href":"https:\/\/www.prijedordanas.com\/index.php?rest_route=\/wp\/v2\/posts\/171723"}],"collection":[{"href":"https:\/\/www.prijedordanas.com\/index.php?rest_route=\/wp\/v2\/posts"}],"about":[{"href":"https:\/\/www.prijedordanas.com\/index.php?rest_route=\/wp\/v2\/types\/post"}],"author":[{"embeddable":true,"href":"https:\/\/www.prijedordanas.com\/index.php?rest_route=\/wp\/v2\/users\/1"}],"replies":[{"embeddable":true,"href":"https:\/\/www.prijedordanas.com\/index.php?rest_route=%2Fwp%2Fv2%2Fcomments&post=171723"}],"version-history":[{"count":1,"href":"https:\/\/www.prijedordanas.com\/index.php?rest_route=\/wp\/v2\/posts\/171723\/revisions"}],"predecessor-version":[{"id":171724,"href":"https:\/\/www.prijedordanas.com\/index.php?rest_route=\/wp\/v2\/posts\/171723\/revisions\/171724"}],"wp:attachment":[{"href":"https:\/\/www.prijedordanas.com\/index.php?rest_route=%2Fwp%2Fv2%2Fmedia&parent=171723"}],"wp:term":[{"taxonomy":"category","embeddable":true,"href":"https:\/\/www.prijedordanas.com\/index.php?rest_route=%2Fwp%2Fv2%2Fcategories&post=171723"},{"taxonomy":"post_tag","embeddable":true,"href":"https:\/\/www.prijedordanas.com\/index.php?rest_route=%2Fwp%2Fv2%2Ftags&post=171723"}],"curies":[{"name":"wp","href":"https:\/\/api.w.org\/{rel}","templated":true}]}}