{"id":171683,"date":"2021-08-05T11:23:18","date_gmt":"2021-08-05T09:23:18","guid":{"rendered":"https:\/\/www.prijedordanas.com\/?p=171683"},"modified":"2021-08-05T11:23:18","modified_gmt":"2021-08-05T09:23:18","slug":"gradonacelnik-pavlovic-razgovarao-sa-ministrom-borisom-pasalicem-foto","status":"publish","type":"post","link":"https:\/\/www.prijedordanas.com\/?p=171683","title":{"rendered":"Gradona\u010delnik Pavlovi\u0107 razgovarao sa ministrom Borisom Pa\u0161ali\u0107em &#8211; FOTO"},"content":{"rendered":"<p><a href=\"https:\/\/www.prijedordanas.com\/wp-content\/uploads\/2021\/08\/prijedorgradorg-pavlovic-pasalic-ribnjak-sanicani-4.jpg\"><img loading=\"lazy\" decoding=\"async\" class=\"alignleft size-medium wp-image-171684\" src=\"https:\/\/www.prijedordanas.com\/wp-content\/uploads\/2021\/08\/prijedorgradorg-pavlovic-pasalic-ribnjak-sanicani-4-300x225.jpg\" alt=\"\" width=\"300\" height=\"225\" srcset=\"https:\/\/www.prijedordanas.com\/wp-content\/uploads\/2021\/08\/prijedorgradorg-pavlovic-pasalic-ribnjak-sanicani-4-300x225.jpg 300w, https:\/\/www.prijedordanas.com\/wp-content\/uploads\/2021\/08\/prijedorgradorg-pavlovic-pasalic-ribnjak-sanicani-4-640x480.jpg 640w, https:\/\/www.prijedordanas.com\/wp-content\/uploads\/2021\/08\/prijedorgradorg-pavlovic-pasalic-ribnjak-sanicani-4.jpg 668w\" sizes=\"(max-width: 300px) 100vw, 300px\" \/><\/a>Grad Prijedor opredijeljen je da Ribnjak &#8220;Sani\u010dani&#8221; nastavi proizvodnju kako bi ovaj kraj o\u017eivjeli, izjavio je gradona\u010delnik Dalibor Pavlovi\u0107.<\/p>\n<p>Nakon razgovora sa resornim ministrom Borisom Pa\u0161ali\u0107em i ste\u010dajnim upravnikom u Ribnjaku, Pavlovi\u0107 je istakao da ljudi tu ve\u0107 nekoliko godina rade bez plate jer \u017eele su \u017eeljeli da sa\u010duvaju i sa\u010duvali su ovaj ribnjak.<\/p>\n<p>&#8220;Na pravosudnim organima je da donesu najbolju odluku. S obzirom na to da je ste\u010dajna masa tolika kolika jeste, Grad trenutno nema mogu\u0107nost da kupi ovo preduze\u0107e, ali i to \u0107e mo\u017eda u budu\u0107nosti biti jedna od opcija&#8221;, rekao je Pavlovi\u0107 novinarima.<\/p>\n<p>On je istakao da je ukupna vrijednost ribnjaka je 18 miliona KM plus 2,2 miliona koje banka potra\u017euje.<\/p>\n<p><a href=\"https:\/\/www.prijedordanas.com\/wp-content\/uploads\/2021\/08\/prijedorgradorg-pavlovic-pasalic-ribnjak-sanicani-1.jpg\"><img loading=\"lazy\" decoding=\"async\" class=\"alignleft size-medium wp-image-171685\" src=\"https:\/\/www.prijedordanas.com\/wp-content\/uploads\/2021\/08\/prijedorgradorg-pavlovic-pasalic-ribnjak-sanicani-1-300x225.jpg\" alt=\"\" width=\"300\" height=\"225\" srcset=\"https:\/\/www.prijedordanas.com\/wp-content\/uploads\/2021\/08\/prijedorgradorg-pavlovic-pasalic-ribnjak-sanicani-1-300x225.jpg 300w, https:\/\/www.prijedordanas.com\/wp-content\/uploads\/2021\/08\/prijedorgradorg-pavlovic-pasalic-ribnjak-sanicani-1-640x480.jpg 640w, https:\/\/www.prijedordanas.com\/wp-content\/uploads\/2021\/08\/prijedorgradorg-pavlovic-pasalic-ribnjak-sanicani-1.jpg 668w\" sizes=\"(max-width: 300px) 100vw, 300px\" \/><\/a>&#8220;To je vrijednost njihovog zemlji\u0161ta i onog \u0161to oni imaju, tako da je ste\u010dajna masa ve\u0107a od 20 miliona KM i ono \u0161to \u0107e u budu\u0107nost biti na prodaju ako pravosudni organi donesu takvu odluku&#8221;, rekao je Pavlovi\u0107.<\/p>\n<p>Ste\u010dajni upravnik u Ribnjaku &#8220;Sani\u010dani&#8221; Mirko Mar\u010deta rekao je da je ste\u010dajni postupak u Ribnjaku otvoren 26. marta, a prva Skup\u0161tina povjerilaca je bila 13. jula na kojoj su ispitana potra\u017eivanja, a druga je zakazana za 5. oktobar.<\/p>\n<p>&#8220;Prvenstveno smo zainteresovani da nastavimo ovu djelatnost i da se okru\u017eenje upristoji, kanali o\u010diste i zbog proizvdonje ribe i zbog eko-sistema koji puno zna\u010di okru\u017eenju&#8221;, rekao je Mar\u010deta.<\/p>\n<p><a href=\"https:\/\/www.prijedordanas.com\/wp-content\/uploads\/2021\/08\/prijedorgradorg-pavlovic-pasalic-ribnjak-sanicani-3.jpg\"><img loading=\"lazy\" decoding=\"async\" class=\"alignleft size-medium wp-image-171686\" src=\"https:\/\/www.prijedordanas.com\/wp-content\/uploads\/2021\/08\/prijedorgradorg-pavlovic-pasalic-ribnjak-sanicani-3-300x225.jpg\" alt=\"\" width=\"300\" height=\"225\" srcset=\"https:\/\/www.prijedordanas.com\/wp-content\/uploads\/2021\/08\/prijedorgradorg-pavlovic-pasalic-ribnjak-sanicani-3-300x225.jpg 300w, https:\/\/www.prijedordanas.com\/wp-content\/uploads\/2021\/08\/prijedorgradorg-pavlovic-pasalic-ribnjak-sanicani-3.jpg 600w\" sizes=\"(max-width: 300px) 100vw, 300px\" \/><\/a>Ribnjak &#8220;Sani\u010dani&#8221; je osnovan 1903. godine, prostire se na povr\u0161ini od 1.350 hektara, ima vi\u0161e od 50 jezera sa zimovnicima, preovladava \u0161aran, mada ima smu\u0111a i tolstolobika.<\/p>\n<p>Tokom posjete ministra Pa\u0161ali\u0107a Prijedoru, razgovarao je o brojnim temama, me\u0111u kojima je poljoprivreda dominirala, a jedan od zaklju\u010daka razgovora je bio da stara strategija razvoja poljoprivrede, koju su zatekli, vi\u0161e nije funkcionalna i dogovorili su da zajedno poku\u0161aju da naprave novu.<\/p>\n<p>Pavlovi\u0107 je naveo da je ministar pohvalio to \u0161to su oformili posebno odjeljenje za poljoprivredu i ruralni razvoj.<\/p>\n<p>Grad ove godine, prema njegovim rije\u010dima, izdvaja oko milion KM za poljoprivredu \u0161to smatra zadovoljavaju\u0107im, a u narednoj \u0107e se potruditi da iznos subvencija bude i ve\u0107i.<\/p>\n<p><a href=\"https:\/\/www.prijedordanas.com\/wp-content\/uploads\/2021\/08\/prijedorgradorg-pavlovic-pasalic-1.jpg\"><img loading=\"lazy\" decoding=\"async\" class=\"alignleft size-medium wp-image-171687\" src=\"https:\/\/www.prijedordanas.com\/wp-content\/uploads\/2021\/08\/prijedorgradorg-pavlovic-pasalic-1-300x225.jpg\" alt=\"\" width=\"300\" height=\"225\" srcset=\"https:\/\/www.prijedordanas.com\/wp-content\/uploads\/2021\/08\/prijedorgradorg-pavlovic-pasalic-1-300x225.jpg 300w, https:\/\/www.prijedordanas.com\/wp-content\/uploads\/2021\/08\/prijedorgradorg-pavlovic-pasalic-1-640x480.jpg 640w, https:\/\/www.prijedordanas.com\/wp-content\/uploads\/2021\/08\/prijedorgradorg-pavlovic-pasalic-1.jpg 667w\" sizes=\"(max-width: 300px) 100vw, 300px\" \/><\/a>&#8220;\u010culi smo od ministra da Ministarstvo planira sanaciju korita rijeka Milo\u0161evice i Gomjenice \u0161to je veoma zna\u010dajno s obzirom na to da se i jedna i druga u ki\u0161nim periodima izlijevaju plave okolna naselja&#8221;, rekao je Pavlovi\u0107.<\/p>\n<p>Kako je pojasnio, tender je bio planiran u maju ali se malo kasnilo zbog evropske i svjetske banke, pa se o\u010dekuje da to bude u septembru i da se krajem ove ili po\u010detkom naredne godine u\u0111e u taj posao.<\/p>\n<p>Sastanku sa ministrom Pa\u0161ali\u0107em, pored Pavlovi\u0107a, prisustvovao je i direktor \u0160umskog gazdinstva \/\u0160G\/ Prijedor Sa\u0161a Bursa\u0107.<\/p>\n<p>Ministar poljoprivrede, \u0161umarstva i vodoprivrede Republike Srpske Boris Pa\u0161ali\u0107 izjavio je da se tra\u017ei model kako pomo\u0107i Ribnjaku &#8220;Sani\u010dani&#8221; kod Prijedora i da \u0107e resorno ministarstvo biti na raspolaganju kako bi se prona\u0161lo najbolje rje\u0161enje da bi se ovdje nastavila proizvodnja ribe.<\/p>\n<p><a href=\"https:\/\/www.prijedordanas.com\/wp-content\/uploads\/2021\/08\/prijedorgradorg-pasalic-sg-prijedor-1.jpg\"><img loading=\"lazy\" decoding=\"async\" class=\"alignleft size-medium wp-image-171688\" src=\"https:\/\/www.prijedordanas.com\/wp-content\/uploads\/2021\/08\/prijedorgradorg-pasalic-sg-prijedor-1-300x225.jpg\" alt=\"\" width=\"300\" height=\"225\" srcset=\"https:\/\/www.prijedordanas.com\/wp-content\/uploads\/2021\/08\/prijedorgradorg-pasalic-sg-prijedor-1-300x225.jpg 300w, https:\/\/www.prijedordanas.com\/wp-content\/uploads\/2021\/08\/prijedorgradorg-pasalic-sg-prijedor-1-640x480.jpg 640w, https:\/\/www.prijedordanas.com\/wp-content\/uploads\/2021\/08\/prijedorgradorg-pasalic-sg-prijedor-1.jpg 667w\" sizes=\"(max-width: 300px) 100vw, 300px\" \/><\/a>Pa\u0161ali\u0107 je nakon obilaska Ribnjaka sa gradona\u010delnikom Daliborom Pavlovi\u0107em rekao da su sa ste\u010dajnim rukovodstvom razgovarali kako da se pomogne ovom preduze\u0107u da okon\u010da ste\u010daj, te dodao da sada \u010dekaju narednu sjednicu Skup\u0161tine povjerilaca gdje bi se morali bolje definisati neki uslovi.<\/p>\n<p>On je istakao da je u ovom ribnjaku veliki potencijal i zahvalio je ste\u010dajnom upravniku i ljudima koji tu rade, a ne dobijaju platu jer se trude da odr\u017ee ovo preduze\u0107e kao da je njihovo.<\/p>\n<p>&#8220;Vlada je uvijek opredijeljena za nastavak proizvodnje. Nama bi najbolje bilo da se ovdje organizuje proizvdonja ribe jer imamo i tr\u017ei\u0161te i ova riba je uvijek bila interesantna, ima odli\u010dne uslove za uzgoj, a mi imamo podsticaje i poma\u017eemo i kod izgradnje novih ribnjaka i kod odra\u017eavanja proizvodnje&#8221;, rekao je Pa\u0161ali\u0107 novinarima.<\/p>\n<p>Ste\u010dajni postupak u Ribnjaku je otvoren u martu, a ste\u010dajna masa prelazi 20 miliona KM.<\/p>\n<p>Pa\u0161ali\u0107 i Pavlovi\u0107 razgovarali su i o poljoprivredi, \u0161umarstvu i vodoprivredi, te je ministar ocijenio da je poljoprivredna proizvdnja ovdje u stagnaciji zbog \u010dega je potreban dokument koji \u0107e da prepozna njene prednosti, te su dogovorili izradu tog strate\u0161kog akta u koju \u0107e se uklju\u010diti i Ministarstvo.<\/p>\n<p>&#8220;Kada je u pitanju obim proizvodnje, ovdje se godi\u0161nje obezbijedi oko tri miliona KM i vidimo da se taj iznos ne mijenja. S jedne strane je to dobro, ne pada proizvodnja, ali s druge strane o\u010dekujemo rast&#8221;, rekao je Pa\u0161ali\u0107.<\/p>\n<p>Prema njegovim rije\u010dima, potreban je novi dokument o razvoju poljoprivrede da bi se vidjelo \u0161ta je za ovaj kraj isplativo.<\/p>\n<p>Grad Prijedor, prema rije\u010dima ministra, ima i jedno od najboljih \u0161umskih gazdinstava u Republici Srpskoj za koje je rekao da mo\u017ee da bude primjer drugima, gdje se sve odvija prema planu.<\/p>\n<p>&#8220;Kada je u pitanju vodoprivreda dolaze nam dva velika projekta, ure\u0111enje korita rijeke Gomjenice i rijeke Milo\u0161evice za koja su sredstva obezbije\u0111ena&#8221;, rekao je ministar Pa\u0161ali\u0107 i dodao da se u septembru ili oktobru o\u010dekuje raspisivanje poziva jer je novac obezbije\u0111en.<\/p>\n<p>On je dodao da je obezbije\u0111eno oko 3,4 miliona eura koliko ko\u0161ta projekat ure\u0111enja rijeke Gomjenice, a rijeke Milo\u0161evice oko 1,6 miliona eura.<\/p>\n<p>&#8220;Toliko \u0107e novca Vlada Republike Srpske ulo\u017eiti ulo\u017eiti u regulaciju korita ove dvije rijeke&#8221;, istakao je Pa\u0161ali\u0107.<\/p>\n<p><a href=\"http:\/\/prijedorgrad.org\/sr-EU\/vijesti-sadrzaj.html?vid=12613\" target=\"_blank\" rel=\"noopener\">prijedorgrad.org<\/a><\/p>\n<p><a href=\"https:\/\/www.prijedordanas.com\/wp-content\/uploads\/2021\/08\/prijedorgradorg-pasalic-sg-prijedor-2.jpg\"><img loading=\"lazy\" decoding=\"async\" src=\"https:\/\/www.prijedordanas.com\/wp-content\/uploads\/2021\/08\/prijedorgradorg-pasalic-sg-prijedor-2-300x200.jpg\" alt=\"\" width=\"300\" height=\"200\" class=\"alignleft size-medium wp-image-171689\" srcset=\"https:\/\/www.prijedordanas.com\/wp-content\/uploads\/2021\/08\/prijedorgradorg-pasalic-sg-prijedor-2-300x200.jpg 300w, https:\/\/www.prijedordanas.com\/wp-content\/uploads\/2021\/08\/prijedorgradorg-pasalic-sg-prijedor-2-480x320.jpg 480w, https:\/\/www.prijedordanas.com\/wp-content\/uploads\/2021\/08\/prijedorgradorg-pasalic-sg-prijedor-2.jpg 600w\" sizes=\"(max-width: 300px) 100vw, 300px\" \/><\/a> <a href=\"https:\/\/www.prijedordanas.com\/wp-content\/uploads\/2021\/08\/prijedorgradorg-pasalic-sg-prijedor-3.jpg\"><img loading=\"lazy\" decoding=\"async\" src=\"https:\/\/www.prijedordanas.com\/wp-content\/uploads\/2021\/08\/prijedorgradorg-pasalic-sg-prijedor-3-300x225.jpg\" alt=\"\" width=\"300\" height=\"225\" class=\"alignleft size-medium wp-image-171690\" srcset=\"https:\/\/www.prijedordanas.com\/wp-content\/uploads\/2021\/08\/prijedorgradorg-pasalic-sg-prijedor-3-300x225.jpg 300w, https:\/\/www.prijedordanas.com\/wp-content\/uploads\/2021\/08\/prijedorgradorg-pasalic-sg-prijedor-3-640x480.jpg 640w, https:\/\/www.prijedordanas.com\/wp-content\/uploads\/2021\/08\/prijedorgradorg-pasalic-sg-prijedor-3.jpg 667w\" sizes=\"(max-width: 300px) 100vw, 300px\" \/><\/a><\/p>\n","protected":false},"excerpt":{"rendered":"<p>Grad Prijedor opredijeljen je da Ribnjak &#8220;Sani\u010dani&#8221; nastavi proizvodnju kako bi ovaj kraj o\u017eivjeli, izjavio je gradona\u010delnik Dalibor Pavlovi\u0107. Nakon razgovora sa resornim ministrom Borisom Pa\u0161ali\u0107em i ste\u010dajnim upravnikom u [&hellip;]<\/p>\n","protected":false},"author":1,"featured_media":0,"comment_status":"closed","ping_status":"open","sticky":false,"template":"","format":"standard","meta":{"_monsterinsights_skip_tracking":false,"_monsterinsights_sitenote_active":false,"_monsterinsights_sitenote_note":"","_monsterinsights_sitenote_category":0,"footnotes":""},"categories":[8],"tags":[],"yoast_head":"<!-- This site is optimized with the Yoast SEO plugin v21.6 - https:\/\/yoast.com\/wordpress\/plugins\/seo\/ -->\n<title>Gradona\u010delnik Pavlovi\u0107 razgovarao sa ministrom Borisom Pa\u0161ali\u0107em - FOTO - PrijedorDanas.com - Prijedorski gradski portal<\/title>\n<meta name=\"robots\" content=\"index, follow, max-snippet:-1, max-image-preview:large, max-video-preview:-1\" \/>\n<link rel=\"canonical\" href=\"https:\/\/www.prijedordanas.com\/?p=171683\" \/>\n<meta property=\"og:locale\" content=\"en_US\" \/>\n<meta property=\"og:type\" content=\"article\" \/>\n<meta property=\"og:title\" content=\"Gradona\u010delnik Pavlovi\u0107 razgovarao sa ministrom Borisom Pa\u0161ali\u0107em - FOTO - PrijedorDanas.com - Prijedorski gradski portal\" \/>\n<meta property=\"og:description\" content=\"Grad Prijedor opredijeljen je da Ribnjak &#8220;Sani\u010dani&#8221; nastavi proizvodnju kako bi ovaj kraj o\u017eivjeli, izjavio je gradona\u010delnik Dalibor Pavlovi\u0107. Nakon razgovora sa resornim ministrom Borisom Pa\u0161ali\u0107em i ste\u010dajnim upravnikom u [&hellip;]\" \/>\n<meta property=\"og:url\" content=\"https:\/\/www.prijedordanas.com\/?p=171683\" \/>\n<meta property=\"og:site_name\" content=\"PrijedorDanas.com - Prijedorski gradski portal\" \/>\n<meta property=\"article:publisher\" content=\"https:\/\/www.facebook.com\/PrijedorDanasCom\/\" \/>\n<meta property=\"article:published_time\" content=\"2021-08-05T09:23:18+00:00\" \/>\n<meta property=\"og:image\" content=\"https:\/\/www.prijedordanas.com\/wp-content\/uploads\/2021\/08\/prijedorgradorg-pavlovic-pasalic-ribnjak-sanicani-4-300x225.jpg\" \/>\n<meta name=\"author\" content=\"admin\" \/>\n<meta name=\"twitter:card\" content=\"summary_large_image\" \/>\n<meta name=\"twitter:label1\" content=\"Written by\" \/>\n\t<meta name=\"twitter:data1\" content=\"admin\" \/>\n\t<meta name=\"twitter:label2\" content=\"Est. reading time\" \/>\n\t<meta name=\"twitter:data2\" content=\"5 minutes\" \/>\n<script type=\"application\/ld+json\" class=\"yoast-schema-graph\">{\"@context\":\"https:\/\/schema.org\",\"@graph\":[{\"@type\":\"Article\",\"@id\":\"https:\/\/www.prijedordanas.com\/?p=171683#article\",\"isPartOf\":{\"@id\":\"https:\/\/www.prijedordanas.com\/?p=171683\"},\"author\":{\"name\":\"admin\",\"@id\":\"https:\/\/www.prijedordanas.com\/#\/schema\/person\/4e08ccf29b506ca916ff86d46bb700e6\"},\"headline\":\"Gradona\u010delnik Pavlovi\u0107 razgovarao sa ministrom Borisom Pa\u0161ali\u0107em &#8211; FOTO\",\"datePublished\":\"2021-08-05T09:23:18+00:00\",\"dateModified\":\"2021-08-05T09:23:18+00:00\",\"mainEntityOfPage\":{\"@id\":\"https:\/\/www.prijedordanas.com\/?p=171683\"},\"wordCount\":930,\"publisher\":{\"@id\":\"https:\/\/www.prijedordanas.com\/#organization\"},\"articleSection\":[\"Svakodnevno\"],\"inLanguage\":\"en-US\"},{\"@type\":\"WebPage\",\"@id\":\"https:\/\/www.prijedordanas.com\/?p=171683\",\"url\":\"https:\/\/www.prijedordanas.com\/?p=171683\",\"name\":\"Gradona\u010delnik Pavlovi\u0107 razgovarao sa ministrom Borisom Pa\u0161ali\u0107em - FOTO - PrijedorDanas.com - Prijedorski gradski portal\",\"isPartOf\":{\"@id\":\"https:\/\/www.prijedordanas.com\/#website\"},\"datePublished\":\"2021-08-05T09:23:18+00:00\",\"dateModified\":\"2021-08-05T09:23:18+00:00\",\"breadcrumb\":{\"@id\":\"https:\/\/www.prijedordanas.com\/?p=171683#breadcrumb\"},\"inLanguage\":\"en-US\",\"potentialAction\":[{\"@type\":\"ReadAction\",\"target\":[\"https:\/\/www.prijedordanas.com\/?p=171683\"]}]},{\"@type\":\"BreadcrumbList\",\"@id\":\"https:\/\/www.prijedordanas.com\/?p=171683#breadcrumb\",\"itemListElement\":[{\"@type\":\"ListItem\",\"position\":1,\"name\":\"Home\",\"item\":\"https:\/\/www.prijedordanas.com\/\"},{\"@type\":\"ListItem\",\"position\":2,\"name\":\"Gradona\u010delnik Pavlovi\u0107 razgovarao sa ministrom Borisom Pa\u0161ali\u0107em &#8211; FOTO\"}]},{\"@type\":\"WebSite\",\"@id\":\"https:\/\/www.prijedordanas.com\/#website\",\"url\":\"https:\/\/www.prijedordanas.com\/\",\"name\":\"PrijedorDanas.com - Prijedorski gradski portal\",\"description\":\"Portal o doga\u0111anjima u gradu Prijedoru\",\"publisher\":{\"@id\":\"https:\/\/www.prijedordanas.com\/#organization\"},\"potentialAction\":[{\"@type\":\"SearchAction\",\"target\":{\"@type\":\"EntryPoint\",\"urlTemplate\":\"https:\/\/www.prijedordanas.com\/?s={search_term_string}\"},\"query-input\":\"required name=search_term_string\"}],\"inLanguage\":\"en-US\"},{\"@type\":\"Organization\",\"@id\":\"https:\/\/www.prijedordanas.com\/#organization\",\"name\":\"PrijedorDanas.com\",\"url\":\"https:\/\/www.prijedordanas.com\/\",\"logo\":{\"@type\":\"ImageObject\",\"inLanguage\":\"en-US\",\"@id\":\"https:\/\/www.prijedordanas.com\/#\/schema\/logo\/image\/\",\"url\":\"http:\/\/www.prijedordanas.com\/wp-content\/uploads\/2021\/12\/logopng.png\",\"contentUrl\":\"http:\/\/www.prijedordanas.com\/wp-content\/uploads\/2021\/12\/logopng.png\",\"width\":1019,\"height\":776,\"caption\":\"PrijedorDanas.com\"},\"image\":{\"@id\":\"https:\/\/www.prijedordanas.com\/#\/schema\/logo\/image\/\"},\"sameAs\":[\"https:\/\/www.facebook.com\/PrijedorDanasCom\/\"]},{\"@type\":\"Person\",\"@id\":\"https:\/\/www.prijedordanas.com\/#\/schema\/person\/4e08ccf29b506ca916ff86d46bb700e6\",\"name\":\"admin\",\"image\":{\"@type\":\"ImageObject\",\"inLanguage\":\"en-US\",\"@id\":\"https:\/\/www.prijedordanas.com\/#\/schema\/person\/image\/\",\"url\":\"https:\/\/secure.gravatar.com\/avatar\/1d3fc949d550f0b53a5f0d51e06dfd79?s=96&d=mm&r=g\",\"contentUrl\":\"https:\/\/secure.gravatar.com\/avatar\/1d3fc949d550f0b53a5f0d51e06dfd79?s=96&d=mm&r=g\",\"caption\":\"admin\"},\"url\":\"https:\/\/www.prijedordanas.com\/?author=1\"}]}<\/script>\n<!-- \/ Yoast SEO plugin. -->","yoast_head_json":{"title":"Gradona\u010delnik Pavlovi\u0107 razgovarao sa ministrom Borisom Pa\u0161ali\u0107em - FOTO - PrijedorDanas.com - Prijedorski gradski portal","robots":{"index":"index","follow":"follow","max-snippet":"max-snippet:-1","max-image-preview":"max-image-preview:large","max-video-preview":"max-video-preview:-1"},"canonical":"https:\/\/www.prijedordanas.com\/?p=171683","og_locale":"en_US","og_type":"article","og_title":"Gradona\u010delnik Pavlovi\u0107 razgovarao sa ministrom Borisom Pa\u0161ali\u0107em - FOTO - PrijedorDanas.com - Prijedorski gradski portal","og_description":"Grad Prijedor opredijeljen je da Ribnjak &#8220;Sani\u010dani&#8221; nastavi proizvodnju kako bi ovaj kraj o\u017eivjeli, izjavio je gradona\u010delnik Dalibor Pavlovi\u0107. Nakon razgovora sa resornim ministrom Borisom Pa\u0161ali\u0107em i ste\u010dajnim upravnikom u [&hellip;]","og_url":"https:\/\/www.prijedordanas.com\/?p=171683","og_site_name":"PrijedorDanas.com - Prijedorski gradski portal","article_publisher":"https:\/\/www.facebook.com\/PrijedorDanasCom\/","article_published_time":"2021-08-05T09:23:18+00:00","og_image":[{"url":"https:\/\/www.prijedordanas.com\/wp-content\/uploads\/2021\/08\/prijedorgradorg-pavlovic-pasalic-ribnjak-sanicani-4-300x225.jpg"}],"author":"admin","twitter_card":"summary_large_image","twitter_misc":{"Written by":"admin","Est. reading time":"5 minutes"},"schema":{"@context":"https:\/\/schema.org","@graph":[{"@type":"Article","@id":"https:\/\/www.prijedordanas.com\/?p=171683#article","isPartOf":{"@id":"https:\/\/www.prijedordanas.com\/?p=171683"},"author":{"name":"admin","@id":"https:\/\/www.prijedordanas.com\/#\/schema\/person\/4e08ccf29b506ca916ff86d46bb700e6"},"headline":"Gradona\u010delnik Pavlovi\u0107 razgovarao sa ministrom Borisom Pa\u0161ali\u0107em &#8211; FOTO","datePublished":"2021-08-05T09:23:18+00:00","dateModified":"2021-08-05T09:23:18+00:00","mainEntityOfPage":{"@id":"https:\/\/www.prijedordanas.com\/?p=171683"},"wordCount":930,"publisher":{"@id":"https:\/\/www.prijedordanas.com\/#organization"},"articleSection":["Svakodnevno"],"inLanguage":"en-US"},{"@type":"WebPage","@id":"https:\/\/www.prijedordanas.com\/?p=171683","url":"https:\/\/www.prijedordanas.com\/?p=171683","name":"Gradona\u010delnik Pavlovi\u0107 razgovarao sa ministrom Borisom Pa\u0161ali\u0107em - FOTO - PrijedorDanas.com - Prijedorski gradski portal","isPartOf":{"@id":"https:\/\/www.prijedordanas.com\/#website"},"datePublished":"2021-08-05T09:23:18+00:00","dateModified":"2021-08-05T09:23:18+00:00","breadcrumb":{"@id":"https:\/\/www.prijedordanas.com\/?p=171683#breadcrumb"},"inLanguage":"en-US","potentialAction":[{"@type":"ReadAction","target":["https:\/\/www.prijedordanas.com\/?p=171683"]}]},{"@type":"BreadcrumbList","@id":"https:\/\/www.prijedordanas.com\/?p=171683#breadcrumb","itemListElement":[{"@type":"ListItem","position":1,"name":"Home","item":"https:\/\/www.prijedordanas.com\/"},{"@type":"ListItem","position":2,"name":"Gradona\u010delnik Pavlovi\u0107 razgovarao sa ministrom Borisom Pa\u0161ali\u0107em &#8211; FOTO"}]},{"@type":"WebSite","@id":"https:\/\/www.prijedordanas.com\/#website","url":"https:\/\/www.prijedordanas.com\/","name":"PrijedorDanas.com - Prijedorski gradski portal","description":"Portal o doga\u0111anjima u gradu Prijedoru","publisher":{"@id":"https:\/\/www.prijedordanas.com\/#organization"},"potentialAction":[{"@type":"SearchAction","target":{"@type":"EntryPoint","urlTemplate":"https:\/\/www.prijedordanas.com\/?s={search_term_string}"},"query-input":"required name=search_term_string"}],"inLanguage":"en-US"},{"@type":"Organization","@id":"https:\/\/www.prijedordanas.com\/#organization","name":"PrijedorDanas.com","url":"https:\/\/www.prijedordanas.com\/","logo":{"@type":"ImageObject","inLanguage":"en-US","@id":"https:\/\/www.prijedordanas.com\/#\/schema\/logo\/image\/","url":"http:\/\/www.prijedordanas.com\/wp-content\/uploads\/2021\/12\/logopng.png","contentUrl":"http:\/\/www.prijedordanas.com\/wp-content\/uploads\/2021\/12\/logopng.png","width":1019,"height":776,"caption":"PrijedorDanas.com"},"image":{"@id":"https:\/\/www.prijedordanas.com\/#\/schema\/logo\/image\/"},"sameAs":["https:\/\/www.facebook.com\/PrijedorDanasCom\/"]},{"@type":"Person","@id":"https:\/\/www.prijedordanas.com\/#\/schema\/person\/4e08ccf29b506ca916ff86d46bb700e6","name":"admin","image":{"@type":"ImageObject","inLanguage":"en-US","@id":"https:\/\/www.prijedordanas.com\/#\/schema\/person\/image\/","url":"https:\/\/secure.gravatar.com\/avatar\/1d3fc949d550f0b53a5f0d51e06dfd79?s=96&d=mm&r=g","contentUrl":"https:\/\/secure.gravatar.com\/avatar\/1d3fc949d550f0b53a5f0d51e06dfd79?s=96&d=mm&r=g","caption":"admin"},"url":"https:\/\/www.prijedordanas.com\/?author=1"}]}},"_links":{"self":[{"href":"https:\/\/www.prijedordanas.com\/index.php?rest_route=\/wp\/v2\/posts\/171683"}],"collection":[{"href":"https:\/\/www.prijedordanas.com\/index.php?rest_route=\/wp\/v2\/posts"}],"about":[{"href":"https:\/\/www.prijedordanas.com\/index.php?rest_route=\/wp\/v2\/types\/post"}],"author":[{"embeddable":true,"href":"https:\/\/www.prijedordanas.com\/index.php?rest_route=\/wp\/v2\/users\/1"}],"replies":[{"embeddable":true,"href":"https:\/\/www.prijedordanas.com\/index.php?rest_route=%2Fwp%2Fv2%2Fcomments&post=171683"}],"version-history":[{"count":1,"href":"https:\/\/www.prijedordanas.com\/index.php?rest_route=\/wp\/v2\/posts\/171683\/revisions"}],"predecessor-version":[{"id":171691,"href":"https:\/\/www.prijedordanas.com\/index.php?rest_route=\/wp\/v2\/posts\/171683\/revisions\/171691"}],"wp:attachment":[{"href":"https:\/\/www.prijedordanas.com\/index.php?rest_route=%2Fwp%2Fv2%2Fmedia&parent=171683"}],"wp:term":[{"taxonomy":"category","embeddable":true,"href":"https:\/\/www.prijedordanas.com\/index.php?rest_route=%2Fwp%2Fv2%2Fcategories&post=171683"},{"taxonomy":"post_tag","embeddable":true,"href":"https:\/\/www.prijedordanas.com\/index.php?rest_route=%2Fwp%2Fv2%2Ftags&post=171683"}],"curies":[{"name":"wp","href":"https:\/\/api.w.org\/{rel}","templated":true}]}}