{"id":171679,"date":"2021-08-05T10:53:03","date_gmt":"2021-08-05T08:53:03","guid":{"rendered":"https:\/\/www.prijedordanas.com\/?p=171679"},"modified":"2021-08-05T10:53:03","modified_gmt":"2021-08-05T08:53:03","slug":"prijedor-savjet-za-bezbjednost-saobracaja-uputio-apel-roditeljima","status":"publish","type":"post","link":"https:\/\/www.prijedordanas.com\/?p=171679","title":{"rendered":"Prijedor: Savjet za bezbjednost saobra\u0107aja uputio apel roditeljima"},"content":{"rendered":"<p><a href=\"https:\/\/www.prijedordanas.com\/wp-content\/uploads\/2021\/08\/prijedorgradorg-savjet-za-bezbjednost-saobracaja-apel-1.jpg\"><img loading=\"lazy\" decoding=\"async\" src=\"https:\/\/www.prijedordanas.com\/wp-content\/uploads\/2021\/08\/prijedorgradorg-savjet-za-bezbjednost-saobracaja-apel-1-300x225.jpg\" alt=\"\" width=\"300\" height=\"225\" class=\"alignleft size-medium wp-image-171680\" srcset=\"https:\/\/www.prijedordanas.com\/wp-content\/uploads\/2021\/08\/prijedorgradorg-savjet-za-bezbjednost-saobracaja-apel-1-300x225.jpg 300w, https:\/\/www.prijedordanas.com\/wp-content\/uploads\/2021\/08\/prijedorgradorg-savjet-za-bezbjednost-saobracaja-apel-1-640x480.jpg 640w, https:\/\/www.prijedordanas.com\/wp-content\/uploads\/2021\/08\/prijedorgradorg-savjet-za-bezbjednost-saobracaja-apel-1.jpg 667w\" sizes=\"(max-width: 300px) 100vw, 300px\" \/><\/a>Savjet za bezbjednost saobra\u0107aja grada Prijedora ukazao je na problem u\u010destalih saobra\u0107ajnih nezgoda sa smrtnim ishodom, uklju\u010duju\u0107i i stradanje maloljetnih lica, te pozvao sve u\u010desnike u saobra\u0107aju da po\u0161tuju zakon i da pove\u0107aju oprez.<\/p>\n<p>Sekretar Savjeta Mladen Kulund\u017eija rekao je da su djeca i pje\u0161aci najranjivija kategorija u saobra\u0107aju, a da je od 15. juna do danas na podru\u010dju Prijedora troje djece stradalo i saobra\u0107aju.<\/p>\n<p>&#8220;Apelujem na sve roditelje i na sve u\u010desnike u saobra\u0107aju da, uzimaju\u0107i u obzir da imamo pove\u0107anu frekvenciju u saobra\u0107aju i vremenske neprilike, da obrate pa\u017enju i pove\u0107aju opreznost, da po\u0161tuju ograni\u010denje brzine i sve ostale zakonske propise&#8221;, rekao je Kulund\u017eija novinarima u Prijedoru nakon sjednica ovog savjetodavnog tijela.<\/p>\n<p><a href=\"https:\/\/www.prijedordanas.com\/wp-content\/uploads\/2021\/08\/prijedorgradorg-savjet-za-bezbjednost-saobracaja-apel-2.jpg\"><img loading=\"lazy\" decoding=\"async\" src=\"https:\/\/www.prijedordanas.com\/wp-content\/uploads\/2021\/08\/prijedorgradorg-savjet-za-bezbjednost-saobracaja-apel-2-300x200.jpg\" alt=\"\" width=\"300\" height=\"200\" class=\"alignleft size-medium wp-image-171681\" srcset=\"https:\/\/www.prijedordanas.com\/wp-content\/uploads\/2021\/08\/prijedorgradorg-savjet-za-bezbjednost-saobracaja-apel-2-300x200.jpg 300w, https:\/\/www.prijedordanas.com\/wp-content\/uploads\/2021\/08\/prijedorgradorg-savjet-za-bezbjednost-saobracaja-apel-2-480x320.jpg 480w, https:\/\/www.prijedordanas.com\/wp-content\/uploads\/2021\/08\/prijedorgradorg-savjet-za-bezbjednost-saobracaja-apel-2.jpg 600w\" sizes=\"(max-width: 300px) 100vw, 300px\" \/><\/a>On je ocijenio da je \u0161okantan podatak da je gotovo 400 ljudi isklju\u010deno iz saobra\u0107aja u proteklih mjesec dana zbog vo\u017enje u alkoholisanom stanju na podru\u010dju Policijske uprave Prijedor, od \u010dega vi\u0161e od polovine na podru\u010dju grada Prijedora.<\/p>\n<p>&#8220;Molimo i apelujemo, to je ono \u0161to je u na\u0161oj nadle\u017enosti, i jo\u0161 jednom ponavljam da stojimo na raspolaganju za informacije, ako mo\u017eemo pomo\u0107i bilo kome, na bilo kom dijelu grada, bilo kojoj instituciji, da nam se obrate&#8221;, dodao je Kulund\u017eija.<\/p>\n<p>Zamjenik gradona\u010delnika Prijedora \u017darko Kova\u010devi\u0107 koji je i predsjednik ovog Savjet apelovao je na roditelje da obrate pa\u017enju na svoju djecu koja su u\u010desnici u saobra\u0107aju.<\/p>\n<p>&#8220;Svaki ovaj slu\u010daj je posebno te\u017eak, posebno dramati\u010dan. Poslije jedne takve nezgode obi\u010dno predstoji jedan du\u017ei period u kojem se takve ili sli\u010dne nezgode ne de\u0161avaju, jer se na neki na\u010din probudi svijest u ljudima. Me\u0111utim, poslije par dana desila se jo\u0161 jedna tragedija, pa smo ju\u010de imali jednu te\u0161ku saobra\u0107ajnu nesre\u0107u sa smrtnim ishodom i te\u0161kim posljedicama po drugog u\u010desnika. Koristim ovu priliku da jo\u0161 jednom apelujem na sve u\u010desnike u saobra\u0107aju da nam se oakve stvari ne de\u0161avaju&#8221;, poru\u010dio je Kova\u010devi\u0107.<\/p>\n<p><a href=\"http:\/\/prijedorgrad.org\/sr-EU\/vijesti-sadrzaj.html?vid=12611\" rel=\"noopener\" target=\"_blank\">prijedorgrad.org<\/a><\/p>\n","protected":false},"excerpt":{"rendered":"<p>Savjet za bezbjednost saobra\u0107aja grada Prijedora ukazao je na problem u\u010destalih saobra\u0107ajnih nezgoda sa smrtnim ishodom, uklju\u010duju\u0107i i stradanje maloljetnih lica, te pozvao sve u\u010desnike u saobra\u0107aju da po\u0161tuju zakon [&hellip;]<\/p>\n","protected":false},"author":1,"featured_media":0,"comment_status":"closed","ping_status":"open","sticky":false,"template":"","format":"standard","meta":{"_monsterinsights_skip_tracking":false,"_monsterinsights_sitenote_active":false,"_monsterinsights_sitenote_note":"","_monsterinsights_sitenote_category":0,"footnotes":""},"categories":[8],"tags":[],"yoast_head":"<!-- This site is optimized with the Yoast SEO plugin v21.6 - https:\/\/yoast.com\/wordpress\/plugins\/seo\/ -->\n<title>Prijedor: Savjet za bezbjednost saobra\u0107aja uputio apel roditeljima - PrijedorDanas.com - Prijedorski gradski portal<\/title>\n<meta name=\"robots\" content=\"index, follow, max-snippet:-1, max-image-preview:large, max-video-preview:-1\" \/>\n<link rel=\"canonical\" href=\"https:\/\/www.prijedordanas.com\/?p=171679\" \/>\n<meta property=\"og:locale\" content=\"en_US\" \/>\n<meta property=\"og:type\" content=\"article\" \/>\n<meta property=\"og:title\" content=\"Prijedor: Savjet za bezbjednost saobra\u0107aja uputio apel roditeljima - PrijedorDanas.com - Prijedorski gradski portal\" \/>\n<meta property=\"og:description\" content=\"Savjet za bezbjednost saobra\u0107aja grada Prijedora ukazao je na problem u\u010destalih saobra\u0107ajnih nezgoda sa smrtnim ishodom, uklju\u010duju\u0107i i stradanje maloljetnih lica, te pozvao sve u\u010desnike u saobra\u0107aju da po\u0161tuju zakon [&hellip;]\" \/>\n<meta property=\"og:url\" content=\"https:\/\/www.prijedordanas.com\/?p=171679\" \/>\n<meta property=\"og:site_name\" content=\"PrijedorDanas.com - Prijedorski gradski portal\" \/>\n<meta property=\"article:publisher\" content=\"https:\/\/www.facebook.com\/PrijedorDanasCom\/\" \/>\n<meta property=\"article:published_time\" content=\"2021-08-05T08:53:03+00:00\" \/>\n<meta property=\"og:image\" content=\"https:\/\/www.prijedordanas.com\/wp-content\/uploads\/2021\/08\/prijedorgradorg-savjet-za-bezbjednost-saobracaja-apel-1-300x225.jpg\" \/>\n<meta name=\"author\" content=\"admin\" \/>\n<meta name=\"twitter:card\" content=\"summary_large_image\" \/>\n<meta name=\"twitter:label1\" content=\"Written by\" \/>\n\t<meta name=\"twitter:data1\" content=\"admin\" \/>\n\t<meta name=\"twitter:label2\" content=\"Est. reading time\" \/>\n\t<meta name=\"twitter:data2\" content=\"2 minutes\" \/>\n<script type=\"application\/ld+json\" class=\"yoast-schema-graph\">{\"@context\":\"https:\/\/schema.org\",\"@graph\":[{\"@type\":\"Article\",\"@id\":\"https:\/\/www.prijedordanas.com\/?p=171679#article\",\"isPartOf\":{\"@id\":\"https:\/\/www.prijedordanas.com\/?p=171679\"},\"author\":{\"name\":\"admin\",\"@id\":\"https:\/\/www.prijedordanas.com\/#\/schema\/person\/4e08ccf29b506ca916ff86d46bb700e6\"},\"headline\":\"Prijedor: Savjet za bezbjednost saobra\u0107aja uputio apel roditeljima\",\"datePublished\":\"2021-08-05T08:53:03+00:00\",\"dateModified\":\"2021-08-05T08:53:03+00:00\",\"mainEntityOfPage\":{\"@id\":\"https:\/\/www.prijedordanas.com\/?p=171679\"},\"wordCount\":371,\"publisher\":{\"@id\":\"https:\/\/www.prijedordanas.com\/#organization\"},\"articleSection\":[\"Svakodnevno\"],\"inLanguage\":\"en-US\"},{\"@type\":\"WebPage\",\"@id\":\"https:\/\/www.prijedordanas.com\/?p=171679\",\"url\":\"https:\/\/www.prijedordanas.com\/?p=171679\",\"name\":\"Prijedor: Savjet za bezbjednost saobra\u0107aja uputio apel roditeljima - PrijedorDanas.com - Prijedorski gradski portal\",\"isPartOf\":{\"@id\":\"https:\/\/www.prijedordanas.com\/#website\"},\"datePublished\":\"2021-08-05T08:53:03+00:00\",\"dateModified\":\"2021-08-05T08:53:03+00:00\",\"breadcrumb\":{\"@id\":\"https:\/\/www.prijedordanas.com\/?p=171679#breadcrumb\"},\"inLanguage\":\"en-US\",\"potentialAction\":[{\"@type\":\"ReadAction\",\"target\":[\"https:\/\/www.prijedordanas.com\/?p=171679\"]}]},{\"@type\":\"BreadcrumbList\",\"@id\":\"https:\/\/www.prijedordanas.com\/?p=171679#breadcrumb\",\"itemListElement\":[{\"@type\":\"ListItem\",\"position\":1,\"name\":\"Home\",\"item\":\"https:\/\/www.prijedordanas.com\/\"},{\"@type\":\"ListItem\",\"position\":2,\"name\":\"Prijedor: Savjet za bezbjednost saobra\u0107aja uputio apel roditeljima\"}]},{\"@type\":\"WebSite\",\"@id\":\"https:\/\/www.prijedordanas.com\/#website\",\"url\":\"https:\/\/www.prijedordanas.com\/\",\"name\":\"PrijedorDanas.com - Prijedorski gradski portal\",\"description\":\"Portal o doga\u0111anjima u gradu Prijedoru\",\"publisher\":{\"@id\":\"https:\/\/www.prijedordanas.com\/#organization\"},\"potentialAction\":[{\"@type\":\"SearchAction\",\"target\":{\"@type\":\"EntryPoint\",\"urlTemplate\":\"https:\/\/www.prijedordanas.com\/?s={search_term_string}\"},\"query-input\":\"required name=search_term_string\"}],\"inLanguage\":\"en-US\"},{\"@type\":\"Organization\",\"@id\":\"https:\/\/www.prijedordanas.com\/#organization\",\"name\":\"PrijedorDanas.com\",\"url\":\"https:\/\/www.prijedordanas.com\/\",\"logo\":{\"@type\":\"ImageObject\",\"inLanguage\":\"en-US\",\"@id\":\"https:\/\/www.prijedordanas.com\/#\/schema\/logo\/image\/\",\"url\":\"http:\/\/www.prijedordanas.com\/wp-content\/uploads\/2021\/12\/logopng.png\",\"contentUrl\":\"http:\/\/www.prijedordanas.com\/wp-content\/uploads\/2021\/12\/logopng.png\",\"width\":1019,\"height\":776,\"caption\":\"PrijedorDanas.com\"},\"image\":{\"@id\":\"https:\/\/www.prijedordanas.com\/#\/schema\/logo\/image\/\"},\"sameAs\":[\"https:\/\/www.facebook.com\/PrijedorDanasCom\/\"]},{\"@type\":\"Person\",\"@id\":\"https:\/\/www.prijedordanas.com\/#\/schema\/person\/4e08ccf29b506ca916ff86d46bb700e6\",\"name\":\"admin\",\"image\":{\"@type\":\"ImageObject\",\"inLanguage\":\"en-US\",\"@id\":\"https:\/\/www.prijedordanas.com\/#\/schema\/person\/image\/\",\"url\":\"https:\/\/secure.gravatar.com\/avatar\/1d3fc949d550f0b53a5f0d51e06dfd79?s=96&d=mm&r=g\",\"contentUrl\":\"https:\/\/secure.gravatar.com\/avatar\/1d3fc949d550f0b53a5f0d51e06dfd79?s=96&d=mm&r=g\",\"caption\":\"admin\"},\"url\":\"https:\/\/www.prijedordanas.com\/?author=1\"}]}<\/script>\n<!-- \/ Yoast SEO plugin. -->","yoast_head_json":{"title":"Prijedor: Savjet za bezbjednost saobra\u0107aja uputio apel roditeljima - PrijedorDanas.com - Prijedorski gradski portal","robots":{"index":"index","follow":"follow","max-snippet":"max-snippet:-1","max-image-preview":"max-image-preview:large","max-video-preview":"max-video-preview:-1"},"canonical":"https:\/\/www.prijedordanas.com\/?p=171679","og_locale":"en_US","og_type":"article","og_title":"Prijedor: Savjet za bezbjednost saobra\u0107aja uputio apel roditeljima - PrijedorDanas.com - Prijedorski gradski portal","og_description":"Savjet za bezbjednost saobra\u0107aja grada Prijedora ukazao je na problem u\u010destalih saobra\u0107ajnih nezgoda sa smrtnim ishodom, uklju\u010duju\u0107i i stradanje maloljetnih lica, te pozvao sve u\u010desnike u saobra\u0107aju da po\u0161tuju zakon [&hellip;]","og_url":"https:\/\/www.prijedordanas.com\/?p=171679","og_site_name":"PrijedorDanas.com - Prijedorski gradski portal","article_publisher":"https:\/\/www.facebook.com\/PrijedorDanasCom\/","article_published_time":"2021-08-05T08:53:03+00:00","og_image":[{"url":"https:\/\/www.prijedordanas.com\/wp-content\/uploads\/2021\/08\/prijedorgradorg-savjet-za-bezbjednost-saobracaja-apel-1-300x225.jpg"}],"author":"admin","twitter_card":"summary_large_image","twitter_misc":{"Written by":"admin","Est. reading time":"2 minutes"},"schema":{"@context":"https:\/\/schema.org","@graph":[{"@type":"Article","@id":"https:\/\/www.prijedordanas.com\/?p=171679#article","isPartOf":{"@id":"https:\/\/www.prijedordanas.com\/?p=171679"},"author":{"name":"admin","@id":"https:\/\/www.prijedordanas.com\/#\/schema\/person\/4e08ccf29b506ca916ff86d46bb700e6"},"headline":"Prijedor: Savjet za bezbjednost saobra\u0107aja uputio apel roditeljima","datePublished":"2021-08-05T08:53:03+00:00","dateModified":"2021-08-05T08:53:03+00:00","mainEntityOfPage":{"@id":"https:\/\/www.prijedordanas.com\/?p=171679"},"wordCount":371,"publisher":{"@id":"https:\/\/www.prijedordanas.com\/#organization"},"articleSection":["Svakodnevno"],"inLanguage":"en-US"},{"@type":"WebPage","@id":"https:\/\/www.prijedordanas.com\/?p=171679","url":"https:\/\/www.prijedordanas.com\/?p=171679","name":"Prijedor: Savjet za bezbjednost saobra\u0107aja uputio apel roditeljima - PrijedorDanas.com - Prijedorski gradski portal","isPartOf":{"@id":"https:\/\/www.prijedordanas.com\/#website"},"datePublished":"2021-08-05T08:53:03+00:00","dateModified":"2021-08-05T08:53:03+00:00","breadcrumb":{"@id":"https:\/\/www.prijedordanas.com\/?p=171679#breadcrumb"},"inLanguage":"en-US","potentialAction":[{"@type":"ReadAction","target":["https:\/\/www.prijedordanas.com\/?p=171679"]}]},{"@type":"BreadcrumbList","@id":"https:\/\/www.prijedordanas.com\/?p=171679#breadcrumb","itemListElement":[{"@type":"ListItem","position":1,"name":"Home","item":"https:\/\/www.prijedordanas.com\/"},{"@type":"ListItem","position":2,"name":"Prijedor: Savjet za bezbjednost saobra\u0107aja uputio apel roditeljima"}]},{"@type":"WebSite","@id":"https:\/\/www.prijedordanas.com\/#website","url":"https:\/\/www.prijedordanas.com\/","name":"PrijedorDanas.com - Prijedorski gradski portal","description":"Portal o doga\u0111anjima u gradu Prijedoru","publisher":{"@id":"https:\/\/www.prijedordanas.com\/#organization"},"potentialAction":[{"@type":"SearchAction","target":{"@type":"EntryPoint","urlTemplate":"https:\/\/www.prijedordanas.com\/?s={search_term_string}"},"query-input":"required name=search_term_string"}],"inLanguage":"en-US"},{"@type":"Organization","@id":"https:\/\/www.prijedordanas.com\/#organization","name":"PrijedorDanas.com","url":"https:\/\/www.prijedordanas.com\/","logo":{"@type":"ImageObject","inLanguage":"en-US","@id":"https:\/\/www.prijedordanas.com\/#\/schema\/logo\/image\/","url":"http:\/\/www.prijedordanas.com\/wp-content\/uploads\/2021\/12\/logopng.png","contentUrl":"http:\/\/www.prijedordanas.com\/wp-content\/uploads\/2021\/12\/logopng.png","width":1019,"height":776,"caption":"PrijedorDanas.com"},"image":{"@id":"https:\/\/www.prijedordanas.com\/#\/schema\/logo\/image\/"},"sameAs":["https:\/\/www.facebook.com\/PrijedorDanasCom\/"]},{"@type":"Person","@id":"https:\/\/www.prijedordanas.com\/#\/schema\/person\/4e08ccf29b506ca916ff86d46bb700e6","name":"admin","image":{"@type":"ImageObject","inLanguage":"en-US","@id":"https:\/\/www.prijedordanas.com\/#\/schema\/person\/image\/","url":"https:\/\/secure.gravatar.com\/avatar\/1d3fc949d550f0b53a5f0d51e06dfd79?s=96&d=mm&r=g","contentUrl":"https:\/\/secure.gravatar.com\/avatar\/1d3fc949d550f0b53a5f0d51e06dfd79?s=96&d=mm&r=g","caption":"admin"},"url":"https:\/\/www.prijedordanas.com\/?author=1"}]}},"_links":{"self":[{"href":"https:\/\/www.prijedordanas.com\/index.php?rest_route=\/wp\/v2\/posts\/171679"}],"collection":[{"href":"https:\/\/www.prijedordanas.com\/index.php?rest_route=\/wp\/v2\/posts"}],"about":[{"href":"https:\/\/www.prijedordanas.com\/index.php?rest_route=\/wp\/v2\/types\/post"}],"author":[{"embeddable":true,"href":"https:\/\/www.prijedordanas.com\/index.php?rest_route=\/wp\/v2\/users\/1"}],"replies":[{"embeddable":true,"href":"https:\/\/www.prijedordanas.com\/index.php?rest_route=%2Fwp%2Fv2%2Fcomments&post=171679"}],"version-history":[{"count":1,"href":"https:\/\/www.prijedordanas.com\/index.php?rest_route=\/wp\/v2\/posts\/171679\/revisions"}],"predecessor-version":[{"id":171682,"href":"https:\/\/www.prijedordanas.com\/index.php?rest_route=\/wp\/v2\/posts\/171679\/revisions\/171682"}],"wp:attachment":[{"href":"https:\/\/www.prijedordanas.com\/index.php?rest_route=%2Fwp%2Fv2%2Fmedia&parent=171679"}],"wp:term":[{"taxonomy":"category","embeddable":true,"href":"https:\/\/www.prijedordanas.com\/index.php?rest_route=%2Fwp%2Fv2%2Fcategories&post=171679"},{"taxonomy":"post_tag","embeddable":true,"href":"https:\/\/www.prijedordanas.com\/index.php?rest_route=%2Fwp%2Fv2%2Ftags&post=171679"}],"curies":[{"name":"wp","href":"https:\/\/api.w.org\/{rel}","templated":true}]}}