{"id":171604,"date":"2021-08-03T19:57:45","date_gmt":"2021-08-03T17:57:45","guid":{"rendered":"https:\/\/www.prijedordanas.com\/?p=171604"},"modified":"2021-08-03T19:57:45","modified_gmt":"2021-08-03T17:57:45","slug":"konferencija-prijedor-i-dijaspora-2021-ljudi-umorni-od-trazenja-veze-za-sve-i-svasta","status":"publish","type":"post","link":"https:\/\/www.prijedordanas.com\/?p=171604","title":{"rendered":"Konferencija \u201ePrijedor i dijaspora 2021\u201c: Ljudi umorni od tra\u017eenja veze za sve i sva\u0161ta"},"content":{"rendered":"<p><a href=\"https:\/\/www.prijedordanas.com\/wp-content\/uploads\/2021\/08\/konferencija-prijedor-i-dijaspora-2021.jpg\"><img loading=\"lazy\" decoding=\"async\" src=\"https:\/\/www.prijedordanas.com\/wp-content\/uploads\/2021\/08\/konferencija-prijedor-i-dijaspora-2021-300x225.jpg\" alt=\"\" width=\"300\" height=\"225\" class=\"alignleft size-medium wp-image-171605\" srcset=\"https:\/\/www.prijedordanas.com\/wp-content\/uploads\/2021\/08\/konferencija-prijedor-i-dijaspora-2021-300x225.jpg 300w, https:\/\/www.prijedordanas.com\/wp-content\/uploads\/2021\/08\/konferencija-prijedor-i-dijaspora-2021-640x480.jpg 640w, https:\/\/www.prijedordanas.com\/wp-content\/uploads\/2021\/08\/konferencija-prijedor-i-dijaspora-2021.jpg 667w\" sizes=\"(max-width: 300px) 100vw, 300px\" \/><\/a>Kada je profesor Miodrag Zec govorio u Prijedoru krajem novembra 2019. godine, tada\u0161nji gradona\u010delnik Milenko \u0110akovi\u0107 je negodovao. A profesor Zec \/zajedno sa Milo\u0161em Trkuljom, stru\u010dnjakom za digitalne transformacije\/ bio je najupe\u010datljiviji govornik na toj investicionoj konferenciji, pa\u017eljivo osmi\u0161ljenoj i vrhunski organizovanoj. Da je Milenko \u0110akovi\u0107 znao da nepunu godinu kasnije njegova politi\u010dka partija vi\u0161e ne\u0107e biti na vlasti, mo\u017eda bi ga \/druga\u010dije\/ slu\u0161ao.<\/p>\n<p>Kao i profesora Zeca do tada, i Milana Kne\u017eevi\u0107a sam samo \u010ditala u Ninu i nisam imala prilike slu\u0161ati u\u017eivo do prije neki dan. On, na\u017ealost, nije bio govornik u zvani\u010dnom dijelu <a href=\"https:\/\/youtu.be\/dhvkYDmmaJs\" rel=\"noopener\" target=\"_blank\">konferencije o dijaspori<\/a>, ali se, kao gost, javio za diskusiju i iznio bolne kvalifikacije: \u201eGodinama smo se borili za najelementarniji odnos predstavnika javne uprave da se izvr\u0161i demokratizacija privrednih odnosa tako da \u0107e onaj ko zapo\u0161ljava jednog jedinog radnika imati najve\u0107u dru\u0161tvenu pa\u017enju. \/\u2026\/ Na\u017ealost, vidim i danas, tokovi se usmjeravaju ka centrima politi\u010dkih odlu\u010divanja. Nema velikih poslova bez politi\u010dkih konekcija, \u0161to je pogubno za privredu. \/\u2026\/ Me\u0111u nama privrednicima ustanovljeno je pravilo: ne u\u010destvuj u tenderu koji nisi namjestio. Takav sistem treba mijenjati.\u201c<\/p>\n<p>Dvije, po meni klju\u010dne, re\u010denice vlasnika firme \u201eModus\u201c iz Beograda i biv\u0161eg predsjednika Asocijacije malih i srednjih preduze\u0107a Srbije posebno izdvajam, s naglaskom na drugu: \u201ePrivreda i kapital \u0107e, kao voda, uvijek na\u0107i svoj pirodni tok \u2013 nemojte ih samo sputavati. Najbolja funkcija javne uprave je da ne smeta.\u201c Gradona\u010delnik Dalibor Pavlovi\u0107 nije negodovao. Ve\u0107inu vremena proveo je na telefonu.<\/p>\n<p>U odnosu na prethodne dvije \/iz 2013. i 2018. godine\/, konferencija odr\u017eana 28. jula razlikuje se po tome \u0161to je, osim aspekta ekonomskog razvoja, obuhvatila i koncept pomirenja \/ne, dodu\u0161e, voljom doma\u0107ina, nego prvog \u010dovjeka Evropske unije u BiH \u2013 o tome u nekom od narednih tekstova\/. Organizacionom odboru \u010destitke za ura\u0111en posao, uz jednu nemalu zamjerku. Naime, govornici koji su se obratili u\u010desnicima u uvodnom dijelu \/predstavnik EU misije u BiH, ministar za evropske integracije i me\u0111unarodnu saradnju Republike Srpske Zlatan Kloki\u0107, gradona\u010delnik Prijedora Dalibor Pavlovi\u0107 i predsjednik Skup\u0161tine grada Prijedora Mirsad Duratovi\u0107\/, trebalo je da na tome i ostanu, a ne da zauzmu \u010ditav prvi od ukupno tri panela \/i uz to da znatno probiju predvi\u0111eni vremenski okvir\/. \u010clanovi odbora morali su institucionalnoj, pa i politi\u010dkoj, hijerarhiji objasniti da kvantitet nije kvalitet i izboriti se za pristup manje je vi\u0161e.<\/p>\n<p>Za razliku od prvog panela \/lo\u0161e vo\u0111enog; sa unaprijed dogovorenim pitanjima \u2013 smi\u0161ljenim na brzinu i povr\u0161no; sa nesrazmjerno dugom zastupljeno\u0161\u0107u predstavnika EU kojem je bilo neprijatno te je u svojim odgovorima po\u010deo sugerisati uklju\u010divanje ostalih panelista, jer je umjesto diskusije to u po\u010detku bio intervju jedan na jedan; s panelistima koji nisu rekli ni\u0161ta novo niti je bilo potrebe da ka\u017eu i\u0161ta vi\u0161e nego \u0161to su rekli ili mogli re\u0107i u uvodnom obra\u0107anju\/, iz drugih dvaju utisaka je vi\u0161e. Ovdje izdvajamo tri o kojima iz medijskih izvje\u0161taja javnost nije informisana iz jednostavnog razloga \u0161to se izjave daju prije po\u010detka, kao \u0161to je praksa i sa ve\u0107inom drugih javnih doga\u0111aja \/i o medijima u jednom od narednih tekstova\/.<\/p>\n<p>Prvo, birokratija, te\u0161ka i troma administracija, dodatno optere\u0107ena korupcijom.<\/p>\n<p>\u201eSve ne\u0161to ne mo\u017ee, sve mito i korupcija. Toliko imamo problema s tim. Meni je vi\u0161e, da se izrazim na najjednostavniji na\u010din, na vrh glave sjelo da moram tra\u017eiti vezu, da moram zvati, da se mora re\u0107i Enisa je radila u policiji, ona je moja prijateljica, mo\u017eete li joj pomo\u0107i. Za\u0161to nam to vi\u0161e, ljudi, treba? Skinite tu blokadu. Molim vas, poku\u0161ajte razgovarati sa svojim zaposlenima u op\u0161tini, ministarstvu, sudu. Evo jedan primjer. Imam poblem sa gra\u0111evinskom dozvolom za jedan novi pogon i to stoji ve\u0107 \u0161est- sedam mjeseci. Jedna slu\u017ebenica u op\u0161tini ka\u017ee: \u2018Da nema para, ne bi ni gradila.\u2019 Je li vam takav radnik treba?\u201c, rekla je Enisa Larsson, vlasnica prijedorske firme \u201eAgroplus\u201c.<\/p>\n<p>\u201eSara\u0111ujem sa \u0160vajcarcima i mogao bih zaposliti jo\u0161 stotinu radnika, ali je njima rizik za ulaganje veliki, u strahu su, boje se dugoro\u010dnih ugovora jer ne znaju mogu li nas pravno teretiti ako ne\u0161to pronevjerimo. Nemojte da na sitnim stvarima padamo. Nikog ne potcjenjujem, ali nemojte da se moram crveniti zbog tamo nekog lokalnog slu\u017ebenika\u201c, rekao je Mirsad Rami\u0107, vlasnik \u201eCromexa\u201c.<\/p>\n<p>Semira Hoffman osnovala je u Prijedoru Fondaciju \u201eZajedni\u010dki put\u201c, a \u017eivi i radi u Americi.<\/p>\n<p>\u201eAko se nekom ne svi\u0111a tvoja faca, do\u0111i za sedam do deset dana. Za neku formu za koju treba 30 sekundi vremena, ka\u017ee do\u0111i za pet dana. Sit je \u010dovjek tra\u017eiti vezu preko veze za sve i zato se ne vra\u0107am ovamo. I kad na\u0111e\u0161 vezu, a vidi\u0161 da u redu \u010deka neki deda koji nema vezu, onda je to jo\u0161 bolnije\u201c, sa\u017eela je svoje iskustvo.<\/p>\n<p>\u201ePoznajem strane investitore kojima je prva rije\u010d koju su ovdje nau\u010dili bila sutra\u201c, rekao je Bojan Joji\u0107 iz Agencije za ekonomski razvoj grada Prijedora \u201ePREDA-PD\u201c.<\/p>\n<p>Drugo, finansijsko tr\u017ei\u0161te nepovoljno za privredu.<\/p>\n<p>\u201eGu\u0161e me banke. Ne gledaju lepezasto, nego ravno. Ne mogu da nas prate. Komercijalne su, a ne podsticajne. Kad vani ka\u017eemo koliku kamatu pla\u0107amo, pitaju nas kako to. Mi ka\u017eemo zato \u0161to nam je takod dobar standard, dobro \u017eivimo. Ja sam se deset godina borio da stvorim uslove da mogu da razgovaram sa bankom. Kucam na vrata, a oni bje\u017ee od mene k\u2019o da sam \u0161ugav\u201c, kazao je Rami\u0107.<\/p>\n<p>\u201eJa sam do sada ulagala iz \u0160vedske, ali sad je totalna blokada da se novac po\u0161alje u BiH i Hrvatsku, zbog korupcije, kriminala i pranja novca, Uklju\u010dila sam cijelu porodicu zbog limita \/pojedina\u010dnih transakcija\/. Banka \u010diji sam stalni klijent tra\u017eila mi je porijeklo novca. U pitanju je bio iznos od 2.000 KM. Rekla sam da me vjerovatno ne bi pitali za porijeklo da sam u koferu donijela dvije milijarde evra, do te mjere su me izbacili iz takta. I kako da poslujem? Kako da idem naprijed?\u201c, pitala je Enisa.<\/p>\n<p>Tre\u0107e, tr\u017ei\u0161te rada, problemati\u010dno sa vi\u0161e aspekata.<\/p>\n<p>\u201eLjude dijelim na dobre i lo\u0161e, a u novije vrijeme na radnike i neradnike\u201c, rekla je Semira Hoffman.<\/p>\n<p>Farmu koza \u201eNana Kaas\u201c u Jeli\u0107ki vodi porodica Lemi\u0107. Dario ka\u017ee da ne mo\u017ee na\u0107i radnike i da ljudi sa sela ne koriste prednosti bavljenja poljoprivredom nego radije idu raditi na bau\u0161teli, u gradu, na dnevnicu. \u201eI ne mo\u017ee svako biti IT stru\u010dnjak\u201c, dodaje.<\/p>\n<p>\u201ePrisustvovao sam jednom razgovoru za posao. Poslodavac pita kandidata je li spreman raditi u smjenama. \u2018Popodne mi je teretana, ne bih mogao\u2019, odgovara mladi \u010dovjek. Prioriteti su vrlo diskutabilni kod mladih ljudi i ima mnogo prostora da se na to uti\u010de\u201c, navodi Joji\u0107.<\/p>\n<p>\u201eUlo\u017eili smo u posljednjih deset godina vi\u0161e od \u0161est miliona maraka u ma\u0161ine, a one su bez ljudi samo hrpa gvo\u017e\u0111a. Godinu i po prije dolaska prve ma\u0161ine krenuli smo sa edukacijom radnika. Nemojte da se dijele diplome niza\u0161ta. Do\u0111u nam s papirom i misle da ne\u0161to vrijede, a oni razma\u017eena deri\u0161ta, ne mo\u017ee\u0161 od njih ni\u0161ta\u201c, rekao je Rami\u0107. On je otvorio i drugu stranu pri\u010de: \u201eKoliko god su odgovorne institucije, toliko je i poslodavac. Imamo ljude koji do\u0111u izvana, a ovdje im sistem omogu\u0107i da tla\u010de radnike. Pohlepa, \u0161ta li je. Nikako da spoznamo da se dobar radnik mora dobro platiti. I ko god da je investitor, onaj ko je direktor mora stati iza radnika i njihove interese zastupati kod investitora.\u201c<\/p>\n<p>Rami\u0107 je ukazao na pogre\u0161nu upotrebu termina strani investitor u mnogim slu\u010dajevima, pa i u njegovom, jer se on u rodni grad nije vratio s kapitalom nego je krenuo s malom zanatskom radnjom i postepeno razvijao poslovanje. Ljudi su protiv favorizovanja stranih investitora i insistiraju na jednakim uslovima, tretmanu i uslu\u017enosti javne uprave za sve investitore.<\/p>\n<p>\u201eJesu tu nostalgija, ljubav, patriotizam, ali okida\u010d je interes. Mo\u017eda smo mi nau\u010dili voljeti pare, ali oni vani vole ih na kvadrat\u201c, dodao je Rami\u0107.<\/p>\n<p>Katarina Pani\u0107 &#8211; zamisli.ba<\/p>\n","protected":false},"excerpt":{"rendered":"<p>Kada je profesor Miodrag Zec govorio u Prijedoru krajem novembra 2019. godine, tada\u0161nji gradona\u010delnik Milenko \u0110akovi\u0107 je negodovao. A profesor Zec \/zajedno sa Milo\u0161em Trkuljom, stru\u010dnjakom za digitalne transformacije\/ bio [&hellip;]<\/p>\n","protected":false},"author":1,"featured_media":0,"comment_status":"closed","ping_status":"open","sticky":false,"template":"","format":"standard","meta":{"_monsterinsights_skip_tracking":false,"_monsterinsights_sitenote_active":false,"_monsterinsights_sitenote_note":"","_monsterinsights_sitenote_category":0,"footnotes":""},"categories":[8],"tags":[],"yoast_head":"<!-- This site is optimized with the Yoast SEO plugin v21.6 - https:\/\/yoast.com\/wordpress\/plugins\/seo\/ -->\n<title>Konferencija \u201ePrijedor i dijaspora 2021\u201c: Ljudi umorni od tra\u017eenja veze za sve i sva\u0161ta - PrijedorDanas.com - Prijedorski gradski portal<\/title>\n<meta name=\"robots\" content=\"index, follow, max-snippet:-1, max-image-preview:large, max-video-preview:-1\" \/>\n<link rel=\"canonical\" href=\"https:\/\/www.prijedordanas.com\/?p=171604\" \/>\n<meta property=\"og:locale\" content=\"en_US\" \/>\n<meta property=\"og:type\" content=\"article\" \/>\n<meta property=\"og:title\" content=\"Konferencija \u201ePrijedor i dijaspora 2021\u201c: Ljudi umorni od tra\u017eenja veze za sve i sva\u0161ta - PrijedorDanas.com - Prijedorski gradski portal\" \/>\n<meta property=\"og:description\" content=\"Kada je profesor Miodrag Zec govorio u Prijedoru krajem novembra 2019. godine, tada\u0161nji gradona\u010delnik Milenko \u0110akovi\u0107 je negodovao. A profesor Zec \/zajedno sa Milo\u0161em Trkuljom, stru\u010dnjakom za digitalne transformacije\/ bio [&hellip;]\" \/>\n<meta property=\"og:url\" content=\"https:\/\/www.prijedordanas.com\/?p=171604\" \/>\n<meta property=\"og:site_name\" content=\"PrijedorDanas.com - Prijedorski gradski portal\" \/>\n<meta property=\"article:publisher\" content=\"https:\/\/www.facebook.com\/PrijedorDanasCom\/\" \/>\n<meta property=\"article:published_time\" content=\"2021-08-03T17:57:45+00:00\" \/>\n<meta property=\"og:image\" content=\"https:\/\/www.prijedordanas.com\/wp-content\/uploads\/2021\/08\/konferencija-prijedor-i-dijaspora-2021-300x225.jpg\" \/>\n<meta name=\"author\" content=\"admin\" \/>\n<meta name=\"twitter:card\" content=\"summary_large_image\" \/>\n<meta name=\"twitter:label1\" content=\"Written by\" \/>\n\t<meta name=\"twitter:data1\" content=\"admin\" \/>\n\t<meta name=\"twitter:label2\" content=\"Est. reading time\" \/>\n\t<meta name=\"twitter:data2\" content=\"7 minutes\" \/>\n<script type=\"application\/ld+json\" class=\"yoast-schema-graph\">{\"@context\":\"https:\/\/schema.org\",\"@graph\":[{\"@type\":\"Article\",\"@id\":\"https:\/\/www.prijedordanas.com\/?p=171604#article\",\"isPartOf\":{\"@id\":\"https:\/\/www.prijedordanas.com\/?p=171604\"},\"author\":{\"name\":\"admin\",\"@id\":\"https:\/\/www.prijedordanas.com\/#\/schema\/person\/4e08ccf29b506ca916ff86d46bb700e6\"},\"headline\":\"Konferencija \u201ePrijedor i dijaspora 2021\u201c: Ljudi umorni od tra\u017eenja veze za sve i sva\u0161ta\",\"datePublished\":\"2021-08-03T17:57:45+00:00\",\"dateModified\":\"2021-08-03T17:57:45+00:00\",\"mainEntityOfPage\":{\"@id\":\"https:\/\/www.prijedordanas.com\/?p=171604\"},\"wordCount\":1426,\"publisher\":{\"@id\":\"https:\/\/www.prijedordanas.com\/#organization\"},\"articleSection\":[\"Svakodnevno\"],\"inLanguage\":\"en-US\"},{\"@type\":\"WebPage\",\"@id\":\"https:\/\/www.prijedordanas.com\/?p=171604\",\"url\":\"https:\/\/www.prijedordanas.com\/?p=171604\",\"name\":\"Konferencija \u201ePrijedor i dijaspora 2021\u201c: Ljudi umorni od tra\u017eenja veze za sve i sva\u0161ta - PrijedorDanas.com - Prijedorski gradski portal\",\"isPartOf\":{\"@id\":\"https:\/\/www.prijedordanas.com\/#website\"},\"datePublished\":\"2021-08-03T17:57:45+00:00\",\"dateModified\":\"2021-08-03T17:57:45+00:00\",\"breadcrumb\":{\"@id\":\"https:\/\/www.prijedordanas.com\/?p=171604#breadcrumb\"},\"inLanguage\":\"en-US\",\"potentialAction\":[{\"@type\":\"ReadAction\",\"target\":[\"https:\/\/www.prijedordanas.com\/?p=171604\"]}]},{\"@type\":\"BreadcrumbList\",\"@id\":\"https:\/\/www.prijedordanas.com\/?p=171604#breadcrumb\",\"itemListElement\":[{\"@type\":\"ListItem\",\"position\":1,\"name\":\"Home\",\"item\":\"https:\/\/www.prijedordanas.com\/\"},{\"@type\":\"ListItem\",\"position\":2,\"name\":\"Konferencija \u201ePrijedor i dijaspora 2021\u201c: Ljudi umorni od tra\u017eenja veze za sve i sva\u0161ta\"}]},{\"@type\":\"WebSite\",\"@id\":\"https:\/\/www.prijedordanas.com\/#website\",\"url\":\"https:\/\/www.prijedordanas.com\/\",\"name\":\"PrijedorDanas.com - Prijedorski gradski portal\",\"description\":\"Portal o doga\u0111anjima u gradu Prijedoru\",\"publisher\":{\"@id\":\"https:\/\/www.prijedordanas.com\/#organization\"},\"potentialAction\":[{\"@type\":\"SearchAction\",\"target\":{\"@type\":\"EntryPoint\",\"urlTemplate\":\"https:\/\/www.prijedordanas.com\/?s={search_term_string}\"},\"query-input\":\"required name=search_term_string\"}],\"inLanguage\":\"en-US\"},{\"@type\":\"Organization\",\"@id\":\"https:\/\/www.prijedordanas.com\/#organization\",\"name\":\"PrijedorDanas.com\",\"url\":\"https:\/\/www.prijedordanas.com\/\",\"logo\":{\"@type\":\"ImageObject\",\"inLanguage\":\"en-US\",\"@id\":\"https:\/\/www.prijedordanas.com\/#\/schema\/logo\/image\/\",\"url\":\"http:\/\/www.prijedordanas.com\/wp-content\/uploads\/2021\/12\/logopng.png\",\"contentUrl\":\"http:\/\/www.prijedordanas.com\/wp-content\/uploads\/2021\/12\/logopng.png\",\"width\":1019,\"height\":776,\"caption\":\"PrijedorDanas.com\"},\"image\":{\"@id\":\"https:\/\/www.prijedordanas.com\/#\/schema\/logo\/image\/\"},\"sameAs\":[\"https:\/\/www.facebook.com\/PrijedorDanasCom\/\"]},{\"@type\":\"Person\",\"@id\":\"https:\/\/www.prijedordanas.com\/#\/schema\/person\/4e08ccf29b506ca916ff86d46bb700e6\",\"name\":\"admin\",\"image\":{\"@type\":\"ImageObject\",\"inLanguage\":\"en-US\",\"@id\":\"https:\/\/www.prijedordanas.com\/#\/schema\/person\/image\/\",\"url\":\"https:\/\/secure.gravatar.com\/avatar\/1d3fc949d550f0b53a5f0d51e06dfd79?s=96&d=mm&r=g\",\"contentUrl\":\"https:\/\/secure.gravatar.com\/avatar\/1d3fc949d550f0b53a5f0d51e06dfd79?s=96&d=mm&r=g\",\"caption\":\"admin\"},\"url\":\"https:\/\/www.prijedordanas.com\/?author=1\"}]}<\/script>\n<!-- \/ Yoast SEO plugin. -->","yoast_head_json":{"title":"Konferencija \u201ePrijedor i dijaspora 2021\u201c: Ljudi umorni od tra\u017eenja veze za sve i sva\u0161ta - PrijedorDanas.com - Prijedorski gradski portal","robots":{"index":"index","follow":"follow","max-snippet":"max-snippet:-1","max-image-preview":"max-image-preview:large","max-video-preview":"max-video-preview:-1"},"canonical":"https:\/\/www.prijedordanas.com\/?p=171604","og_locale":"en_US","og_type":"article","og_title":"Konferencija \u201ePrijedor i dijaspora 2021\u201c: Ljudi umorni od tra\u017eenja veze za sve i sva\u0161ta - PrijedorDanas.com - Prijedorski gradski portal","og_description":"Kada je profesor Miodrag Zec govorio u Prijedoru krajem novembra 2019. godine, tada\u0161nji gradona\u010delnik Milenko \u0110akovi\u0107 je negodovao. A profesor Zec \/zajedno sa Milo\u0161em Trkuljom, stru\u010dnjakom za digitalne transformacije\/ bio [&hellip;]","og_url":"https:\/\/www.prijedordanas.com\/?p=171604","og_site_name":"PrijedorDanas.com - Prijedorski gradski portal","article_publisher":"https:\/\/www.facebook.com\/PrijedorDanasCom\/","article_published_time":"2021-08-03T17:57:45+00:00","og_image":[{"url":"https:\/\/www.prijedordanas.com\/wp-content\/uploads\/2021\/08\/konferencija-prijedor-i-dijaspora-2021-300x225.jpg"}],"author":"admin","twitter_card":"summary_large_image","twitter_misc":{"Written by":"admin","Est. reading time":"7 minutes"},"schema":{"@context":"https:\/\/schema.org","@graph":[{"@type":"Article","@id":"https:\/\/www.prijedordanas.com\/?p=171604#article","isPartOf":{"@id":"https:\/\/www.prijedordanas.com\/?p=171604"},"author":{"name":"admin","@id":"https:\/\/www.prijedordanas.com\/#\/schema\/person\/4e08ccf29b506ca916ff86d46bb700e6"},"headline":"Konferencija \u201ePrijedor i dijaspora 2021\u201c: Ljudi umorni od tra\u017eenja veze za sve i sva\u0161ta","datePublished":"2021-08-03T17:57:45+00:00","dateModified":"2021-08-03T17:57:45+00:00","mainEntityOfPage":{"@id":"https:\/\/www.prijedordanas.com\/?p=171604"},"wordCount":1426,"publisher":{"@id":"https:\/\/www.prijedordanas.com\/#organization"},"articleSection":["Svakodnevno"],"inLanguage":"en-US"},{"@type":"WebPage","@id":"https:\/\/www.prijedordanas.com\/?p=171604","url":"https:\/\/www.prijedordanas.com\/?p=171604","name":"Konferencija \u201ePrijedor i dijaspora 2021\u201c: Ljudi umorni od tra\u017eenja veze za sve i sva\u0161ta - PrijedorDanas.com - Prijedorski gradski portal","isPartOf":{"@id":"https:\/\/www.prijedordanas.com\/#website"},"datePublished":"2021-08-03T17:57:45+00:00","dateModified":"2021-08-03T17:57:45+00:00","breadcrumb":{"@id":"https:\/\/www.prijedordanas.com\/?p=171604#breadcrumb"},"inLanguage":"en-US","potentialAction":[{"@type":"ReadAction","target":["https:\/\/www.prijedordanas.com\/?p=171604"]}]},{"@type":"BreadcrumbList","@id":"https:\/\/www.prijedordanas.com\/?p=171604#breadcrumb","itemListElement":[{"@type":"ListItem","position":1,"name":"Home","item":"https:\/\/www.prijedordanas.com\/"},{"@type":"ListItem","position":2,"name":"Konferencija \u201ePrijedor i dijaspora 2021\u201c: Ljudi umorni od tra\u017eenja veze za sve i sva\u0161ta"}]},{"@type":"WebSite","@id":"https:\/\/www.prijedordanas.com\/#website","url":"https:\/\/www.prijedordanas.com\/","name":"PrijedorDanas.com - Prijedorski gradski portal","description":"Portal o doga\u0111anjima u gradu Prijedoru","publisher":{"@id":"https:\/\/www.prijedordanas.com\/#organization"},"potentialAction":[{"@type":"SearchAction","target":{"@type":"EntryPoint","urlTemplate":"https:\/\/www.prijedordanas.com\/?s={search_term_string}"},"query-input":"required name=search_term_string"}],"inLanguage":"en-US"},{"@type":"Organization","@id":"https:\/\/www.prijedordanas.com\/#organization","name":"PrijedorDanas.com","url":"https:\/\/www.prijedordanas.com\/","logo":{"@type":"ImageObject","inLanguage":"en-US","@id":"https:\/\/www.prijedordanas.com\/#\/schema\/logo\/image\/","url":"http:\/\/www.prijedordanas.com\/wp-content\/uploads\/2021\/12\/logopng.png","contentUrl":"http:\/\/www.prijedordanas.com\/wp-content\/uploads\/2021\/12\/logopng.png","width":1019,"height":776,"caption":"PrijedorDanas.com"},"image":{"@id":"https:\/\/www.prijedordanas.com\/#\/schema\/logo\/image\/"},"sameAs":["https:\/\/www.facebook.com\/PrijedorDanasCom\/"]},{"@type":"Person","@id":"https:\/\/www.prijedordanas.com\/#\/schema\/person\/4e08ccf29b506ca916ff86d46bb700e6","name":"admin","image":{"@type":"ImageObject","inLanguage":"en-US","@id":"https:\/\/www.prijedordanas.com\/#\/schema\/person\/image\/","url":"https:\/\/secure.gravatar.com\/avatar\/1d3fc949d550f0b53a5f0d51e06dfd79?s=96&d=mm&r=g","contentUrl":"https:\/\/secure.gravatar.com\/avatar\/1d3fc949d550f0b53a5f0d51e06dfd79?s=96&d=mm&r=g","caption":"admin"},"url":"https:\/\/www.prijedordanas.com\/?author=1"}]}},"_links":{"self":[{"href":"https:\/\/www.prijedordanas.com\/index.php?rest_route=\/wp\/v2\/posts\/171604"}],"collection":[{"href":"https:\/\/www.prijedordanas.com\/index.php?rest_route=\/wp\/v2\/posts"}],"about":[{"href":"https:\/\/www.prijedordanas.com\/index.php?rest_route=\/wp\/v2\/types\/post"}],"author":[{"embeddable":true,"href":"https:\/\/www.prijedordanas.com\/index.php?rest_route=\/wp\/v2\/users\/1"}],"replies":[{"embeddable":true,"href":"https:\/\/www.prijedordanas.com\/index.php?rest_route=%2Fwp%2Fv2%2Fcomments&post=171604"}],"version-history":[{"count":1,"href":"https:\/\/www.prijedordanas.com\/index.php?rest_route=\/wp\/v2\/posts\/171604\/revisions"}],"predecessor-version":[{"id":171606,"href":"https:\/\/www.prijedordanas.com\/index.php?rest_route=\/wp\/v2\/posts\/171604\/revisions\/171606"}],"wp:attachment":[{"href":"https:\/\/www.prijedordanas.com\/index.php?rest_route=%2Fwp%2Fv2%2Fmedia&parent=171604"}],"wp:term":[{"taxonomy":"category","embeddable":true,"href":"https:\/\/www.prijedordanas.com\/index.php?rest_route=%2Fwp%2Fv2%2Fcategories&post=171604"},{"taxonomy":"post_tag","embeddable":true,"href":"https:\/\/www.prijedordanas.com\/index.php?rest_route=%2Fwp%2Fv2%2Ftags&post=171604"}],"curies":[{"name":"wp","href":"https:\/\/api.w.org\/{rel}","templated":true}]}}