{"id":171589,"date":"2021-08-03T11:14:56","date_gmt":"2021-08-03T09:14:56","guid":{"rendered":"https:\/\/www.prijedordanas.com\/?p=171589"},"modified":"2021-08-03T11:14:56","modified_gmt":"2021-08-03T09:14:56","slug":"u-saobracajnoj-nezgodi-povrijedena-sestorica-prijedorcana-dva-mladica-prevezena-na-ukc-rs-foto","status":"publish","type":"post","link":"https:\/\/www.prijedordanas.com\/?p=171589","title":{"rendered":"U saobrac\u0301ajnoj nezgodi povrije\u0111ena \u0161estorica Prijedor\u010dana: Dva mladi\u0107a prevezena na UKC RS &#8211; FOTO"},"content":{"rendered":"<p><a href=\"https:\/\/www.prijedordanas.com\/wp-content\/uploads\/2021\/08\/saobracajka-sanicani-reno-bmw-2.jpg\"><img loading=\"lazy\" decoding=\"async\" class=\"alignleft size-medium wp-image-171571\" src=\"https:\/\/www.prijedordanas.com\/wp-content\/uploads\/2021\/08\/saobracajka-sanicani-reno-bmw-2-300x225.jpg\" alt=\"\" width=\"300\" height=\"225\" srcset=\"https:\/\/www.prijedordanas.com\/wp-content\/uploads\/2021\/08\/saobracajka-sanicani-reno-bmw-2-300x225.jpg 300w, https:\/\/www.prijedordanas.com\/wp-content\/uploads\/2021\/08\/saobracajka-sanicani-reno-bmw-2-640x480.jpg 640w, https:\/\/www.prijedordanas.com\/wp-content\/uploads\/2021\/08\/saobracajka-sanicani-reno-bmw-2.jpg 667w\" sizes=\"(max-width: 300px) 100vw, 300px\" \/><\/a>Policijskoj upravi Prijedor, dana 02.08.2021. godine oko 23,50 \u010dasova, prijavljeno je da se na regionalnom putu u mjestu Sani\u010dani, Grad Prijedor, dogodila saobrac\u0301ajna nezgoda u kojoj je povrije\u0111eno vi\u0161e lica.<\/p>\n<p>Na licu mjesta izvr\u0161en je uvi\u0111aj kom prilikom je utvr\u0111eno da je u saobrac\u0301ajnoj nezgodi u\u010destvovalo lice V.T. iz Prijedora upravljajuc\u0301i vozilom marke \u201eRenault\u201c i lice R.R. iz Prijedora upravljajuc\u0301i vozilom marke \u201eBMW\u201c.<\/p>\n<p><strong><a href=\"https:\/\/www.prijedordanas.com\/?p=171568\" target=\"_blank\" rel=\"noopener\">Nova te\u0161ka saobra\u0107ajka kod Prijedora: U sudaru \u201cRenoa\u201d i \u201cBMW-a\u201d vi\u0161e povrije\u0111enih \u2013 FOTO<\/a><\/strong><\/p>\n<p>U ovoj saobrac\u0301ajnoj nezgodi te\u0161ke tjelesne povrede zadobio je voza\u010d V.T. koji je zbog te\u017eine povreda prevezen na Univerzitetsko-klini\u010dki centar Republike Srpske u Banja Luci, dok je suvoza\u010d u istom vozilu D.B. zadobio lake tjelesne povrede i trenutno je hospitalizovan u Javnoj zdravstvenoj ustanovi Bolnica \u201eDr Mladen Stojanovic\u0301\u201c u Prijedoru.<\/p>\n<p><a href=\"https:\/\/www.prijedordanas.com\/wp-content\/uploads\/2021\/08\/saobracajka-sanicani-reno-bmw-13.jpg\"><img loading=\"lazy\" decoding=\"async\" src=\"https:\/\/www.prijedordanas.com\/wp-content\/uploads\/2021\/08\/saobracajka-sanicani-reno-bmw-13-300x200.jpg\" alt=\"\" width=\"300\" height=\"200\" class=\"alignleft size-medium wp-image-171591\" srcset=\"https:\/\/www.prijedordanas.com\/wp-content\/uploads\/2021\/08\/saobracajka-sanicani-reno-bmw-13-300x200.jpg 300w, https:\/\/www.prijedordanas.com\/wp-content\/uploads\/2021\/08\/saobracajka-sanicani-reno-bmw-13-480x320.jpg 480w, https:\/\/www.prijedordanas.com\/wp-content\/uploads\/2021\/08\/saobracajka-sanicani-reno-bmw-13.jpg 600w\" sizes=\"(max-width: 300px) 100vw, 300px\" \/><\/a>Voza\u010d vozila \u201eBMW\u201c R.R. zadobio je lake tjelesne povrede, kao i putnik D.\u0160. iz Prijedora, dok su putnik D.G. i suvoza\u010d B.A., oba iz Prijedora, zadobili te\u0161ke tjelesne povrede.<\/p>\n<p>Zbog te\u017eine povreda B.A. je prevezen na UKC RS u Banja Luci.<\/p>\n<p>Imajuc\u0301i u vidu period turisti\u010dke sezone sa povec\u0301anom frekvencijom vozila i vrijeme godi\u0161njih odmora kada dolaze gra\u0111ani iz inostranstva, te okupljanja i dru\u017eenja koja sa sobom nose i prekomjerno konzumiranje alkohola, apelujemo na sve voza\u010de motornih vozila da po\u0161tuju saobrac\u0301ajna pravila i propise, posebno kada je u pitanju ograni\u010denje brzine kretanja, a poseban apel se upuc\u0301uje voza\u010dima da ne upravljaju vozilom pod dejstvom alkohola ili drugih psihoaktivnih supstanci koje mogu uticati na psihofizi\u010dku sposobnost upravljanja vozilom.<\/p>\n<p>PU Prijedor<\/p>\n<p><a href=\"https:\/\/www.prijedordanas.com\/wp-content\/uploads\/2021\/08\/saobracajka-sanicani-reno-bmw-7.jpg\"><img loading=\"lazy\" decoding=\"async\" src=\"https:\/\/www.prijedordanas.com\/wp-content\/uploads\/2021\/08\/saobracajka-sanicani-reno-bmw-7-300x225.jpg\" alt=\"\" width=\"300\" height=\"225\" class=\"alignleft size-medium wp-image-171592\" srcset=\"https:\/\/www.prijedordanas.com\/wp-content\/uploads\/2021\/08\/saobracajka-sanicani-reno-bmw-7-300x225.jpg 300w, https:\/\/www.prijedordanas.com\/wp-content\/uploads\/2021\/08\/saobracajka-sanicani-reno-bmw-7-640x480.jpg 640w, https:\/\/www.prijedordanas.com\/wp-content\/uploads\/2021\/08\/saobracajka-sanicani-reno-bmw-7.jpg 667w\" sizes=\"(max-width: 300px) 100vw, 300px\" \/><\/a> <a href=\"https:\/\/www.prijedordanas.com\/wp-content\/uploads\/2021\/08\/saobracajka-sanicani-reno-bmw-8.jpg\"><img loading=\"lazy\" decoding=\"async\" src=\"https:\/\/www.prijedordanas.com\/wp-content\/uploads\/2021\/08\/saobracajka-sanicani-reno-bmw-8-300x225.jpg\" alt=\"\" width=\"300\" height=\"225\" class=\"alignleft size-medium wp-image-171593\" srcset=\"https:\/\/www.prijedordanas.com\/wp-content\/uploads\/2021\/08\/saobracajka-sanicani-reno-bmw-8-300x225.jpg 300w, https:\/\/www.prijedordanas.com\/wp-content\/uploads\/2021\/08\/saobracajka-sanicani-reno-bmw-8-640x480.jpg 640w, https:\/\/www.prijedordanas.com\/wp-content\/uploads\/2021\/08\/saobracajka-sanicani-reno-bmw-8.jpg 667w\" sizes=\"(max-width: 300px) 100vw, 300px\" \/><\/a> <a href=\"https:\/\/www.prijedordanas.com\/wp-content\/uploads\/2021\/08\/saobracajka-sanicani-reno-bmw-15.jpg\"><img loading=\"lazy\" decoding=\"async\" src=\"https:\/\/www.prijedordanas.com\/wp-content\/uploads\/2021\/08\/saobracajka-sanicani-reno-bmw-15-300x200.jpg\" alt=\"\" width=\"300\" height=\"200\" class=\"alignleft size-medium wp-image-171594\" srcset=\"https:\/\/www.prijedordanas.com\/wp-content\/uploads\/2021\/08\/saobracajka-sanicani-reno-bmw-15-300x200.jpg 300w, https:\/\/www.prijedordanas.com\/wp-content\/uploads\/2021\/08\/saobracajka-sanicani-reno-bmw-15-480x320.jpg 480w, https:\/\/www.prijedordanas.com\/wp-content\/uploads\/2021\/08\/saobracajka-sanicani-reno-bmw-15.jpg 600w\" sizes=\"(max-width: 300px) 100vw, 300px\" \/><\/a> <a href=\"https:\/\/www.prijedordanas.com\/wp-content\/uploads\/2021\/08\/saobracajka-sanicani-reno-bmw-14.jpg\"><img loading=\"lazy\" decoding=\"async\" src=\"https:\/\/www.prijedordanas.com\/wp-content\/uploads\/2021\/08\/saobracajka-sanicani-reno-bmw-14-300x200.jpg\" alt=\"\" width=\"300\" height=\"200\" class=\"alignleft size-medium wp-image-171595\" srcset=\"https:\/\/www.prijedordanas.com\/wp-content\/uploads\/2021\/08\/saobracajka-sanicani-reno-bmw-14-300x200.jpg 300w, https:\/\/www.prijedordanas.com\/wp-content\/uploads\/2021\/08\/saobracajka-sanicani-reno-bmw-14-480x320.jpg 480w, https:\/\/www.prijedordanas.com\/wp-content\/uploads\/2021\/08\/saobracajka-sanicani-reno-bmw-14.jpg 600w\" sizes=\"(max-width: 300px) 100vw, 300px\" \/><\/a> <a href=\"https:\/\/www.prijedordanas.com\/wp-content\/uploads\/2021\/08\/saobracajka-sanicani-reno-bmw-16.jpg\"><img loading=\"lazy\" decoding=\"async\" src=\"https:\/\/www.prijedordanas.com\/wp-content\/uploads\/2021\/08\/saobracajka-sanicani-reno-bmw-16-300x200.jpg\" alt=\"\" width=\"300\" height=\"200\" class=\"alignleft size-medium wp-image-171596\" srcset=\"https:\/\/www.prijedordanas.com\/wp-content\/uploads\/2021\/08\/saobracajka-sanicani-reno-bmw-16-300x200.jpg 300w, https:\/\/www.prijedordanas.com\/wp-content\/uploads\/2021\/08\/saobracajka-sanicani-reno-bmw-16-480x320.jpg 480w, https:\/\/www.prijedordanas.com\/wp-content\/uploads\/2021\/08\/saobracajka-sanicani-reno-bmw-16.jpg 600w\" sizes=\"(max-width: 300px) 100vw, 300px\" \/><\/a> <a href=\"https:\/\/www.prijedordanas.com\/wp-content\/uploads\/2021\/08\/saobracajka-sanicani-reno-bmw-21.jpg\"><img loading=\"lazy\" decoding=\"async\" src=\"https:\/\/www.prijedordanas.com\/wp-content\/uploads\/2021\/08\/saobracajka-sanicani-reno-bmw-21-300x200.jpg\" alt=\"\" width=\"300\" height=\"200\" class=\"alignleft size-medium wp-image-171597\" srcset=\"https:\/\/www.prijedordanas.com\/wp-content\/uploads\/2021\/08\/saobracajka-sanicani-reno-bmw-21-300x200.jpg 300w, https:\/\/www.prijedordanas.com\/wp-content\/uploads\/2021\/08\/saobracajka-sanicani-reno-bmw-21-480x320.jpg 480w, https:\/\/www.prijedordanas.com\/wp-content\/uploads\/2021\/08\/saobracajka-sanicani-reno-bmw-21.jpg 600w\" sizes=\"(max-width: 300px) 100vw, 300px\" \/><\/a> <a href=\"https:\/\/www.prijedordanas.com\/wp-content\/uploads\/2021\/08\/saobracajka-sanicani-reno-bmw-18.jpg\"><img loading=\"lazy\" decoding=\"async\" src=\"https:\/\/www.prijedordanas.com\/wp-content\/uploads\/2021\/08\/saobracajka-sanicani-reno-bmw-18-300x200.jpg\" alt=\"\" width=\"300\" height=\"200\" class=\"alignleft size-medium wp-image-171598\" srcset=\"https:\/\/www.prijedordanas.com\/wp-content\/uploads\/2021\/08\/saobracajka-sanicani-reno-bmw-18-300x200.jpg 300w, https:\/\/www.prijedordanas.com\/wp-content\/uploads\/2021\/08\/saobracajka-sanicani-reno-bmw-18-480x320.jpg 480w, https:\/\/www.prijedordanas.com\/wp-content\/uploads\/2021\/08\/saobracajka-sanicani-reno-bmw-18.jpg 600w\" sizes=\"(max-width: 300px) 100vw, 300px\" \/><\/a> <a href=\"https:\/\/www.prijedordanas.com\/wp-content\/uploads\/2021\/08\/saobracajka-sanicani-reno-bmw-22.jpg\"><img loading=\"lazy\" decoding=\"async\" src=\"https:\/\/www.prijedordanas.com\/wp-content\/uploads\/2021\/08\/saobracajka-sanicani-reno-bmw-22-300x200.jpg\" alt=\"\" width=\"300\" height=\"200\" class=\"alignleft size-medium wp-image-171599\" srcset=\"https:\/\/www.prijedordanas.com\/wp-content\/uploads\/2021\/08\/saobracajka-sanicani-reno-bmw-22-300x200.jpg 300w, https:\/\/www.prijedordanas.com\/wp-content\/uploads\/2021\/08\/saobracajka-sanicani-reno-bmw-22-480x320.jpg 480w, https:\/\/www.prijedordanas.com\/wp-content\/uploads\/2021\/08\/saobracajka-sanicani-reno-bmw-22.jpg 600w\" sizes=\"(max-width: 300px) 100vw, 300px\" \/><\/a><\/p>\n","protected":false},"excerpt":{"rendered":"<p>Policijskoj upravi Prijedor, dana 02.08.2021. godine oko 23,50 \u010dasova, prijavljeno je da se na regionalnom putu u mjestu Sani\u010dani, Grad Prijedor, dogodila saobrac\u0301ajna nezgoda u kojoj je povrije\u0111eno vi\u0161e lica. [&hellip;]<\/p>\n","protected":false},"author":1,"featured_media":0,"comment_status":"closed","ping_status":"open","sticky":false,"template":"","format":"standard","meta":{"_monsterinsights_skip_tracking":false,"_monsterinsights_sitenote_active":false,"_monsterinsights_sitenote_note":"","_monsterinsights_sitenote_category":0,"footnotes":""},"categories":[5],"tags":[],"yoast_head":"<!-- This site is optimized with the Yoast SEO plugin v21.6 - https:\/\/yoast.com\/wordpress\/plugins\/seo\/ -->\n<title>U saobrac\u0301ajnoj nezgodi povrije\u0111ena \u0161estorica Prijedor\u010dana: Dva mladi\u0107a prevezena na UKC RS - FOTO - PrijedorDanas.com - Prijedorski gradski portal<\/title>\n<meta name=\"robots\" content=\"index, follow, max-snippet:-1, max-image-preview:large, max-video-preview:-1\" \/>\n<link rel=\"canonical\" href=\"https:\/\/www.prijedordanas.com\/?p=171589\" \/>\n<meta property=\"og:locale\" content=\"en_US\" \/>\n<meta property=\"og:type\" content=\"article\" \/>\n<meta property=\"og:title\" content=\"U saobrac\u0301ajnoj nezgodi povrije\u0111ena \u0161estorica Prijedor\u010dana: Dva mladi\u0107a prevezena na UKC RS - FOTO - PrijedorDanas.com - Prijedorski gradski portal\" \/>\n<meta property=\"og:description\" content=\"Policijskoj upravi Prijedor, dana 02.08.2021. godine oko 23,50 \u010dasova, prijavljeno je da se na regionalnom putu u mjestu Sani\u010dani, Grad Prijedor, dogodila saobrac\u0301ajna nezgoda u kojoj je povrije\u0111eno vi\u0161e lica. [&hellip;]\" \/>\n<meta property=\"og:url\" content=\"https:\/\/www.prijedordanas.com\/?p=171589\" \/>\n<meta property=\"og:site_name\" content=\"PrijedorDanas.com - Prijedorski gradski portal\" \/>\n<meta property=\"article:publisher\" content=\"https:\/\/www.facebook.com\/PrijedorDanasCom\/\" \/>\n<meta property=\"article:published_time\" content=\"2021-08-03T09:14:56+00:00\" \/>\n<meta property=\"og:image\" content=\"https:\/\/www.prijedordanas.com\/wp-content\/uploads\/2021\/08\/saobracajka-sanicani-reno-bmw-2-300x225.jpg\" \/>\n<meta name=\"author\" content=\"admin\" \/>\n<meta name=\"twitter:card\" content=\"summary_large_image\" \/>\n<meta name=\"twitter:label1\" content=\"Written by\" \/>\n\t<meta name=\"twitter:data1\" content=\"admin\" \/>\n\t<meta name=\"twitter:label2\" content=\"Est. reading time\" \/>\n\t<meta name=\"twitter:data2\" content=\"1 minute\" \/>\n<script type=\"application\/ld+json\" class=\"yoast-schema-graph\">{\"@context\":\"https:\/\/schema.org\",\"@graph\":[{\"@type\":\"Article\",\"@id\":\"https:\/\/www.prijedordanas.com\/?p=171589#article\",\"isPartOf\":{\"@id\":\"https:\/\/www.prijedordanas.com\/?p=171589\"},\"author\":{\"name\":\"admin\",\"@id\":\"https:\/\/www.prijedordanas.com\/#\/schema\/person\/4e08ccf29b506ca916ff86d46bb700e6\"},\"headline\":\"U saobrac\u0301ajnoj nezgodi povrije\u0111ena \u0161estorica Prijedor\u010dana: Dva mladi\u0107a prevezena na UKC RS &#8211; FOTO\",\"datePublished\":\"2021-08-03T09:14:56+00:00\",\"dateModified\":\"2021-08-03T09:14:56+00:00\",\"mainEntityOfPage\":{\"@id\":\"https:\/\/www.prijedordanas.com\/?p=171589\"},\"wordCount\":303,\"publisher\":{\"@id\":\"https:\/\/www.prijedordanas.com\/#organization\"},\"articleSection\":[\"Hronika\"],\"inLanguage\":\"en-US\"},{\"@type\":\"WebPage\",\"@id\":\"https:\/\/www.prijedordanas.com\/?p=171589\",\"url\":\"https:\/\/www.prijedordanas.com\/?p=171589\",\"name\":\"U saobrac\u0301ajnoj nezgodi povrije\u0111ena \u0161estorica Prijedor\u010dana: Dva mladi\u0107a prevezena na UKC RS - FOTO - PrijedorDanas.com - Prijedorski gradski portal\",\"isPartOf\":{\"@id\":\"https:\/\/www.prijedordanas.com\/#website\"},\"datePublished\":\"2021-08-03T09:14:56+00:00\",\"dateModified\":\"2021-08-03T09:14:56+00:00\",\"breadcrumb\":{\"@id\":\"https:\/\/www.prijedordanas.com\/?p=171589#breadcrumb\"},\"inLanguage\":\"en-US\",\"potentialAction\":[{\"@type\":\"ReadAction\",\"target\":[\"https:\/\/www.prijedordanas.com\/?p=171589\"]}]},{\"@type\":\"BreadcrumbList\",\"@id\":\"https:\/\/www.prijedordanas.com\/?p=171589#breadcrumb\",\"itemListElement\":[{\"@type\":\"ListItem\",\"position\":1,\"name\":\"Home\",\"item\":\"https:\/\/www.prijedordanas.com\/\"},{\"@type\":\"ListItem\",\"position\":2,\"name\":\"U saobrac\u0301ajnoj nezgodi povrije\u0111ena \u0161estorica Prijedor\u010dana: Dva mladi\u0107a prevezena na UKC RS &#8211; FOTO\"}]},{\"@type\":\"WebSite\",\"@id\":\"https:\/\/www.prijedordanas.com\/#website\",\"url\":\"https:\/\/www.prijedordanas.com\/\",\"name\":\"PrijedorDanas.com - Prijedorski gradski portal\",\"description\":\"Portal o doga\u0111anjima u gradu Prijedoru\",\"publisher\":{\"@id\":\"https:\/\/www.prijedordanas.com\/#organization\"},\"potentialAction\":[{\"@type\":\"SearchAction\",\"target\":{\"@type\":\"EntryPoint\",\"urlTemplate\":\"https:\/\/www.prijedordanas.com\/?s={search_term_string}\"},\"query-input\":\"required name=search_term_string\"}],\"inLanguage\":\"en-US\"},{\"@type\":\"Organization\",\"@id\":\"https:\/\/www.prijedordanas.com\/#organization\",\"name\":\"PrijedorDanas.com\",\"url\":\"https:\/\/www.prijedordanas.com\/\",\"logo\":{\"@type\":\"ImageObject\",\"inLanguage\":\"en-US\",\"@id\":\"https:\/\/www.prijedordanas.com\/#\/schema\/logo\/image\/\",\"url\":\"http:\/\/www.prijedordanas.com\/wp-content\/uploads\/2021\/12\/logopng.png\",\"contentUrl\":\"http:\/\/www.prijedordanas.com\/wp-content\/uploads\/2021\/12\/logopng.png\",\"width\":1019,\"height\":776,\"caption\":\"PrijedorDanas.com\"},\"image\":{\"@id\":\"https:\/\/www.prijedordanas.com\/#\/schema\/logo\/image\/\"},\"sameAs\":[\"https:\/\/www.facebook.com\/PrijedorDanasCom\/\"]},{\"@type\":\"Person\",\"@id\":\"https:\/\/www.prijedordanas.com\/#\/schema\/person\/4e08ccf29b506ca916ff86d46bb700e6\",\"name\":\"admin\",\"image\":{\"@type\":\"ImageObject\",\"inLanguage\":\"en-US\",\"@id\":\"https:\/\/www.prijedordanas.com\/#\/schema\/person\/image\/\",\"url\":\"https:\/\/secure.gravatar.com\/avatar\/1d3fc949d550f0b53a5f0d51e06dfd79?s=96&d=mm&r=g\",\"contentUrl\":\"https:\/\/secure.gravatar.com\/avatar\/1d3fc949d550f0b53a5f0d51e06dfd79?s=96&d=mm&r=g\",\"caption\":\"admin\"},\"url\":\"https:\/\/www.prijedordanas.com\/?author=1\"}]}<\/script>\n<!-- \/ Yoast SEO plugin. -->","yoast_head_json":{"title":"U saobrac\u0301ajnoj nezgodi povrije\u0111ena \u0161estorica Prijedor\u010dana: Dva mladi\u0107a prevezena na UKC RS - FOTO - PrijedorDanas.com - Prijedorski gradski portal","robots":{"index":"index","follow":"follow","max-snippet":"max-snippet:-1","max-image-preview":"max-image-preview:large","max-video-preview":"max-video-preview:-1"},"canonical":"https:\/\/www.prijedordanas.com\/?p=171589","og_locale":"en_US","og_type":"article","og_title":"U saobrac\u0301ajnoj nezgodi povrije\u0111ena \u0161estorica Prijedor\u010dana: Dva mladi\u0107a prevezena na UKC RS - FOTO - PrijedorDanas.com - Prijedorski gradski portal","og_description":"Policijskoj upravi Prijedor, dana 02.08.2021. godine oko 23,50 \u010dasova, prijavljeno je da se na regionalnom putu u mjestu Sani\u010dani, Grad Prijedor, dogodila saobrac\u0301ajna nezgoda u kojoj je povrije\u0111eno vi\u0161e lica. [&hellip;]","og_url":"https:\/\/www.prijedordanas.com\/?p=171589","og_site_name":"PrijedorDanas.com - Prijedorski gradski portal","article_publisher":"https:\/\/www.facebook.com\/PrijedorDanasCom\/","article_published_time":"2021-08-03T09:14:56+00:00","og_image":[{"url":"https:\/\/www.prijedordanas.com\/wp-content\/uploads\/2021\/08\/saobracajka-sanicani-reno-bmw-2-300x225.jpg"}],"author":"admin","twitter_card":"summary_large_image","twitter_misc":{"Written by":"admin","Est. reading time":"1 minute"},"schema":{"@context":"https:\/\/schema.org","@graph":[{"@type":"Article","@id":"https:\/\/www.prijedordanas.com\/?p=171589#article","isPartOf":{"@id":"https:\/\/www.prijedordanas.com\/?p=171589"},"author":{"name":"admin","@id":"https:\/\/www.prijedordanas.com\/#\/schema\/person\/4e08ccf29b506ca916ff86d46bb700e6"},"headline":"U saobrac\u0301ajnoj nezgodi povrije\u0111ena \u0161estorica Prijedor\u010dana: Dva mladi\u0107a prevezena na UKC RS &#8211; FOTO","datePublished":"2021-08-03T09:14:56+00:00","dateModified":"2021-08-03T09:14:56+00:00","mainEntityOfPage":{"@id":"https:\/\/www.prijedordanas.com\/?p=171589"},"wordCount":303,"publisher":{"@id":"https:\/\/www.prijedordanas.com\/#organization"},"articleSection":["Hronika"],"inLanguage":"en-US"},{"@type":"WebPage","@id":"https:\/\/www.prijedordanas.com\/?p=171589","url":"https:\/\/www.prijedordanas.com\/?p=171589","name":"U saobrac\u0301ajnoj nezgodi povrije\u0111ena \u0161estorica Prijedor\u010dana: Dva mladi\u0107a prevezena na UKC RS - FOTO - PrijedorDanas.com - Prijedorski gradski portal","isPartOf":{"@id":"https:\/\/www.prijedordanas.com\/#website"},"datePublished":"2021-08-03T09:14:56+00:00","dateModified":"2021-08-03T09:14:56+00:00","breadcrumb":{"@id":"https:\/\/www.prijedordanas.com\/?p=171589#breadcrumb"},"inLanguage":"en-US","potentialAction":[{"@type":"ReadAction","target":["https:\/\/www.prijedordanas.com\/?p=171589"]}]},{"@type":"BreadcrumbList","@id":"https:\/\/www.prijedordanas.com\/?p=171589#breadcrumb","itemListElement":[{"@type":"ListItem","position":1,"name":"Home","item":"https:\/\/www.prijedordanas.com\/"},{"@type":"ListItem","position":2,"name":"U saobrac\u0301ajnoj nezgodi povrije\u0111ena \u0161estorica Prijedor\u010dana: Dva mladi\u0107a prevezena na UKC RS &#8211; FOTO"}]},{"@type":"WebSite","@id":"https:\/\/www.prijedordanas.com\/#website","url":"https:\/\/www.prijedordanas.com\/","name":"PrijedorDanas.com - Prijedorski gradski portal","description":"Portal o doga\u0111anjima u gradu Prijedoru","publisher":{"@id":"https:\/\/www.prijedordanas.com\/#organization"},"potentialAction":[{"@type":"SearchAction","target":{"@type":"EntryPoint","urlTemplate":"https:\/\/www.prijedordanas.com\/?s={search_term_string}"},"query-input":"required name=search_term_string"}],"inLanguage":"en-US"},{"@type":"Organization","@id":"https:\/\/www.prijedordanas.com\/#organization","name":"PrijedorDanas.com","url":"https:\/\/www.prijedordanas.com\/","logo":{"@type":"ImageObject","inLanguage":"en-US","@id":"https:\/\/www.prijedordanas.com\/#\/schema\/logo\/image\/","url":"http:\/\/www.prijedordanas.com\/wp-content\/uploads\/2021\/12\/logopng.png","contentUrl":"http:\/\/www.prijedordanas.com\/wp-content\/uploads\/2021\/12\/logopng.png","width":1019,"height":776,"caption":"PrijedorDanas.com"},"image":{"@id":"https:\/\/www.prijedordanas.com\/#\/schema\/logo\/image\/"},"sameAs":["https:\/\/www.facebook.com\/PrijedorDanasCom\/"]},{"@type":"Person","@id":"https:\/\/www.prijedordanas.com\/#\/schema\/person\/4e08ccf29b506ca916ff86d46bb700e6","name":"admin","image":{"@type":"ImageObject","inLanguage":"en-US","@id":"https:\/\/www.prijedordanas.com\/#\/schema\/person\/image\/","url":"https:\/\/secure.gravatar.com\/avatar\/1d3fc949d550f0b53a5f0d51e06dfd79?s=96&d=mm&r=g","contentUrl":"https:\/\/secure.gravatar.com\/avatar\/1d3fc949d550f0b53a5f0d51e06dfd79?s=96&d=mm&r=g","caption":"admin"},"url":"https:\/\/www.prijedordanas.com\/?author=1"}]}},"_links":{"self":[{"href":"https:\/\/www.prijedordanas.com\/index.php?rest_route=\/wp\/v2\/posts\/171589"}],"collection":[{"href":"https:\/\/www.prijedordanas.com\/index.php?rest_route=\/wp\/v2\/posts"}],"about":[{"href":"https:\/\/www.prijedordanas.com\/index.php?rest_route=\/wp\/v2\/types\/post"}],"author":[{"embeddable":true,"href":"https:\/\/www.prijedordanas.com\/index.php?rest_route=\/wp\/v2\/users\/1"}],"replies":[{"embeddable":true,"href":"https:\/\/www.prijedordanas.com\/index.php?rest_route=%2Fwp%2Fv2%2Fcomments&post=171589"}],"version-history":[{"count":2,"href":"https:\/\/www.prijedordanas.com\/index.php?rest_route=\/wp\/v2\/posts\/171589\/revisions"}],"predecessor-version":[{"id":171600,"href":"https:\/\/www.prijedordanas.com\/index.php?rest_route=\/wp\/v2\/posts\/171589\/revisions\/171600"}],"wp:attachment":[{"href":"https:\/\/www.prijedordanas.com\/index.php?rest_route=%2Fwp%2Fv2%2Fmedia&parent=171589"}],"wp:term":[{"taxonomy":"category","embeddable":true,"href":"https:\/\/www.prijedordanas.com\/index.php?rest_route=%2Fwp%2Fv2%2Fcategories&post=171589"},{"taxonomy":"post_tag","embeddable":true,"href":"https:\/\/www.prijedordanas.com\/index.php?rest_route=%2Fwp%2Fv2%2Ftags&post=171589"}],"curies":[{"name":"wp","href":"https:\/\/api.w.org\/{rel}","templated":true}]}}