{"id":171517,"date":"2021-08-02T14:14:31","date_gmt":"2021-08-02T12:14:31","guid":{"rendered":"https:\/\/www.prijedordanas.com\/?p=171517"},"modified":"2021-08-02T14:14:31","modified_gmt":"2021-08-02T12:14:31","slug":"naredba-o-nesprovodenju-istrage-o-ratnom-zlocinu-nad-39-srba-u-prijedoru","status":"publish","type":"post","link":"https:\/\/www.prijedordanas.com\/?p=171517","title":{"rendered":"Naredba o nesprovo\u0111enju istrage o ratnom zlo\u010dinu nad 39 Srba u Prijedoru"},"content":{"rendered":"<p><a href=\"https:\/\/www.prijedordanas.com\/wp-content\/uploads\/2016\/11\/tuzilastvo-bih.jpg\"><img loading=\"lazy\" decoding=\"async\" src=\"https:\/\/www.prijedordanas.com\/wp-content\/uploads\/2016\/11\/tuzilastvo-bih-300x222.jpg\" alt=\"\" width=\"300\" height=\"222\" class=\"alignleft size-medium wp-image-66006\" srcset=\"https:\/\/www.prijedordanas.com\/wp-content\/uploads\/2016\/11\/tuzilastvo-bih-300x222.jpg 300w, https:\/\/www.prijedordanas.com\/wp-content\/uploads\/2016\/11\/tuzilastvo-bih-100x74.jpg 100w, https:\/\/www.prijedordanas.com\/wp-content\/uploads\/2016\/11\/tuzilastvo-bih.jpg 675w\" sizes=\"(max-width: 300px) 100vw, 300px\" \/><\/a>Tu\u017eila\u0161tvo BiH donijelo je Naredbu o nesprovo\u0111enju istrage u vezi ratnog zlo\u010dina na podru\u010dju grada Prijedora 30. maja 1992. godine.<\/p>\n<p>Nekada\u0161nji Centar javne bezbjednosti Banjaluka podnio je 28. septembra 2010. godine izvje\u0161taj za napad na Prijedor protiv Asima Muhi\u0107a, Kemala Alagi\u0107a, \u0408asmina Bla\u017eevi\u0107a, Ferida Delki\u0107a, Halima Me\u0161i\u0107a, Edina \u010caji\u0107a, Merima \u010cau\u0161evi\u0107a, Slavka E\u0107imovi\u0107a, Suada Karagi\u0107a, Izeta Me\u0161i\u0107a i Ned\u017eada Babi\u0107a zbog postojanja osnova sumnje da su po\u010dinili krivi\u010dna djela &#8220;Ratni zlo\u010din protiv civilnog stanovni\u0161tva&#8221;, &#8220;Ratni zlo\u010din protiv ranjenika i bolesnika, ratni zlo\u010din protiv ratnih zarobljenika&#8221; i krivi\u010dno djelo &#8220;Organizovanje grupe ljudi i podstrekavanje na \u010dinjenje krivi\u010dpnih djela genocida, zlo\u010dina protvi \u010dovje\u010dnosti i ratnih zlo\u010dina&#8221;.<\/p>\n<p>Izvje\u0161taj je teretio Muhi\u0107a, Alagi\u0107a, E\u0107imovi\u0107a, Me\u0161i\u0107a i Karagi\u0107a da su planirali, pokrenuli, naredili, u\u010dinili i podstrekivali \u010dinjenje krivi\u010dnih djela ratog zlo\u010dina nad civilnim stanovni\u0161tvom, naseljima, pripadnicima Vojske Republike Srpske i licima za\u0161ti\u0107enim me\u0111unarodnim pravom.<\/p>\n<p>Krivi\u010dna djela izvr\u0161ena su na \u0161tetu 39 lica srpske nacionalnosti &#8211; 20 pripadnika Vojske Republike Srpske (osam ubijeno, osam ranjeno, a \u010detiri zarobljena) i 19 civila (\u0161est civila ubijeno, a 13 ranjeno).<\/p>\n<p>Tu\u017eila\u0161tvo ka\u017ee da je prikupljen veliki broj dokumenata i saslu\u0161an veliki broj osoba, ali da rezultati provedenih analiza nesporno ukazuju da nema osnova sumnje, jer nema dokaza da se zaista desio ratni zlo\u010din.<\/p>\n<p>Zanimljivo je da je u tada\u0161njem izvje\u0161taju me\u0111u brojnom dokumentacijom i izjavama svjedoka o svim ubijanjima i zarobljavanju vojnika i civila tog 30-og maja izme\u0111u ostalog zadokumentovan i napad na policijsku stanicu i napad na vozilo saniteta, \u0161to dodatno pokazuje apsurdnost obrazlo\u017eenja Tu\u017eila\u0161tva BiH, koje je tek 11 godina analiziralo dostavljenu dokumentaciju.<\/p>\n<p>RTRS<\/p>\n","protected":false},"excerpt":{"rendered":"<p>Tu\u017eila\u0161tvo BiH donijelo je Naredbu o nesprovo\u0111enju istrage u vezi ratnog zlo\u010dina na podru\u010dju grada Prijedora 30. maja 1992. godine. Nekada\u0161nji Centar javne bezbjednosti Banjaluka podnio je 28. septembra 2010. [&hellip;]<\/p>\n","protected":false},"author":1,"featured_media":0,"comment_status":"closed","ping_status":"open","sticky":false,"template":"","format":"standard","meta":{"_monsterinsights_skip_tracking":false,"_monsterinsights_sitenote_active":false,"_monsterinsights_sitenote_note":"","_monsterinsights_sitenote_category":0,"footnotes":""},"categories":[5],"tags":[],"yoast_head":"<!-- This site is optimized with the Yoast SEO plugin v21.6 - https:\/\/yoast.com\/wordpress\/plugins\/seo\/ -->\n<title>Naredba o nesprovo\u0111enju istrage o ratnom zlo\u010dinu nad 39 Srba u Prijedoru - PrijedorDanas.com - Prijedorski gradski portal<\/title>\n<meta name=\"robots\" content=\"index, follow, max-snippet:-1, max-image-preview:large, max-video-preview:-1\" \/>\n<link rel=\"canonical\" href=\"https:\/\/www.prijedordanas.com\/?p=171517\" \/>\n<meta property=\"og:locale\" content=\"en_US\" \/>\n<meta property=\"og:type\" content=\"article\" \/>\n<meta property=\"og:title\" content=\"Naredba o nesprovo\u0111enju istrage o ratnom zlo\u010dinu nad 39 Srba u Prijedoru - PrijedorDanas.com - Prijedorski gradski portal\" \/>\n<meta property=\"og:description\" content=\"Tu\u017eila\u0161tvo BiH donijelo je Naredbu o nesprovo\u0111enju istrage u vezi ratnog zlo\u010dina na podru\u010dju grada Prijedora 30. maja 1992. godine. Nekada\u0161nji Centar javne bezbjednosti Banjaluka podnio je 28. septembra 2010. [&hellip;]\" \/>\n<meta property=\"og:url\" content=\"https:\/\/www.prijedordanas.com\/?p=171517\" \/>\n<meta property=\"og:site_name\" content=\"PrijedorDanas.com - Prijedorski gradski portal\" \/>\n<meta property=\"article:publisher\" content=\"https:\/\/www.facebook.com\/PrijedorDanasCom\/\" \/>\n<meta property=\"article:published_time\" content=\"2021-08-02T12:14:31+00:00\" \/>\n<meta property=\"og:image\" content=\"https:\/\/www.prijedordanas.com\/wp-content\/uploads\/2016\/11\/tuzilastvo-bih-300x222.jpg\" \/>\n<meta name=\"author\" content=\"admin\" \/>\n<meta name=\"twitter:card\" content=\"summary_large_image\" \/>\n<meta name=\"twitter:label1\" content=\"Written by\" \/>\n\t<meta name=\"twitter:data1\" content=\"admin\" \/>\n\t<meta name=\"twitter:label2\" content=\"Est. reading time\" \/>\n\t<meta name=\"twitter:data2\" content=\"2 minutes\" \/>\n<script type=\"application\/ld+json\" class=\"yoast-schema-graph\">{\"@context\":\"https:\/\/schema.org\",\"@graph\":[{\"@type\":\"Article\",\"@id\":\"https:\/\/www.prijedordanas.com\/?p=171517#article\",\"isPartOf\":{\"@id\":\"https:\/\/www.prijedordanas.com\/?p=171517\"},\"author\":{\"name\":\"admin\",\"@id\":\"https:\/\/www.prijedordanas.com\/#\/schema\/person\/4e08ccf29b506ca916ff86d46bb700e6\"},\"headline\":\"Naredba o nesprovo\u0111enju istrage o ratnom zlo\u010dinu nad 39 Srba u Prijedoru\",\"datePublished\":\"2021-08-02T12:14:31+00:00\",\"dateModified\":\"2021-08-02T12:14:31+00:00\",\"mainEntityOfPage\":{\"@id\":\"https:\/\/www.prijedordanas.com\/?p=171517\"},\"wordCount\":325,\"publisher\":{\"@id\":\"https:\/\/www.prijedordanas.com\/#organization\"},\"articleSection\":[\"Hronika\"],\"inLanguage\":\"en-US\"},{\"@type\":\"WebPage\",\"@id\":\"https:\/\/www.prijedordanas.com\/?p=171517\",\"url\":\"https:\/\/www.prijedordanas.com\/?p=171517\",\"name\":\"Naredba o nesprovo\u0111enju istrage o ratnom zlo\u010dinu nad 39 Srba u Prijedoru - PrijedorDanas.com - Prijedorski gradski portal\",\"isPartOf\":{\"@id\":\"https:\/\/www.prijedordanas.com\/#website\"},\"datePublished\":\"2021-08-02T12:14:31+00:00\",\"dateModified\":\"2021-08-02T12:14:31+00:00\",\"breadcrumb\":{\"@id\":\"https:\/\/www.prijedordanas.com\/?p=171517#breadcrumb\"},\"inLanguage\":\"en-US\",\"potentialAction\":[{\"@type\":\"ReadAction\",\"target\":[\"https:\/\/www.prijedordanas.com\/?p=171517\"]}]},{\"@type\":\"BreadcrumbList\",\"@id\":\"https:\/\/www.prijedordanas.com\/?p=171517#breadcrumb\",\"itemListElement\":[{\"@type\":\"ListItem\",\"position\":1,\"name\":\"Home\",\"item\":\"https:\/\/www.prijedordanas.com\/\"},{\"@type\":\"ListItem\",\"position\":2,\"name\":\"Naredba o nesprovo\u0111enju istrage o ratnom zlo\u010dinu nad 39 Srba u Prijedoru\"}]},{\"@type\":\"WebSite\",\"@id\":\"https:\/\/www.prijedordanas.com\/#website\",\"url\":\"https:\/\/www.prijedordanas.com\/\",\"name\":\"PrijedorDanas.com - Prijedorski gradski portal\",\"description\":\"Portal o doga\u0111anjima u gradu Prijedoru\",\"publisher\":{\"@id\":\"https:\/\/www.prijedordanas.com\/#organization\"},\"potentialAction\":[{\"@type\":\"SearchAction\",\"target\":{\"@type\":\"EntryPoint\",\"urlTemplate\":\"https:\/\/www.prijedordanas.com\/?s={search_term_string}\"},\"query-input\":\"required name=search_term_string\"}],\"inLanguage\":\"en-US\"},{\"@type\":\"Organization\",\"@id\":\"https:\/\/www.prijedordanas.com\/#organization\",\"name\":\"PrijedorDanas.com\",\"url\":\"https:\/\/www.prijedordanas.com\/\",\"logo\":{\"@type\":\"ImageObject\",\"inLanguage\":\"en-US\",\"@id\":\"https:\/\/www.prijedordanas.com\/#\/schema\/logo\/image\/\",\"url\":\"http:\/\/www.prijedordanas.com\/wp-content\/uploads\/2021\/12\/logopng.png\",\"contentUrl\":\"http:\/\/www.prijedordanas.com\/wp-content\/uploads\/2021\/12\/logopng.png\",\"width\":1019,\"height\":776,\"caption\":\"PrijedorDanas.com\"},\"image\":{\"@id\":\"https:\/\/www.prijedordanas.com\/#\/schema\/logo\/image\/\"},\"sameAs\":[\"https:\/\/www.facebook.com\/PrijedorDanasCom\/\"]},{\"@type\":\"Person\",\"@id\":\"https:\/\/www.prijedordanas.com\/#\/schema\/person\/4e08ccf29b506ca916ff86d46bb700e6\",\"name\":\"admin\",\"image\":{\"@type\":\"ImageObject\",\"inLanguage\":\"en-US\",\"@id\":\"https:\/\/www.prijedordanas.com\/#\/schema\/person\/image\/\",\"url\":\"https:\/\/secure.gravatar.com\/avatar\/1d3fc949d550f0b53a5f0d51e06dfd79?s=96&d=mm&r=g\",\"contentUrl\":\"https:\/\/secure.gravatar.com\/avatar\/1d3fc949d550f0b53a5f0d51e06dfd79?s=96&d=mm&r=g\",\"caption\":\"admin\"},\"url\":\"https:\/\/www.prijedordanas.com\/?author=1\"}]}<\/script>\n<!-- \/ Yoast SEO plugin. -->","yoast_head_json":{"title":"Naredba o nesprovo\u0111enju istrage o ratnom zlo\u010dinu nad 39 Srba u Prijedoru - PrijedorDanas.com - Prijedorski gradski portal","robots":{"index":"index","follow":"follow","max-snippet":"max-snippet:-1","max-image-preview":"max-image-preview:large","max-video-preview":"max-video-preview:-1"},"canonical":"https:\/\/www.prijedordanas.com\/?p=171517","og_locale":"en_US","og_type":"article","og_title":"Naredba o nesprovo\u0111enju istrage o ratnom zlo\u010dinu nad 39 Srba u Prijedoru - PrijedorDanas.com - Prijedorski gradski portal","og_description":"Tu\u017eila\u0161tvo BiH donijelo je Naredbu o nesprovo\u0111enju istrage u vezi ratnog zlo\u010dina na podru\u010dju grada Prijedora 30. maja 1992. godine. Nekada\u0161nji Centar javne bezbjednosti Banjaluka podnio je 28. septembra 2010. [&hellip;]","og_url":"https:\/\/www.prijedordanas.com\/?p=171517","og_site_name":"PrijedorDanas.com - Prijedorski gradski portal","article_publisher":"https:\/\/www.facebook.com\/PrijedorDanasCom\/","article_published_time":"2021-08-02T12:14:31+00:00","og_image":[{"url":"https:\/\/www.prijedordanas.com\/wp-content\/uploads\/2016\/11\/tuzilastvo-bih-300x222.jpg"}],"author":"admin","twitter_card":"summary_large_image","twitter_misc":{"Written by":"admin","Est. reading time":"2 minutes"},"schema":{"@context":"https:\/\/schema.org","@graph":[{"@type":"Article","@id":"https:\/\/www.prijedordanas.com\/?p=171517#article","isPartOf":{"@id":"https:\/\/www.prijedordanas.com\/?p=171517"},"author":{"name":"admin","@id":"https:\/\/www.prijedordanas.com\/#\/schema\/person\/4e08ccf29b506ca916ff86d46bb700e6"},"headline":"Naredba o nesprovo\u0111enju istrage o ratnom zlo\u010dinu nad 39 Srba u Prijedoru","datePublished":"2021-08-02T12:14:31+00:00","dateModified":"2021-08-02T12:14:31+00:00","mainEntityOfPage":{"@id":"https:\/\/www.prijedordanas.com\/?p=171517"},"wordCount":325,"publisher":{"@id":"https:\/\/www.prijedordanas.com\/#organization"},"articleSection":["Hronika"],"inLanguage":"en-US"},{"@type":"WebPage","@id":"https:\/\/www.prijedordanas.com\/?p=171517","url":"https:\/\/www.prijedordanas.com\/?p=171517","name":"Naredba o nesprovo\u0111enju istrage o ratnom zlo\u010dinu nad 39 Srba u Prijedoru - PrijedorDanas.com - Prijedorski gradski portal","isPartOf":{"@id":"https:\/\/www.prijedordanas.com\/#website"},"datePublished":"2021-08-02T12:14:31+00:00","dateModified":"2021-08-02T12:14:31+00:00","breadcrumb":{"@id":"https:\/\/www.prijedordanas.com\/?p=171517#breadcrumb"},"inLanguage":"en-US","potentialAction":[{"@type":"ReadAction","target":["https:\/\/www.prijedordanas.com\/?p=171517"]}]},{"@type":"BreadcrumbList","@id":"https:\/\/www.prijedordanas.com\/?p=171517#breadcrumb","itemListElement":[{"@type":"ListItem","position":1,"name":"Home","item":"https:\/\/www.prijedordanas.com\/"},{"@type":"ListItem","position":2,"name":"Naredba o nesprovo\u0111enju istrage o ratnom zlo\u010dinu nad 39 Srba u Prijedoru"}]},{"@type":"WebSite","@id":"https:\/\/www.prijedordanas.com\/#website","url":"https:\/\/www.prijedordanas.com\/","name":"PrijedorDanas.com - Prijedorski gradski portal","description":"Portal o doga\u0111anjima u gradu Prijedoru","publisher":{"@id":"https:\/\/www.prijedordanas.com\/#organization"},"potentialAction":[{"@type":"SearchAction","target":{"@type":"EntryPoint","urlTemplate":"https:\/\/www.prijedordanas.com\/?s={search_term_string}"},"query-input":"required name=search_term_string"}],"inLanguage":"en-US"},{"@type":"Organization","@id":"https:\/\/www.prijedordanas.com\/#organization","name":"PrijedorDanas.com","url":"https:\/\/www.prijedordanas.com\/","logo":{"@type":"ImageObject","inLanguage":"en-US","@id":"https:\/\/www.prijedordanas.com\/#\/schema\/logo\/image\/","url":"http:\/\/www.prijedordanas.com\/wp-content\/uploads\/2021\/12\/logopng.png","contentUrl":"http:\/\/www.prijedordanas.com\/wp-content\/uploads\/2021\/12\/logopng.png","width":1019,"height":776,"caption":"PrijedorDanas.com"},"image":{"@id":"https:\/\/www.prijedordanas.com\/#\/schema\/logo\/image\/"},"sameAs":["https:\/\/www.facebook.com\/PrijedorDanasCom\/"]},{"@type":"Person","@id":"https:\/\/www.prijedordanas.com\/#\/schema\/person\/4e08ccf29b506ca916ff86d46bb700e6","name":"admin","image":{"@type":"ImageObject","inLanguage":"en-US","@id":"https:\/\/www.prijedordanas.com\/#\/schema\/person\/image\/","url":"https:\/\/secure.gravatar.com\/avatar\/1d3fc949d550f0b53a5f0d51e06dfd79?s=96&d=mm&r=g","contentUrl":"https:\/\/secure.gravatar.com\/avatar\/1d3fc949d550f0b53a5f0d51e06dfd79?s=96&d=mm&r=g","caption":"admin"},"url":"https:\/\/www.prijedordanas.com\/?author=1"}]}},"_links":{"self":[{"href":"https:\/\/www.prijedordanas.com\/index.php?rest_route=\/wp\/v2\/posts\/171517"}],"collection":[{"href":"https:\/\/www.prijedordanas.com\/index.php?rest_route=\/wp\/v2\/posts"}],"about":[{"href":"https:\/\/www.prijedordanas.com\/index.php?rest_route=\/wp\/v2\/types\/post"}],"author":[{"embeddable":true,"href":"https:\/\/www.prijedordanas.com\/index.php?rest_route=\/wp\/v2\/users\/1"}],"replies":[{"embeddable":true,"href":"https:\/\/www.prijedordanas.com\/index.php?rest_route=%2Fwp%2Fv2%2Fcomments&post=171517"}],"version-history":[{"count":1,"href":"https:\/\/www.prijedordanas.com\/index.php?rest_route=\/wp\/v2\/posts\/171517\/revisions"}],"predecessor-version":[{"id":171518,"href":"https:\/\/www.prijedordanas.com\/index.php?rest_route=\/wp\/v2\/posts\/171517\/revisions\/171518"}],"wp:attachment":[{"href":"https:\/\/www.prijedordanas.com\/index.php?rest_route=%2Fwp%2Fv2%2Fmedia&parent=171517"}],"wp:term":[{"taxonomy":"category","embeddable":true,"href":"https:\/\/www.prijedordanas.com\/index.php?rest_route=%2Fwp%2Fv2%2Fcategories&post=171517"},{"taxonomy":"post_tag","embeddable":true,"href":"https:\/\/www.prijedordanas.com\/index.php?rest_route=%2Fwp%2Fv2%2Ftags&post=171517"}],"curies":[{"name":"wp","href":"https:\/\/api.w.org\/{rel}","templated":true}]}}