{"id":1715,"date":"2014-04-16T08:17:59","date_gmt":"2014-04-16T07:17:59","guid":{"rendered":"https:\/\/www.prijedordanas.com\/?p=1715"},"modified":"2014-04-16T08:17:59","modified_gmt":"2014-04-16T07:17:59","slug":"apel-iz-vodovoda-prijedor-reprogramom-do-izmirenja-duga","status":"publish","type":"post","link":"https:\/\/www.prijedordanas.com\/?p=1715","title":{"rendered":"APEL IZ VODOVODA PRIJEDOR: REPROGRAMOM DO IZMIRENJA DUGA"},"content":{"rendered":"<p><a href=\"https:\/\/www.prijedordanas.com\/wp-content\/uploads\/2014\/04\/vlado-reljic.jpg\"><img loading=\"lazy\" decoding=\"async\" class=\"alignleft size-thumbnail wp-image-1716\" alt=\"vlado reljic\" src=\"https:\/\/www.prijedordanas.com\/wp-content\/uploads\/2014\/04\/vlado-reljic-300x300.jpg\" width=\"150\" height=\"150\" \/><\/a>Direktor \u201eVodovoda\u201c Vlado Relji\u0107 istakao je da su, u toku pro\u0161le godine, vo\u0111eni intenzivni razgovori za rje\u0161enje ovog problema te da je donesen na\u010delan dogovor o na\u010dinu izmirenja duga, uz anga\u017eovanje lokalne zajednice.<\/p>\n<p>U pitanju je otplata duga \u201eVodovoda\u201c za utro\u0161enu energiju putem reprograma, kako je najavljeno, na 15 godina, uz godinu dana grejs perioda, a mjese\u010dna rata bi iznosila oko 28.000 KM. Mali procenat naplate od strane gra\u0111ana, doveo je do velikih dugovanja. Relji\u0107 je istakao da su dugovanja potro\u0161a\u010da prema\u0161ila 8,2 miliona KM, pa su tako porasla i dugovanja ovog preduze\u0107a prema drugim kolektivima. Poznato je da \u201eVodovod\u201c ve\u0107 godinama ima razra\u0111en sistem i ura\u0111en pravilnik kako i na koji na\u010din gra\u0111ani mogu da izmire svoj dug. Postoje razne varijante kao \u0161to su vi\u0161egodi\u0161nji reprogrami, stimulativne mjere i otpis kamata za potro\u0161a\u010de koji u cjelokupnom iznosu izmire registrovani dug. Relji\u0107 je istakao da je problem u tome \u0161to se jedan dio potro\u0161a\u010da odazvao, dok ve\u0107i dio nije.<\/p>\n<p>&#8211; Pozivam potro\u0161a\u010de da se jave u prostorije \u201eVodovoda\u201c i da, na osnovu jedne od varijanti u pravilniku, do\u0111e do potpisivanja reprograma i na\u010dina izmirenja duga, ina\u010de \u0107e Preduze\u0107e morati da pribjegne i radikalnijim mjerama, isklju\u010denjima i utu\u017eivanju du\u017enika &#8211; dodao je Relji\u0107.<\/p>\n<p>Kozarski vjesnik<\/p>\n","protected":false},"excerpt":{"rendered":"<p>Direktor \u201eVodovoda\u201c Vlado Relji\u0107 istakao je da su, u toku pro\u0161le godine, vo\u0111eni intenzivni razgovori za rje\u0161enje ovog problema te da je donesen na\u010delan dogovor o na\u010dinu izmirenja duga, uz [&hellip;]<\/p>\n","protected":false},"author":1,"featured_media":0,"comment_status":"closed","ping_status":"open","sticky":false,"template":"","format":"standard","meta":{"_monsterinsights_skip_tracking":false,"_monsterinsights_sitenote_active":false,"_monsterinsights_sitenote_note":"","_monsterinsights_sitenote_category":0,"footnotes":""},"categories":[8],"tags":[896,897,265],"yoast_head":"<!-- This site is optimized with the Yoast SEO plugin v21.6 - https:\/\/yoast.com\/wordpress\/plugins\/seo\/ -->\n<title>APEL IZ VODOVODA PRIJEDOR: REPROGRAMOM DO IZMIRENJA DUGA - PrijedorDanas.com - Prijedorski gradski portal<\/title>\n<meta name=\"robots\" content=\"index, follow, max-snippet:-1, max-image-preview:large, max-video-preview:-1\" \/>\n<link rel=\"canonical\" href=\"https:\/\/www.prijedordanas.com\/?p=1715\" \/>\n<meta property=\"og:locale\" content=\"en_US\" \/>\n<meta property=\"og:type\" content=\"article\" \/>\n<meta property=\"og:title\" content=\"APEL IZ VODOVODA PRIJEDOR: REPROGRAMOM DO IZMIRENJA DUGA - PrijedorDanas.com - Prijedorski gradski portal\" \/>\n<meta property=\"og:description\" content=\"Direktor \u201eVodovoda\u201c Vlado Relji\u0107 istakao je da su, u toku pro\u0161le godine, vo\u0111eni intenzivni razgovori za rje\u0161enje ovog problema te da je donesen na\u010delan dogovor o na\u010dinu izmirenja duga, uz [&hellip;]\" \/>\n<meta property=\"og:url\" content=\"https:\/\/www.prijedordanas.com\/?p=1715\" \/>\n<meta property=\"og:site_name\" content=\"PrijedorDanas.com - Prijedorski gradski portal\" \/>\n<meta property=\"article:publisher\" content=\"https:\/\/www.facebook.com\/PrijedorDanasCom\/\" \/>\n<meta property=\"article:published_time\" content=\"2014-04-16T07:17:59+00:00\" \/>\n<meta property=\"og:image\" content=\"https:\/\/www.prijedordanas.com\/wp-content\/uploads\/2014\/04\/vlado-reljic-300x300.jpg\" \/>\n<meta name=\"author\" content=\"admin\" \/>\n<meta name=\"twitter:card\" content=\"summary_large_image\" \/>\n<meta name=\"twitter:label1\" content=\"Written by\" \/>\n\t<meta name=\"twitter:data1\" content=\"admin\" \/>\n\t<meta name=\"twitter:label2\" content=\"Est. reading time\" \/>\n\t<meta name=\"twitter:data2\" content=\"1 minute\" \/>\n<script type=\"application\/ld+json\" class=\"yoast-schema-graph\">{\"@context\":\"https:\/\/schema.org\",\"@graph\":[{\"@type\":\"Article\",\"@id\":\"https:\/\/www.prijedordanas.com\/?p=1715#article\",\"isPartOf\":{\"@id\":\"https:\/\/www.prijedordanas.com\/?p=1715\"},\"author\":{\"name\":\"admin\",\"@id\":\"https:\/\/www.prijedordanas.com\/#\/schema\/person\/4e08ccf29b506ca916ff86d46bb700e6\"},\"headline\":\"APEL IZ VODOVODA PRIJEDOR: REPROGRAMOM DO IZMIRENJA DUGA\",\"datePublished\":\"2014-04-16T07:17:59+00:00\",\"dateModified\":\"2014-04-16T07:17:59+00:00\",\"mainEntityOfPage\":{\"@id\":\"https:\/\/www.prijedordanas.com\/?p=1715\"},\"wordCount\":242,\"publisher\":{\"@id\":\"https:\/\/www.prijedordanas.com\/#organization\"},\"keywords\":[\"reprogram dugova\",\"Vlado Relji\u0107\",\"vodovod\"],\"articleSection\":[\"Svakodnevno\"],\"inLanguage\":\"en-US\"},{\"@type\":\"WebPage\",\"@id\":\"https:\/\/www.prijedordanas.com\/?p=1715\",\"url\":\"https:\/\/www.prijedordanas.com\/?p=1715\",\"name\":\"APEL IZ VODOVODA PRIJEDOR: REPROGRAMOM DO IZMIRENJA DUGA - PrijedorDanas.com - Prijedorski gradski portal\",\"isPartOf\":{\"@id\":\"https:\/\/www.prijedordanas.com\/#website\"},\"datePublished\":\"2014-04-16T07:17:59+00:00\",\"dateModified\":\"2014-04-16T07:17:59+00:00\",\"breadcrumb\":{\"@id\":\"https:\/\/www.prijedordanas.com\/?p=1715#breadcrumb\"},\"inLanguage\":\"en-US\",\"potentialAction\":[{\"@type\":\"ReadAction\",\"target\":[\"https:\/\/www.prijedordanas.com\/?p=1715\"]}]},{\"@type\":\"BreadcrumbList\",\"@id\":\"https:\/\/www.prijedordanas.com\/?p=1715#breadcrumb\",\"itemListElement\":[{\"@type\":\"ListItem\",\"position\":1,\"name\":\"Home\",\"item\":\"https:\/\/www.prijedordanas.com\/\"},{\"@type\":\"ListItem\",\"position\":2,\"name\":\"APEL IZ VODOVODA PRIJEDOR: REPROGRAMOM DO IZMIRENJA DUGA\"}]},{\"@type\":\"WebSite\",\"@id\":\"https:\/\/www.prijedordanas.com\/#website\",\"url\":\"https:\/\/www.prijedordanas.com\/\",\"name\":\"PrijedorDanas.com - Prijedorski gradski portal\",\"description\":\"Portal o doga\u0111anjima u gradu Prijedoru\",\"publisher\":{\"@id\":\"https:\/\/www.prijedordanas.com\/#organization\"},\"potentialAction\":[{\"@type\":\"SearchAction\",\"target\":{\"@type\":\"EntryPoint\",\"urlTemplate\":\"https:\/\/www.prijedordanas.com\/?s={search_term_string}\"},\"query-input\":\"required name=search_term_string\"}],\"inLanguage\":\"en-US\"},{\"@type\":\"Organization\",\"@id\":\"https:\/\/www.prijedordanas.com\/#organization\",\"name\":\"PrijedorDanas.com\",\"url\":\"https:\/\/www.prijedordanas.com\/\",\"logo\":{\"@type\":\"ImageObject\",\"inLanguage\":\"en-US\",\"@id\":\"https:\/\/www.prijedordanas.com\/#\/schema\/logo\/image\/\",\"url\":\"http:\/\/www.prijedordanas.com\/wp-content\/uploads\/2021\/12\/logopng.png\",\"contentUrl\":\"http:\/\/www.prijedordanas.com\/wp-content\/uploads\/2021\/12\/logopng.png\",\"width\":1019,\"height\":776,\"caption\":\"PrijedorDanas.com\"},\"image\":{\"@id\":\"https:\/\/www.prijedordanas.com\/#\/schema\/logo\/image\/\"},\"sameAs\":[\"https:\/\/www.facebook.com\/PrijedorDanasCom\/\"]},{\"@type\":\"Person\",\"@id\":\"https:\/\/www.prijedordanas.com\/#\/schema\/person\/4e08ccf29b506ca916ff86d46bb700e6\",\"name\":\"admin\",\"image\":{\"@type\":\"ImageObject\",\"inLanguage\":\"en-US\",\"@id\":\"https:\/\/www.prijedordanas.com\/#\/schema\/person\/image\/\",\"url\":\"https:\/\/secure.gravatar.com\/avatar\/1d3fc949d550f0b53a5f0d51e06dfd79?s=96&d=mm&r=g\",\"contentUrl\":\"https:\/\/secure.gravatar.com\/avatar\/1d3fc949d550f0b53a5f0d51e06dfd79?s=96&d=mm&r=g\",\"caption\":\"admin\"},\"url\":\"https:\/\/www.prijedordanas.com\/?author=1\"}]}<\/script>\n<!-- \/ Yoast SEO plugin. -->","yoast_head_json":{"title":"APEL IZ VODOVODA PRIJEDOR: REPROGRAMOM DO IZMIRENJA DUGA - PrijedorDanas.com - Prijedorski gradski portal","robots":{"index":"index","follow":"follow","max-snippet":"max-snippet:-1","max-image-preview":"max-image-preview:large","max-video-preview":"max-video-preview:-1"},"canonical":"https:\/\/www.prijedordanas.com\/?p=1715","og_locale":"en_US","og_type":"article","og_title":"APEL IZ VODOVODA PRIJEDOR: REPROGRAMOM DO IZMIRENJA DUGA - PrijedorDanas.com - Prijedorski gradski portal","og_description":"Direktor \u201eVodovoda\u201c Vlado Relji\u0107 istakao je da su, u toku pro\u0161le godine, vo\u0111eni intenzivni razgovori za rje\u0161enje ovog problema te da je donesen na\u010delan dogovor o na\u010dinu izmirenja duga, uz [&hellip;]","og_url":"https:\/\/www.prijedordanas.com\/?p=1715","og_site_name":"PrijedorDanas.com - Prijedorski gradski portal","article_publisher":"https:\/\/www.facebook.com\/PrijedorDanasCom\/","article_published_time":"2014-04-16T07:17:59+00:00","og_image":[{"url":"https:\/\/www.prijedordanas.com\/wp-content\/uploads\/2014\/04\/vlado-reljic-300x300.jpg"}],"author":"admin","twitter_card":"summary_large_image","twitter_misc":{"Written by":"admin","Est. reading time":"1 minute"},"schema":{"@context":"https:\/\/schema.org","@graph":[{"@type":"Article","@id":"https:\/\/www.prijedordanas.com\/?p=1715#article","isPartOf":{"@id":"https:\/\/www.prijedordanas.com\/?p=1715"},"author":{"name":"admin","@id":"https:\/\/www.prijedordanas.com\/#\/schema\/person\/4e08ccf29b506ca916ff86d46bb700e6"},"headline":"APEL IZ VODOVODA PRIJEDOR: REPROGRAMOM DO IZMIRENJA DUGA","datePublished":"2014-04-16T07:17:59+00:00","dateModified":"2014-04-16T07:17:59+00:00","mainEntityOfPage":{"@id":"https:\/\/www.prijedordanas.com\/?p=1715"},"wordCount":242,"publisher":{"@id":"https:\/\/www.prijedordanas.com\/#organization"},"keywords":["reprogram dugova","Vlado Relji\u0107","vodovod"],"articleSection":["Svakodnevno"],"inLanguage":"en-US"},{"@type":"WebPage","@id":"https:\/\/www.prijedordanas.com\/?p=1715","url":"https:\/\/www.prijedordanas.com\/?p=1715","name":"APEL IZ VODOVODA PRIJEDOR: REPROGRAMOM DO IZMIRENJA DUGA - PrijedorDanas.com - Prijedorski gradski portal","isPartOf":{"@id":"https:\/\/www.prijedordanas.com\/#website"},"datePublished":"2014-04-16T07:17:59+00:00","dateModified":"2014-04-16T07:17:59+00:00","breadcrumb":{"@id":"https:\/\/www.prijedordanas.com\/?p=1715#breadcrumb"},"inLanguage":"en-US","potentialAction":[{"@type":"ReadAction","target":["https:\/\/www.prijedordanas.com\/?p=1715"]}]},{"@type":"BreadcrumbList","@id":"https:\/\/www.prijedordanas.com\/?p=1715#breadcrumb","itemListElement":[{"@type":"ListItem","position":1,"name":"Home","item":"https:\/\/www.prijedordanas.com\/"},{"@type":"ListItem","position":2,"name":"APEL IZ VODOVODA PRIJEDOR: REPROGRAMOM DO IZMIRENJA DUGA"}]},{"@type":"WebSite","@id":"https:\/\/www.prijedordanas.com\/#website","url":"https:\/\/www.prijedordanas.com\/","name":"PrijedorDanas.com - Prijedorski gradski portal","description":"Portal o doga\u0111anjima u gradu Prijedoru","publisher":{"@id":"https:\/\/www.prijedordanas.com\/#organization"},"potentialAction":[{"@type":"SearchAction","target":{"@type":"EntryPoint","urlTemplate":"https:\/\/www.prijedordanas.com\/?s={search_term_string}"},"query-input":"required name=search_term_string"}],"inLanguage":"en-US"},{"@type":"Organization","@id":"https:\/\/www.prijedordanas.com\/#organization","name":"PrijedorDanas.com","url":"https:\/\/www.prijedordanas.com\/","logo":{"@type":"ImageObject","inLanguage":"en-US","@id":"https:\/\/www.prijedordanas.com\/#\/schema\/logo\/image\/","url":"http:\/\/www.prijedordanas.com\/wp-content\/uploads\/2021\/12\/logopng.png","contentUrl":"http:\/\/www.prijedordanas.com\/wp-content\/uploads\/2021\/12\/logopng.png","width":1019,"height":776,"caption":"PrijedorDanas.com"},"image":{"@id":"https:\/\/www.prijedordanas.com\/#\/schema\/logo\/image\/"},"sameAs":["https:\/\/www.facebook.com\/PrijedorDanasCom\/"]},{"@type":"Person","@id":"https:\/\/www.prijedordanas.com\/#\/schema\/person\/4e08ccf29b506ca916ff86d46bb700e6","name":"admin","image":{"@type":"ImageObject","inLanguage":"en-US","@id":"https:\/\/www.prijedordanas.com\/#\/schema\/person\/image\/","url":"https:\/\/secure.gravatar.com\/avatar\/1d3fc949d550f0b53a5f0d51e06dfd79?s=96&d=mm&r=g","contentUrl":"https:\/\/secure.gravatar.com\/avatar\/1d3fc949d550f0b53a5f0d51e06dfd79?s=96&d=mm&r=g","caption":"admin"},"url":"https:\/\/www.prijedordanas.com\/?author=1"}]}},"_links":{"self":[{"href":"https:\/\/www.prijedordanas.com\/index.php?rest_route=\/wp\/v2\/posts\/1715"}],"collection":[{"href":"https:\/\/www.prijedordanas.com\/index.php?rest_route=\/wp\/v2\/posts"}],"about":[{"href":"https:\/\/www.prijedordanas.com\/index.php?rest_route=\/wp\/v2\/types\/post"}],"author":[{"embeddable":true,"href":"https:\/\/www.prijedordanas.com\/index.php?rest_route=\/wp\/v2\/users\/1"}],"replies":[{"embeddable":true,"href":"https:\/\/www.prijedordanas.com\/index.php?rest_route=%2Fwp%2Fv2%2Fcomments&post=1715"}],"version-history":[{"count":1,"href":"https:\/\/www.prijedordanas.com\/index.php?rest_route=\/wp\/v2\/posts\/1715\/revisions"}],"predecessor-version":[{"id":1717,"href":"https:\/\/www.prijedordanas.com\/index.php?rest_route=\/wp\/v2\/posts\/1715\/revisions\/1717"}],"wp:attachment":[{"href":"https:\/\/www.prijedordanas.com\/index.php?rest_route=%2Fwp%2Fv2%2Fmedia&parent=1715"}],"wp:term":[{"taxonomy":"category","embeddable":true,"href":"https:\/\/www.prijedordanas.com\/index.php?rest_route=%2Fwp%2Fv2%2Fcategories&post=1715"},{"taxonomy":"post_tag","embeddable":true,"href":"https:\/\/www.prijedordanas.com\/index.php?rest_route=%2Fwp%2Fv2%2Ftags&post=1715"}],"curies":[{"name":"wp","href":"https:\/\/api.w.org\/{rel}","templated":true}]}}