{"id":171490,"date":"2021-08-01T23:25:48","date_gmt":"2021-08-01T21:25:48","guid":{"rendered":"https:\/\/www.prijedordanas.com\/?p=171490"},"modified":"2021-08-01T23:25:48","modified_gmt":"2021-08-01T21:25:48","slug":"ilindan-u-marickoj-narodno-zborovanje-koje-pokazuje-posvecenost-vjeri-foto","status":"publish","type":"post","link":"https:\/\/www.prijedordanas.com\/?p=171490","title":{"rendered":"Ilindan u Mari\u0107koj: Narodno zborovanje koje pokazuje posve\u0107enost vjeri &#8211; FOTO"},"content":{"rendered":"<p><a href=\"https:\/\/www.prijedordanas.com\/wp-content\/uploads\/2021\/08\/prijedorgradorg-maricka-ilindan-1.jpg\"><img loading=\"lazy\" decoding=\"async\" class=\"alignleft size-medium wp-image-171491\" src=\"https:\/\/www.prijedordanas.com\/wp-content\/uploads\/2021\/08\/prijedorgradorg-maricka-ilindan-1-300x225.jpg\" alt=\"\" width=\"300\" height=\"225\" srcset=\"https:\/\/www.prijedordanas.com\/wp-content\/uploads\/2021\/08\/prijedorgradorg-maricka-ilindan-1-300x225.jpg 300w, https:\/\/www.prijedordanas.com\/wp-content\/uploads\/2021\/08\/prijedorgradorg-maricka-ilindan-1-640x480.jpg 640w, https:\/\/www.prijedordanas.com\/wp-content\/uploads\/2021\/08\/prijedorgradorg-maricka-ilindan-1.jpg 667w\" sizes=\"(max-width: 300px) 100vw, 300px\" \/><\/a>Predsjednik SNSD-a Milorad Dodik izjavio je ve\u010deras da crkva u Mari\u0107koj 151 godinu odolijeva raznim isku\u0161enjima, da je nekoliko puta bila ru\u0161ena i da je svetinja za ljude koji ovdje \u017eive, te da stoga ne propu\u0161ta priliku svake godine uo\u010di Ilindana prisustvovati narodnom zborovanju koje pokazuje posve\u0107enost vjeri.<\/p>\n<p>&#8220;I zato mi je drago da vidim da narod ovdje ne gubi volju i \u017eelju da obilje\u017ei Ilindan, veliki praznik. Ovdje su mi rekli da ima oko 10.000 ljudi i da \u0107e ih biti i vi\u0161e tokom no\u0107i, a to govori o velikoj posve\u0107enosti&#8221;, rekao je Dodik novinarima u Mari\u0107ki kod Prijedora.<\/p>\n<p>On je naveo da su vremena izazovna, ali da \u010dovjeku snagu i hrabrost daju ba\u0161 ovakva okupljanja.<\/p>\n<p>&#8220;Ovi ljudi koji me pozdravljaju i samo ka\u017eu `Dr\u017ei se` i `Ne daj se`, to je otvorena kraji\u0161ka du\u0161a koja nikada ne\u0107e propustiti da se bori za slobodu srpskog naroda &#8211; naroda koji je ovdje stradao masovno, koji je pobijen&#8221;, naglasio je Dodik.<\/p>\n<p><a href=\"https:\/\/www.prijedordanas.com\/wp-content\/uploads\/2021\/08\/prijedorgradorg-maricka-ilindan-2.jpg\"><img loading=\"lazy\" decoding=\"async\" class=\"alignleft size-medium wp-image-171492\" src=\"https:\/\/www.prijedordanas.com\/wp-content\/uploads\/2021\/08\/prijedorgradorg-maricka-ilindan-2-300x200.jpg\" alt=\"\" width=\"300\" height=\"200\" srcset=\"https:\/\/www.prijedordanas.com\/wp-content\/uploads\/2021\/08\/prijedorgradorg-maricka-ilindan-2-300x200.jpg 300w, https:\/\/www.prijedordanas.com\/wp-content\/uploads\/2021\/08\/prijedorgradorg-maricka-ilindan-2-480x320.jpg 480w, https:\/\/www.prijedordanas.com\/wp-content\/uploads\/2021\/08\/prijedorgradorg-maricka-ilindan-2.jpg 600w\" sizes=\"(max-width: 300px) 100vw, 300px\" \/><\/a>On je istakao da je \u010dinjenica da neki sad poku\u0161avaju da prevuku sebi antifa\u0161izam, ali da su 97 odsto nosilaca partizanske spomenice u BiH Srbi.<\/p>\n<p>&#8220;Na prostoru prijedorskog sreza stradala su tek 153 muslimana tokom \u010detiri godine, a samo u odbrani Kozarca u okviru usta\u0161kih snaga 1944. godine, kada su partizani osloba\u0111ali ovaj kraj, poginulo je njih 300. To govori na kojoj je strani taj narod bio i mi to ne smijemo prestati govoriti&#8221;, naveo je Dodik.<\/p>\n<p>On je rekao da su muslimani masovno bili u usta\u0161koj vojsci i generisali stradanje srpskog naroda, a da su, tek kad je Beograd oslobo\u0111en oktobra 1944. godine, u znatnom broji pre\u0161li u partizane i po\u010deli skupljati privilegije.<\/p>\n<p><a href=\"https:\/\/www.prijedordanas.com\/wp-content\/uploads\/2021\/08\/prijedorgradorg-maricka-ilindan-3.jpg\"><img loading=\"lazy\" decoding=\"async\" src=\"https:\/\/www.prijedordanas.com\/wp-content\/uploads\/2021\/08\/prijedorgradorg-maricka-ilindan-3-300x200.jpg\" alt=\"\" width=\"300\" height=\"200\" class=\"alignleft size-medium wp-image-171493\" srcset=\"https:\/\/www.prijedordanas.com\/wp-content\/uploads\/2021\/08\/prijedorgradorg-maricka-ilindan-3-300x200.jpg 300w, https:\/\/www.prijedordanas.com\/wp-content\/uploads\/2021\/08\/prijedorgradorg-maricka-ilindan-3-480x320.jpg 480w, https:\/\/www.prijedordanas.com\/wp-content\/uploads\/2021\/08\/prijedorgradorg-maricka-ilindan-3.jpg 600w\" sizes=\"(max-width: 300px) 100vw, 300px\" \/><\/a>&#8220;To je bila nepravda i jo\u0161 jedno satiranje srpskog naroda na ovim prostorima. Na\u0161oj generaciji ovbavza je, a i moje htijenje je, da raskrinkamo sve te zloupotrebe srpskog bi\u0107a na ovim prostorima, stalno \u0161ikaniranje i stalno podvo\u0111nje pod neke negativne tendencije i trendove&#8221;, dodao je Dodik.<\/p>\n<p>Gradona\u010delnik Prijedora Dalibor Pavlovi\u0107 izjavio je da je se pored crkve stare 150 godina u Mari\u0107koj ponovo okuplja veliki broj ljudi.<\/p>\n<p>&#8220;Tradiciju moramo nastaviti i ono \u0161to imamo, a to je na\u0161a vjera, moramo da sa\u010duvamo za na\u0161a budu\u0107a pokoljenja&#8221;, poru\u010dio je Pavlovi\u0107.<\/p>\n<p>On se zahvalio srpskom \u010dlanu Predsjedni\u0161tva BiH Miloradu Dodiku na dolasku na obilje\u017eavanje slave crkve u Mari\u010d\u0107ki, a narodu po\u017eelio da se opusti i odmori nakon pandemije i da se idu\u0107e godine okupi u jo\u0161 ve\u0107em broju.<\/p>\n<p><a href=\"http:\/\/prijedorgrad.org\/sr-EU\/vijesti-sadrzaj.html?vid=12609\" target=\"_blank\" rel=\"noopener\">prijedorgrad.org<\/a><\/p>\n<p><a href=\"https:\/\/www.prijedordanas.com\/wp-content\/uploads\/2021\/08\/prijedorgradorg-maricka-ilindan-5.jpg\"><img loading=\"lazy\" decoding=\"async\" src=\"https:\/\/www.prijedordanas.com\/wp-content\/uploads\/2021\/08\/prijedorgradorg-maricka-ilindan-5-300x200.jpg\" alt=\"\" width=\"300\" height=\"200\" class=\"alignleft size-medium wp-image-171494\" srcset=\"https:\/\/www.prijedordanas.com\/wp-content\/uploads\/2021\/08\/prijedorgradorg-maricka-ilindan-5-300x200.jpg 300w, https:\/\/www.prijedordanas.com\/wp-content\/uploads\/2021\/08\/prijedorgradorg-maricka-ilindan-5-480x320.jpg 480w, https:\/\/www.prijedordanas.com\/wp-content\/uploads\/2021\/08\/prijedorgradorg-maricka-ilindan-5.jpg 600w\" sizes=\"(max-width: 300px) 100vw, 300px\" \/><\/a> <a href=\"https:\/\/www.prijedordanas.com\/wp-content\/uploads\/2021\/08\/prijedorgradorg-maricka-ilindan-4.jpg\"><img loading=\"lazy\" decoding=\"async\" src=\"https:\/\/www.prijedordanas.com\/wp-content\/uploads\/2021\/08\/prijedorgradorg-maricka-ilindan-4-300x200.jpg\" alt=\"\" width=\"300\" height=\"200\" class=\"alignleft size-medium wp-image-171495\" srcset=\"https:\/\/www.prijedordanas.com\/wp-content\/uploads\/2021\/08\/prijedorgradorg-maricka-ilindan-4-300x200.jpg 300w, https:\/\/www.prijedordanas.com\/wp-content\/uploads\/2021\/08\/prijedorgradorg-maricka-ilindan-4-480x320.jpg 480w, https:\/\/www.prijedordanas.com\/wp-content\/uploads\/2021\/08\/prijedorgradorg-maricka-ilindan-4.jpg 600w\" sizes=\"(max-width: 300px) 100vw, 300px\" \/><\/a> <a href=\"https:\/\/www.prijedordanas.com\/wp-content\/uploads\/2021\/08\/prijedorgradorg-maricka-ilindan-6.jpg\"><img loading=\"lazy\" decoding=\"async\" src=\"https:\/\/www.prijedordanas.com\/wp-content\/uploads\/2021\/08\/prijedorgradorg-maricka-ilindan-6-300x200.jpg\" alt=\"\" width=\"300\" height=\"200\" class=\"alignleft size-medium wp-image-171496\" srcset=\"https:\/\/www.prijedordanas.com\/wp-content\/uploads\/2021\/08\/prijedorgradorg-maricka-ilindan-6-300x200.jpg 300w, https:\/\/www.prijedordanas.com\/wp-content\/uploads\/2021\/08\/prijedorgradorg-maricka-ilindan-6-480x320.jpg 480w, https:\/\/www.prijedordanas.com\/wp-content\/uploads\/2021\/08\/prijedorgradorg-maricka-ilindan-6.jpg 600w\" sizes=\"(max-width: 300px) 100vw, 300px\" \/><\/a> <a href=\"https:\/\/www.prijedordanas.com\/wp-content\/uploads\/2021\/08\/prijedorgradorg-maricka-ilindan-7.jpg\"><img loading=\"lazy\" decoding=\"async\" src=\"https:\/\/www.prijedordanas.com\/wp-content\/uploads\/2021\/08\/prijedorgradorg-maricka-ilindan-7-300x200.jpg\" alt=\"\" width=\"300\" height=\"200\" class=\"alignleft size-medium wp-image-171497\" srcset=\"https:\/\/www.prijedordanas.com\/wp-content\/uploads\/2021\/08\/prijedorgradorg-maricka-ilindan-7-300x200.jpg 300w, https:\/\/www.prijedordanas.com\/wp-content\/uploads\/2021\/08\/prijedorgradorg-maricka-ilindan-7-480x320.jpg 480w, https:\/\/www.prijedordanas.com\/wp-content\/uploads\/2021\/08\/prijedorgradorg-maricka-ilindan-7.jpg 600w\" sizes=\"(max-width: 300px) 100vw, 300px\" \/><\/a><\/p>\n","protected":false},"excerpt":{"rendered":"<p>Predsjednik SNSD-a Milorad Dodik izjavio je ve\u010deras da crkva u Mari\u0107koj 151 godinu odolijeva raznim isku\u0161enjima, da je nekoliko puta bila ru\u0161ena i da je svetinja za ljude koji ovdje [&hellip;]<\/p>\n","protected":false},"author":1,"featured_media":0,"comment_status":"closed","ping_status":"open","sticky":false,"template":"","format":"standard","meta":{"_monsterinsights_skip_tracking":false,"_monsterinsights_sitenote_active":false,"_monsterinsights_sitenote_note":"","_monsterinsights_sitenote_category":0,"footnotes":""},"categories":[4],"tags":[],"yoast_head":"<!-- This site is optimized with the Yoast SEO plugin v21.6 - https:\/\/yoast.com\/wordpress\/plugins\/seo\/ -->\n<title>Ilindan u Mari\u0107koj: Narodno zborovanje koje pokazuje posve\u0107enost vjeri - FOTO - PrijedorDanas.com - Prijedorski gradski portal<\/title>\n<meta name=\"robots\" content=\"index, follow, max-snippet:-1, max-image-preview:large, max-video-preview:-1\" \/>\n<link rel=\"canonical\" href=\"https:\/\/www.prijedordanas.com\/?p=171490\" \/>\n<meta property=\"og:locale\" content=\"en_US\" \/>\n<meta property=\"og:type\" content=\"article\" \/>\n<meta property=\"og:title\" content=\"Ilindan u Mari\u0107koj: Narodno zborovanje koje pokazuje posve\u0107enost vjeri - FOTO - PrijedorDanas.com - Prijedorski gradski portal\" \/>\n<meta property=\"og:description\" content=\"Predsjednik SNSD-a Milorad Dodik izjavio je ve\u010deras da crkva u Mari\u0107koj 151 godinu odolijeva raznim isku\u0161enjima, da je nekoliko puta bila ru\u0161ena i da je svetinja za ljude koji ovdje [&hellip;]\" \/>\n<meta property=\"og:url\" content=\"https:\/\/www.prijedordanas.com\/?p=171490\" \/>\n<meta property=\"og:site_name\" content=\"PrijedorDanas.com - Prijedorski gradski portal\" \/>\n<meta property=\"article:publisher\" content=\"https:\/\/www.facebook.com\/PrijedorDanasCom\/\" \/>\n<meta property=\"article:published_time\" content=\"2021-08-01T21:25:48+00:00\" \/>\n<meta property=\"og:image\" content=\"https:\/\/www.prijedordanas.com\/wp-content\/uploads\/2021\/08\/prijedorgradorg-maricka-ilindan-1-300x225.jpg\" \/>\n<meta name=\"author\" content=\"admin\" \/>\n<meta name=\"twitter:card\" content=\"summary_large_image\" \/>\n<meta name=\"twitter:label1\" content=\"Written by\" \/>\n\t<meta name=\"twitter:data1\" content=\"admin\" \/>\n\t<meta name=\"twitter:label2\" content=\"Est. reading time\" \/>\n\t<meta name=\"twitter:data2\" content=\"3 minutes\" \/>\n<script type=\"application\/ld+json\" class=\"yoast-schema-graph\">{\"@context\":\"https:\/\/schema.org\",\"@graph\":[{\"@type\":\"Article\",\"@id\":\"https:\/\/www.prijedordanas.com\/?p=171490#article\",\"isPartOf\":{\"@id\":\"https:\/\/www.prijedordanas.com\/?p=171490\"},\"author\":{\"name\":\"admin\",\"@id\":\"https:\/\/www.prijedordanas.com\/#\/schema\/person\/4e08ccf29b506ca916ff86d46bb700e6\"},\"headline\":\"Ilindan u Mari\u0107koj: Narodno zborovanje koje pokazuje posve\u0107enost vjeri &#8211; FOTO\",\"datePublished\":\"2021-08-01T21:25:48+00:00\",\"dateModified\":\"2021-08-01T21:25:48+00:00\",\"mainEntityOfPage\":{\"@id\":\"https:\/\/www.prijedordanas.com\/?p=171490\"},\"wordCount\":448,\"publisher\":{\"@id\":\"https:\/\/www.prijedordanas.com\/#organization\"},\"articleSection\":[\"Dru\u0161tvo\"],\"inLanguage\":\"en-US\"},{\"@type\":\"WebPage\",\"@id\":\"https:\/\/www.prijedordanas.com\/?p=171490\",\"url\":\"https:\/\/www.prijedordanas.com\/?p=171490\",\"name\":\"Ilindan u Mari\u0107koj: Narodno zborovanje koje pokazuje posve\u0107enost vjeri - FOTO - PrijedorDanas.com - Prijedorski gradski portal\",\"isPartOf\":{\"@id\":\"https:\/\/www.prijedordanas.com\/#website\"},\"datePublished\":\"2021-08-01T21:25:48+00:00\",\"dateModified\":\"2021-08-01T21:25:48+00:00\",\"breadcrumb\":{\"@id\":\"https:\/\/www.prijedordanas.com\/?p=171490#breadcrumb\"},\"inLanguage\":\"en-US\",\"potentialAction\":[{\"@type\":\"ReadAction\",\"target\":[\"https:\/\/www.prijedordanas.com\/?p=171490\"]}]},{\"@type\":\"BreadcrumbList\",\"@id\":\"https:\/\/www.prijedordanas.com\/?p=171490#breadcrumb\",\"itemListElement\":[{\"@type\":\"ListItem\",\"position\":1,\"name\":\"Home\",\"item\":\"https:\/\/www.prijedordanas.com\/\"},{\"@type\":\"ListItem\",\"position\":2,\"name\":\"Ilindan u Mari\u0107koj: Narodno zborovanje koje pokazuje posve\u0107enost vjeri &#8211; FOTO\"}]},{\"@type\":\"WebSite\",\"@id\":\"https:\/\/www.prijedordanas.com\/#website\",\"url\":\"https:\/\/www.prijedordanas.com\/\",\"name\":\"PrijedorDanas.com - Prijedorski gradski portal\",\"description\":\"Portal o doga\u0111anjima u gradu Prijedoru\",\"publisher\":{\"@id\":\"https:\/\/www.prijedordanas.com\/#organization\"},\"potentialAction\":[{\"@type\":\"SearchAction\",\"target\":{\"@type\":\"EntryPoint\",\"urlTemplate\":\"https:\/\/www.prijedordanas.com\/?s={search_term_string}\"},\"query-input\":\"required name=search_term_string\"}],\"inLanguage\":\"en-US\"},{\"@type\":\"Organization\",\"@id\":\"https:\/\/www.prijedordanas.com\/#organization\",\"name\":\"PrijedorDanas.com\",\"url\":\"https:\/\/www.prijedordanas.com\/\",\"logo\":{\"@type\":\"ImageObject\",\"inLanguage\":\"en-US\",\"@id\":\"https:\/\/www.prijedordanas.com\/#\/schema\/logo\/image\/\",\"url\":\"http:\/\/www.prijedordanas.com\/wp-content\/uploads\/2021\/12\/logopng.png\",\"contentUrl\":\"http:\/\/www.prijedordanas.com\/wp-content\/uploads\/2021\/12\/logopng.png\",\"width\":1019,\"height\":776,\"caption\":\"PrijedorDanas.com\"},\"image\":{\"@id\":\"https:\/\/www.prijedordanas.com\/#\/schema\/logo\/image\/\"},\"sameAs\":[\"https:\/\/www.facebook.com\/PrijedorDanasCom\/\"]},{\"@type\":\"Person\",\"@id\":\"https:\/\/www.prijedordanas.com\/#\/schema\/person\/4e08ccf29b506ca916ff86d46bb700e6\",\"name\":\"admin\",\"image\":{\"@type\":\"ImageObject\",\"inLanguage\":\"en-US\",\"@id\":\"https:\/\/www.prijedordanas.com\/#\/schema\/person\/image\/\",\"url\":\"https:\/\/secure.gravatar.com\/avatar\/1d3fc949d550f0b53a5f0d51e06dfd79?s=96&d=mm&r=g\",\"contentUrl\":\"https:\/\/secure.gravatar.com\/avatar\/1d3fc949d550f0b53a5f0d51e06dfd79?s=96&d=mm&r=g\",\"caption\":\"admin\"},\"url\":\"https:\/\/www.prijedordanas.com\/?author=1\"}]}<\/script>\n<!-- \/ Yoast SEO plugin. -->","yoast_head_json":{"title":"Ilindan u Mari\u0107koj: Narodno zborovanje koje pokazuje posve\u0107enost vjeri - FOTO - PrijedorDanas.com - Prijedorski gradski portal","robots":{"index":"index","follow":"follow","max-snippet":"max-snippet:-1","max-image-preview":"max-image-preview:large","max-video-preview":"max-video-preview:-1"},"canonical":"https:\/\/www.prijedordanas.com\/?p=171490","og_locale":"en_US","og_type":"article","og_title":"Ilindan u Mari\u0107koj: Narodno zborovanje koje pokazuje posve\u0107enost vjeri - FOTO - PrijedorDanas.com - Prijedorski gradski portal","og_description":"Predsjednik SNSD-a Milorad Dodik izjavio je ve\u010deras da crkva u Mari\u0107koj 151 godinu odolijeva raznim isku\u0161enjima, da je nekoliko puta bila ru\u0161ena i da je svetinja za ljude koji ovdje [&hellip;]","og_url":"https:\/\/www.prijedordanas.com\/?p=171490","og_site_name":"PrijedorDanas.com - Prijedorski gradski portal","article_publisher":"https:\/\/www.facebook.com\/PrijedorDanasCom\/","article_published_time":"2021-08-01T21:25:48+00:00","og_image":[{"url":"https:\/\/www.prijedordanas.com\/wp-content\/uploads\/2021\/08\/prijedorgradorg-maricka-ilindan-1-300x225.jpg"}],"author":"admin","twitter_card":"summary_large_image","twitter_misc":{"Written by":"admin","Est. reading time":"3 minutes"},"schema":{"@context":"https:\/\/schema.org","@graph":[{"@type":"Article","@id":"https:\/\/www.prijedordanas.com\/?p=171490#article","isPartOf":{"@id":"https:\/\/www.prijedordanas.com\/?p=171490"},"author":{"name":"admin","@id":"https:\/\/www.prijedordanas.com\/#\/schema\/person\/4e08ccf29b506ca916ff86d46bb700e6"},"headline":"Ilindan u Mari\u0107koj: Narodno zborovanje koje pokazuje posve\u0107enost vjeri &#8211; FOTO","datePublished":"2021-08-01T21:25:48+00:00","dateModified":"2021-08-01T21:25:48+00:00","mainEntityOfPage":{"@id":"https:\/\/www.prijedordanas.com\/?p=171490"},"wordCount":448,"publisher":{"@id":"https:\/\/www.prijedordanas.com\/#organization"},"articleSection":["Dru\u0161tvo"],"inLanguage":"en-US"},{"@type":"WebPage","@id":"https:\/\/www.prijedordanas.com\/?p=171490","url":"https:\/\/www.prijedordanas.com\/?p=171490","name":"Ilindan u Mari\u0107koj: Narodno zborovanje koje pokazuje posve\u0107enost vjeri - FOTO - PrijedorDanas.com - Prijedorski gradski portal","isPartOf":{"@id":"https:\/\/www.prijedordanas.com\/#website"},"datePublished":"2021-08-01T21:25:48+00:00","dateModified":"2021-08-01T21:25:48+00:00","breadcrumb":{"@id":"https:\/\/www.prijedordanas.com\/?p=171490#breadcrumb"},"inLanguage":"en-US","potentialAction":[{"@type":"ReadAction","target":["https:\/\/www.prijedordanas.com\/?p=171490"]}]},{"@type":"BreadcrumbList","@id":"https:\/\/www.prijedordanas.com\/?p=171490#breadcrumb","itemListElement":[{"@type":"ListItem","position":1,"name":"Home","item":"https:\/\/www.prijedordanas.com\/"},{"@type":"ListItem","position":2,"name":"Ilindan u Mari\u0107koj: Narodno zborovanje koje pokazuje posve\u0107enost vjeri &#8211; FOTO"}]},{"@type":"WebSite","@id":"https:\/\/www.prijedordanas.com\/#website","url":"https:\/\/www.prijedordanas.com\/","name":"PrijedorDanas.com - Prijedorski gradski portal","description":"Portal o doga\u0111anjima u gradu Prijedoru","publisher":{"@id":"https:\/\/www.prijedordanas.com\/#organization"},"potentialAction":[{"@type":"SearchAction","target":{"@type":"EntryPoint","urlTemplate":"https:\/\/www.prijedordanas.com\/?s={search_term_string}"},"query-input":"required name=search_term_string"}],"inLanguage":"en-US"},{"@type":"Organization","@id":"https:\/\/www.prijedordanas.com\/#organization","name":"PrijedorDanas.com","url":"https:\/\/www.prijedordanas.com\/","logo":{"@type":"ImageObject","inLanguage":"en-US","@id":"https:\/\/www.prijedordanas.com\/#\/schema\/logo\/image\/","url":"http:\/\/www.prijedordanas.com\/wp-content\/uploads\/2021\/12\/logopng.png","contentUrl":"http:\/\/www.prijedordanas.com\/wp-content\/uploads\/2021\/12\/logopng.png","width":1019,"height":776,"caption":"PrijedorDanas.com"},"image":{"@id":"https:\/\/www.prijedordanas.com\/#\/schema\/logo\/image\/"},"sameAs":["https:\/\/www.facebook.com\/PrijedorDanasCom\/"]},{"@type":"Person","@id":"https:\/\/www.prijedordanas.com\/#\/schema\/person\/4e08ccf29b506ca916ff86d46bb700e6","name":"admin","image":{"@type":"ImageObject","inLanguage":"en-US","@id":"https:\/\/www.prijedordanas.com\/#\/schema\/person\/image\/","url":"https:\/\/secure.gravatar.com\/avatar\/1d3fc949d550f0b53a5f0d51e06dfd79?s=96&d=mm&r=g","contentUrl":"https:\/\/secure.gravatar.com\/avatar\/1d3fc949d550f0b53a5f0d51e06dfd79?s=96&d=mm&r=g","caption":"admin"},"url":"https:\/\/www.prijedordanas.com\/?author=1"}]}},"_links":{"self":[{"href":"https:\/\/www.prijedordanas.com\/index.php?rest_route=\/wp\/v2\/posts\/171490"}],"collection":[{"href":"https:\/\/www.prijedordanas.com\/index.php?rest_route=\/wp\/v2\/posts"}],"about":[{"href":"https:\/\/www.prijedordanas.com\/index.php?rest_route=\/wp\/v2\/types\/post"}],"author":[{"embeddable":true,"href":"https:\/\/www.prijedordanas.com\/index.php?rest_route=\/wp\/v2\/users\/1"}],"replies":[{"embeddable":true,"href":"https:\/\/www.prijedordanas.com\/index.php?rest_route=%2Fwp%2Fv2%2Fcomments&post=171490"}],"version-history":[{"count":1,"href":"https:\/\/www.prijedordanas.com\/index.php?rest_route=\/wp\/v2\/posts\/171490\/revisions"}],"predecessor-version":[{"id":171498,"href":"https:\/\/www.prijedordanas.com\/index.php?rest_route=\/wp\/v2\/posts\/171490\/revisions\/171498"}],"wp:attachment":[{"href":"https:\/\/www.prijedordanas.com\/index.php?rest_route=%2Fwp%2Fv2%2Fmedia&parent=171490"}],"wp:term":[{"taxonomy":"category","embeddable":true,"href":"https:\/\/www.prijedordanas.com\/index.php?rest_route=%2Fwp%2Fv2%2Fcategories&post=171490"},{"taxonomy":"post_tag","embeddable":true,"href":"https:\/\/www.prijedordanas.com\/index.php?rest_route=%2Fwp%2Fv2%2Ftags&post=171490"}],"curies":[{"name":"wp","href":"https:\/\/api.w.org\/{rel}","templated":true}]}}