{"id":171287,"date":"2021-07-30T00:44:05","date_gmt":"2021-07-29T22:44:05","guid":{"rendered":"https:\/\/www.prijedordanas.com\/?p=171287"},"modified":"2021-07-30T08:13:37","modified_gmt":"2021-07-30T06:13:37","slug":"otvorena-prijedorska-patrija-regionalni-trzni-centar-foto-video","status":"publish","type":"post","link":"https:\/\/www.prijedordanas.com\/?p=171287","title":{"rendered":"Otvorena prijedorska &#8220;Patrija&#8221;, regionalni tr\u017eni centar &#8211; FOTO\/VIDEO"},"content":{"rendered":"<p><a href=\"https:\/\/www.prijedordanas.com\/wp-content\/uploads\/2021\/07\/patrija-2021-otvaranje-1.jpg\"><img loading=\"lazy\" decoding=\"async\" class=\"alignleft size-medium wp-image-171294\" src=\"https:\/\/www.prijedordanas.com\/wp-content\/uploads\/2021\/07\/patrija-2021-otvaranje-1-300x225.jpg\" alt=\"\" width=\"300\" height=\"225\" srcset=\"https:\/\/www.prijedordanas.com\/wp-content\/uploads\/2021\/07\/patrija-2021-otvaranje-1-300x225.jpg 300w, https:\/\/www.prijedordanas.com\/wp-content\/uploads\/2021\/07\/patrija-2021-otvaranje-1-640x480.jpg 640w, https:\/\/www.prijedordanas.com\/wp-content\/uploads\/2021\/07\/patrija-2021-otvaranje-1.jpg 667w\" sizes=\"(max-width: 300px) 100vw, 300px\" \/><\/a>U Prijedoru je otvoren obnovljeni Tr\u017eni centar &#8220;Patrija&#8221;, jedan od simbola ovog grada.<\/p>\n<p>Rije\u010d je o investiciji od 17 miliona KM.<\/p>\n<p>U Tr\u017enom centra &#8220;Patrija&#8221; bi\u0107e zaposleno oko 150 radnika, a mnogima od njih ovo je prvi posao.<\/p>\n<p>\u0408elena Karan je rekla da je otvaranje &#8220;Patrije&#8221; za nju zna\u010dajno, jer je dobila priliku da dobije prvo zaposlenje.<\/p>\n<p>Navodi da je tek zavr\u0161ila srednju \u0161kolu i da je ovo za nju novi po\u010detak.<\/p>\n<p><a href=\"https:\/\/www.prijedordanas.com\/wp-content\/uploads\/2021\/07\/patrija-2021-otvaranje-2.jpg\"><img loading=\"lazy\" decoding=\"async\" class=\"alignleft size-medium wp-image-171295\" src=\"https:\/\/www.prijedordanas.com\/wp-content\/uploads\/2021\/07\/patrija-2021-otvaranje-2-300x225.jpg\" alt=\"\" width=\"300\" height=\"225\" srcset=\"https:\/\/www.prijedordanas.com\/wp-content\/uploads\/2021\/07\/patrija-2021-otvaranje-2-300x225.jpg 300w, https:\/\/www.prijedordanas.com\/wp-content\/uploads\/2021\/07\/patrija-2021-otvaranje-2-640x480.jpg 640w, https:\/\/www.prijedordanas.com\/wp-content\/uploads\/2021\/07\/patrija-2021-otvaranje-2.jpg 667w\" sizes=\"(max-width: 300px) 100vw, 300px\" \/><\/a>Anastasija Stoji\u0107 je zavr\u0161ila \u0161kolu prije dvije godine i poku\u0161avala je u vi\u0161e navrata da se zaposli, a takva mogu\u0107nost joj je pru\u017eena tek u &#8220;Patriji&#8221;.<\/p>\n<p>Ina\u010de, Robna ku\u0107a &#8220;Patrije&#8221; otvorena je ve\u0107 davne 1979. godine. Bosiljka Grubi\u0107, rade\u0107i u njoj od otvaranja, zaradila je penziju. Ka\u017ee da je sre\u0107na \u0161to je jedan od simbola grada obnovljen.<\/p>\n<p>Ona je podsjetila da je u &#8220;Patriji&#8221; uvijek bilo robe i da je svojim izgledom i trgovcima ova robna ku\u0107a bila na ponos Prijedoru.<\/p>\n<p>Me\u0111utim, kako ka\u017ee Prijedor\u010danka Slobodanka Veselinovi\u0107, ve\u0107 du\u017ei period je &#8220;Patrija&#8221; bila zapu\u0161tena, pa je sada njeno obnavljanje za svaku pohvalu.<\/p>\n<p>Obnova &#8220;Patrije&#8221;, koja se nalazi u centru grada, po\u010dela je prije dvije godine. Nadle\u017eni isti\u010du da je ulo\u017eeno oko 17 miliona maraka. Renovirani objekat prostire su na 9,5 hiljada kvadratnih metara, \u0161to je za oko tri hiljade vi\u0161e nego prije obnove.<\/p>\n<p>Sini\u0161a Trivi\u0107, upravnik Tr\u017enog centra &#8220;Patrija&#8221;, rekao je da su osim prodavnica i butika, posjetiocima na raspolaganju kino, restoran, kafe bar, a za najmla\u0111e i dje\u010dije igraonice.<\/p>\n<p>On je naglasio da su nastojali da za svakoga ponude po ne\u0161to, te da posjeta &#8220;Patriji&#8221; bude zadovoljstvo za cijelu porodicu.<\/p>\n<p>U Tr\u017enom centru najavljuju da \u0107e uskoro urediti i parking prostora sa oko stotinu mjesta.<\/p>\n<p><a href=\"https:\/\/lat.rtrs.tv\/vijesti\/vijest.php?id=440152\" target=\"_blank\" rel=\"noopener\">RTRS<\/a><\/p>\n<p><a href=\"https:\/\/www.prijedordanas.com\/wp-content\/uploads\/2021\/07\/patrija-2021-otvaranje-3.jpg\"><img loading=\"lazy\" decoding=\"async\" src=\"https:\/\/www.prijedordanas.com\/wp-content\/uploads\/2021\/07\/patrija-2021-otvaranje-3-300x225.jpg\" alt=\"\" width=\"300\" height=\"225\" class=\"alignleft size-medium wp-image-171296\" srcset=\"https:\/\/www.prijedordanas.com\/wp-content\/uploads\/2021\/07\/patrija-2021-otvaranje-3-300x225.jpg 300w, https:\/\/www.prijedordanas.com\/wp-content\/uploads\/2021\/07\/patrija-2021-otvaranje-3-640x480.jpg 640w, https:\/\/www.prijedordanas.com\/wp-content\/uploads\/2021\/07\/patrija-2021-otvaranje-3.jpg 667w\" sizes=\"(max-width: 300px) 100vw, 300px\" \/><\/a> <a href=\"https:\/\/www.prijedordanas.com\/wp-content\/uploads\/2021\/07\/patrija-2021-otvaranje-4.jpg\"><img loading=\"lazy\" decoding=\"async\" src=\"https:\/\/www.prijedordanas.com\/wp-content\/uploads\/2021\/07\/patrija-2021-otvaranje-4-300x225.jpg\" alt=\"\" width=\"300\" height=\"225\" class=\"alignleft size-medium wp-image-171297\" srcset=\"https:\/\/www.prijedordanas.com\/wp-content\/uploads\/2021\/07\/patrija-2021-otvaranje-4-300x225.jpg 300w, https:\/\/www.prijedordanas.com\/wp-content\/uploads\/2021\/07\/patrija-2021-otvaranje-4-640x480.jpg 640w, https:\/\/www.prijedordanas.com\/wp-content\/uploads\/2021\/07\/patrija-2021-otvaranje-4.jpg 667w\" sizes=\"(max-width: 300px) 100vw, 300px\" \/><\/a> <a href=\"https:\/\/www.prijedordanas.com\/wp-content\/uploads\/2021\/07\/patrija-2021-otvaranje-5.jpg\"><img loading=\"lazy\" decoding=\"async\" src=\"https:\/\/www.prijedordanas.com\/wp-content\/uploads\/2021\/07\/patrija-2021-otvaranje-5-300x200.jpg\" alt=\"\" width=\"300\" height=\"200\" class=\"alignleft size-medium wp-image-171313\" srcset=\"https:\/\/www.prijedordanas.com\/wp-content\/uploads\/2021\/07\/patrija-2021-otvaranje-5-300x200.jpg 300w, https:\/\/www.prijedordanas.com\/wp-content\/uploads\/2021\/07\/patrija-2021-otvaranje-5-480x320.jpg 480w, https:\/\/www.prijedordanas.com\/wp-content\/uploads\/2021\/07\/patrija-2021-otvaranje-5.jpg 600w\" sizes=\"(max-width: 300px) 100vw, 300px\" \/><\/a> <a href=\"https:\/\/www.prijedordanas.com\/wp-content\/uploads\/2021\/07\/patrija-2021-otvaranje-6.jpg\"><img loading=\"lazy\" decoding=\"async\" src=\"https:\/\/www.prijedordanas.com\/wp-content\/uploads\/2021\/07\/patrija-2021-otvaranje-6-300x200.jpg\" alt=\"\" width=\"300\" height=\"200\" class=\"alignleft size-medium wp-image-171314\" srcset=\"https:\/\/www.prijedordanas.com\/wp-content\/uploads\/2021\/07\/patrija-2021-otvaranje-6-300x200.jpg 300w, https:\/\/www.prijedordanas.com\/wp-content\/uploads\/2021\/07\/patrija-2021-otvaranje-6-480x320.jpg 480w, https:\/\/www.prijedordanas.com\/wp-content\/uploads\/2021\/07\/patrija-2021-otvaranje-6.jpg 600w\" sizes=\"(max-width: 300px) 100vw, 300px\" \/><\/a> <a href=\"https:\/\/www.prijedordanas.com\/wp-content\/uploads\/2021\/07\/patrija-2021-otvaranje-7.jpg\"><img loading=\"lazy\" decoding=\"async\" src=\"https:\/\/www.prijedordanas.com\/wp-content\/uploads\/2021\/07\/patrija-2021-otvaranje-7-300x200.jpg\" alt=\"\" width=\"300\" height=\"200\" class=\"alignleft size-medium wp-image-171315\" srcset=\"https:\/\/www.prijedordanas.com\/wp-content\/uploads\/2021\/07\/patrija-2021-otvaranje-7-300x200.jpg 300w, https:\/\/www.prijedordanas.com\/wp-content\/uploads\/2021\/07\/patrija-2021-otvaranje-7-480x320.jpg 480w, https:\/\/www.prijedordanas.com\/wp-content\/uploads\/2021\/07\/patrija-2021-otvaranje-7.jpg 600w\" sizes=\"(max-width: 300px) 100vw, 300px\" \/><\/a> <a href=\"https:\/\/www.prijedordanas.com\/wp-content\/uploads\/2021\/07\/patrija-2021-otvaranje-8.jpg\"><img loading=\"lazy\" decoding=\"async\" src=\"https:\/\/www.prijedordanas.com\/wp-content\/uploads\/2021\/07\/patrija-2021-otvaranje-8-300x200.jpg\" alt=\"\" width=\"300\" height=\"200\" class=\"alignleft size-medium wp-image-171317\" srcset=\"https:\/\/www.prijedordanas.com\/wp-content\/uploads\/2021\/07\/patrija-2021-otvaranje-8-300x200.jpg 300w, https:\/\/www.prijedordanas.com\/wp-content\/uploads\/2021\/07\/patrija-2021-otvaranje-8-480x320.jpg 480w, https:\/\/www.prijedordanas.com\/wp-content\/uploads\/2021\/07\/patrija-2021-otvaranje-8.jpg 600w\" sizes=\"(max-width: 300px) 100vw, 300px\" \/><\/a> <a href=\"https:\/\/www.prijedordanas.com\/wp-content\/uploads\/2021\/07\/patrija-2021-otvaranje-9.jpg\"><img loading=\"lazy\" decoding=\"async\" src=\"https:\/\/www.prijedordanas.com\/wp-content\/uploads\/2021\/07\/patrija-2021-otvaranje-9-300x200.jpg\" alt=\"\" width=\"300\" height=\"200\" class=\"alignleft size-medium wp-image-171318\" srcset=\"https:\/\/www.prijedordanas.com\/wp-content\/uploads\/2021\/07\/patrija-2021-otvaranje-9-300x200.jpg 300w, https:\/\/www.prijedordanas.com\/wp-content\/uploads\/2021\/07\/patrija-2021-otvaranje-9-480x320.jpg 480w, https:\/\/www.prijedordanas.com\/wp-content\/uploads\/2021\/07\/patrija-2021-otvaranje-9.jpg 600w\" sizes=\"(max-width: 300px) 100vw, 300px\" \/><\/a> <a href=\"https:\/\/www.prijedordanas.com\/wp-content\/uploads\/2021\/07\/patrija-2021-otvaranje-10.jpg\"><img loading=\"lazy\" decoding=\"async\" src=\"https:\/\/www.prijedordanas.com\/wp-content\/uploads\/2021\/07\/patrija-2021-otvaranje-10-300x200.jpg\" alt=\"\" width=\"300\" height=\"200\" class=\"alignleft size-medium wp-image-171319\" srcset=\"https:\/\/www.prijedordanas.com\/wp-content\/uploads\/2021\/07\/patrija-2021-otvaranje-10-300x200.jpg 300w, https:\/\/www.prijedordanas.com\/wp-content\/uploads\/2021\/07\/patrija-2021-otvaranje-10-480x320.jpg 480w, https:\/\/www.prijedordanas.com\/wp-content\/uploads\/2021\/07\/patrija-2021-otvaranje-10.jpg 600w\" sizes=\"(max-width: 300px) 100vw, 300px\" \/><\/a> <a href=\"https:\/\/www.prijedordanas.com\/wp-content\/uploads\/2021\/07\/patrija-2021-otvaranje-11.jpg\"><img loading=\"lazy\" decoding=\"async\" src=\"https:\/\/www.prijedordanas.com\/wp-content\/uploads\/2021\/07\/patrija-2021-otvaranje-11-300x200.jpg\" alt=\"\" width=\"300\" height=\"200\" class=\"alignleft size-medium wp-image-171320\" srcset=\"https:\/\/www.prijedordanas.com\/wp-content\/uploads\/2021\/07\/patrija-2021-otvaranje-11-300x200.jpg 300w, https:\/\/www.prijedordanas.com\/wp-content\/uploads\/2021\/07\/patrija-2021-otvaranje-11-480x320.jpg 480w, https:\/\/www.prijedordanas.com\/wp-content\/uploads\/2021\/07\/patrija-2021-otvaranje-11.jpg 600w\" sizes=\"(max-width: 300px) 100vw, 300px\" \/><\/a> <a href=\"https:\/\/www.prijedordanas.com\/wp-content\/uploads\/2021\/07\/patrija-2021-otvaranje-12.jpg\"><img loading=\"lazy\" decoding=\"async\" src=\"https:\/\/www.prijedordanas.com\/wp-content\/uploads\/2021\/07\/patrija-2021-otvaranje-12-300x200.jpg\" alt=\"\" width=\"300\" height=\"200\" class=\"alignleft size-medium wp-image-171323\" srcset=\"https:\/\/www.prijedordanas.com\/wp-content\/uploads\/2021\/07\/patrija-2021-otvaranje-12-300x200.jpg 300w, https:\/\/www.prijedordanas.com\/wp-content\/uploads\/2021\/07\/patrija-2021-otvaranje-12-480x320.jpg 480w, https:\/\/www.prijedordanas.com\/wp-content\/uploads\/2021\/07\/patrija-2021-otvaranje-12.jpg 600w\" sizes=\"(max-width: 300px) 100vw, 300px\" \/><\/a> <a href=\"https:\/\/www.prijedordanas.com\/wp-content\/uploads\/2021\/07\/patrija-2021-otvaranje-13.jpg\"><img loading=\"lazy\" decoding=\"async\" src=\"https:\/\/www.prijedordanas.com\/wp-content\/uploads\/2021\/07\/patrija-2021-otvaranje-13-300x200.jpg\" alt=\"\" width=\"300\" height=\"200\" class=\"alignleft size-medium wp-image-171322\" srcset=\"https:\/\/www.prijedordanas.com\/wp-content\/uploads\/2021\/07\/patrija-2021-otvaranje-13-300x200.jpg 300w, https:\/\/www.prijedordanas.com\/wp-content\/uploads\/2021\/07\/patrija-2021-otvaranje-13-480x320.jpg 480w, https:\/\/www.prijedordanas.com\/wp-content\/uploads\/2021\/07\/patrija-2021-otvaranje-13.jpg 600w\" sizes=\"(max-width: 300px) 100vw, 300px\" \/><\/a> <a href=\"https:\/\/www.prijedordanas.com\/wp-content\/uploads\/2021\/07\/patrija-2021-otvaranje-14.jpg\"><img loading=\"lazy\" decoding=\"async\" src=\"https:\/\/www.prijedordanas.com\/wp-content\/uploads\/2021\/07\/patrija-2021-otvaranje-14-300x200.jpg\" alt=\"\" width=\"300\" height=\"200\" class=\"alignleft size-medium wp-image-171324\" srcset=\"https:\/\/www.prijedordanas.com\/wp-content\/uploads\/2021\/07\/patrija-2021-otvaranje-14-300x200.jpg 300w, https:\/\/www.prijedordanas.com\/wp-content\/uploads\/2021\/07\/patrija-2021-otvaranje-14-480x320.jpg 480w, https:\/\/www.prijedordanas.com\/wp-content\/uploads\/2021\/07\/patrija-2021-otvaranje-14.jpg 600w\" sizes=\"(max-width: 300px) 100vw, 300px\" \/><\/a><\/p>\n<p><iframe loading=\"lazy\" title=\"\u201cPATRIJA\u201d OTVORILA SVOJA VRATA!\" width=\"500\" height=\"281\" src=\"https:\/\/www.youtube.com\/embed\/M9QwJ9i-aN0?feature=oembed\" frameborder=\"0\" allow=\"accelerometer; autoplay; clipboard-write; encrypted-media; gyroscope; picture-in-picture\" allowfullscreen><\/iframe><\/p>\n","protected":false},"excerpt":{"rendered":"<p>U Prijedoru je otvoren obnovljeni Tr\u017eni centar &#8220;Patrija&#8221;, jedan od simbola ovog grada. Rije\u010d je o investiciji od 17 miliona KM. U Tr\u017enom centra &#8220;Patrija&#8221; bi\u0107e zaposleno oko 150 radnika, [&hellip;]<\/p>\n","protected":false},"author":1,"featured_media":0,"comment_status":"closed","ping_status":"open","sticky":false,"template":"","format":"standard","meta":{"_monsterinsights_skip_tracking":false,"_monsterinsights_sitenote_active":false,"_monsterinsights_sitenote_note":"","_monsterinsights_sitenote_category":0,"footnotes":""},"categories":[4,7515],"tags":[],"yoast_head":"<!-- This site is optimized with the Yoast SEO plugin v21.6 - https:\/\/yoast.com\/wordpress\/plugins\/seo\/ -->\n<title>Otvorena prijedorska &quot;Patrija&quot;, regionalni tr\u017eni centar - FOTO\/VIDEO - PrijedorDanas.com - Prijedorski gradski portal<\/title>\n<meta name=\"robots\" content=\"index, follow, max-snippet:-1, max-image-preview:large, max-video-preview:-1\" \/>\n<link rel=\"canonical\" href=\"https:\/\/www.prijedordanas.com\/?p=171287\" \/>\n<meta property=\"og:locale\" content=\"en_US\" \/>\n<meta property=\"og:type\" content=\"article\" \/>\n<meta property=\"og:title\" content=\"Otvorena prijedorska &quot;Patrija&quot;, regionalni tr\u017eni centar - FOTO\/VIDEO - PrijedorDanas.com - Prijedorski gradski portal\" \/>\n<meta property=\"og:description\" content=\"U Prijedoru je otvoren obnovljeni Tr\u017eni centar &#8220;Patrija&#8221;, jedan od simbola ovog grada. Rije\u010d je o investiciji od 17 miliona KM. U Tr\u017enom centra &#8220;Patrija&#8221; bi\u0107e zaposleno oko 150 radnika, [&hellip;]\" \/>\n<meta property=\"og:url\" content=\"https:\/\/www.prijedordanas.com\/?p=171287\" \/>\n<meta property=\"og:site_name\" content=\"PrijedorDanas.com - Prijedorski gradski portal\" \/>\n<meta property=\"article:publisher\" content=\"https:\/\/www.facebook.com\/PrijedorDanasCom\/\" \/>\n<meta property=\"article:published_time\" content=\"2021-07-29T22:44:05+00:00\" \/>\n<meta property=\"article:modified_time\" content=\"2021-07-30T06:13:37+00:00\" \/>\n<meta property=\"og:image\" content=\"https:\/\/www.prijedordanas.com\/wp-content\/uploads\/2021\/07\/patrija-2021-otvaranje-1-300x225.jpg\" \/>\n<meta name=\"author\" content=\"admin\" \/>\n<meta name=\"twitter:card\" content=\"summary_large_image\" \/>\n<meta name=\"twitter:label1\" content=\"Written by\" \/>\n\t<meta name=\"twitter:data1\" content=\"admin\" \/>\n\t<meta name=\"twitter:label2\" content=\"Est. reading time\" \/>\n\t<meta name=\"twitter:data2\" content=\"2 minutes\" \/>\n<script type=\"application\/ld+json\" class=\"yoast-schema-graph\">{\"@context\":\"https:\/\/schema.org\",\"@graph\":[{\"@type\":\"Article\",\"@id\":\"https:\/\/www.prijedordanas.com\/?p=171287#article\",\"isPartOf\":{\"@id\":\"https:\/\/www.prijedordanas.com\/?p=171287\"},\"author\":{\"name\":\"admin\",\"@id\":\"https:\/\/www.prijedordanas.com\/#\/schema\/person\/4e08ccf29b506ca916ff86d46bb700e6\"},\"headline\":\"Otvorena prijedorska &#8220;Patrija&#8221;, regionalni tr\u017eni centar &#8211; FOTO\/VIDEO\",\"datePublished\":\"2021-07-29T22:44:05+00:00\",\"dateModified\":\"2021-07-30T06:13:37+00:00\",\"mainEntityOfPage\":{\"@id\":\"https:\/\/www.prijedordanas.com\/?p=171287\"},\"wordCount\":323,\"publisher\":{\"@id\":\"https:\/\/www.prijedordanas.com\/#organization\"},\"articleSection\":[\"Dru\u0161tvo\",\"Foto dana\"],\"inLanguage\":\"en-US\"},{\"@type\":\"WebPage\",\"@id\":\"https:\/\/www.prijedordanas.com\/?p=171287\",\"url\":\"https:\/\/www.prijedordanas.com\/?p=171287\",\"name\":\"Otvorena prijedorska \\\"Patrija\\\", regionalni tr\u017eni centar - FOTO\/VIDEO - PrijedorDanas.com - Prijedorski gradski portal\",\"isPartOf\":{\"@id\":\"https:\/\/www.prijedordanas.com\/#website\"},\"datePublished\":\"2021-07-29T22:44:05+00:00\",\"dateModified\":\"2021-07-30T06:13:37+00:00\",\"breadcrumb\":{\"@id\":\"https:\/\/www.prijedordanas.com\/?p=171287#breadcrumb\"},\"inLanguage\":\"en-US\",\"potentialAction\":[{\"@type\":\"ReadAction\",\"target\":[\"https:\/\/www.prijedordanas.com\/?p=171287\"]}]},{\"@type\":\"BreadcrumbList\",\"@id\":\"https:\/\/www.prijedordanas.com\/?p=171287#breadcrumb\",\"itemListElement\":[{\"@type\":\"ListItem\",\"position\":1,\"name\":\"Home\",\"item\":\"https:\/\/www.prijedordanas.com\/\"},{\"@type\":\"ListItem\",\"position\":2,\"name\":\"Otvorena prijedorska &#8220;Patrija&#8221;, regionalni tr\u017eni centar &#8211; FOTO\/VIDEO\"}]},{\"@type\":\"WebSite\",\"@id\":\"https:\/\/www.prijedordanas.com\/#website\",\"url\":\"https:\/\/www.prijedordanas.com\/\",\"name\":\"PrijedorDanas.com - Prijedorski gradski portal\",\"description\":\"Portal o doga\u0111anjima u gradu Prijedoru\",\"publisher\":{\"@id\":\"https:\/\/www.prijedordanas.com\/#organization\"},\"potentialAction\":[{\"@type\":\"SearchAction\",\"target\":{\"@type\":\"EntryPoint\",\"urlTemplate\":\"https:\/\/www.prijedordanas.com\/?s={search_term_string}\"},\"query-input\":\"required name=search_term_string\"}],\"inLanguage\":\"en-US\"},{\"@type\":\"Organization\",\"@id\":\"https:\/\/www.prijedordanas.com\/#organization\",\"name\":\"PrijedorDanas.com\",\"url\":\"https:\/\/www.prijedordanas.com\/\",\"logo\":{\"@type\":\"ImageObject\",\"inLanguage\":\"en-US\",\"@id\":\"https:\/\/www.prijedordanas.com\/#\/schema\/logo\/image\/\",\"url\":\"http:\/\/www.prijedordanas.com\/wp-content\/uploads\/2021\/12\/logopng.png\",\"contentUrl\":\"http:\/\/www.prijedordanas.com\/wp-content\/uploads\/2021\/12\/logopng.png\",\"width\":1019,\"height\":776,\"caption\":\"PrijedorDanas.com\"},\"image\":{\"@id\":\"https:\/\/www.prijedordanas.com\/#\/schema\/logo\/image\/\"},\"sameAs\":[\"https:\/\/www.facebook.com\/PrijedorDanasCom\/\"]},{\"@type\":\"Person\",\"@id\":\"https:\/\/www.prijedordanas.com\/#\/schema\/person\/4e08ccf29b506ca916ff86d46bb700e6\",\"name\":\"admin\",\"image\":{\"@type\":\"ImageObject\",\"inLanguage\":\"en-US\",\"@id\":\"https:\/\/www.prijedordanas.com\/#\/schema\/person\/image\/\",\"url\":\"https:\/\/secure.gravatar.com\/avatar\/1d3fc949d550f0b53a5f0d51e06dfd79?s=96&d=mm&r=g\",\"contentUrl\":\"https:\/\/secure.gravatar.com\/avatar\/1d3fc949d550f0b53a5f0d51e06dfd79?s=96&d=mm&r=g\",\"caption\":\"admin\"},\"url\":\"https:\/\/www.prijedordanas.com\/?author=1\"}]}<\/script>\n<!-- \/ Yoast SEO plugin. -->","yoast_head_json":{"title":"Otvorena prijedorska \"Patrija\", regionalni tr\u017eni centar - FOTO\/VIDEO - PrijedorDanas.com - Prijedorski gradski portal","robots":{"index":"index","follow":"follow","max-snippet":"max-snippet:-1","max-image-preview":"max-image-preview:large","max-video-preview":"max-video-preview:-1"},"canonical":"https:\/\/www.prijedordanas.com\/?p=171287","og_locale":"en_US","og_type":"article","og_title":"Otvorena prijedorska \"Patrija\", regionalni tr\u017eni centar - FOTO\/VIDEO - PrijedorDanas.com - Prijedorski gradski portal","og_description":"U Prijedoru je otvoren obnovljeni Tr\u017eni centar &#8220;Patrija&#8221;, jedan od simbola ovog grada. Rije\u010d je o investiciji od 17 miliona KM. U Tr\u017enom centra &#8220;Patrija&#8221; bi\u0107e zaposleno oko 150 radnika, [&hellip;]","og_url":"https:\/\/www.prijedordanas.com\/?p=171287","og_site_name":"PrijedorDanas.com - Prijedorski gradski portal","article_publisher":"https:\/\/www.facebook.com\/PrijedorDanasCom\/","article_published_time":"2021-07-29T22:44:05+00:00","article_modified_time":"2021-07-30T06:13:37+00:00","og_image":[{"url":"https:\/\/www.prijedordanas.com\/wp-content\/uploads\/2021\/07\/patrija-2021-otvaranje-1-300x225.jpg"}],"author":"admin","twitter_card":"summary_large_image","twitter_misc":{"Written by":"admin","Est. reading time":"2 minutes"},"schema":{"@context":"https:\/\/schema.org","@graph":[{"@type":"Article","@id":"https:\/\/www.prijedordanas.com\/?p=171287#article","isPartOf":{"@id":"https:\/\/www.prijedordanas.com\/?p=171287"},"author":{"name":"admin","@id":"https:\/\/www.prijedordanas.com\/#\/schema\/person\/4e08ccf29b506ca916ff86d46bb700e6"},"headline":"Otvorena prijedorska &#8220;Patrija&#8221;, regionalni tr\u017eni centar &#8211; FOTO\/VIDEO","datePublished":"2021-07-29T22:44:05+00:00","dateModified":"2021-07-30T06:13:37+00:00","mainEntityOfPage":{"@id":"https:\/\/www.prijedordanas.com\/?p=171287"},"wordCount":323,"publisher":{"@id":"https:\/\/www.prijedordanas.com\/#organization"},"articleSection":["Dru\u0161tvo","Foto dana"],"inLanguage":"en-US"},{"@type":"WebPage","@id":"https:\/\/www.prijedordanas.com\/?p=171287","url":"https:\/\/www.prijedordanas.com\/?p=171287","name":"Otvorena prijedorska \"Patrija\", regionalni tr\u017eni centar - FOTO\/VIDEO - PrijedorDanas.com - Prijedorski gradski portal","isPartOf":{"@id":"https:\/\/www.prijedordanas.com\/#website"},"datePublished":"2021-07-29T22:44:05+00:00","dateModified":"2021-07-30T06:13:37+00:00","breadcrumb":{"@id":"https:\/\/www.prijedordanas.com\/?p=171287#breadcrumb"},"inLanguage":"en-US","potentialAction":[{"@type":"ReadAction","target":["https:\/\/www.prijedordanas.com\/?p=171287"]}]},{"@type":"BreadcrumbList","@id":"https:\/\/www.prijedordanas.com\/?p=171287#breadcrumb","itemListElement":[{"@type":"ListItem","position":1,"name":"Home","item":"https:\/\/www.prijedordanas.com\/"},{"@type":"ListItem","position":2,"name":"Otvorena prijedorska &#8220;Patrija&#8221;, regionalni tr\u017eni centar &#8211; FOTO\/VIDEO"}]},{"@type":"WebSite","@id":"https:\/\/www.prijedordanas.com\/#website","url":"https:\/\/www.prijedordanas.com\/","name":"PrijedorDanas.com - Prijedorski gradski portal","description":"Portal o doga\u0111anjima u gradu Prijedoru","publisher":{"@id":"https:\/\/www.prijedordanas.com\/#organization"},"potentialAction":[{"@type":"SearchAction","target":{"@type":"EntryPoint","urlTemplate":"https:\/\/www.prijedordanas.com\/?s={search_term_string}"},"query-input":"required name=search_term_string"}],"inLanguage":"en-US"},{"@type":"Organization","@id":"https:\/\/www.prijedordanas.com\/#organization","name":"PrijedorDanas.com","url":"https:\/\/www.prijedordanas.com\/","logo":{"@type":"ImageObject","inLanguage":"en-US","@id":"https:\/\/www.prijedordanas.com\/#\/schema\/logo\/image\/","url":"http:\/\/www.prijedordanas.com\/wp-content\/uploads\/2021\/12\/logopng.png","contentUrl":"http:\/\/www.prijedordanas.com\/wp-content\/uploads\/2021\/12\/logopng.png","width":1019,"height":776,"caption":"PrijedorDanas.com"},"image":{"@id":"https:\/\/www.prijedordanas.com\/#\/schema\/logo\/image\/"},"sameAs":["https:\/\/www.facebook.com\/PrijedorDanasCom\/"]},{"@type":"Person","@id":"https:\/\/www.prijedordanas.com\/#\/schema\/person\/4e08ccf29b506ca916ff86d46bb700e6","name":"admin","image":{"@type":"ImageObject","inLanguage":"en-US","@id":"https:\/\/www.prijedordanas.com\/#\/schema\/person\/image\/","url":"https:\/\/secure.gravatar.com\/avatar\/1d3fc949d550f0b53a5f0d51e06dfd79?s=96&d=mm&r=g","contentUrl":"https:\/\/secure.gravatar.com\/avatar\/1d3fc949d550f0b53a5f0d51e06dfd79?s=96&d=mm&r=g","caption":"admin"},"url":"https:\/\/www.prijedordanas.com\/?author=1"}]}},"_links":{"self":[{"href":"https:\/\/www.prijedordanas.com\/index.php?rest_route=\/wp\/v2\/posts\/171287"}],"collection":[{"href":"https:\/\/www.prijedordanas.com\/index.php?rest_route=\/wp\/v2\/posts"}],"about":[{"href":"https:\/\/www.prijedordanas.com\/index.php?rest_route=\/wp\/v2\/types\/post"}],"author":[{"embeddable":true,"href":"https:\/\/www.prijedordanas.com\/index.php?rest_route=\/wp\/v2\/users\/1"}],"replies":[{"embeddable":true,"href":"https:\/\/www.prijedordanas.com\/index.php?rest_route=%2Fwp%2Fv2%2Fcomments&post=171287"}],"version-history":[{"count":5,"href":"https:\/\/www.prijedordanas.com\/index.php?rest_route=\/wp\/v2\/posts\/171287\/revisions"}],"predecessor-version":[{"id":171325,"href":"https:\/\/www.prijedordanas.com\/index.php?rest_route=\/wp\/v2\/posts\/171287\/revisions\/171325"}],"wp:attachment":[{"href":"https:\/\/www.prijedordanas.com\/index.php?rest_route=%2Fwp%2Fv2%2Fmedia&parent=171287"}],"wp:term":[{"taxonomy":"category","embeddable":true,"href":"https:\/\/www.prijedordanas.com\/index.php?rest_route=%2Fwp%2Fv2%2Fcategories&post=171287"},{"taxonomy":"post_tag","embeddable":true,"href":"https:\/\/www.prijedordanas.com\/index.php?rest_route=%2Fwp%2Fv2%2Ftags&post=171287"}],"curies":[{"name":"wp","href":"https:\/\/api.w.org\/{rel}","templated":true}]}}