{"id":171212,"date":"2021-07-28T23:00:10","date_gmt":"2021-07-28T21:00:10","guid":{"rendered":"https:\/\/www.prijedordanas.com\/?p=171212"},"modified":"2021-07-29T00:02:37","modified_gmt":"2021-07-28T22:02:37","slug":"odrzana-konferencija-prijedor-i-dijaspora-2021-video","status":"publish","type":"post","link":"https:\/\/www.prijedordanas.com\/?p=171212","title":{"rendered":"Odr\u017eana Konferencija &#8220;Prijedor i dijaspora 2021&#8221; &#8211; VIDEO"},"content":{"rendered":"<p><a href=\"https:\/\/www.prijedordanas.com\/wp-content\/uploads\/2021\/07\/prijedorgradorg-prijedor-i-dijaspora-2021-5.jpg\"><img loading=\"lazy\" decoding=\"async\" class=\"alignleft size-medium wp-image-171176\" src=\"https:\/\/www.prijedordanas.com\/wp-content\/uploads\/2021\/07\/prijedorgradorg-prijedor-i-dijaspora-2021-5-300x225.jpg\" alt=\"\" width=\"300\" height=\"225\" srcset=\"https:\/\/www.prijedordanas.com\/wp-content\/uploads\/2021\/07\/prijedorgradorg-prijedor-i-dijaspora-2021-5-300x225.jpg 300w, https:\/\/www.prijedordanas.com\/wp-content\/uploads\/2021\/07\/prijedorgradorg-prijedor-i-dijaspora-2021-5-640x480.jpg 640w, https:\/\/www.prijedordanas.com\/wp-content\/uploads\/2021\/07\/prijedorgradorg-prijedor-i-dijaspora-2021-5.jpg 667w\" sizes=\"(max-width: 300px) 100vw, 300px\" \/><\/a>U Prijedoru je odr\u017eana cjelodnevna konferencija &#8220;Prijedor i dijaspora 2021&#8221; koja je okupila oko 70 u\u010desnika.<\/p>\n<p>Gradona\u010delnik Prijedora Dalibor Pavlovi\u0107 je u svom uvodnom obra\u0107anju u\u010desnicima konferencije rekao da je cilj na najbolji mogu\u0107i na\u010din dijasporu inkorporirati u sve sfere \u017eivota.<\/p>\n<p>&#8220;Prenesite poruke sa ove konferencije svojim poslovnim saradnicima i prijateljima da zajedno mo\u017eemo povu\u0107i ovaj grad krupnim koracima naprijed. Zajedni\u010dkim snagama imamo mnogo ve\u0107u \u0161ansu da stvorimo bolju budu\u0107nost za sve nas&#8221;, poru\u010dio je Pavlovi\u0107.<\/p>\n<p>\u0160ef delegacije Evropske unije u BiH Johan Satler , koji je prisustvovao uvodnom dijelu konferencije, izjavio je da je interakcija svih nivoa vlasti u BiH sa dijasporom sporadi\u010dna i nestrukturisana, a da polovina populacije BiH \u017eivi u vi\u0161e od 50 zemalja svijeta.<\/p>\n<p>&#8220;To je ogroman potencijal jer su to ljudi koji imaju jake emotivne i porodi\u010dne veze sa domovinom, a dijaspora mo\u017ee mnogo vi\u0161e od povremenog slanja novca&#8221;, rekao je Satler u obra\u0107anju u\u010desnicima konferencije koja je danas u gradu na Sani okupila oko 70 u\u010desnika.<\/p>\n<p>Satler je naglasio da ova konferencija ima dva va\u017ena aspekta, a to su ekonomija i, indirektno, pomirenje.<\/p>\n<p>&#8220;Nema sumnje da je ekonomski oporavak najva\u017eniji za gra\u0111ane, a to je i za EU najva\u017eniji aspekt. Pomirenje je tako\u0111e jedan od 14 prioriteta EU, a i sam blok nastao je na konceptu pomirenja NJema\u010dke i Francuske i ekonomski razvoj i pomirenje se me\u0111usobno podsti\u010du&#8221;, dodao je Satler.<\/p>\n<p>On je naglasio da u BiH dvije tre\u0107ine svih investicija dolazi iz EU, da je 80 odsto gra\u0111ana opredijeljeno za evrointegracije i da je stoga prirodno i\u0107i u tom pravcu.<\/p>\n<p>Ministar za evropske integracije i me\u0111unarodnu saradnju Republike Srpske Zlatan Kloki\u0107 rekao je da je upravo Prijedor najbolji primjer investicija od strane ljudi koji su se iz inostranstva vratili i danas su veoma uspje\u0161ni privrednici.<\/p>\n<p>&#8220;Grad ima strategiju razvoja i u skladu s njom treba da dogovara potencijalne investicije sa svojim gra\u0111anima iz dijaspore i da radi na tome da saradnja sa svojim iseljeni\u0161tvom bude jo\u0161 ja\u010da i \u010dvr\u0161\u0107a&#8221;, rekao je Kloki\u0107.<\/p>\n<p>On je podsjetio na to da je sli\u010dna konferencija odr\u017eana 2019. godine u Doboju, da se danas odr\u017eava u Prijedoru, a da je za idu\u0107u godinu planirana i za Isto\u010dno Sarajevo.<\/p>\n<p>Predsjednik Skup\u0161tine grada Prijedora Mirsad Duratovi\u0107 ocijenio je da je izostala institucionalna podr\u0161ka lokalne zajednice i drugih nivoa vlasti prema dijaspori i da zato snaga dijaspore nije do sada iskori\u0161tena dovoljno u korist razvoja lokalne zajednice, te da je opredijeljenost sada\u0161nje lokalne vlasti da se to promijeni.<\/p>\n<p>&#8220;Ono na \u010demu posebno treba raditi jeste uspostavljanje veze sa drugom i tre\u0107om generacijom na\u0161e dijaspore&#8221;, poru\u010dio je Duratovi\u0107.<\/p>\n<p>Konferencija se odvijala kroz tri panela.<\/p>\n<p>Panel 1: &#8220;Institucionalna podr\u0161ka i potencijalni vidovi saradnje sa dijasporom&#8221;<\/p>\n<p>Panelisti su bili: Stefano Donati, \u0161ef kancelarije Delegacije EU u Banjaluci,Zlatan Kloki\u0107, Ministar za evropske integracije i me\u0111unarodnu saradnju u Vladi Republike Srpske, Mirsad Duratovi\u0107, Predsjednik Skup\u0161tine grada Prijedor i Dalibor Pavlovi\u0107, Gradona\u010delnik Grada Prijedor<br \/>\nCilj panela: Predstaviti prilike za saradnju sa dijasporom, institucionalnu podr\u0161ku i pozitivne primjere iz dijaspore<\/p>\n<p>Panel je obradio institucionalnu podr\u0161ku i potencijalne vidove saradnje sa dijasporom na planu ekonomskog i dru\u0161tvenog \u017eivota grada Prijedora. Diskusija je obradila potencijalne vidove saradnje na planu ekonomskog i dru\u0161tvenog razvoja grada Prijedora. Oblasti \u017eivota na koje uti\u010de dijaspora su izme\u0111u ostalih privredni \u017eivot grada Prijedora, \u0161to se mo\u017ee zaklju\u010diti po brojnim uspje\u0161nim primjerima firmi koje su nastale u saradnji sa dijasporom i iz izvoza na\u0161e privrede, ali i na primjeru kulturno-umjetni\u010dkog segmenta koji obuhvata funkcionisanje kulturno-umjetni\u010dkih dru\u0161tava, kao i op\u0161ti dru\u0161tveno kulturni ambijent na podru\u010dju grada Prijedora, sportski segment koji obuhvata funkcionisanje sportskih kolektiva u gradu i nevladin sektor koji obuhvata neprofitne organizacije od kojih se neke bave i humanitarnim radom, te omladinske organizacije koje se bave pitanjima mladih ljudi.<\/p>\n<p>Panel 2: &#8220;Investicione prilike u prosperitetne sektore&#8221;<\/p>\n<p>Panelisti: Darijo Lemi\u0107, pokreta\u010d i rukovodilac farme koza &#8220;Nana Kaas&#8221;, Enisa Larsson, vlasnica preduze\u0107a Agroplus d.o.o.\/ Dragan Zori\u0107, direktor preduze\u0107a ,Dejan \u0110uri\u0107, vlasnik planta\u017ee dunja u Prijedoru ,Osman D\u017damastagi\u0107, direktor preduze\u0107a &#8220;Roundliner&#8221; d.o.o. i Mirsad Rami\u0107, vlasnik preduze\u0107a ,,Cromex d.o.o.\/Enes Pehli\u0107, direktor preduze\u0107a.<\/p>\n<p>Cilj panela: Predstaviti investicione prilike i pozitivne primjere iz pojedinih sektora<\/p>\n<p>Panel je obra\u0111ivao investicione prilike u prosperitetne sektore na podru\u010dju koje pokriva Grad Prijedor. Potencijalne prilike za ulaganja su definisane kroz resurse u poljoprivredi, turizmu i prera\u0111iva\u010dkoj industriji. Kroz paneliste i njihova iskustva, diskusija se argumentovano vodila i kao rezultat ponudila zaklju\u010dke za nove ideje, prilike i \u0161anse za investiranja.<\/p>\n<p>Panel 3: ,,Dru\u0161tveni razvoj grada Prijedora kroz saradnju sa dijasporom<\/p>\n<p>Panelisti :Nenad Gruji\u010di\u0107, knji\u017eevnik i direktor manifestacije ,,Brankovo kolo, Novi Sad, Srbija<br \/>\nVelimir Ili\u0161evi\u0107, slikar, Stein am Rein, \u0160vajcarska,Mirsad \u010cau\u0161evi\u0107, direktor i vlasnik kompanije &#8220;Oasis&#8221;, \u010cikago, SAD,Semira Hofmann, osniva\u010d Fondacije &#8220;Zajedni\u010dki put&#8221;, Seminole, SAD i Neven Crni\u0107, operski pjeva\u010d, Grac, Austrija<\/p>\n<p>Cilj panela: Predstaviti dru\u0161tveni razvoj Grada Prijedora kroz saradnju sa dijasporom<\/p>\n<p>Kroz ovaj panel se obra\u0111ivao uticaj dijaspore na dru\u0161tveni \u017eivot grada Prijedora. Diskusija se vodila o ulozi dijaspore u mogu\u0107em povezivanju Prijedora sa gradovima i Regijama u kojima trenutno \u017eive, kulturnom i sportskom \u017eivotu dijaspore, i na kraju ulozi raznih medija kao glavnim kanalom odr\u017eavanja svakodnevnih veza dijaspore sa Prijedorom.<\/p>\n<p><a href=\"http:\/\/prijedorgrad.org\/sr-EU\/vijesti-sadrzaj.html?vid=12564\" target=\"_blank\" rel=\"noopener\">prijedorgrad.org<\/a><\/p>\n<p><iframe loading=\"lazy\" title=\"U TOKU KONFERENCIJA &quot;PRIJEDOR I DIJASPORA&quot;\" width=\"500\" height=\"281\" src=\"https:\/\/www.youtube.com\/embed\/jLY0NTYZq8E?feature=oembed\" frameborder=\"0\" allow=\"accelerometer; autoplay; clipboard-write; encrypted-media; gyroscope; picture-in-picture\" allowfullscreen><\/iframe><\/p>\n","protected":false},"excerpt":{"rendered":"<p>U Prijedoru je odr\u017eana cjelodnevna konferencija &#8220;Prijedor i dijaspora 2021&#8221; koja je okupila oko 70 u\u010desnika. Gradona\u010delnik Prijedora Dalibor Pavlovi\u0107 je u svom uvodnom obra\u0107anju u\u010desnicima konferencije rekao da je [&hellip;]<\/p>\n","protected":false},"author":1,"featured_media":0,"comment_status":"closed","ping_status":"open","sticky":false,"template":"","format":"standard","meta":{"_monsterinsights_skip_tracking":false,"_monsterinsights_sitenote_active":false,"_monsterinsights_sitenote_note":"","_monsterinsights_sitenote_category":0,"footnotes":""},"categories":[4],"tags":[],"yoast_head":"<!-- This site is optimized with the Yoast SEO plugin v21.6 - https:\/\/yoast.com\/wordpress\/plugins\/seo\/ -->\n<title>Odr\u017eana Konferencija &quot;Prijedor i dijaspora 2021&quot; - VIDEO - PrijedorDanas.com - Prijedorski gradski portal<\/title>\n<meta name=\"robots\" content=\"index, follow, max-snippet:-1, max-image-preview:large, max-video-preview:-1\" \/>\n<link rel=\"canonical\" href=\"https:\/\/www.prijedordanas.com\/?p=171212\" \/>\n<meta property=\"og:locale\" content=\"en_US\" \/>\n<meta property=\"og:type\" content=\"article\" \/>\n<meta property=\"og:title\" content=\"Odr\u017eana Konferencija &quot;Prijedor i dijaspora 2021&quot; - VIDEO - PrijedorDanas.com - Prijedorski gradski portal\" \/>\n<meta property=\"og:description\" content=\"U Prijedoru je odr\u017eana cjelodnevna konferencija &#8220;Prijedor i dijaspora 2021&#8221; koja je okupila oko 70 u\u010desnika. Gradona\u010delnik Prijedora Dalibor Pavlovi\u0107 je u svom uvodnom obra\u0107anju u\u010desnicima konferencije rekao da je [&hellip;]\" \/>\n<meta property=\"og:url\" content=\"https:\/\/www.prijedordanas.com\/?p=171212\" \/>\n<meta property=\"og:site_name\" content=\"PrijedorDanas.com - Prijedorski gradski portal\" \/>\n<meta property=\"article:publisher\" content=\"https:\/\/www.facebook.com\/PrijedorDanasCom\/\" \/>\n<meta property=\"article:published_time\" content=\"2021-07-28T21:00:10+00:00\" \/>\n<meta property=\"article:modified_time\" content=\"2021-07-28T22:02:37+00:00\" \/>\n<meta property=\"og:image\" content=\"https:\/\/www.prijedordanas.com\/wp-content\/uploads\/2021\/07\/prijedorgradorg-prijedor-i-dijaspora-2021-5-300x225.jpg\" \/>\n<meta name=\"author\" content=\"admin\" \/>\n<meta name=\"twitter:card\" content=\"summary_large_image\" \/>\n<meta name=\"twitter:label1\" content=\"Written by\" \/>\n\t<meta name=\"twitter:data1\" content=\"admin\" \/>\n\t<meta name=\"twitter:label2\" content=\"Est. reading time\" \/>\n\t<meta name=\"twitter:data2\" content=\"5 minutes\" \/>\n<script type=\"application\/ld+json\" class=\"yoast-schema-graph\">{\"@context\":\"https:\/\/schema.org\",\"@graph\":[{\"@type\":\"Article\",\"@id\":\"https:\/\/www.prijedordanas.com\/?p=171212#article\",\"isPartOf\":{\"@id\":\"https:\/\/www.prijedordanas.com\/?p=171212\"},\"author\":{\"name\":\"admin\",\"@id\":\"https:\/\/www.prijedordanas.com\/#\/schema\/person\/4e08ccf29b506ca916ff86d46bb700e6\"},\"headline\":\"Odr\u017eana Konferencija &#8220;Prijedor i dijaspora 2021&#8221; &#8211; VIDEO\",\"datePublished\":\"2021-07-28T21:00:10+00:00\",\"dateModified\":\"2021-07-28T22:02:37+00:00\",\"mainEntityOfPage\":{\"@id\":\"https:\/\/www.prijedordanas.com\/?p=171212\"},\"wordCount\":944,\"publisher\":{\"@id\":\"https:\/\/www.prijedordanas.com\/#organization\"},\"articleSection\":[\"Dru\u0161tvo\"],\"inLanguage\":\"en-US\"},{\"@type\":\"WebPage\",\"@id\":\"https:\/\/www.prijedordanas.com\/?p=171212\",\"url\":\"https:\/\/www.prijedordanas.com\/?p=171212\",\"name\":\"Odr\u017eana Konferencija \\\"Prijedor i dijaspora 2021\\\" - VIDEO - PrijedorDanas.com - Prijedorski gradski portal\",\"isPartOf\":{\"@id\":\"https:\/\/www.prijedordanas.com\/#website\"},\"datePublished\":\"2021-07-28T21:00:10+00:00\",\"dateModified\":\"2021-07-28T22:02:37+00:00\",\"breadcrumb\":{\"@id\":\"https:\/\/www.prijedordanas.com\/?p=171212#breadcrumb\"},\"inLanguage\":\"en-US\",\"potentialAction\":[{\"@type\":\"ReadAction\",\"target\":[\"https:\/\/www.prijedordanas.com\/?p=171212\"]}]},{\"@type\":\"BreadcrumbList\",\"@id\":\"https:\/\/www.prijedordanas.com\/?p=171212#breadcrumb\",\"itemListElement\":[{\"@type\":\"ListItem\",\"position\":1,\"name\":\"Home\",\"item\":\"https:\/\/www.prijedordanas.com\/\"},{\"@type\":\"ListItem\",\"position\":2,\"name\":\"Odr\u017eana Konferencija &#8220;Prijedor i dijaspora 2021&#8221; &#8211; VIDEO\"}]},{\"@type\":\"WebSite\",\"@id\":\"https:\/\/www.prijedordanas.com\/#website\",\"url\":\"https:\/\/www.prijedordanas.com\/\",\"name\":\"PrijedorDanas.com - Prijedorski gradski portal\",\"description\":\"Portal o doga\u0111anjima u gradu Prijedoru\",\"publisher\":{\"@id\":\"https:\/\/www.prijedordanas.com\/#organization\"},\"potentialAction\":[{\"@type\":\"SearchAction\",\"target\":{\"@type\":\"EntryPoint\",\"urlTemplate\":\"https:\/\/www.prijedordanas.com\/?s={search_term_string}\"},\"query-input\":\"required name=search_term_string\"}],\"inLanguage\":\"en-US\"},{\"@type\":\"Organization\",\"@id\":\"https:\/\/www.prijedordanas.com\/#organization\",\"name\":\"PrijedorDanas.com\",\"url\":\"https:\/\/www.prijedordanas.com\/\",\"logo\":{\"@type\":\"ImageObject\",\"inLanguage\":\"en-US\",\"@id\":\"https:\/\/www.prijedordanas.com\/#\/schema\/logo\/image\/\",\"url\":\"http:\/\/www.prijedordanas.com\/wp-content\/uploads\/2021\/12\/logopng.png\",\"contentUrl\":\"http:\/\/www.prijedordanas.com\/wp-content\/uploads\/2021\/12\/logopng.png\",\"width\":1019,\"height\":776,\"caption\":\"PrijedorDanas.com\"},\"image\":{\"@id\":\"https:\/\/www.prijedordanas.com\/#\/schema\/logo\/image\/\"},\"sameAs\":[\"https:\/\/www.facebook.com\/PrijedorDanasCom\/\"]},{\"@type\":\"Person\",\"@id\":\"https:\/\/www.prijedordanas.com\/#\/schema\/person\/4e08ccf29b506ca916ff86d46bb700e6\",\"name\":\"admin\",\"image\":{\"@type\":\"ImageObject\",\"inLanguage\":\"en-US\",\"@id\":\"https:\/\/www.prijedordanas.com\/#\/schema\/person\/image\/\",\"url\":\"https:\/\/secure.gravatar.com\/avatar\/1d3fc949d550f0b53a5f0d51e06dfd79?s=96&d=mm&r=g\",\"contentUrl\":\"https:\/\/secure.gravatar.com\/avatar\/1d3fc949d550f0b53a5f0d51e06dfd79?s=96&d=mm&r=g\",\"caption\":\"admin\"},\"url\":\"https:\/\/www.prijedordanas.com\/?author=1\"}]}<\/script>\n<!-- \/ Yoast SEO plugin. -->","yoast_head_json":{"title":"Odr\u017eana Konferencija \"Prijedor i dijaspora 2021\" - VIDEO - PrijedorDanas.com - Prijedorski gradski portal","robots":{"index":"index","follow":"follow","max-snippet":"max-snippet:-1","max-image-preview":"max-image-preview:large","max-video-preview":"max-video-preview:-1"},"canonical":"https:\/\/www.prijedordanas.com\/?p=171212","og_locale":"en_US","og_type":"article","og_title":"Odr\u017eana Konferencija \"Prijedor i dijaspora 2021\" - VIDEO - PrijedorDanas.com - Prijedorski gradski portal","og_description":"U Prijedoru je odr\u017eana cjelodnevna konferencija &#8220;Prijedor i dijaspora 2021&#8221; koja je okupila oko 70 u\u010desnika. Gradona\u010delnik Prijedora Dalibor Pavlovi\u0107 je u svom uvodnom obra\u0107anju u\u010desnicima konferencije rekao da je [&hellip;]","og_url":"https:\/\/www.prijedordanas.com\/?p=171212","og_site_name":"PrijedorDanas.com - Prijedorski gradski portal","article_publisher":"https:\/\/www.facebook.com\/PrijedorDanasCom\/","article_published_time":"2021-07-28T21:00:10+00:00","article_modified_time":"2021-07-28T22:02:37+00:00","og_image":[{"url":"https:\/\/www.prijedordanas.com\/wp-content\/uploads\/2021\/07\/prijedorgradorg-prijedor-i-dijaspora-2021-5-300x225.jpg"}],"author":"admin","twitter_card":"summary_large_image","twitter_misc":{"Written by":"admin","Est. reading time":"5 minutes"},"schema":{"@context":"https:\/\/schema.org","@graph":[{"@type":"Article","@id":"https:\/\/www.prijedordanas.com\/?p=171212#article","isPartOf":{"@id":"https:\/\/www.prijedordanas.com\/?p=171212"},"author":{"name":"admin","@id":"https:\/\/www.prijedordanas.com\/#\/schema\/person\/4e08ccf29b506ca916ff86d46bb700e6"},"headline":"Odr\u017eana Konferencija &#8220;Prijedor i dijaspora 2021&#8221; &#8211; VIDEO","datePublished":"2021-07-28T21:00:10+00:00","dateModified":"2021-07-28T22:02:37+00:00","mainEntityOfPage":{"@id":"https:\/\/www.prijedordanas.com\/?p=171212"},"wordCount":944,"publisher":{"@id":"https:\/\/www.prijedordanas.com\/#organization"},"articleSection":["Dru\u0161tvo"],"inLanguage":"en-US"},{"@type":"WebPage","@id":"https:\/\/www.prijedordanas.com\/?p=171212","url":"https:\/\/www.prijedordanas.com\/?p=171212","name":"Odr\u017eana Konferencija \"Prijedor i dijaspora 2021\" - VIDEO - PrijedorDanas.com - Prijedorski gradski portal","isPartOf":{"@id":"https:\/\/www.prijedordanas.com\/#website"},"datePublished":"2021-07-28T21:00:10+00:00","dateModified":"2021-07-28T22:02:37+00:00","breadcrumb":{"@id":"https:\/\/www.prijedordanas.com\/?p=171212#breadcrumb"},"inLanguage":"en-US","potentialAction":[{"@type":"ReadAction","target":["https:\/\/www.prijedordanas.com\/?p=171212"]}]},{"@type":"BreadcrumbList","@id":"https:\/\/www.prijedordanas.com\/?p=171212#breadcrumb","itemListElement":[{"@type":"ListItem","position":1,"name":"Home","item":"https:\/\/www.prijedordanas.com\/"},{"@type":"ListItem","position":2,"name":"Odr\u017eana Konferencija &#8220;Prijedor i dijaspora 2021&#8221; &#8211; VIDEO"}]},{"@type":"WebSite","@id":"https:\/\/www.prijedordanas.com\/#website","url":"https:\/\/www.prijedordanas.com\/","name":"PrijedorDanas.com - Prijedorski gradski portal","description":"Portal o doga\u0111anjima u gradu Prijedoru","publisher":{"@id":"https:\/\/www.prijedordanas.com\/#organization"},"potentialAction":[{"@type":"SearchAction","target":{"@type":"EntryPoint","urlTemplate":"https:\/\/www.prijedordanas.com\/?s={search_term_string}"},"query-input":"required name=search_term_string"}],"inLanguage":"en-US"},{"@type":"Organization","@id":"https:\/\/www.prijedordanas.com\/#organization","name":"PrijedorDanas.com","url":"https:\/\/www.prijedordanas.com\/","logo":{"@type":"ImageObject","inLanguage":"en-US","@id":"https:\/\/www.prijedordanas.com\/#\/schema\/logo\/image\/","url":"http:\/\/www.prijedordanas.com\/wp-content\/uploads\/2021\/12\/logopng.png","contentUrl":"http:\/\/www.prijedordanas.com\/wp-content\/uploads\/2021\/12\/logopng.png","width":1019,"height":776,"caption":"PrijedorDanas.com"},"image":{"@id":"https:\/\/www.prijedordanas.com\/#\/schema\/logo\/image\/"},"sameAs":["https:\/\/www.facebook.com\/PrijedorDanasCom\/"]},{"@type":"Person","@id":"https:\/\/www.prijedordanas.com\/#\/schema\/person\/4e08ccf29b506ca916ff86d46bb700e6","name":"admin","image":{"@type":"ImageObject","inLanguage":"en-US","@id":"https:\/\/www.prijedordanas.com\/#\/schema\/person\/image\/","url":"https:\/\/secure.gravatar.com\/avatar\/1d3fc949d550f0b53a5f0d51e06dfd79?s=96&d=mm&r=g","contentUrl":"https:\/\/secure.gravatar.com\/avatar\/1d3fc949d550f0b53a5f0d51e06dfd79?s=96&d=mm&r=g","caption":"admin"},"url":"https:\/\/www.prijedordanas.com\/?author=1"}]}},"_links":{"self":[{"href":"https:\/\/www.prijedordanas.com\/index.php?rest_route=\/wp\/v2\/posts\/171212"}],"collection":[{"href":"https:\/\/www.prijedordanas.com\/index.php?rest_route=\/wp\/v2\/posts"}],"about":[{"href":"https:\/\/www.prijedordanas.com\/index.php?rest_route=\/wp\/v2\/types\/post"}],"author":[{"embeddable":true,"href":"https:\/\/www.prijedordanas.com\/index.php?rest_route=\/wp\/v2\/users\/1"}],"replies":[{"embeddable":true,"href":"https:\/\/www.prijedordanas.com\/index.php?rest_route=%2Fwp%2Fv2%2Fcomments&post=171212"}],"version-history":[{"count":1,"href":"https:\/\/www.prijedordanas.com\/index.php?rest_route=\/wp\/v2\/posts\/171212\/revisions"}],"predecessor-version":[{"id":171213,"href":"https:\/\/www.prijedordanas.com\/index.php?rest_route=\/wp\/v2\/posts\/171212\/revisions\/171213"}],"wp:attachment":[{"href":"https:\/\/www.prijedordanas.com\/index.php?rest_route=%2Fwp%2Fv2%2Fmedia&parent=171212"}],"wp:term":[{"taxonomy":"category","embeddable":true,"href":"https:\/\/www.prijedordanas.com\/index.php?rest_route=%2Fwp%2Fv2%2Fcategories&post=171212"},{"taxonomy":"post_tag","embeddable":true,"href":"https:\/\/www.prijedordanas.com\/index.php?rest_route=%2Fwp%2Fv2%2Ftags&post=171212"}],"curies":[{"name":"wp","href":"https:\/\/api.w.org\/{rel}","templated":true}]}}