{"id":171054,"date":"2021-07-26T15:17:04","date_gmt":"2021-07-26T13:17:04","guid":{"rendered":"https:\/\/www.prijedordanas.com\/?p=171054"},"modified":"2021-07-27T17:25:30","modified_gmt":"2021-07-27T15:25:30","slug":"donja-maricka-pobjednik-trece-ovogodisnje-manifestacije-selo-veselo-foto","status":"publish","type":"post","link":"https:\/\/www.prijedordanas.com\/?p=171054","title":{"rendered":"Donja Mari\u0107ka pobjednik tre\u0107e ovogodi\u0161nje manifestacije &#8220;Selo veselo&#8221; &#8211; FOTO\/VIDEO"},"content":{"rendered":"<p><a href=\"https:\/\/www.prijedordanas.com\/wp-content\/uploads\/2021\/07\/selo-veselo-2021-busnovi-1.jpg\"><img loading=\"lazy\" decoding=\"async\" class=\"alignleft size-medium wp-image-171056\" src=\"https:\/\/www.prijedordanas.com\/wp-content\/uploads\/2021\/07\/selo-veselo-2021-busnovi-1-300x225.jpg\" alt=\"\" width=\"300\" height=\"225\" srcset=\"https:\/\/www.prijedordanas.com\/wp-content\/uploads\/2021\/07\/selo-veselo-2021-busnovi-1-300x225.jpg 300w, https:\/\/www.prijedordanas.com\/wp-content\/uploads\/2021\/07\/selo-veselo-2021-busnovi-1-640x480.jpg 640w, https:\/\/www.prijedordanas.com\/wp-content\/uploads\/2021\/07\/selo-veselo-2021-busnovi-1.jpg 667w\" sizes=\"(max-width: 300px) 100vw, 300px\" \/><\/a>Ekipa Donje Mari\u0107ke tre\u0107i je finalista ovogodi\u0161nje manifestacije &#8220;Selo veselo&#8221;.<\/p>\n<p>Oni su u nedjelju uve\u010de bili bolji od ekipe doma\u0107ina iz Busnova, te ekipa Krivaje i Toma\u0161ice.<\/p>\n<p>\u010cetiri sela takmi\u010dila su se u tradicionalnim sportskim disciplinama: bacanju kamena s ramena, tr\u010danju u vre\u0107ama, nabacivanju obru\u010da i navla\u010denju konopca, te u kvizu iz poljoprivrede.<\/p>\n<p>Miladin Rendi\u0107 iz pobjedni\u010dke ekipe izjavio je da je atmosfera bila odli\u010dna te da su zadovoljni \u0161to su pobijedili budu\u0107i da je cijelo selo do\u0161lo u Busnove da ih bodri.<\/p>\n<p><a href=\"https:\/\/www.prijedordanas.com\/wp-content\/uploads\/2021\/07\/selo-veselo-2021-busnovi-4.jpg\"><img loading=\"lazy\" decoding=\"async\" src=\"https:\/\/www.prijedordanas.com\/wp-content\/uploads\/2021\/07\/selo-veselo-2021-busnovi-4-300x225.jpg\" alt=\"\" width=\"300\" height=\"225\" class=\"alignleft size-medium wp-image-171057\" srcset=\"https:\/\/www.prijedordanas.com\/wp-content\/uploads\/2021\/07\/selo-veselo-2021-busnovi-4-300x225.jpg 300w, https:\/\/www.prijedordanas.com\/wp-content\/uploads\/2021\/07\/selo-veselo-2021-busnovi-4.jpg 600w\" sizes=\"(max-width: 300px) 100vw, 300px\" \/><\/a>&#8220;Bilo je te\u0161ko, ali imali smo najbolje znanje. Kada smo kretali iz Donje Mari\u0107ke na takmi\u010denje, rekli smo da \u0107emo se vratiti u svoje selo s peharom. Tako je i bilo&#8221;, rekao je Rendi\u0107.<\/p>\n<p>Pokrovitelj ove manifestacije je gradona\u010delnik Prijedora Dalibor Pavlovi\u0107.<\/p>\n<p>&#8220;Posebno me raduje prisustvo ovolikog broja ljudi. Uostalom, nije bitno ko \u0107e biti pobjednik, nego da se narod dru\u017ei, da ponovo imaju tu neku komunikaciju koja nam je nedostajala pro\u0161le godine tokom pandemije virusa korona&#8221;, rekao je Pavlovi\u0107.<\/p>\n<p>Ekipa Donje Mari\u0107ke, zajedno sa ekipama Donje Dragotinje i Gornjih Orlovaca \u010dekaju pobjednika u \u010detvrtom izdanju serijala &#8220;Selo veselo&#8221; i nadmetanje u finalnoj manifestaciji.<\/p>\n<p><a href=\"http:\/\/prijedorgrad.org\/sr-EU\/vijesti-sadrzaj.html?vid=12555\" target=\"_blank\" rel=\"noopener\">prijedorgrad.org<\/a><\/p>\n<p><a href=\"https:\/\/www.prijedordanas.com\/wp-content\/uploads\/2021\/07\/selo-veselo-2021-busnovi-2.jpg\"><img loading=\"lazy\" decoding=\"async\" src=\"https:\/\/www.prijedordanas.com\/wp-content\/uploads\/2021\/07\/selo-veselo-2021-busnovi-2-300x225.jpg\" alt=\"\" width=\"300\" height=\"225\" class=\"alignleft size-medium wp-image-171058\" srcset=\"https:\/\/www.prijedordanas.com\/wp-content\/uploads\/2021\/07\/selo-veselo-2021-busnovi-2-300x225.jpg 300w, https:\/\/www.prijedordanas.com\/wp-content\/uploads\/2021\/07\/selo-veselo-2021-busnovi-2-640x480.jpg 640w, https:\/\/www.prijedordanas.com\/wp-content\/uploads\/2021\/07\/selo-veselo-2021-busnovi-2.jpg 667w\" sizes=\"(max-width: 300px) 100vw, 300px\" \/><\/a> <a href=\"https:\/\/www.prijedordanas.com\/wp-content\/uploads\/2021\/07\/selo-veselo-2021-busnovi-3.jpg\"><img loading=\"lazy\" decoding=\"async\" src=\"https:\/\/www.prijedordanas.com\/wp-content\/uploads\/2021\/07\/selo-veselo-2021-busnovi-3-300x225.jpg\" alt=\"\" width=\"300\" height=\"225\" class=\"alignleft size-medium wp-image-171059\" srcset=\"https:\/\/www.prijedordanas.com\/wp-content\/uploads\/2021\/07\/selo-veselo-2021-busnovi-3-300x225.jpg 300w, https:\/\/www.prijedordanas.com\/wp-content\/uploads\/2021\/07\/selo-veselo-2021-busnovi-3-640x480.jpg 640w, https:\/\/www.prijedordanas.com\/wp-content\/uploads\/2021\/07\/selo-veselo-2021-busnovi-3.jpg 667w\" sizes=\"(max-width: 300px) 100vw, 300px\" \/><\/a> <a href=\"https:\/\/www.prijedordanas.com\/wp-content\/uploads\/2021\/07\/selo-veselo-2021-busnovi-6.jpg\"><img loading=\"lazy\" decoding=\"async\" src=\"https:\/\/www.prijedordanas.com\/wp-content\/uploads\/2021\/07\/selo-veselo-2021-busnovi-6-300x200.jpg\" alt=\"\" width=\"300\" height=\"200\" class=\"alignleft size-medium wp-image-171060\" srcset=\"https:\/\/www.prijedordanas.com\/wp-content\/uploads\/2021\/07\/selo-veselo-2021-busnovi-6-300x200.jpg 300w, https:\/\/www.prijedordanas.com\/wp-content\/uploads\/2021\/07\/selo-veselo-2021-busnovi-6-480x320.jpg 480w, https:\/\/www.prijedordanas.com\/wp-content\/uploads\/2021\/07\/selo-veselo-2021-busnovi-6.jpg 600w\" sizes=\"(max-width: 300px) 100vw, 300px\" \/><\/a> <a href=\"https:\/\/www.prijedordanas.com\/wp-content\/uploads\/2021\/07\/selo-veselo-2021-busnovi-7.jpg\"><img loading=\"lazy\" decoding=\"async\" src=\"https:\/\/www.prijedordanas.com\/wp-content\/uploads\/2021\/07\/selo-veselo-2021-busnovi-7-300x200.jpg\" alt=\"\" width=\"300\" height=\"200\" class=\"alignleft size-medium wp-image-171061\" srcset=\"https:\/\/www.prijedordanas.com\/wp-content\/uploads\/2021\/07\/selo-veselo-2021-busnovi-7-300x200.jpg 300w, https:\/\/www.prijedordanas.com\/wp-content\/uploads\/2021\/07\/selo-veselo-2021-busnovi-7-480x320.jpg 480w, https:\/\/www.prijedordanas.com\/wp-content\/uploads\/2021\/07\/selo-veselo-2021-busnovi-7.jpg 600w\" sizes=\"(max-width: 300px) 100vw, 300px\" \/><\/a> <a href=\"https:\/\/www.prijedordanas.com\/wp-content\/uploads\/2021\/07\/selo-veselo-2021-busnovi-8.jpg\"><img loading=\"lazy\" decoding=\"async\" src=\"https:\/\/www.prijedordanas.com\/wp-content\/uploads\/2021\/07\/selo-veselo-2021-busnovi-8-300x225.jpg\" alt=\"\" width=\"300\" height=\"225\" class=\"alignleft size-medium wp-image-171062\" srcset=\"https:\/\/www.prijedordanas.com\/wp-content\/uploads\/2021\/07\/selo-veselo-2021-busnovi-8-300x225.jpg 300w, https:\/\/www.prijedordanas.com\/wp-content\/uploads\/2021\/07\/selo-veselo-2021-busnovi-8.jpg 600w\" sizes=\"(max-width: 300px) 100vw, 300px\" \/><\/a> <a href=\"https:\/\/www.prijedordanas.com\/wp-content\/uploads\/2021\/07\/selo-veselo-2021-busnovi-9.jpg\"><img loading=\"lazy\" decoding=\"async\" src=\"https:\/\/www.prijedordanas.com\/wp-content\/uploads\/2021\/07\/selo-veselo-2021-busnovi-9-300x225.jpg\" alt=\"\" width=\"300\" height=\"225\" class=\"alignleft size-medium wp-image-171063\" srcset=\"https:\/\/www.prijedordanas.com\/wp-content\/uploads\/2021\/07\/selo-veselo-2021-busnovi-9-300x225.jpg 300w, https:\/\/www.prijedordanas.com\/wp-content\/uploads\/2021\/07\/selo-veselo-2021-busnovi-9.jpg 600w\" sizes=\"(max-width: 300px) 100vw, 300px\" \/><\/a> <a href=\"https:\/\/www.prijedordanas.com\/wp-content\/uploads\/2021\/07\/selo-veselo-2021-busnovi-5.jpg\"><img loading=\"lazy\" decoding=\"async\" src=\"https:\/\/www.prijedordanas.com\/wp-content\/uploads\/2021\/07\/selo-veselo-2021-busnovi-5-300x200.jpg\" alt=\"\" width=\"300\" height=\"200\" class=\"alignleft size-medium wp-image-171064\" srcset=\"https:\/\/www.prijedordanas.com\/wp-content\/uploads\/2021\/07\/selo-veselo-2021-busnovi-5-300x200.jpg 300w, https:\/\/www.prijedordanas.com\/wp-content\/uploads\/2021\/07\/selo-veselo-2021-busnovi-5-480x320.jpg 480w, https:\/\/www.prijedordanas.com\/wp-content\/uploads\/2021\/07\/selo-veselo-2021-busnovi-5.jpg 600w\" sizes=\"(max-width: 300px) 100vw, 300px\" \/><\/a><\/p>\n<p><iframe loading=\"lazy\" title=\"Donja Mari\u0107ka u finalu &quot;Sela veselog&quot;\" width=\"500\" height=\"281\" src=\"https:\/\/www.youtube.com\/embed\/QtlwEC-77-E?feature=oembed\" frameborder=\"0\" allow=\"accelerometer; autoplay; clipboard-write; encrypted-media; gyroscope; picture-in-picture\" allowfullscreen><\/iframe><\/p>\n","protected":false},"excerpt":{"rendered":"<p>Ekipa Donje Mari\u0107ke tre\u0107i je finalista ovogodi\u0161nje manifestacije &#8220;Selo veselo&#8221;. Oni su u nedjelju uve\u010de bili bolji od ekipe doma\u0107ina iz Busnova, te ekipa Krivaje i Toma\u0161ice. \u010cetiri sela takmi\u010dila [&hellip;]<\/p>\n","protected":false},"author":1,"featured_media":0,"comment_status":"closed","ping_status":"open","sticky":false,"template":"","format":"standard","meta":{"_monsterinsights_skip_tracking":false,"_monsterinsights_sitenote_active":false,"_monsterinsights_sitenote_note":"","_monsterinsights_sitenote_category":0,"footnotes":""},"categories":[3],"tags":[],"yoast_head":"<!-- This site is optimized with the Yoast SEO plugin v21.6 - https:\/\/yoast.com\/wordpress\/plugins\/seo\/ -->\n<title>Donja Mari\u0107ka pobjednik tre\u0107e ovogodi\u0161nje manifestacije &quot;Selo veselo&quot; - FOTO\/VIDEO - PrijedorDanas.com - Prijedorski gradski portal<\/title>\n<meta name=\"robots\" content=\"index, follow, max-snippet:-1, max-image-preview:large, max-video-preview:-1\" \/>\n<link rel=\"canonical\" href=\"https:\/\/www.prijedordanas.com\/?p=171054\" \/>\n<meta property=\"og:locale\" content=\"en_US\" \/>\n<meta property=\"og:type\" content=\"article\" \/>\n<meta property=\"og:title\" content=\"Donja Mari\u0107ka pobjednik tre\u0107e ovogodi\u0161nje manifestacije &quot;Selo veselo&quot; - FOTO\/VIDEO - PrijedorDanas.com - Prijedorski gradski portal\" \/>\n<meta property=\"og:description\" content=\"Ekipa Donje Mari\u0107ke tre\u0107i je finalista ovogodi\u0161nje manifestacije &#8220;Selo veselo&#8221;. Oni su u nedjelju uve\u010de bili bolji od ekipe doma\u0107ina iz Busnova, te ekipa Krivaje i Toma\u0161ice. \u010cetiri sela takmi\u010dila [&hellip;]\" \/>\n<meta property=\"og:url\" content=\"https:\/\/www.prijedordanas.com\/?p=171054\" \/>\n<meta property=\"og:site_name\" content=\"PrijedorDanas.com - Prijedorski gradski portal\" \/>\n<meta property=\"article:publisher\" content=\"https:\/\/www.facebook.com\/PrijedorDanasCom\/\" \/>\n<meta property=\"article:published_time\" content=\"2021-07-26T13:17:04+00:00\" \/>\n<meta property=\"article:modified_time\" content=\"2021-07-27T15:25:30+00:00\" \/>\n<meta property=\"og:image\" content=\"https:\/\/www.prijedordanas.com\/wp-content\/uploads\/2021\/07\/selo-veselo-2021-busnovi-1-300x225.jpg\" \/>\n<meta name=\"author\" content=\"admin\" \/>\n<meta name=\"twitter:card\" content=\"summary_large_image\" \/>\n<meta name=\"twitter:label1\" content=\"Written by\" \/>\n\t<meta name=\"twitter:data1\" content=\"admin\" \/>\n\t<meta name=\"twitter:label2\" content=\"Est. reading time\" \/>\n\t<meta name=\"twitter:data2\" content=\"1 minute\" \/>\n<script type=\"application\/ld+json\" class=\"yoast-schema-graph\">{\"@context\":\"https:\/\/schema.org\",\"@graph\":[{\"@type\":\"Article\",\"@id\":\"https:\/\/www.prijedordanas.com\/?p=171054#article\",\"isPartOf\":{\"@id\":\"https:\/\/www.prijedordanas.com\/?p=171054\"},\"author\":{\"name\":\"admin\",\"@id\":\"https:\/\/www.prijedordanas.com\/#\/schema\/person\/4e08ccf29b506ca916ff86d46bb700e6\"},\"headline\":\"Donja Mari\u0107ka pobjednik tre\u0107e ovogodi\u0161nje manifestacije &#8220;Selo veselo&#8221; &#8211; FOTO\/VIDEO\",\"datePublished\":\"2021-07-26T13:17:04+00:00\",\"dateModified\":\"2021-07-27T15:25:30+00:00\",\"mainEntityOfPage\":{\"@id\":\"https:\/\/www.prijedordanas.com\/?p=171054\"},\"wordCount\":230,\"publisher\":{\"@id\":\"https:\/\/www.prijedordanas.com\/#organization\"},\"articleSection\":[\"\u017divot\"],\"inLanguage\":\"en-US\"},{\"@type\":\"WebPage\",\"@id\":\"https:\/\/www.prijedordanas.com\/?p=171054\",\"url\":\"https:\/\/www.prijedordanas.com\/?p=171054\",\"name\":\"Donja Mari\u0107ka pobjednik tre\u0107e ovogodi\u0161nje manifestacije \\\"Selo veselo\\\" - FOTO\/VIDEO - PrijedorDanas.com - Prijedorski gradski portal\",\"isPartOf\":{\"@id\":\"https:\/\/www.prijedordanas.com\/#website\"},\"datePublished\":\"2021-07-26T13:17:04+00:00\",\"dateModified\":\"2021-07-27T15:25:30+00:00\",\"breadcrumb\":{\"@id\":\"https:\/\/www.prijedordanas.com\/?p=171054#breadcrumb\"},\"inLanguage\":\"en-US\",\"potentialAction\":[{\"@type\":\"ReadAction\",\"target\":[\"https:\/\/www.prijedordanas.com\/?p=171054\"]}]},{\"@type\":\"BreadcrumbList\",\"@id\":\"https:\/\/www.prijedordanas.com\/?p=171054#breadcrumb\",\"itemListElement\":[{\"@type\":\"ListItem\",\"position\":1,\"name\":\"Home\",\"item\":\"https:\/\/www.prijedordanas.com\/\"},{\"@type\":\"ListItem\",\"position\":2,\"name\":\"Donja Mari\u0107ka pobjednik tre\u0107e ovogodi\u0161nje manifestacije &#8220;Selo veselo&#8221; &#8211; FOTO\/VIDEO\"}]},{\"@type\":\"WebSite\",\"@id\":\"https:\/\/www.prijedordanas.com\/#website\",\"url\":\"https:\/\/www.prijedordanas.com\/\",\"name\":\"PrijedorDanas.com - Prijedorski gradski portal\",\"description\":\"Portal o doga\u0111anjima u gradu Prijedoru\",\"publisher\":{\"@id\":\"https:\/\/www.prijedordanas.com\/#organization\"},\"potentialAction\":[{\"@type\":\"SearchAction\",\"target\":{\"@type\":\"EntryPoint\",\"urlTemplate\":\"https:\/\/www.prijedordanas.com\/?s={search_term_string}\"},\"query-input\":\"required name=search_term_string\"}],\"inLanguage\":\"en-US\"},{\"@type\":\"Organization\",\"@id\":\"https:\/\/www.prijedordanas.com\/#organization\",\"name\":\"PrijedorDanas.com\",\"url\":\"https:\/\/www.prijedordanas.com\/\",\"logo\":{\"@type\":\"ImageObject\",\"inLanguage\":\"en-US\",\"@id\":\"https:\/\/www.prijedordanas.com\/#\/schema\/logo\/image\/\",\"url\":\"http:\/\/www.prijedordanas.com\/wp-content\/uploads\/2021\/12\/logopng.png\",\"contentUrl\":\"http:\/\/www.prijedordanas.com\/wp-content\/uploads\/2021\/12\/logopng.png\",\"width\":1019,\"height\":776,\"caption\":\"PrijedorDanas.com\"},\"image\":{\"@id\":\"https:\/\/www.prijedordanas.com\/#\/schema\/logo\/image\/\"},\"sameAs\":[\"https:\/\/www.facebook.com\/PrijedorDanasCom\/\"]},{\"@type\":\"Person\",\"@id\":\"https:\/\/www.prijedordanas.com\/#\/schema\/person\/4e08ccf29b506ca916ff86d46bb700e6\",\"name\":\"admin\",\"image\":{\"@type\":\"ImageObject\",\"inLanguage\":\"en-US\",\"@id\":\"https:\/\/www.prijedordanas.com\/#\/schema\/person\/image\/\",\"url\":\"https:\/\/secure.gravatar.com\/avatar\/1d3fc949d550f0b53a5f0d51e06dfd79?s=96&d=mm&r=g\",\"contentUrl\":\"https:\/\/secure.gravatar.com\/avatar\/1d3fc949d550f0b53a5f0d51e06dfd79?s=96&d=mm&r=g\",\"caption\":\"admin\"},\"url\":\"https:\/\/www.prijedordanas.com\/?author=1\"}]}<\/script>\n<!-- \/ Yoast SEO plugin. -->","yoast_head_json":{"title":"Donja Mari\u0107ka pobjednik tre\u0107e ovogodi\u0161nje manifestacije \"Selo veselo\" - FOTO\/VIDEO - PrijedorDanas.com - Prijedorski gradski portal","robots":{"index":"index","follow":"follow","max-snippet":"max-snippet:-1","max-image-preview":"max-image-preview:large","max-video-preview":"max-video-preview:-1"},"canonical":"https:\/\/www.prijedordanas.com\/?p=171054","og_locale":"en_US","og_type":"article","og_title":"Donja Mari\u0107ka pobjednik tre\u0107e ovogodi\u0161nje manifestacije \"Selo veselo\" - FOTO\/VIDEO - PrijedorDanas.com - Prijedorski gradski portal","og_description":"Ekipa Donje Mari\u0107ke tre\u0107i je finalista ovogodi\u0161nje manifestacije &#8220;Selo veselo&#8221;. Oni su u nedjelju uve\u010de bili bolji od ekipe doma\u0107ina iz Busnova, te ekipa Krivaje i Toma\u0161ice. \u010cetiri sela takmi\u010dila [&hellip;]","og_url":"https:\/\/www.prijedordanas.com\/?p=171054","og_site_name":"PrijedorDanas.com - Prijedorski gradski portal","article_publisher":"https:\/\/www.facebook.com\/PrijedorDanasCom\/","article_published_time":"2021-07-26T13:17:04+00:00","article_modified_time":"2021-07-27T15:25:30+00:00","og_image":[{"url":"https:\/\/www.prijedordanas.com\/wp-content\/uploads\/2021\/07\/selo-veselo-2021-busnovi-1-300x225.jpg"}],"author":"admin","twitter_card":"summary_large_image","twitter_misc":{"Written by":"admin","Est. reading time":"1 minute"},"schema":{"@context":"https:\/\/schema.org","@graph":[{"@type":"Article","@id":"https:\/\/www.prijedordanas.com\/?p=171054#article","isPartOf":{"@id":"https:\/\/www.prijedordanas.com\/?p=171054"},"author":{"name":"admin","@id":"https:\/\/www.prijedordanas.com\/#\/schema\/person\/4e08ccf29b506ca916ff86d46bb700e6"},"headline":"Donja Mari\u0107ka pobjednik tre\u0107e ovogodi\u0161nje manifestacije &#8220;Selo veselo&#8221; &#8211; FOTO\/VIDEO","datePublished":"2021-07-26T13:17:04+00:00","dateModified":"2021-07-27T15:25:30+00:00","mainEntityOfPage":{"@id":"https:\/\/www.prijedordanas.com\/?p=171054"},"wordCount":230,"publisher":{"@id":"https:\/\/www.prijedordanas.com\/#organization"},"articleSection":["\u017divot"],"inLanguage":"en-US"},{"@type":"WebPage","@id":"https:\/\/www.prijedordanas.com\/?p=171054","url":"https:\/\/www.prijedordanas.com\/?p=171054","name":"Donja Mari\u0107ka pobjednik tre\u0107e ovogodi\u0161nje manifestacije \"Selo veselo\" - FOTO\/VIDEO - PrijedorDanas.com - Prijedorski gradski portal","isPartOf":{"@id":"https:\/\/www.prijedordanas.com\/#website"},"datePublished":"2021-07-26T13:17:04+00:00","dateModified":"2021-07-27T15:25:30+00:00","breadcrumb":{"@id":"https:\/\/www.prijedordanas.com\/?p=171054#breadcrumb"},"inLanguage":"en-US","potentialAction":[{"@type":"ReadAction","target":["https:\/\/www.prijedordanas.com\/?p=171054"]}]},{"@type":"BreadcrumbList","@id":"https:\/\/www.prijedordanas.com\/?p=171054#breadcrumb","itemListElement":[{"@type":"ListItem","position":1,"name":"Home","item":"https:\/\/www.prijedordanas.com\/"},{"@type":"ListItem","position":2,"name":"Donja Mari\u0107ka pobjednik tre\u0107e ovogodi\u0161nje manifestacije &#8220;Selo veselo&#8221; &#8211; FOTO\/VIDEO"}]},{"@type":"WebSite","@id":"https:\/\/www.prijedordanas.com\/#website","url":"https:\/\/www.prijedordanas.com\/","name":"PrijedorDanas.com - Prijedorski gradski portal","description":"Portal o doga\u0111anjima u gradu Prijedoru","publisher":{"@id":"https:\/\/www.prijedordanas.com\/#organization"},"potentialAction":[{"@type":"SearchAction","target":{"@type":"EntryPoint","urlTemplate":"https:\/\/www.prijedordanas.com\/?s={search_term_string}"},"query-input":"required name=search_term_string"}],"inLanguage":"en-US"},{"@type":"Organization","@id":"https:\/\/www.prijedordanas.com\/#organization","name":"PrijedorDanas.com","url":"https:\/\/www.prijedordanas.com\/","logo":{"@type":"ImageObject","inLanguage":"en-US","@id":"https:\/\/www.prijedordanas.com\/#\/schema\/logo\/image\/","url":"http:\/\/www.prijedordanas.com\/wp-content\/uploads\/2021\/12\/logopng.png","contentUrl":"http:\/\/www.prijedordanas.com\/wp-content\/uploads\/2021\/12\/logopng.png","width":1019,"height":776,"caption":"PrijedorDanas.com"},"image":{"@id":"https:\/\/www.prijedordanas.com\/#\/schema\/logo\/image\/"},"sameAs":["https:\/\/www.facebook.com\/PrijedorDanasCom\/"]},{"@type":"Person","@id":"https:\/\/www.prijedordanas.com\/#\/schema\/person\/4e08ccf29b506ca916ff86d46bb700e6","name":"admin","image":{"@type":"ImageObject","inLanguage":"en-US","@id":"https:\/\/www.prijedordanas.com\/#\/schema\/person\/image\/","url":"https:\/\/secure.gravatar.com\/avatar\/1d3fc949d550f0b53a5f0d51e06dfd79?s=96&d=mm&r=g","contentUrl":"https:\/\/secure.gravatar.com\/avatar\/1d3fc949d550f0b53a5f0d51e06dfd79?s=96&d=mm&r=g","caption":"admin"},"url":"https:\/\/www.prijedordanas.com\/?author=1"}]}},"_links":{"self":[{"href":"https:\/\/www.prijedordanas.com\/index.php?rest_route=\/wp\/v2\/posts\/171054"}],"collection":[{"href":"https:\/\/www.prijedordanas.com\/index.php?rest_route=\/wp\/v2\/posts"}],"about":[{"href":"https:\/\/www.prijedordanas.com\/index.php?rest_route=\/wp\/v2\/types\/post"}],"author":[{"embeddable":true,"href":"https:\/\/www.prijedordanas.com\/index.php?rest_route=\/wp\/v2\/users\/1"}],"replies":[{"embeddable":true,"href":"https:\/\/www.prijedordanas.com\/index.php?rest_route=%2Fwp%2Fv2%2Fcomments&post=171054"}],"version-history":[{"count":3,"href":"https:\/\/www.prijedordanas.com\/index.php?rest_route=\/wp\/v2\/posts\/171054\/revisions"}],"predecessor-version":[{"id":171119,"href":"https:\/\/www.prijedordanas.com\/index.php?rest_route=\/wp\/v2\/posts\/171054\/revisions\/171119"}],"wp:attachment":[{"href":"https:\/\/www.prijedordanas.com\/index.php?rest_route=%2Fwp%2Fv2%2Fmedia&parent=171054"}],"wp:term":[{"taxonomy":"category","embeddable":true,"href":"https:\/\/www.prijedordanas.com\/index.php?rest_route=%2Fwp%2Fv2%2Fcategories&post=171054"},{"taxonomy":"post_tag","embeddable":true,"href":"https:\/\/www.prijedordanas.com\/index.php?rest_route=%2Fwp%2Fv2%2Ftags&post=171054"}],"curies":[{"name":"wp","href":"https:\/\/api.w.org\/{rel}","templated":true}]}}