{"id":171050,"date":"2021-07-26T14:26:05","date_gmt":"2021-07-26T12:26:05","guid":{"rendered":"https:\/\/www.prijedordanas.com\/?p=171050"},"modified":"2021-07-26T14:26:05","modified_gmt":"2021-07-26T12:26:05","slug":"u-cetvrtak-se-otvara-obnovljena-prijedorska-patrija-koncert-jelene-tomasevic","status":"publish","type":"post","link":"https:\/\/www.prijedordanas.com\/?p=171050","title":{"rendered":"U \u010detvrtak se otvara obnovljena prijedorska &#8220;Patrija&#8221;: Koncert Jelene Toma\u0161evi\u0107"},"content":{"rendered":"<p><a href=\"https:\/\/www.prijedordanas.com\/wp-content\/uploads\/2021\/07\/patrija-pred-otvaranje.jpg\"><img loading=\"lazy\" decoding=\"async\" class=\"alignleft size-medium wp-image-171051\" src=\"https:\/\/www.prijedordanas.com\/wp-content\/uploads\/2021\/07\/patrija-pred-otvaranje-300x225.jpg\" alt=\"\" width=\"300\" height=\"225\" srcset=\"https:\/\/www.prijedordanas.com\/wp-content\/uploads\/2021\/07\/patrija-pred-otvaranje-300x225.jpg 300w, https:\/\/www.prijedordanas.com\/wp-content\/uploads\/2021\/07\/patrija-pred-otvaranje-640x480.jpg 640w, https:\/\/www.prijedordanas.com\/wp-content\/uploads\/2021\/07\/patrija-pred-otvaranje.jpg 667w\" sizes=\"(max-width: 300px) 100vw, 300px\" \/><\/a>Dana 29. jula 2021. godine, u centru Prijedora, na Trgu Majora Zorana Karlice, sve\u010dano \u0107e se otvoriti obnovljeno izdanje Robne ku\u0107a Patrija.<\/p>\n<p>Robna ku\u0107a Patrija izgra\u0111ena je 1979. godine, a kompanija MG Mind zapo\u010dla je njeno renoviranje 2019. godine, investiranjem ukupno 17 miliona KM.<\/p>\n<p>Renovirani objekat Robne ku\u0107e Patrija se prostire na 9.600m2 dizajniranih za kupovinu i u\u017eivanje, \u0161to je za oko 3.000m2 vi\u0161e nego \u0161to je imala prije obnove.<\/p>\n<p>Patrija sada ima tri nivoa, a kupcima \u0107e u 24 trgovine biti dostupni brojni doma\u0107i i svjetski brendovi, kao \u0161to su Tropic, DM, New Yorker, Sinsay, a svojom ponudom obuhvata i druge atraktivne sadr\u017eaje poput Cine Star bioskopa, igraonice i knji\u017eare.<\/p>\n<p><a href=\"https:\/\/www.prijedordanas.com\/wp-content\/uploads\/2021\/07\/patrija-koncert-jelene-tomasevic.jpg\"><img loading=\"lazy\" decoding=\"async\" src=\"https:\/\/www.prijedordanas.com\/wp-content\/uploads\/2021\/07\/patrija-koncert-jelene-tomasevic-300x300.jpg\" alt=\"\" width=\"300\" height=\"300\" class=\"alignleft size-medium wp-image-171052\" srcset=\"https:\/\/www.prijedordanas.com\/wp-content\/uploads\/2021\/07\/patrija-koncert-jelene-tomasevic-300x300.jpg 300w, https:\/\/www.prijedordanas.com\/wp-content\/uploads\/2021\/07\/patrija-koncert-jelene-tomasevic-150x150.jpg 150w, https:\/\/www.prijedordanas.com\/wp-content\/uploads\/2021\/07\/patrija-koncert-jelene-tomasevic-50x50.jpg 50w, https:\/\/www.prijedordanas.com\/wp-content\/uploads\/2021\/07\/patrija-koncert-jelene-tomasevic.jpg 600w\" sizes=\"(max-width: 300px) 100vw, 300px\" \/><\/a>Posebnost objektu daje velika terasa restorana Lafayette, sa koje se pru\u017ea pogled na gradske ulice.<\/p>\n<p>U narednoj fazi izgradnje realizova\u0107e se ure\u0111enje prostora za parkiranje, sa oko 100 parking mijesta.<\/p>\n<p>Obnovom Robne ku\u0107e Patrija sa\u010duvana je tradicija trgova\u010dkog centra grada, zna\u010dajnog ne samo za Prijedor, nego i za cijelu regiju, jer doprinosi razvoju privrede, unapre\u0111uje izgled gradskog jezgra svojim inovativnim arhitektonskim konceptom, te u potpunosti mo\u017ee da odgovori na sve savremene potrebe posjetilaca.<\/p>\n<p>Povodom sve\u010danosti pozvane su brojne zvanice, a bi\u0107e odr\u017ean i koncert Jelene Toma\u0161evi\u0107.<\/p>\n","protected":false},"excerpt":{"rendered":"<p>Dana 29. jula 2021. godine, u centru Prijedora, na Trgu Majora Zorana Karlice, sve\u010dano \u0107e se otvoriti obnovljeno izdanje Robne ku\u0107a Patrija. Robna ku\u0107a Patrija izgra\u0111ena je 1979. godine, a [&hellip;]<\/p>\n","protected":false},"author":1,"featured_media":0,"comment_status":"closed","ping_status":"open","sticky":false,"template":"","format":"standard","meta":{"_monsterinsights_skip_tracking":false,"_monsterinsights_sitenote_active":false,"_monsterinsights_sitenote_note":"","_monsterinsights_sitenote_category":0,"footnotes":""},"categories":[4],"tags":[1650],"yoast_head":"<!-- This site is optimized with the Yoast SEO plugin v21.6 - https:\/\/yoast.com\/wordpress\/plugins\/seo\/ -->\n<title>U \u010detvrtak se otvara obnovljena prijedorska &quot;Patrija&quot;: Koncert Jelene Toma\u0161evi\u0107 - PrijedorDanas.com - Prijedorski gradski portal<\/title>\n<meta name=\"robots\" content=\"index, follow, max-snippet:-1, max-image-preview:large, max-video-preview:-1\" \/>\n<link rel=\"canonical\" href=\"https:\/\/www.prijedordanas.com\/?p=171050\" \/>\n<meta property=\"og:locale\" content=\"en_US\" \/>\n<meta property=\"og:type\" content=\"article\" \/>\n<meta property=\"og:title\" content=\"U \u010detvrtak se otvara obnovljena prijedorska &quot;Patrija&quot;: Koncert Jelene Toma\u0161evi\u0107 - PrijedorDanas.com - Prijedorski gradski portal\" \/>\n<meta property=\"og:description\" content=\"Dana 29. jula 2021. godine, u centru Prijedora, na Trgu Majora Zorana Karlice, sve\u010dano \u0107e se otvoriti obnovljeno izdanje Robne ku\u0107a Patrija. Robna ku\u0107a Patrija izgra\u0111ena je 1979. godine, a [&hellip;]\" \/>\n<meta property=\"og:url\" content=\"https:\/\/www.prijedordanas.com\/?p=171050\" \/>\n<meta property=\"og:site_name\" content=\"PrijedorDanas.com - Prijedorski gradski portal\" \/>\n<meta property=\"article:publisher\" content=\"https:\/\/www.facebook.com\/PrijedorDanasCom\/\" \/>\n<meta property=\"article:published_time\" content=\"2021-07-26T12:26:05+00:00\" \/>\n<meta property=\"og:image\" content=\"https:\/\/www.prijedordanas.com\/wp-content\/uploads\/2021\/07\/patrija-pred-otvaranje-300x225.jpg\" \/>\n<meta name=\"author\" content=\"admin\" \/>\n<meta name=\"twitter:card\" content=\"summary_large_image\" \/>\n<meta name=\"twitter:label1\" content=\"Written by\" \/>\n\t<meta name=\"twitter:data1\" content=\"admin\" \/>\n\t<meta name=\"twitter:label2\" content=\"Est. reading time\" \/>\n\t<meta name=\"twitter:data2\" content=\"1 minute\" \/>\n<script type=\"application\/ld+json\" class=\"yoast-schema-graph\">{\"@context\":\"https:\/\/schema.org\",\"@graph\":[{\"@type\":\"Article\",\"@id\":\"https:\/\/www.prijedordanas.com\/?p=171050#article\",\"isPartOf\":{\"@id\":\"https:\/\/www.prijedordanas.com\/?p=171050\"},\"author\":{\"name\":\"admin\",\"@id\":\"https:\/\/www.prijedordanas.com\/#\/schema\/person\/4e08ccf29b506ca916ff86d46bb700e6\"},\"headline\":\"U \u010detvrtak se otvara obnovljena prijedorska &#8220;Patrija&#8221;: Koncert Jelene Toma\u0161evi\u0107\",\"datePublished\":\"2021-07-26T12:26:05+00:00\",\"dateModified\":\"2021-07-26T12:26:05+00:00\",\"mainEntityOfPage\":{\"@id\":\"https:\/\/www.prijedordanas.com\/?p=171050\"},\"wordCount\":225,\"publisher\":{\"@id\":\"https:\/\/www.prijedordanas.com\/#organization\"},\"keywords\":[\"Patrija\"],\"articleSection\":[\"Dru\u0161tvo\"],\"inLanguage\":\"en-US\"},{\"@type\":\"WebPage\",\"@id\":\"https:\/\/www.prijedordanas.com\/?p=171050\",\"url\":\"https:\/\/www.prijedordanas.com\/?p=171050\",\"name\":\"U \u010detvrtak se otvara obnovljena prijedorska \\\"Patrija\\\": Koncert Jelene Toma\u0161evi\u0107 - PrijedorDanas.com - Prijedorski gradski portal\",\"isPartOf\":{\"@id\":\"https:\/\/www.prijedordanas.com\/#website\"},\"datePublished\":\"2021-07-26T12:26:05+00:00\",\"dateModified\":\"2021-07-26T12:26:05+00:00\",\"breadcrumb\":{\"@id\":\"https:\/\/www.prijedordanas.com\/?p=171050#breadcrumb\"},\"inLanguage\":\"en-US\",\"potentialAction\":[{\"@type\":\"ReadAction\",\"target\":[\"https:\/\/www.prijedordanas.com\/?p=171050\"]}]},{\"@type\":\"BreadcrumbList\",\"@id\":\"https:\/\/www.prijedordanas.com\/?p=171050#breadcrumb\",\"itemListElement\":[{\"@type\":\"ListItem\",\"position\":1,\"name\":\"Home\",\"item\":\"https:\/\/www.prijedordanas.com\/\"},{\"@type\":\"ListItem\",\"position\":2,\"name\":\"U \u010detvrtak se otvara obnovljena prijedorska &#8220;Patrija&#8221;: Koncert Jelene Toma\u0161evi\u0107\"}]},{\"@type\":\"WebSite\",\"@id\":\"https:\/\/www.prijedordanas.com\/#website\",\"url\":\"https:\/\/www.prijedordanas.com\/\",\"name\":\"PrijedorDanas.com - Prijedorski gradski portal\",\"description\":\"Portal o doga\u0111anjima u gradu Prijedoru\",\"publisher\":{\"@id\":\"https:\/\/www.prijedordanas.com\/#organization\"},\"potentialAction\":[{\"@type\":\"SearchAction\",\"target\":{\"@type\":\"EntryPoint\",\"urlTemplate\":\"https:\/\/www.prijedordanas.com\/?s={search_term_string}\"},\"query-input\":\"required name=search_term_string\"}],\"inLanguage\":\"en-US\"},{\"@type\":\"Organization\",\"@id\":\"https:\/\/www.prijedordanas.com\/#organization\",\"name\":\"PrijedorDanas.com\",\"url\":\"https:\/\/www.prijedordanas.com\/\",\"logo\":{\"@type\":\"ImageObject\",\"inLanguage\":\"en-US\",\"@id\":\"https:\/\/www.prijedordanas.com\/#\/schema\/logo\/image\/\",\"url\":\"http:\/\/www.prijedordanas.com\/wp-content\/uploads\/2021\/12\/logopng.png\",\"contentUrl\":\"http:\/\/www.prijedordanas.com\/wp-content\/uploads\/2021\/12\/logopng.png\",\"width\":1019,\"height\":776,\"caption\":\"PrijedorDanas.com\"},\"image\":{\"@id\":\"https:\/\/www.prijedordanas.com\/#\/schema\/logo\/image\/\"},\"sameAs\":[\"https:\/\/www.facebook.com\/PrijedorDanasCom\/\"]},{\"@type\":\"Person\",\"@id\":\"https:\/\/www.prijedordanas.com\/#\/schema\/person\/4e08ccf29b506ca916ff86d46bb700e6\",\"name\":\"admin\",\"image\":{\"@type\":\"ImageObject\",\"inLanguage\":\"en-US\",\"@id\":\"https:\/\/www.prijedordanas.com\/#\/schema\/person\/image\/\",\"url\":\"https:\/\/secure.gravatar.com\/avatar\/1d3fc949d550f0b53a5f0d51e06dfd79?s=96&d=mm&r=g\",\"contentUrl\":\"https:\/\/secure.gravatar.com\/avatar\/1d3fc949d550f0b53a5f0d51e06dfd79?s=96&d=mm&r=g\",\"caption\":\"admin\"},\"url\":\"https:\/\/www.prijedordanas.com\/?author=1\"}]}<\/script>\n<!-- \/ Yoast SEO plugin. -->","yoast_head_json":{"title":"U \u010detvrtak se otvara obnovljena prijedorska \"Patrija\": Koncert Jelene Toma\u0161evi\u0107 - PrijedorDanas.com - Prijedorski gradski portal","robots":{"index":"index","follow":"follow","max-snippet":"max-snippet:-1","max-image-preview":"max-image-preview:large","max-video-preview":"max-video-preview:-1"},"canonical":"https:\/\/www.prijedordanas.com\/?p=171050","og_locale":"en_US","og_type":"article","og_title":"U \u010detvrtak se otvara obnovljena prijedorska \"Patrija\": Koncert Jelene Toma\u0161evi\u0107 - PrijedorDanas.com - Prijedorski gradski portal","og_description":"Dana 29. jula 2021. godine, u centru Prijedora, na Trgu Majora Zorana Karlice, sve\u010dano \u0107e se otvoriti obnovljeno izdanje Robne ku\u0107a Patrija. Robna ku\u0107a Patrija izgra\u0111ena je 1979. godine, a [&hellip;]","og_url":"https:\/\/www.prijedordanas.com\/?p=171050","og_site_name":"PrijedorDanas.com - Prijedorski gradski portal","article_publisher":"https:\/\/www.facebook.com\/PrijedorDanasCom\/","article_published_time":"2021-07-26T12:26:05+00:00","og_image":[{"url":"https:\/\/www.prijedordanas.com\/wp-content\/uploads\/2021\/07\/patrija-pred-otvaranje-300x225.jpg"}],"author":"admin","twitter_card":"summary_large_image","twitter_misc":{"Written by":"admin","Est. reading time":"1 minute"},"schema":{"@context":"https:\/\/schema.org","@graph":[{"@type":"Article","@id":"https:\/\/www.prijedordanas.com\/?p=171050#article","isPartOf":{"@id":"https:\/\/www.prijedordanas.com\/?p=171050"},"author":{"name":"admin","@id":"https:\/\/www.prijedordanas.com\/#\/schema\/person\/4e08ccf29b506ca916ff86d46bb700e6"},"headline":"U \u010detvrtak se otvara obnovljena prijedorska &#8220;Patrija&#8221;: Koncert Jelene Toma\u0161evi\u0107","datePublished":"2021-07-26T12:26:05+00:00","dateModified":"2021-07-26T12:26:05+00:00","mainEntityOfPage":{"@id":"https:\/\/www.prijedordanas.com\/?p=171050"},"wordCount":225,"publisher":{"@id":"https:\/\/www.prijedordanas.com\/#organization"},"keywords":["Patrija"],"articleSection":["Dru\u0161tvo"],"inLanguage":"en-US"},{"@type":"WebPage","@id":"https:\/\/www.prijedordanas.com\/?p=171050","url":"https:\/\/www.prijedordanas.com\/?p=171050","name":"U \u010detvrtak se otvara obnovljena prijedorska \"Patrija\": Koncert Jelene Toma\u0161evi\u0107 - PrijedorDanas.com - Prijedorski gradski portal","isPartOf":{"@id":"https:\/\/www.prijedordanas.com\/#website"},"datePublished":"2021-07-26T12:26:05+00:00","dateModified":"2021-07-26T12:26:05+00:00","breadcrumb":{"@id":"https:\/\/www.prijedordanas.com\/?p=171050#breadcrumb"},"inLanguage":"en-US","potentialAction":[{"@type":"ReadAction","target":["https:\/\/www.prijedordanas.com\/?p=171050"]}]},{"@type":"BreadcrumbList","@id":"https:\/\/www.prijedordanas.com\/?p=171050#breadcrumb","itemListElement":[{"@type":"ListItem","position":1,"name":"Home","item":"https:\/\/www.prijedordanas.com\/"},{"@type":"ListItem","position":2,"name":"U \u010detvrtak se otvara obnovljena prijedorska &#8220;Patrija&#8221;: Koncert Jelene Toma\u0161evi\u0107"}]},{"@type":"WebSite","@id":"https:\/\/www.prijedordanas.com\/#website","url":"https:\/\/www.prijedordanas.com\/","name":"PrijedorDanas.com - Prijedorski gradski portal","description":"Portal o doga\u0111anjima u gradu Prijedoru","publisher":{"@id":"https:\/\/www.prijedordanas.com\/#organization"},"potentialAction":[{"@type":"SearchAction","target":{"@type":"EntryPoint","urlTemplate":"https:\/\/www.prijedordanas.com\/?s={search_term_string}"},"query-input":"required name=search_term_string"}],"inLanguage":"en-US"},{"@type":"Organization","@id":"https:\/\/www.prijedordanas.com\/#organization","name":"PrijedorDanas.com","url":"https:\/\/www.prijedordanas.com\/","logo":{"@type":"ImageObject","inLanguage":"en-US","@id":"https:\/\/www.prijedordanas.com\/#\/schema\/logo\/image\/","url":"http:\/\/www.prijedordanas.com\/wp-content\/uploads\/2021\/12\/logopng.png","contentUrl":"http:\/\/www.prijedordanas.com\/wp-content\/uploads\/2021\/12\/logopng.png","width":1019,"height":776,"caption":"PrijedorDanas.com"},"image":{"@id":"https:\/\/www.prijedordanas.com\/#\/schema\/logo\/image\/"},"sameAs":["https:\/\/www.facebook.com\/PrijedorDanasCom\/"]},{"@type":"Person","@id":"https:\/\/www.prijedordanas.com\/#\/schema\/person\/4e08ccf29b506ca916ff86d46bb700e6","name":"admin","image":{"@type":"ImageObject","inLanguage":"en-US","@id":"https:\/\/www.prijedordanas.com\/#\/schema\/person\/image\/","url":"https:\/\/secure.gravatar.com\/avatar\/1d3fc949d550f0b53a5f0d51e06dfd79?s=96&d=mm&r=g","contentUrl":"https:\/\/secure.gravatar.com\/avatar\/1d3fc949d550f0b53a5f0d51e06dfd79?s=96&d=mm&r=g","caption":"admin"},"url":"https:\/\/www.prijedordanas.com\/?author=1"}]}},"_links":{"self":[{"href":"https:\/\/www.prijedordanas.com\/index.php?rest_route=\/wp\/v2\/posts\/171050"}],"collection":[{"href":"https:\/\/www.prijedordanas.com\/index.php?rest_route=\/wp\/v2\/posts"}],"about":[{"href":"https:\/\/www.prijedordanas.com\/index.php?rest_route=\/wp\/v2\/types\/post"}],"author":[{"embeddable":true,"href":"https:\/\/www.prijedordanas.com\/index.php?rest_route=\/wp\/v2\/users\/1"}],"replies":[{"embeddable":true,"href":"https:\/\/www.prijedordanas.com\/index.php?rest_route=%2Fwp%2Fv2%2Fcomments&post=171050"}],"version-history":[{"count":1,"href":"https:\/\/www.prijedordanas.com\/index.php?rest_route=\/wp\/v2\/posts\/171050\/revisions"}],"predecessor-version":[{"id":171053,"href":"https:\/\/www.prijedordanas.com\/index.php?rest_route=\/wp\/v2\/posts\/171050\/revisions\/171053"}],"wp:attachment":[{"href":"https:\/\/www.prijedordanas.com\/index.php?rest_route=%2Fwp%2Fv2%2Fmedia&parent=171050"}],"wp:term":[{"taxonomy":"category","embeddable":true,"href":"https:\/\/www.prijedordanas.com\/index.php?rest_route=%2Fwp%2Fv2%2Fcategories&post=171050"},{"taxonomy":"post_tag","embeddable":true,"href":"https:\/\/www.prijedordanas.com\/index.php?rest_route=%2Fwp%2Fv2%2Ftags&post=171050"}],"curies":[{"name":"wp","href":"https:\/\/api.w.org\/{rel}","templated":true}]}}