{"id":170983,"date":"2021-07-25T14:00:29","date_gmt":"2021-07-25T12:00:29","guid":{"rendered":"https:\/\/www.prijedordanas.com\/?p=170983"},"modified":"2021-07-25T14:00:29","modified_gmt":"2021-07-25T12:00:29","slug":"detalji-stravicne-nesrece-u-prijedoru-djecak-se-na-biciklu-drzao-za-motor-u-pokretu-nakon-pada-dogodila-se-tragedija","status":"publish","type":"post","link":"https:\/\/www.prijedordanas.com\/?p=170983","title":{"rendered":"Detalji stravi\u010dne nesre\u0107e u Prijedoru: Dje\u010dak se na biciklu dr\u017eao za motor u pokretu, nakon pada dogodila se tragedija"},"content":{"rendered":"<p><a href=\"https:\/\/www.prijedordanas.com\/wp-content\/uploads\/2021\/07\/saobracajka-gomjenica-mazda-bicikl-4.jpg\"><img loading=\"lazy\" decoding=\"async\" class=\"alignleft size-medium wp-image-170985\" src=\"https:\/\/www.prijedordanas.com\/wp-content\/uploads\/2021\/07\/saobracajka-gomjenica-mazda-bicikl-4-300x225.jpg\" alt=\"\" width=\"300\" height=\"225\" srcset=\"https:\/\/www.prijedordanas.com\/wp-content\/uploads\/2021\/07\/saobracajka-gomjenica-mazda-bicikl-4-300x225.jpg 300w, https:\/\/www.prijedordanas.com\/wp-content\/uploads\/2021\/07\/saobracajka-gomjenica-mazda-bicikl-4-640x480.jpg 640w, https:\/\/www.prijedordanas.com\/wp-content\/uploads\/2021\/07\/saobracajka-gomjenica-mazda-bicikl-4.jpg 667w\" sizes=\"(max-width: 300px) 100vw, 300px\" \/><\/a>Saobra\u0107ajna nesre\u0107a u Prijedoru u kojoj je uga\u0161en \u017eivot dvanaestogodi\u0161njeg dje\u010daka jo\u0161 jedna je opomena svim u\u010desnicima u saobra\u0107aju da po\u0161tuju propise i \u010duvaju sebe i druge.<\/p>\n<p>Podsje\u0107amo, ju\u010de oko 16 sati u Ulici Srpskih velikana desila se saobra\u0107jana nesre\u0107a u kojoj su u\u010destvovali vozilo \u201cmazda\u201d kojom je upravljala djevojka (21) i dje\u010dak (12) koji je bio na biciklu.<\/p>\n<p><strong><a href=\"https:\/\/www.prijedordanas.com\/?p=170957\" target=\"_blank\" rel=\"noopener\">Dje\u010dak poginuo u saobra\u0107ajnoj nezgodi u Prijedoru \u2013 UZNEMIRUJU\u0106I FOTO\/VIDEO<\/a><\/strong><\/p>\n<p>Sagovornici Srpskainfo koji su bili na mjestu nesre\u0107e opisuju kako se desila ova tragedija.<\/p>\n<p>\u2013 Dje\u010dak je bio na biciklu, ali se dr\u017eao za motor koji je vozio jedan momak. Ne znamo je li motor ubrzao ili se ne\u0161to drugo desilo, ali je dje\u010dak na biciklu izgubio ravnote\u017eu i biciklom pre\u0161ao na drugu stranu ceste u trenutku kada je nai\u0161ao auto. Odbio se od auto i pao na asflat od koji je udario glavom \u2013 ka\u017eu na\u0161i sagovornici.<\/p>\n<p><a href=\"https:\/\/www.prijedordanas.com\/wp-content\/uploads\/2021\/07\/saobracajka-gomjenica-mazda-bicikl-5.jpg\"><img loading=\"lazy\" decoding=\"async\" class=\"alignleft size-medium wp-image-170986\" src=\"https:\/\/www.prijedordanas.com\/wp-content\/uploads\/2021\/07\/saobracajka-gomjenica-mazda-bicikl-5-300x225.jpg\" alt=\"\" width=\"300\" height=\"225\" srcset=\"https:\/\/www.prijedordanas.com\/wp-content\/uploads\/2021\/07\/saobracajka-gomjenica-mazda-bicikl-5-300x225.jpg 300w, https:\/\/www.prijedordanas.com\/wp-content\/uploads\/2021\/07\/saobracajka-gomjenica-mazda-bicikl-5-640x480.jpg 640w, https:\/\/www.prijedordanas.com\/wp-content\/uploads\/2021\/07\/saobracajka-gomjenica-mazda-bicikl-5.jpg 667w\" sizes=\"(max-width: 300px) 100vw, 300px\" \/><\/a>Prevezen je u bolnicu \u201cDoktor Mladen Stojanovi\u0107\u201d, ali na\u017ealost ve\u0107 je bio mrtav.<\/p>\n<p>Iz Policijske uprave Prijedor su saop\u0161tili da je u prisustvu tu\u017eioca Okru\u017enog javnog tu\u017eila\u0161tva Prijedor, na mjestu nesre\u0107e obavljen uvi\u0111aj.<\/p>\n<p><strong><a href=\"https:\/\/www.prijedordanas.com\/?p=170934\" target=\"_blank\" rel=\"noopener\">Tragedija u Prijedoru: Dijete poginulo u saobra\u0107ajki \u2013 UZNEMIRUJU\u0106I FOTO<\/a><\/strong><\/p>\n<p>\u2013 Policijska uprava Prijedor apeluje na voza\u010de da po\u0161tuju saobra\u0107ajna pravila i propise i da prilagode brzinu uslovima na kolovozu, a poseban apel biciklistima da se pridr\u017eavaju propisanih pravila u\u010destvovanja u saobra\u0107aju i roditeljima da obrate du\u017enu pa\u017enju na maloljetna lica koja su u\u010desnici u saobra\u0107aju-poru\u010dili su iz Policisjke uprave Prijedor.<\/p>\n<p><a href=\"https:\/\/srpskainfo.com\/detalji-stravicne-nesrece-u-prijedoru-djecak-se-na-biciklu-drzao-za-motor-u-pokretu-nakon-pada-dogodila-se-tragedija\/\" target=\"_blank\" rel=\"noopener\">srpskainfo.com<\/a><\/p>\n<p><a href=\"https:\/\/www.prijedordanas.com\/wp-content\/uploads\/2021\/07\/saobracajka-gomjenica-mazda-bicikl-8.jpg\"><img loading=\"lazy\" decoding=\"async\" class=\"alignleft size-medium wp-image-170938\" src=\"https:\/\/www.prijedordanas.com\/wp-content\/uploads\/2021\/07\/saobracajka-gomjenica-mazda-bicikl-8-300x200.jpg\" alt=\"\" width=\"300\" height=\"200\" srcset=\"https:\/\/www.prijedordanas.com\/wp-content\/uploads\/2021\/07\/saobracajka-gomjenica-mazda-bicikl-8-300x200.jpg 300w, https:\/\/www.prijedordanas.com\/wp-content\/uploads\/2021\/07\/saobracajka-gomjenica-mazda-bicikl-8-480x320.jpg 480w, https:\/\/www.prijedordanas.com\/wp-content\/uploads\/2021\/07\/saobracajka-gomjenica-mazda-bicikl-8.jpg 600w\" sizes=\"(max-width: 300px) 100vw, 300px\" \/><\/a><\/p>\n","protected":false},"excerpt":{"rendered":"<p>Saobra\u0107ajna nesre\u0107a u Prijedoru u kojoj je uga\u0161en \u017eivot dvanaestogodi\u0161njeg dje\u010daka jo\u0161 jedna je opomena svim u\u010desnicima u saobra\u0107aju da po\u0161tuju propise i \u010duvaju sebe i druge. Podsje\u0107amo, ju\u010de oko [&hellip;]<\/p>\n","protected":false},"author":1,"featured_media":0,"comment_status":"closed","ping_status":"open","sticky":false,"template":"","format":"standard","meta":{"_monsterinsights_skip_tracking":false,"_monsterinsights_sitenote_active":false,"_monsterinsights_sitenote_note":"","_monsterinsights_sitenote_category":0,"footnotes":""},"categories":[5],"tags":[],"yoast_head":"<!-- This site is optimized with the Yoast SEO plugin v21.6 - https:\/\/yoast.com\/wordpress\/plugins\/seo\/ -->\n<title>Detalji stravi\u010dne nesre\u0107e u Prijedoru: Dje\u010dak se na biciklu dr\u017eao za motor u pokretu, nakon pada dogodila se tragedija - PrijedorDanas.com - Prijedorski gradski portal<\/title>\n<meta name=\"robots\" content=\"index, follow, max-snippet:-1, max-image-preview:large, max-video-preview:-1\" \/>\n<link rel=\"canonical\" href=\"https:\/\/www.prijedordanas.com\/?p=170983\" \/>\n<meta property=\"og:locale\" content=\"en_US\" \/>\n<meta property=\"og:type\" content=\"article\" \/>\n<meta property=\"og:title\" content=\"Detalji stravi\u010dne nesre\u0107e u Prijedoru: Dje\u010dak se na biciklu dr\u017eao za motor u pokretu, nakon pada dogodila se tragedija - PrijedorDanas.com - Prijedorski gradski portal\" \/>\n<meta property=\"og:description\" content=\"Saobra\u0107ajna nesre\u0107a u Prijedoru u kojoj je uga\u0161en \u017eivot dvanaestogodi\u0161njeg dje\u010daka jo\u0161 jedna je opomena svim u\u010desnicima u saobra\u0107aju da po\u0161tuju propise i \u010duvaju sebe i druge. Podsje\u0107amo, ju\u010de oko [&hellip;]\" \/>\n<meta property=\"og:url\" content=\"https:\/\/www.prijedordanas.com\/?p=170983\" \/>\n<meta property=\"og:site_name\" content=\"PrijedorDanas.com - Prijedorski gradski portal\" \/>\n<meta property=\"article:publisher\" content=\"https:\/\/www.facebook.com\/PrijedorDanasCom\/\" \/>\n<meta property=\"article:published_time\" content=\"2021-07-25T12:00:29+00:00\" \/>\n<meta property=\"og:image\" content=\"https:\/\/www.prijedordanas.com\/wp-content\/uploads\/2021\/07\/saobracajka-gomjenica-mazda-bicikl-4-300x225.jpg\" \/>\n<meta name=\"author\" content=\"admin\" \/>\n<meta name=\"twitter:card\" content=\"summary_large_image\" \/>\n<meta name=\"twitter:label1\" content=\"Written by\" \/>\n\t<meta name=\"twitter:data1\" content=\"admin\" \/>\n\t<meta name=\"twitter:label2\" content=\"Est. reading time\" \/>\n\t<meta name=\"twitter:data2\" content=\"2 minutes\" \/>\n<script type=\"application\/ld+json\" class=\"yoast-schema-graph\">{\"@context\":\"https:\/\/schema.org\",\"@graph\":[{\"@type\":\"Article\",\"@id\":\"https:\/\/www.prijedordanas.com\/?p=170983#article\",\"isPartOf\":{\"@id\":\"https:\/\/www.prijedordanas.com\/?p=170983\"},\"author\":{\"name\":\"admin\",\"@id\":\"https:\/\/www.prijedordanas.com\/#\/schema\/person\/4e08ccf29b506ca916ff86d46bb700e6\"},\"headline\":\"Detalji stravi\u010dne nesre\u0107e u Prijedoru: Dje\u010dak se na biciklu dr\u017eao za motor u pokretu, nakon pada dogodila se tragedija\",\"datePublished\":\"2021-07-25T12:00:29+00:00\",\"dateModified\":\"2021-07-25T12:00:29+00:00\",\"mainEntityOfPage\":{\"@id\":\"https:\/\/www.prijedordanas.com\/?p=170983\"},\"wordCount\":307,\"publisher\":{\"@id\":\"https:\/\/www.prijedordanas.com\/#organization\"},\"articleSection\":[\"Hronika\"],\"inLanguage\":\"en-US\"},{\"@type\":\"WebPage\",\"@id\":\"https:\/\/www.prijedordanas.com\/?p=170983\",\"url\":\"https:\/\/www.prijedordanas.com\/?p=170983\",\"name\":\"Detalji stravi\u010dne nesre\u0107e u Prijedoru: Dje\u010dak se na biciklu dr\u017eao za motor u pokretu, nakon pada dogodila se tragedija - PrijedorDanas.com - Prijedorski gradski portal\",\"isPartOf\":{\"@id\":\"https:\/\/www.prijedordanas.com\/#website\"},\"datePublished\":\"2021-07-25T12:00:29+00:00\",\"dateModified\":\"2021-07-25T12:00:29+00:00\",\"breadcrumb\":{\"@id\":\"https:\/\/www.prijedordanas.com\/?p=170983#breadcrumb\"},\"inLanguage\":\"en-US\",\"potentialAction\":[{\"@type\":\"ReadAction\",\"target\":[\"https:\/\/www.prijedordanas.com\/?p=170983\"]}]},{\"@type\":\"BreadcrumbList\",\"@id\":\"https:\/\/www.prijedordanas.com\/?p=170983#breadcrumb\",\"itemListElement\":[{\"@type\":\"ListItem\",\"position\":1,\"name\":\"Home\",\"item\":\"https:\/\/www.prijedordanas.com\/\"},{\"@type\":\"ListItem\",\"position\":2,\"name\":\"Detalji stravi\u010dne nesre\u0107e u Prijedoru: Dje\u010dak se na biciklu dr\u017eao za motor u pokretu, nakon pada dogodila se tragedija\"}]},{\"@type\":\"WebSite\",\"@id\":\"https:\/\/www.prijedordanas.com\/#website\",\"url\":\"https:\/\/www.prijedordanas.com\/\",\"name\":\"PrijedorDanas.com - Prijedorski gradski portal\",\"description\":\"Portal o doga\u0111anjima u gradu Prijedoru\",\"publisher\":{\"@id\":\"https:\/\/www.prijedordanas.com\/#organization\"},\"potentialAction\":[{\"@type\":\"SearchAction\",\"target\":{\"@type\":\"EntryPoint\",\"urlTemplate\":\"https:\/\/www.prijedordanas.com\/?s={search_term_string}\"},\"query-input\":\"required name=search_term_string\"}],\"inLanguage\":\"en-US\"},{\"@type\":\"Organization\",\"@id\":\"https:\/\/www.prijedordanas.com\/#organization\",\"name\":\"PrijedorDanas.com\",\"url\":\"https:\/\/www.prijedordanas.com\/\",\"logo\":{\"@type\":\"ImageObject\",\"inLanguage\":\"en-US\",\"@id\":\"https:\/\/www.prijedordanas.com\/#\/schema\/logo\/image\/\",\"url\":\"http:\/\/www.prijedordanas.com\/wp-content\/uploads\/2021\/12\/logopng.png\",\"contentUrl\":\"http:\/\/www.prijedordanas.com\/wp-content\/uploads\/2021\/12\/logopng.png\",\"width\":1019,\"height\":776,\"caption\":\"PrijedorDanas.com\"},\"image\":{\"@id\":\"https:\/\/www.prijedordanas.com\/#\/schema\/logo\/image\/\"},\"sameAs\":[\"https:\/\/www.facebook.com\/PrijedorDanasCom\/\"]},{\"@type\":\"Person\",\"@id\":\"https:\/\/www.prijedordanas.com\/#\/schema\/person\/4e08ccf29b506ca916ff86d46bb700e6\",\"name\":\"admin\",\"image\":{\"@type\":\"ImageObject\",\"inLanguage\":\"en-US\",\"@id\":\"https:\/\/www.prijedordanas.com\/#\/schema\/person\/image\/\",\"url\":\"https:\/\/secure.gravatar.com\/avatar\/1d3fc949d550f0b53a5f0d51e06dfd79?s=96&d=mm&r=g\",\"contentUrl\":\"https:\/\/secure.gravatar.com\/avatar\/1d3fc949d550f0b53a5f0d51e06dfd79?s=96&d=mm&r=g\",\"caption\":\"admin\"},\"url\":\"https:\/\/www.prijedordanas.com\/?author=1\"}]}<\/script>\n<!-- \/ Yoast SEO plugin. -->","yoast_head_json":{"title":"Detalji stravi\u010dne nesre\u0107e u Prijedoru: Dje\u010dak se na biciklu dr\u017eao za motor u pokretu, nakon pada dogodila se tragedija - PrijedorDanas.com - Prijedorski gradski portal","robots":{"index":"index","follow":"follow","max-snippet":"max-snippet:-1","max-image-preview":"max-image-preview:large","max-video-preview":"max-video-preview:-1"},"canonical":"https:\/\/www.prijedordanas.com\/?p=170983","og_locale":"en_US","og_type":"article","og_title":"Detalji stravi\u010dne nesre\u0107e u Prijedoru: Dje\u010dak se na biciklu dr\u017eao za motor u pokretu, nakon pada dogodila se tragedija - PrijedorDanas.com - Prijedorski gradski portal","og_description":"Saobra\u0107ajna nesre\u0107a u Prijedoru u kojoj je uga\u0161en \u017eivot dvanaestogodi\u0161njeg dje\u010daka jo\u0161 jedna je opomena svim u\u010desnicima u saobra\u0107aju da po\u0161tuju propise i \u010duvaju sebe i druge. Podsje\u0107amo, ju\u010de oko [&hellip;]","og_url":"https:\/\/www.prijedordanas.com\/?p=170983","og_site_name":"PrijedorDanas.com - Prijedorski gradski portal","article_publisher":"https:\/\/www.facebook.com\/PrijedorDanasCom\/","article_published_time":"2021-07-25T12:00:29+00:00","og_image":[{"url":"https:\/\/www.prijedordanas.com\/wp-content\/uploads\/2021\/07\/saobracajka-gomjenica-mazda-bicikl-4-300x225.jpg"}],"author":"admin","twitter_card":"summary_large_image","twitter_misc":{"Written by":"admin","Est. reading time":"2 minutes"},"schema":{"@context":"https:\/\/schema.org","@graph":[{"@type":"Article","@id":"https:\/\/www.prijedordanas.com\/?p=170983#article","isPartOf":{"@id":"https:\/\/www.prijedordanas.com\/?p=170983"},"author":{"name":"admin","@id":"https:\/\/www.prijedordanas.com\/#\/schema\/person\/4e08ccf29b506ca916ff86d46bb700e6"},"headline":"Detalji stravi\u010dne nesre\u0107e u Prijedoru: Dje\u010dak se na biciklu dr\u017eao za motor u pokretu, nakon pada dogodila se tragedija","datePublished":"2021-07-25T12:00:29+00:00","dateModified":"2021-07-25T12:00:29+00:00","mainEntityOfPage":{"@id":"https:\/\/www.prijedordanas.com\/?p=170983"},"wordCount":307,"publisher":{"@id":"https:\/\/www.prijedordanas.com\/#organization"},"articleSection":["Hronika"],"inLanguage":"en-US"},{"@type":"WebPage","@id":"https:\/\/www.prijedordanas.com\/?p=170983","url":"https:\/\/www.prijedordanas.com\/?p=170983","name":"Detalji stravi\u010dne nesre\u0107e u Prijedoru: Dje\u010dak se na biciklu dr\u017eao za motor u pokretu, nakon pada dogodila se tragedija - PrijedorDanas.com - Prijedorski gradski portal","isPartOf":{"@id":"https:\/\/www.prijedordanas.com\/#website"},"datePublished":"2021-07-25T12:00:29+00:00","dateModified":"2021-07-25T12:00:29+00:00","breadcrumb":{"@id":"https:\/\/www.prijedordanas.com\/?p=170983#breadcrumb"},"inLanguage":"en-US","potentialAction":[{"@type":"ReadAction","target":["https:\/\/www.prijedordanas.com\/?p=170983"]}]},{"@type":"BreadcrumbList","@id":"https:\/\/www.prijedordanas.com\/?p=170983#breadcrumb","itemListElement":[{"@type":"ListItem","position":1,"name":"Home","item":"https:\/\/www.prijedordanas.com\/"},{"@type":"ListItem","position":2,"name":"Detalji stravi\u010dne nesre\u0107e u Prijedoru: Dje\u010dak se na biciklu dr\u017eao za motor u pokretu, nakon pada dogodila se tragedija"}]},{"@type":"WebSite","@id":"https:\/\/www.prijedordanas.com\/#website","url":"https:\/\/www.prijedordanas.com\/","name":"PrijedorDanas.com - Prijedorski gradski portal","description":"Portal o doga\u0111anjima u gradu Prijedoru","publisher":{"@id":"https:\/\/www.prijedordanas.com\/#organization"},"potentialAction":[{"@type":"SearchAction","target":{"@type":"EntryPoint","urlTemplate":"https:\/\/www.prijedordanas.com\/?s={search_term_string}"},"query-input":"required name=search_term_string"}],"inLanguage":"en-US"},{"@type":"Organization","@id":"https:\/\/www.prijedordanas.com\/#organization","name":"PrijedorDanas.com","url":"https:\/\/www.prijedordanas.com\/","logo":{"@type":"ImageObject","inLanguage":"en-US","@id":"https:\/\/www.prijedordanas.com\/#\/schema\/logo\/image\/","url":"http:\/\/www.prijedordanas.com\/wp-content\/uploads\/2021\/12\/logopng.png","contentUrl":"http:\/\/www.prijedordanas.com\/wp-content\/uploads\/2021\/12\/logopng.png","width":1019,"height":776,"caption":"PrijedorDanas.com"},"image":{"@id":"https:\/\/www.prijedordanas.com\/#\/schema\/logo\/image\/"},"sameAs":["https:\/\/www.facebook.com\/PrijedorDanasCom\/"]},{"@type":"Person","@id":"https:\/\/www.prijedordanas.com\/#\/schema\/person\/4e08ccf29b506ca916ff86d46bb700e6","name":"admin","image":{"@type":"ImageObject","inLanguage":"en-US","@id":"https:\/\/www.prijedordanas.com\/#\/schema\/person\/image\/","url":"https:\/\/secure.gravatar.com\/avatar\/1d3fc949d550f0b53a5f0d51e06dfd79?s=96&d=mm&r=g","contentUrl":"https:\/\/secure.gravatar.com\/avatar\/1d3fc949d550f0b53a5f0d51e06dfd79?s=96&d=mm&r=g","caption":"admin"},"url":"https:\/\/www.prijedordanas.com\/?author=1"}]}},"_links":{"self":[{"href":"https:\/\/www.prijedordanas.com\/index.php?rest_route=\/wp\/v2\/posts\/170983"}],"collection":[{"href":"https:\/\/www.prijedordanas.com\/index.php?rest_route=\/wp\/v2\/posts"}],"about":[{"href":"https:\/\/www.prijedordanas.com\/index.php?rest_route=\/wp\/v2\/types\/post"}],"author":[{"embeddable":true,"href":"https:\/\/www.prijedordanas.com\/index.php?rest_route=\/wp\/v2\/users\/1"}],"replies":[{"embeddable":true,"href":"https:\/\/www.prijedordanas.com\/index.php?rest_route=%2Fwp%2Fv2%2Fcomments&post=170983"}],"version-history":[{"count":1,"href":"https:\/\/www.prijedordanas.com\/index.php?rest_route=\/wp\/v2\/posts\/170983\/revisions"}],"predecessor-version":[{"id":170987,"href":"https:\/\/www.prijedordanas.com\/index.php?rest_route=\/wp\/v2\/posts\/170983\/revisions\/170987"}],"wp:attachment":[{"href":"https:\/\/www.prijedordanas.com\/index.php?rest_route=%2Fwp%2Fv2%2Fmedia&parent=170983"}],"wp:term":[{"taxonomy":"category","embeddable":true,"href":"https:\/\/www.prijedordanas.com\/index.php?rest_route=%2Fwp%2Fv2%2Fcategories&post=170983"},{"taxonomy":"post_tag","embeddable":true,"href":"https:\/\/www.prijedordanas.com\/index.php?rest_route=%2Fwp%2Fv2%2Ftags&post=170983"}],"curies":[{"name":"wp","href":"https:\/\/api.w.org\/{rel}","templated":true}]}}