{"id":170979,"date":"2021-07-25T13:00:28","date_gmt":"2021-07-25T11:00:28","guid":{"rendered":"https:\/\/www.prijedordanas.com\/?p=170979"},"modified":"2021-07-25T13:00:28","modified_gmt":"2021-07-25T11:00:28","slug":"trojka-iz-bloka-veceras-u-prijedoru","status":"publish","type":"post","link":"https:\/\/www.prijedordanas.com\/?p=170979","title":{"rendered":"&#8220;Trojka iz bloka&#8221; ve\u010deras u Prijedoru"},"content":{"rendered":"<p><a href=\"https:\/\/www.prijedordanas.com\/wp-content\/uploads\/2021\/07\/trojka-iz-bloka-2021-plakat-2.jpg\"><img loading=\"lazy\" decoding=\"async\" class=\"alignleft size-medium wp-image-170980\" src=\"https:\/\/www.prijedordanas.com\/wp-content\/uploads\/2021\/07\/trojka-iz-bloka-2021-plakat-2-209x300.jpg\" alt=\"\" width=\"209\" height=\"300\" srcset=\"https:\/\/www.prijedordanas.com\/wp-content\/uploads\/2021\/07\/trojka-iz-bloka-2021-plakat-2-209x300.jpg 209w, https:\/\/www.prijedordanas.com\/wp-content\/uploads\/2021\/07\/trojka-iz-bloka-2021-plakat-2.jpg 450w\" sizes=\"(max-width: 209px) 100vw, 209px\" \/><\/a>Humanitarna organizacija Srbi za Srbe upuc\u0301uje organizuje humanitarni turnir u brzom \u0161utiranju trojki TROJKA IZ BLOKA, koji c\u0301e se tradicionalno, po \u010detvrti put, or\u017eati u Prijedoru, u nedjelju 25.7.2021. godine sa po\u010detkom u 19.00 \u010dasova na terenima Gimnazije \u201eSveti Sava\u201d.<\/p>\n<p>Trojka iz bloka je sportsko-humanitarni projekat Humanitarne organizacije Srbi za Srbe \u010dija je misija da poma\u017ee socijalno-ugro\u017eene vi\u0161edjetne porodice kroz turnire u brzom \u0161utiranju trojki u gradovima \u0161irom svijeta.<\/p>\n<p>Projekat koji je pokrenut 2012. godine uz podr\u0161ku Ko\u0161arka\u0161kog saveza Srbije i Republike Srpske, ko\u0161arka\u0161kih klubova Crvena Zvezda i Partizan i jo\u0161 mnogo sportskih klubova i sportista, postao je ubrzo svjetski poznat spektakl koji se ko\u0161arkom bori protiv siroma\u0161tva.<\/p>\n<p>Humanitarna organizacija Srbi za Srbe do sada je prikupila preko \u0161est miliona konvertibilnih maraka donacija i obezbijedila pomoc\u0301 za preko 2.700 porodica koje broje vi\u0161e od 13.500 djece, od kojih su mnoge dobile siguran krov nad glavom, kupatila, ma\u0161ine za rad, pokuc\u0301stvo, bijelu tehniku, domac\u0301e \u017eivotinje za uzgoj i drugu neophodnu pomoc\u0301.<\/p>\n<p><a href=\"https:\/\/www.prijedordanas.com\/wp-content\/uploads\/2021\/07\/trojka-iz-bloka-2021-plakat-1.jpg\"><img loading=\"lazy\" decoding=\"async\" src=\"https:\/\/www.prijedordanas.com\/wp-content\/uploads\/2021\/07\/trojka-iz-bloka-2021-plakat-1-300x222.jpg\" alt=\"\" width=\"300\" height=\"222\" class=\"alignleft size-medium wp-image-170981\" srcset=\"https:\/\/www.prijedordanas.com\/wp-content\/uploads\/2021\/07\/trojka-iz-bloka-2021-plakat-1-300x222.jpg 300w, https:\/\/www.prijedordanas.com\/wp-content\/uploads\/2021\/07\/trojka-iz-bloka-2021-plakat-1.jpg 675w\" sizes=\"(max-width: 300px) 100vw, 300px\" \/><\/a>U okviru projekta Trojka iz bloka borili smo se zajedno sa na\u0161im ponosnim sponzorima, prijateljima i sportistima i u proteklih sedam godina od po\u010detka projekta, postigli smo zna\u010dajne uspjehe:<br \/>\n-969.392 evra prikupljene pomoc\u0301i,<br \/>\n-vi\u0161e od 1.000 humanitarnih doga\u0111aja odr\u017eano je \u0161irom Republike Srpske, Srbije i svijeta,<br \/>\n-preko 40.000 ljudi svih generacija je u\u010destvovalo na turnirima i<br \/>\n-uz pomoc\u0301 tri dosada\u0161nja turnira odr\u017eana u Prijedoru izgradili smo kuc\u0301u za porodicu Lukic\u0301 iz Gornjeg Jelovca, kupili smo kuc\u0301u za porodicu Ga\u010dic\u0301 iz Marina, porodici Radlovic\u0301 iz Vrbica uredili i opremili jedan sprat kuc\u0301e, te porodici An\u0111elic\u0301 iz Trnopolja kompletno renovirali i opremili kuc\u0301u namje\u0161tajem i bijelom tehnikom, a vrijednost isporu\u010dene pomoc\u0301i je iznosila: 212.569 KM.<\/p>\n<p>Sav prihod od sponzorstava, kao i od kotizacija za u\u010de\u0161c\u0301e na ovogodi\u0161njem turniru i pojedina\u010dnih donacija koje c\u0301e biti omoguc\u0301ene tokom trajanja turnira, namijenjen je za pomoc\u0301 porodicama Aleksic\u0301 iz Garevaca kojoj namjeravamo obezbijediti kombajn, za porodicu \u0110akovic\u0301 iz Donje Kozice kojoj gradimo kuc\u0301u i porodicu Su\u010devic\u0301 iz Japre kojoj namjeravamo da obezbjedimo priklju\u010dke za traktor.<\/p>\n<p>Dosada\u0161nje turnire Trojka iz bloka u Prijedoru je podr\u017ealo blizu 200 privrednih subjekata i institucija iz Prijedora i nekoliko hiljada donatora.<\/p>\n<p>Svi koji to \u017eele, podr\u0161ku turniru mogu dati i pozivom na humanitarni telefonski broj: 17763 (pozivi va\u017ee za MTEL, HT Eronet i BH Telekom mre\u017eu) na koji na\u010din donirate dvije konvertibilne marke.<\/p>\n<p>Humanitarna organizacija Srbi za Srbe<\/p>\n","protected":false},"excerpt":{"rendered":"<p>Humanitarna organizacija Srbi za Srbe upuc\u0301uje organizuje humanitarni turnir u brzom \u0161utiranju trojki TROJKA IZ BLOKA, koji c\u0301e se tradicionalno, po \u010detvrti put, or\u017eati u Prijedoru, u nedjelju 25.7.2021. godine [&hellip;]<\/p>\n","protected":false},"author":1,"featured_media":0,"comment_status":"closed","ping_status":"open","sticky":false,"template":"","format":"standard","meta":{"_monsterinsights_skip_tracking":false,"_monsterinsights_sitenote_active":false,"_monsterinsights_sitenote_note":"","_monsterinsights_sitenote_category":0,"footnotes":""},"categories":[3],"tags":[],"yoast_head":"<!-- This site is optimized with the Yoast SEO plugin v21.6 - https:\/\/yoast.com\/wordpress\/plugins\/seo\/ -->\n<title>&quot;Trojka iz bloka&quot; ve\u010deras u Prijedoru - PrijedorDanas.com - Prijedorski gradski portal<\/title>\n<meta name=\"robots\" content=\"index, follow, max-snippet:-1, max-image-preview:large, max-video-preview:-1\" \/>\n<link rel=\"canonical\" href=\"https:\/\/www.prijedordanas.com\/?p=170979\" \/>\n<meta property=\"og:locale\" content=\"en_US\" \/>\n<meta property=\"og:type\" content=\"article\" \/>\n<meta property=\"og:title\" content=\"&quot;Trojka iz bloka&quot; ve\u010deras u Prijedoru - PrijedorDanas.com - Prijedorski gradski portal\" \/>\n<meta property=\"og:description\" content=\"Humanitarna organizacija Srbi za Srbe upuc\u0301uje organizuje humanitarni turnir u brzom \u0161utiranju trojki TROJKA IZ BLOKA, koji c\u0301e se tradicionalno, po \u010detvrti put, or\u017eati u Prijedoru, u nedjelju 25.7.2021. godine [&hellip;]\" \/>\n<meta property=\"og:url\" content=\"https:\/\/www.prijedordanas.com\/?p=170979\" \/>\n<meta property=\"og:site_name\" content=\"PrijedorDanas.com - Prijedorski gradski portal\" \/>\n<meta property=\"article:publisher\" content=\"https:\/\/www.facebook.com\/PrijedorDanasCom\/\" \/>\n<meta property=\"article:published_time\" content=\"2021-07-25T11:00:28+00:00\" \/>\n<meta property=\"og:image\" content=\"https:\/\/www.prijedordanas.com\/wp-content\/uploads\/2021\/07\/trojka-iz-bloka-2021-plakat-2-209x300.jpg\" \/>\n<meta name=\"author\" content=\"admin\" \/>\n<meta name=\"twitter:card\" content=\"summary_large_image\" \/>\n<meta name=\"twitter:label1\" content=\"Written by\" \/>\n\t<meta name=\"twitter:data1\" content=\"admin\" \/>\n\t<meta name=\"twitter:label2\" content=\"Est. reading time\" \/>\n\t<meta name=\"twitter:data2\" content=\"2 minutes\" \/>\n<script type=\"application\/ld+json\" class=\"yoast-schema-graph\">{\"@context\":\"https:\/\/schema.org\",\"@graph\":[{\"@type\":\"Article\",\"@id\":\"https:\/\/www.prijedordanas.com\/?p=170979#article\",\"isPartOf\":{\"@id\":\"https:\/\/www.prijedordanas.com\/?p=170979\"},\"author\":{\"name\":\"admin\",\"@id\":\"https:\/\/www.prijedordanas.com\/#\/schema\/person\/4e08ccf29b506ca916ff86d46bb700e6\"},\"headline\":\"&#8220;Trojka iz bloka&#8221; ve\u010deras u Prijedoru\",\"datePublished\":\"2021-07-25T11:00:28+00:00\",\"dateModified\":\"2021-07-25T11:00:28+00:00\",\"mainEntityOfPage\":{\"@id\":\"https:\/\/www.prijedordanas.com\/?p=170979\"},\"wordCount\":437,\"publisher\":{\"@id\":\"https:\/\/www.prijedordanas.com\/#organization\"},\"articleSection\":[\"\u017divot\"],\"inLanguage\":\"en-US\"},{\"@type\":\"WebPage\",\"@id\":\"https:\/\/www.prijedordanas.com\/?p=170979\",\"url\":\"https:\/\/www.prijedordanas.com\/?p=170979\",\"name\":\"\\\"Trojka iz bloka\\\" ve\u010deras u Prijedoru - PrijedorDanas.com - Prijedorski gradski portal\",\"isPartOf\":{\"@id\":\"https:\/\/www.prijedordanas.com\/#website\"},\"datePublished\":\"2021-07-25T11:00:28+00:00\",\"dateModified\":\"2021-07-25T11:00:28+00:00\",\"breadcrumb\":{\"@id\":\"https:\/\/www.prijedordanas.com\/?p=170979#breadcrumb\"},\"inLanguage\":\"en-US\",\"potentialAction\":[{\"@type\":\"ReadAction\",\"target\":[\"https:\/\/www.prijedordanas.com\/?p=170979\"]}]},{\"@type\":\"BreadcrumbList\",\"@id\":\"https:\/\/www.prijedordanas.com\/?p=170979#breadcrumb\",\"itemListElement\":[{\"@type\":\"ListItem\",\"position\":1,\"name\":\"Home\",\"item\":\"https:\/\/www.prijedordanas.com\/\"},{\"@type\":\"ListItem\",\"position\":2,\"name\":\"&#8220;Trojka iz bloka&#8221; ve\u010deras u Prijedoru\"}]},{\"@type\":\"WebSite\",\"@id\":\"https:\/\/www.prijedordanas.com\/#website\",\"url\":\"https:\/\/www.prijedordanas.com\/\",\"name\":\"PrijedorDanas.com - Prijedorski gradski portal\",\"description\":\"Portal o doga\u0111anjima u gradu Prijedoru\",\"publisher\":{\"@id\":\"https:\/\/www.prijedordanas.com\/#organization\"},\"potentialAction\":[{\"@type\":\"SearchAction\",\"target\":{\"@type\":\"EntryPoint\",\"urlTemplate\":\"https:\/\/www.prijedordanas.com\/?s={search_term_string}\"},\"query-input\":\"required name=search_term_string\"}],\"inLanguage\":\"en-US\"},{\"@type\":\"Organization\",\"@id\":\"https:\/\/www.prijedordanas.com\/#organization\",\"name\":\"PrijedorDanas.com\",\"url\":\"https:\/\/www.prijedordanas.com\/\",\"logo\":{\"@type\":\"ImageObject\",\"inLanguage\":\"en-US\",\"@id\":\"https:\/\/www.prijedordanas.com\/#\/schema\/logo\/image\/\",\"url\":\"http:\/\/www.prijedordanas.com\/wp-content\/uploads\/2021\/12\/logopng.png\",\"contentUrl\":\"http:\/\/www.prijedordanas.com\/wp-content\/uploads\/2021\/12\/logopng.png\",\"width\":1019,\"height\":776,\"caption\":\"PrijedorDanas.com\"},\"image\":{\"@id\":\"https:\/\/www.prijedordanas.com\/#\/schema\/logo\/image\/\"},\"sameAs\":[\"https:\/\/www.facebook.com\/PrijedorDanasCom\/\"]},{\"@type\":\"Person\",\"@id\":\"https:\/\/www.prijedordanas.com\/#\/schema\/person\/4e08ccf29b506ca916ff86d46bb700e6\",\"name\":\"admin\",\"image\":{\"@type\":\"ImageObject\",\"inLanguage\":\"en-US\",\"@id\":\"https:\/\/www.prijedordanas.com\/#\/schema\/person\/image\/\",\"url\":\"https:\/\/secure.gravatar.com\/avatar\/1d3fc949d550f0b53a5f0d51e06dfd79?s=96&d=mm&r=g\",\"contentUrl\":\"https:\/\/secure.gravatar.com\/avatar\/1d3fc949d550f0b53a5f0d51e06dfd79?s=96&d=mm&r=g\",\"caption\":\"admin\"},\"url\":\"https:\/\/www.prijedordanas.com\/?author=1\"}]}<\/script>\n<!-- \/ Yoast SEO plugin. -->","yoast_head_json":{"title":"\"Trojka iz bloka\" ve\u010deras u Prijedoru - PrijedorDanas.com - Prijedorski gradski portal","robots":{"index":"index","follow":"follow","max-snippet":"max-snippet:-1","max-image-preview":"max-image-preview:large","max-video-preview":"max-video-preview:-1"},"canonical":"https:\/\/www.prijedordanas.com\/?p=170979","og_locale":"en_US","og_type":"article","og_title":"\"Trojka iz bloka\" ve\u010deras u Prijedoru - PrijedorDanas.com - Prijedorski gradski portal","og_description":"Humanitarna organizacija Srbi za Srbe upuc\u0301uje organizuje humanitarni turnir u brzom \u0161utiranju trojki TROJKA IZ BLOKA, koji c\u0301e se tradicionalno, po \u010detvrti put, or\u017eati u Prijedoru, u nedjelju 25.7.2021. godine [&hellip;]","og_url":"https:\/\/www.prijedordanas.com\/?p=170979","og_site_name":"PrijedorDanas.com - Prijedorski gradski portal","article_publisher":"https:\/\/www.facebook.com\/PrijedorDanasCom\/","article_published_time":"2021-07-25T11:00:28+00:00","og_image":[{"url":"https:\/\/www.prijedordanas.com\/wp-content\/uploads\/2021\/07\/trojka-iz-bloka-2021-plakat-2-209x300.jpg"}],"author":"admin","twitter_card":"summary_large_image","twitter_misc":{"Written by":"admin","Est. reading time":"2 minutes"},"schema":{"@context":"https:\/\/schema.org","@graph":[{"@type":"Article","@id":"https:\/\/www.prijedordanas.com\/?p=170979#article","isPartOf":{"@id":"https:\/\/www.prijedordanas.com\/?p=170979"},"author":{"name":"admin","@id":"https:\/\/www.prijedordanas.com\/#\/schema\/person\/4e08ccf29b506ca916ff86d46bb700e6"},"headline":"&#8220;Trojka iz bloka&#8221; ve\u010deras u Prijedoru","datePublished":"2021-07-25T11:00:28+00:00","dateModified":"2021-07-25T11:00:28+00:00","mainEntityOfPage":{"@id":"https:\/\/www.prijedordanas.com\/?p=170979"},"wordCount":437,"publisher":{"@id":"https:\/\/www.prijedordanas.com\/#organization"},"articleSection":["\u017divot"],"inLanguage":"en-US"},{"@type":"WebPage","@id":"https:\/\/www.prijedordanas.com\/?p=170979","url":"https:\/\/www.prijedordanas.com\/?p=170979","name":"\"Trojka iz bloka\" ve\u010deras u Prijedoru - PrijedorDanas.com - Prijedorski gradski portal","isPartOf":{"@id":"https:\/\/www.prijedordanas.com\/#website"},"datePublished":"2021-07-25T11:00:28+00:00","dateModified":"2021-07-25T11:00:28+00:00","breadcrumb":{"@id":"https:\/\/www.prijedordanas.com\/?p=170979#breadcrumb"},"inLanguage":"en-US","potentialAction":[{"@type":"ReadAction","target":["https:\/\/www.prijedordanas.com\/?p=170979"]}]},{"@type":"BreadcrumbList","@id":"https:\/\/www.prijedordanas.com\/?p=170979#breadcrumb","itemListElement":[{"@type":"ListItem","position":1,"name":"Home","item":"https:\/\/www.prijedordanas.com\/"},{"@type":"ListItem","position":2,"name":"&#8220;Trojka iz bloka&#8221; ve\u010deras u Prijedoru"}]},{"@type":"WebSite","@id":"https:\/\/www.prijedordanas.com\/#website","url":"https:\/\/www.prijedordanas.com\/","name":"PrijedorDanas.com - Prijedorski gradski portal","description":"Portal o doga\u0111anjima u gradu Prijedoru","publisher":{"@id":"https:\/\/www.prijedordanas.com\/#organization"},"potentialAction":[{"@type":"SearchAction","target":{"@type":"EntryPoint","urlTemplate":"https:\/\/www.prijedordanas.com\/?s={search_term_string}"},"query-input":"required name=search_term_string"}],"inLanguage":"en-US"},{"@type":"Organization","@id":"https:\/\/www.prijedordanas.com\/#organization","name":"PrijedorDanas.com","url":"https:\/\/www.prijedordanas.com\/","logo":{"@type":"ImageObject","inLanguage":"en-US","@id":"https:\/\/www.prijedordanas.com\/#\/schema\/logo\/image\/","url":"http:\/\/www.prijedordanas.com\/wp-content\/uploads\/2021\/12\/logopng.png","contentUrl":"http:\/\/www.prijedordanas.com\/wp-content\/uploads\/2021\/12\/logopng.png","width":1019,"height":776,"caption":"PrijedorDanas.com"},"image":{"@id":"https:\/\/www.prijedordanas.com\/#\/schema\/logo\/image\/"},"sameAs":["https:\/\/www.facebook.com\/PrijedorDanasCom\/"]},{"@type":"Person","@id":"https:\/\/www.prijedordanas.com\/#\/schema\/person\/4e08ccf29b506ca916ff86d46bb700e6","name":"admin","image":{"@type":"ImageObject","inLanguage":"en-US","@id":"https:\/\/www.prijedordanas.com\/#\/schema\/person\/image\/","url":"https:\/\/secure.gravatar.com\/avatar\/1d3fc949d550f0b53a5f0d51e06dfd79?s=96&d=mm&r=g","contentUrl":"https:\/\/secure.gravatar.com\/avatar\/1d3fc949d550f0b53a5f0d51e06dfd79?s=96&d=mm&r=g","caption":"admin"},"url":"https:\/\/www.prijedordanas.com\/?author=1"}]}},"_links":{"self":[{"href":"https:\/\/www.prijedordanas.com\/index.php?rest_route=\/wp\/v2\/posts\/170979"}],"collection":[{"href":"https:\/\/www.prijedordanas.com\/index.php?rest_route=\/wp\/v2\/posts"}],"about":[{"href":"https:\/\/www.prijedordanas.com\/index.php?rest_route=\/wp\/v2\/types\/post"}],"author":[{"embeddable":true,"href":"https:\/\/www.prijedordanas.com\/index.php?rest_route=\/wp\/v2\/users\/1"}],"replies":[{"embeddable":true,"href":"https:\/\/www.prijedordanas.com\/index.php?rest_route=%2Fwp%2Fv2%2Fcomments&post=170979"}],"version-history":[{"count":1,"href":"https:\/\/www.prijedordanas.com\/index.php?rest_route=\/wp\/v2\/posts\/170979\/revisions"}],"predecessor-version":[{"id":170982,"href":"https:\/\/www.prijedordanas.com\/index.php?rest_route=\/wp\/v2\/posts\/170979\/revisions\/170982"}],"wp:attachment":[{"href":"https:\/\/www.prijedordanas.com\/index.php?rest_route=%2Fwp%2Fv2%2Fmedia&parent=170979"}],"wp:term":[{"taxonomy":"category","embeddable":true,"href":"https:\/\/www.prijedordanas.com\/index.php?rest_route=%2Fwp%2Fv2%2Fcategories&post=170979"},{"taxonomy":"post_tag","embeddable":true,"href":"https:\/\/www.prijedordanas.com\/index.php?rest_route=%2Fwp%2Fv2%2Ftags&post=170979"}],"curies":[{"name":"wp","href":"https:\/\/api.w.org\/{rel}","templated":true}]}}