{"id":17079,"date":"2015-02-28T19:04:05","date_gmt":"2015-02-28T18:04:05","guid":{"rendered":"https:\/\/www.prijedordanas.com\/?p=17079"},"modified":"2015-02-28T19:04:05","modified_gmt":"2015-02-28T18:04:05","slug":"folklorna-manifestacija-razigrana-mladost-prvo-vece-foto-galerija","status":"publish","type":"post","link":"https:\/\/www.prijedordanas.com\/?p=17079","title":{"rendered":"FOLKLORNA MANIFESTACIJA \u201eRAZIGRANA MLADOST\u201c &#8211; PRVO VE\u010cE \u2013 FOTO GALERIJA"},"content":{"rendered":"<p><a href=\"https:\/\/www.prijedordanas.com\/wp-content\/uploads\/2015\/02\/razigrana-mladost-prvo-vece-1.jpg\"><img loading=\"lazy\" decoding=\"async\" class=\"alignleft size-medium wp-image-17049\" src=\"https:\/\/www.prijedordanas.com\/wp-content\/uploads\/2015\/02\/razigrana-mladost-prvo-vece-1-300x199.jpg\" alt=\"razigrana mladost prvo vece (1)\" width=\"300\" height=\"199\" srcset=\"https:\/\/www.prijedordanas.com\/wp-content\/uploads\/2015\/02\/razigrana-mladost-prvo-vece-1-300x199.jpg 300w, https:\/\/www.prijedordanas.com\/wp-content\/uploads\/2015\/02\/razigrana-mladost-prvo-vece-1-624x413.jpg 624w, https:\/\/www.prijedordanas.com\/wp-content\/uploads\/2015\/02\/razigrana-mladost-prvo-vece-1.jpg 800w\" sizes=\"(max-width: 300px) 100vw, 300px\" \/><\/a>Srpsko kulturno-umjetni\u010dko dru\u0161tvo \/SKUD\/ &#8220;Doktor Mladen Stojanovi\u0107&#8221; obilje\u017eilo je u Prijedoru 130 godina postojanja i rada tradicionalnim nastupom dje\u010dijih i omladinskih folklornih grupa &#8220;Razigrana mladost&#8221;.<\/p>\n<p>&#8220;Trinaesti put organizujemo smotru dje\u010dijeg i omladinskog folklora, ali prvi put u dvije koncertne ve\u010deri, s obzirom na veliki jubilej koji obilje\u017eavamo u ovoj godini&#8221;, rekao je predsjednik SKUD-a Vladimir Kr\u010dkovski.<\/p>\n<p>On je naveo da ovaj SKUD ima svoju \u0161kolu folklora i deset folklornih grupa, a svim u\u010desnicima uru\u010dio je zahvalnice.<\/p>\n<p>&#8220;Na dvije koncertne ve\u010deri nastupi\u0107e dvadeset kulturno-umjetni\u010dkih dru\u0161tava iz Republike Srpske i Srbije sa svojih 30 folklornih grupa&#8221;, dodao je Kr\u010dkovski.<\/p>\n<p>U Sportskoj dvorani &#8220;Mladost&#8221; u Prijedoru sino\u0107 se publici predstavilo pet dje\u010dijih i omladinskih folklornih grupa dru\u0161tva doma\u0107ina, te podmladak gostiju iz KUD-ova &#8220;Una&#8221; iz Kozarske Dubice, &#8220;Sana-Mladost&#8221; iz O\u0161tre Luke, &#8220;Petar Ko\u010di\u0107&#8221; iz Nove Topole, &#8220;Mirkovo kolo&#8221; iz Vrba\u0161ke, &#8220;Semendria&#8221; iz Smedereva, te &#8220;Kozara&#8221;, &#8220;Sani\u010dani&#8221; i &#8220;Kozak&#8221; iz Prijedora.<\/p>\n<p>&#8220;Ovo su veliki ljudi i profesionalci, iako su mali, i ovih dvadesetak minuta koncerta koliko nije bilo struje imalo je posebnu \u010dar&#8221;, rekao je voditelj manifestacije i \u010dlan SKUD-a Dejan Karlica nakon \u0161to su djeca igrala pod osvjetljenjem mobilnih telefona i svjetala sa kamera TV snimatelja.<\/p>\n<p>SKUD &#8220;Doktor Mladen Stojanovi\u0107&#8221; osnovano je daleke 1885. godine kao Srpsko pravoslavno pjeva\u010dko dru\u0161tvo &#8220;Vila&#8221;, a danas okuplja 500 \u010dlanova u vi\u0161e sekcija.<\/p>\n<p>&#8220;Na ovim prostorima jedino su mostarske `Gusle` starije, \u0161to zna\u010di da grad Prijedor nema istorijski zna\u010dajnije institucije od ovog dru\u0161tva koje od 1947. godine nosi ime velikog humaniste i heroja Potkozarja&#8221;, naveo je Karlica.<\/p>\n<p>On je podsjetio da je dru\u0161tvo ovjen\u010dano brojnim nagradama, me\u0111u kojima je najpresti\u017enija ocjena \u017eirija Svjetskog folklornog festivala u Novgorodu u Rusiji gdje je ovaj SKUD ocijenjen kao najbolji ansambl te godine.<\/p>\n<p>Drugo koncertno ve\u010de &#8220;Razigrane mladosti&#8221; odr\u017eava se ve\u010deras u Sportskoj dvorani &#8220;Mladost&#8221; u Prijedoru u 19.00 \u010dasova.<\/p>\n<p>Tekst \u2013 SRNA<br \/>\nFoto \u2013 Aleksandar Drakuli\u0107 \u2013 www.prijedordanas.com<br \/>\n<a href=\"https:\/\/www.prijedordanas.com\/wp-content\/uploads\/2015\/02\/razigrana-mladost-prvo-vece-2.jpg\"><img loading=\"lazy\" decoding=\"async\" class=\"alignleft size-medium wp-image-17050\" src=\"https:\/\/www.prijedordanas.com\/wp-content\/uploads\/2015\/02\/razigrana-mladost-prvo-vece-2-300x199.jpg\" alt=\"razigrana mladost prvo vece (2)\" width=\"300\" height=\"199\" srcset=\"https:\/\/www.prijedordanas.com\/wp-content\/uploads\/2015\/02\/razigrana-mladost-prvo-vece-2-300x199.jpg 300w, https:\/\/www.prijedordanas.com\/wp-content\/uploads\/2015\/02\/razigrana-mladost-prvo-vece-2-624x413.jpg 624w, https:\/\/www.prijedordanas.com\/wp-content\/uploads\/2015\/02\/razigrana-mladost-prvo-vece-2.jpg 800w\" sizes=\"(max-width: 300px) 100vw, 300px\" \/><\/a> <a href=\"https:\/\/www.prijedordanas.com\/wp-content\/uploads\/2015\/02\/razigrana-mladost-prvo-vece-3.jpg\"><img loading=\"lazy\" decoding=\"async\" class=\"alignleft size-medium wp-image-17051\" src=\"https:\/\/www.prijedordanas.com\/wp-content\/uploads\/2015\/02\/razigrana-mladost-prvo-vece-3-300x199.jpg\" alt=\"razigrana mladost prvo vece (3)\" width=\"300\" height=\"199\" srcset=\"https:\/\/www.prijedordanas.com\/wp-content\/uploads\/2015\/02\/razigrana-mladost-prvo-vece-3-300x199.jpg 300w, https:\/\/www.prijedordanas.com\/wp-content\/uploads\/2015\/02\/razigrana-mladost-prvo-vece-3-624x413.jpg 624w, https:\/\/www.prijedordanas.com\/wp-content\/uploads\/2015\/02\/razigrana-mladost-prvo-vece-3.jpg 800w\" sizes=\"(max-width: 300px) 100vw, 300px\" \/><\/a> <a href=\"https:\/\/www.prijedordanas.com\/wp-content\/uploads\/2015\/02\/razigrana-mladost-prvo-vece-4.jpg\"><img loading=\"lazy\" decoding=\"async\" class=\"alignleft size-medium wp-image-17052\" src=\"https:\/\/www.prijedordanas.com\/wp-content\/uploads\/2015\/02\/razigrana-mladost-prvo-vece-4-300x199.jpg\" alt=\"razigrana mladost prvo vece (4)\" width=\"300\" height=\"199\" srcset=\"https:\/\/www.prijedordanas.com\/wp-content\/uploads\/2015\/02\/razigrana-mladost-prvo-vece-4-300x199.jpg 300w, https:\/\/www.prijedordanas.com\/wp-content\/uploads\/2015\/02\/razigrana-mladost-prvo-vece-4-624x413.jpg 624w, https:\/\/www.prijedordanas.com\/wp-content\/uploads\/2015\/02\/razigrana-mladost-prvo-vece-4.jpg 800w\" sizes=\"(max-width: 300px) 100vw, 300px\" \/><\/a> <a href=\"https:\/\/www.prijedordanas.com\/wp-content\/uploads\/2015\/02\/razigrana-mladost-prvo-vece-5.jpg\"><img loading=\"lazy\" decoding=\"async\" class=\"alignleft size-medium wp-image-17053\" src=\"https:\/\/www.prijedordanas.com\/wp-content\/uploads\/2015\/02\/razigrana-mladost-prvo-vece-5-300x199.jpg\" alt=\"razigrana mladost prvo vece (5)\" width=\"300\" height=\"199\" srcset=\"https:\/\/www.prijedordanas.com\/wp-content\/uploads\/2015\/02\/razigrana-mladost-prvo-vece-5-300x199.jpg 300w, https:\/\/www.prijedordanas.com\/wp-content\/uploads\/2015\/02\/razigrana-mladost-prvo-vece-5-624x413.jpg 624w, https:\/\/www.prijedordanas.com\/wp-content\/uploads\/2015\/02\/razigrana-mladost-prvo-vece-5.jpg 800w\" sizes=\"(max-width: 300px) 100vw, 300px\" \/><\/a> <a href=\"https:\/\/www.prijedordanas.com\/wp-content\/uploads\/2015\/02\/razigrana-mladost-prvo-vece-6.jpg\"><img loading=\"lazy\" decoding=\"async\" class=\"alignleft size-medium wp-image-17054\" src=\"https:\/\/www.prijedordanas.com\/wp-content\/uploads\/2015\/02\/razigrana-mladost-prvo-vece-6-300x199.jpg\" alt=\"razigrana mladost prvo vece (6)\" width=\"300\" height=\"199\" srcset=\"https:\/\/www.prijedordanas.com\/wp-content\/uploads\/2015\/02\/razigrana-mladost-prvo-vece-6-300x199.jpg 300w, https:\/\/www.prijedordanas.com\/wp-content\/uploads\/2015\/02\/razigrana-mladost-prvo-vece-6-624x413.jpg 624w, https:\/\/www.prijedordanas.com\/wp-content\/uploads\/2015\/02\/razigrana-mladost-prvo-vece-6.jpg 800w\" sizes=\"(max-width: 300px) 100vw, 300px\" \/><\/a> <a href=\"https:\/\/www.prijedordanas.com\/wp-content\/uploads\/2015\/02\/razigrana-mladost-prvo-vece-7.jpg\"><img loading=\"lazy\" decoding=\"async\" class=\"alignleft size-medium wp-image-17055\" src=\"https:\/\/www.prijedordanas.com\/wp-content\/uploads\/2015\/02\/razigrana-mladost-prvo-vece-7-300x199.jpg\" alt=\"razigrana mladost prvo vece (7)\" width=\"300\" height=\"199\" srcset=\"https:\/\/www.prijedordanas.com\/wp-content\/uploads\/2015\/02\/razigrana-mladost-prvo-vece-7-300x199.jpg 300w, https:\/\/www.prijedordanas.com\/wp-content\/uploads\/2015\/02\/razigrana-mladost-prvo-vece-7-624x413.jpg 624w, https:\/\/www.prijedordanas.com\/wp-content\/uploads\/2015\/02\/razigrana-mladost-prvo-vece-7.jpg 800w\" sizes=\"(max-width: 300px) 100vw, 300px\" \/><\/a> <a href=\"https:\/\/www.prijedordanas.com\/wp-content\/uploads\/2015\/02\/razigrana-mladost-prvo-vece-8.jpg\"><img loading=\"lazy\" decoding=\"async\" class=\"alignleft size-medium wp-image-17056\" src=\"https:\/\/www.prijedordanas.com\/wp-content\/uploads\/2015\/02\/razigrana-mladost-prvo-vece-8-300x199.jpg\" alt=\"razigrana mladost prvo vece (8)\" width=\"300\" height=\"199\" srcset=\"https:\/\/www.prijedordanas.com\/wp-content\/uploads\/2015\/02\/razigrana-mladost-prvo-vece-8-300x199.jpg 300w, https:\/\/www.prijedordanas.com\/wp-content\/uploads\/2015\/02\/razigrana-mladost-prvo-vece-8-624x413.jpg 624w, https:\/\/www.prijedordanas.com\/wp-content\/uploads\/2015\/02\/razigrana-mladost-prvo-vece-8.jpg 800w\" sizes=\"(max-width: 300px) 100vw, 300px\" \/><\/a> <a href=\"https:\/\/www.prijedordanas.com\/wp-content\/uploads\/2015\/02\/razigrana-mladost-prvo-vece-9.jpg\"><img loading=\"lazy\" decoding=\"async\" class=\"alignleft size-medium wp-image-17057\" src=\"https:\/\/www.prijedordanas.com\/wp-content\/uploads\/2015\/02\/razigrana-mladost-prvo-vece-9-300x199.jpg\" alt=\"razigrana mladost prvo vece (9)\" width=\"300\" height=\"199\" srcset=\"https:\/\/www.prijedordanas.com\/wp-content\/uploads\/2015\/02\/razigrana-mladost-prvo-vece-9-300x199.jpg 300w, https:\/\/www.prijedordanas.com\/wp-content\/uploads\/2015\/02\/razigrana-mladost-prvo-vece-9-624x413.jpg 624w, https:\/\/www.prijedordanas.com\/wp-content\/uploads\/2015\/02\/razigrana-mladost-prvo-vece-9.jpg 800w\" sizes=\"(max-width: 300px) 100vw, 300px\" \/><\/a> <a href=\"https:\/\/www.prijedordanas.com\/wp-content\/uploads\/2015\/02\/razigrana-mladost-prvo-vece-10.jpg\"><img loading=\"lazy\" decoding=\"async\" class=\"alignleft size-medium wp-image-17058\" src=\"https:\/\/www.prijedordanas.com\/wp-content\/uploads\/2015\/02\/razigrana-mladost-prvo-vece-10-300x199.jpg\" alt=\"razigrana mladost prvo vece (10)\" width=\"300\" height=\"199\" srcset=\"https:\/\/www.prijedordanas.com\/wp-content\/uploads\/2015\/02\/razigrana-mladost-prvo-vece-10-300x199.jpg 300w, https:\/\/www.prijedordanas.com\/wp-content\/uploads\/2015\/02\/razigrana-mladost-prvo-vece-10-624x413.jpg 624w, https:\/\/www.prijedordanas.com\/wp-content\/uploads\/2015\/02\/razigrana-mladost-prvo-vece-10.jpg 800w\" sizes=\"(max-width: 300px) 100vw, 300px\" \/><\/a> <a href=\"https:\/\/www.prijedordanas.com\/wp-content\/uploads\/2015\/02\/razigrana-mladost-prvo-vece-11.jpg\"><img loading=\"lazy\" decoding=\"async\" class=\"alignleft size-medium wp-image-17059\" src=\"https:\/\/www.prijedordanas.com\/wp-content\/uploads\/2015\/02\/razigrana-mladost-prvo-vece-11-300x199.jpg\" alt=\"razigrana mladost prvo vece (11)\" width=\"300\" height=\"199\" srcset=\"https:\/\/www.prijedordanas.com\/wp-content\/uploads\/2015\/02\/razigrana-mladost-prvo-vece-11-300x199.jpg 300w, https:\/\/www.prijedordanas.com\/wp-content\/uploads\/2015\/02\/razigrana-mladost-prvo-vece-11-624x413.jpg 624w, https:\/\/www.prijedordanas.com\/wp-content\/uploads\/2015\/02\/razigrana-mladost-prvo-vece-11.jpg 800w\" sizes=\"(max-width: 300px) 100vw, 300px\" \/><\/a> <a href=\"https:\/\/www.prijedordanas.com\/wp-content\/uploads\/2015\/02\/razigrana-mladost-prvo-vece-12.jpg\"><img loading=\"lazy\" decoding=\"async\" class=\"alignleft size-medium wp-image-17060\" src=\"https:\/\/www.prijedordanas.com\/wp-content\/uploads\/2015\/02\/razigrana-mladost-prvo-vece-12-300x199.jpg\" alt=\"razigrana mladost prvo vece (12)\" width=\"300\" height=\"199\" srcset=\"https:\/\/www.prijedordanas.com\/wp-content\/uploads\/2015\/02\/razigrana-mladost-prvo-vece-12-300x199.jpg 300w, https:\/\/www.prijedordanas.com\/wp-content\/uploads\/2015\/02\/razigrana-mladost-prvo-vece-12-624x413.jpg 624w, https:\/\/www.prijedordanas.com\/wp-content\/uploads\/2015\/02\/razigrana-mladost-prvo-vece-12.jpg 800w\" sizes=\"(max-width: 300px) 100vw, 300px\" \/><\/a> <a href=\"https:\/\/www.prijedordanas.com\/wp-content\/uploads\/2015\/02\/razigrana-mladost-prvo-vece-13.jpg\"><img loading=\"lazy\" decoding=\"async\" class=\"alignleft size-medium wp-image-17061\" src=\"https:\/\/www.prijedordanas.com\/wp-content\/uploads\/2015\/02\/razigrana-mladost-prvo-vece-13-300x199.jpg\" alt=\"razigrana mladost prvo vece (13)\" width=\"300\" height=\"199\" srcset=\"https:\/\/www.prijedordanas.com\/wp-content\/uploads\/2015\/02\/razigrana-mladost-prvo-vece-13-300x199.jpg 300w, https:\/\/www.prijedordanas.com\/wp-content\/uploads\/2015\/02\/razigrana-mladost-prvo-vece-13-624x413.jpg 624w, https:\/\/www.prijedordanas.com\/wp-content\/uploads\/2015\/02\/razigrana-mladost-prvo-vece-13.jpg 800w\" sizes=\"(max-width: 300px) 100vw, 300px\" \/><\/a> <a href=\"https:\/\/www.prijedordanas.com\/wp-content\/uploads\/2015\/02\/razigrana-mladost-prvo-vece-14.jpg\"><img loading=\"lazy\" decoding=\"async\" class=\"alignleft size-medium wp-image-17062\" src=\"https:\/\/www.prijedordanas.com\/wp-content\/uploads\/2015\/02\/razigrana-mladost-prvo-vece-14-300x199.jpg\" alt=\"razigrana mladost prvo vece (14)\" width=\"300\" height=\"199\" srcset=\"https:\/\/www.prijedordanas.com\/wp-content\/uploads\/2015\/02\/razigrana-mladost-prvo-vece-14-300x199.jpg 300w, https:\/\/www.prijedordanas.com\/wp-content\/uploads\/2015\/02\/razigrana-mladost-prvo-vece-14-624x413.jpg 624w, https:\/\/www.prijedordanas.com\/wp-content\/uploads\/2015\/02\/razigrana-mladost-prvo-vece-14.jpg 800w\" sizes=\"(max-width: 300px) 100vw, 300px\" \/><\/a> <a href=\"https:\/\/www.prijedordanas.com\/wp-content\/uploads\/2015\/02\/razigrana-mladost-prvo-vece-15.jpg\"><img loading=\"lazy\" decoding=\"async\" class=\"alignleft size-medium wp-image-17063\" src=\"https:\/\/www.prijedordanas.com\/wp-content\/uploads\/2015\/02\/razigrana-mladost-prvo-vece-15-300x199.jpg\" alt=\"razigrana mladost prvo vece (15)\" width=\"300\" height=\"199\" srcset=\"https:\/\/www.prijedordanas.com\/wp-content\/uploads\/2015\/02\/razigrana-mladost-prvo-vece-15-300x199.jpg 300w, https:\/\/www.prijedordanas.com\/wp-content\/uploads\/2015\/02\/razigrana-mladost-prvo-vece-15-624x413.jpg 624w, https:\/\/www.prijedordanas.com\/wp-content\/uploads\/2015\/02\/razigrana-mladost-prvo-vece-15.jpg 800w\" sizes=\"(max-width: 300px) 100vw, 300px\" \/><\/a> <a href=\"https:\/\/www.prijedordanas.com\/wp-content\/uploads\/2015\/02\/razigrana-mladost-prvo-vece-16.jpg\"><img loading=\"lazy\" decoding=\"async\" class=\"alignleft size-medium wp-image-17064\" src=\"https:\/\/www.prijedordanas.com\/wp-content\/uploads\/2015\/02\/razigrana-mladost-prvo-vece-16-300x199.jpg\" alt=\"razigrana mladost prvo vece (16)\" width=\"300\" height=\"199\" srcset=\"https:\/\/www.prijedordanas.com\/wp-content\/uploads\/2015\/02\/razigrana-mladost-prvo-vece-16-300x199.jpg 300w, https:\/\/www.prijedordanas.com\/wp-content\/uploads\/2015\/02\/razigrana-mladost-prvo-vece-16-624x413.jpg 624w, https:\/\/www.prijedordanas.com\/wp-content\/uploads\/2015\/02\/razigrana-mladost-prvo-vece-16.jpg 800w\" sizes=\"(max-width: 300px) 100vw, 300px\" \/><\/a> <a href=\"https:\/\/www.prijedordanas.com\/wp-content\/uploads\/2015\/02\/razigrana-mladost-prvo-vece-17.jpg\"><img loading=\"lazy\" decoding=\"async\" class=\"alignleft size-medium wp-image-17065\" src=\"https:\/\/www.prijedordanas.com\/wp-content\/uploads\/2015\/02\/razigrana-mladost-prvo-vece-17-300x199.jpg\" alt=\"razigrana mladost prvo vece (17)\" width=\"300\" height=\"199\" srcset=\"https:\/\/www.prijedordanas.com\/wp-content\/uploads\/2015\/02\/razigrana-mladost-prvo-vece-17-300x199.jpg 300w, https:\/\/www.prijedordanas.com\/wp-content\/uploads\/2015\/02\/razigrana-mladost-prvo-vece-17-624x413.jpg 624w, https:\/\/www.prijedordanas.com\/wp-content\/uploads\/2015\/02\/razigrana-mladost-prvo-vece-17.jpg 800w\" sizes=\"(max-width: 300px) 100vw, 300px\" \/><\/a> <a href=\"https:\/\/www.prijedordanas.com\/wp-content\/uploads\/2015\/02\/razigrana-mladost-prvo-vece-18.jpg\"><img loading=\"lazy\" decoding=\"async\" class=\"alignleft size-medium wp-image-17066\" src=\"https:\/\/www.prijedordanas.com\/wp-content\/uploads\/2015\/02\/razigrana-mladost-prvo-vece-18-300x199.jpg\" alt=\"razigrana mladost prvo vece (18)\" width=\"300\" height=\"199\" srcset=\"https:\/\/www.prijedordanas.com\/wp-content\/uploads\/2015\/02\/razigrana-mladost-prvo-vece-18-300x199.jpg 300w, https:\/\/www.prijedordanas.com\/wp-content\/uploads\/2015\/02\/razigrana-mladost-prvo-vece-18-624x413.jpg 624w, https:\/\/www.prijedordanas.com\/wp-content\/uploads\/2015\/02\/razigrana-mladost-prvo-vece-18.jpg 800w\" sizes=\"(max-width: 300px) 100vw, 300px\" \/><\/a> <a href=\"https:\/\/www.prijedordanas.com\/wp-content\/uploads\/2015\/02\/razigrana-mladost-prvo-vece-19.jpg\"><img loading=\"lazy\" decoding=\"async\" class=\"alignleft size-medium wp-image-17067\" src=\"https:\/\/www.prijedordanas.com\/wp-content\/uploads\/2015\/02\/razigrana-mladost-prvo-vece-19-300x199.jpg\" alt=\"razigrana mladost prvo vece (19)\" width=\"300\" height=\"199\" srcset=\"https:\/\/www.prijedordanas.com\/wp-content\/uploads\/2015\/02\/razigrana-mladost-prvo-vece-19-300x199.jpg 300w, https:\/\/www.prijedordanas.com\/wp-content\/uploads\/2015\/02\/razigrana-mladost-prvo-vece-19-624x413.jpg 624w, https:\/\/www.prijedordanas.com\/wp-content\/uploads\/2015\/02\/razigrana-mladost-prvo-vece-19.jpg 800w\" sizes=\"(max-width: 300px) 100vw, 300px\" \/><\/a> <a href=\"https:\/\/www.prijedordanas.com\/wp-content\/uploads\/2015\/02\/razigrana-mladost-prvo-vece-20.jpg\"><img loading=\"lazy\" decoding=\"async\" class=\"alignleft size-medium wp-image-17068\" src=\"https:\/\/www.prijedordanas.com\/wp-content\/uploads\/2015\/02\/razigrana-mladost-prvo-vece-20-300x199.jpg\" alt=\"razigrana mladost prvo vece (20)\" width=\"300\" height=\"199\" srcset=\"https:\/\/www.prijedordanas.com\/wp-content\/uploads\/2015\/02\/razigrana-mladost-prvo-vece-20-300x199.jpg 300w, https:\/\/www.prijedordanas.com\/wp-content\/uploads\/2015\/02\/razigrana-mladost-prvo-vece-20-624x413.jpg 624w, https:\/\/www.prijedordanas.com\/wp-content\/uploads\/2015\/02\/razigrana-mladost-prvo-vece-20.jpg 800w\" sizes=\"(max-width: 300px) 100vw, 300px\" \/><\/a> <a href=\"https:\/\/www.prijedordanas.com\/wp-content\/uploads\/2015\/02\/razigrana-mladost-prvo-vece-21.jpg\"><img loading=\"lazy\" decoding=\"async\" class=\"alignleft size-medium wp-image-17069\" src=\"https:\/\/www.prijedordanas.com\/wp-content\/uploads\/2015\/02\/razigrana-mladost-prvo-vece-21-300x199.jpg\" alt=\"razigrana mladost prvo vece (21)\" width=\"300\" height=\"199\" srcset=\"https:\/\/www.prijedordanas.com\/wp-content\/uploads\/2015\/02\/razigrana-mladost-prvo-vece-21-300x199.jpg 300w, https:\/\/www.prijedordanas.com\/wp-content\/uploads\/2015\/02\/razigrana-mladost-prvo-vece-21-624x413.jpg 624w, https:\/\/www.prijedordanas.com\/wp-content\/uploads\/2015\/02\/razigrana-mladost-prvo-vece-21.jpg 800w\" sizes=\"(max-width: 300px) 100vw, 300px\" \/><\/a> <a href=\"https:\/\/www.prijedordanas.com\/wp-content\/uploads\/2015\/02\/razigrana-mladost-prvo-vece-22.jpg\"><img loading=\"lazy\" decoding=\"async\" class=\"alignleft size-medium wp-image-17070\" src=\"https:\/\/www.prijedordanas.com\/wp-content\/uploads\/2015\/02\/razigrana-mladost-prvo-vece-22-300x199.jpg\" alt=\"razigrana mladost prvo vece (22)\" width=\"300\" height=\"199\" srcset=\"https:\/\/www.prijedordanas.com\/wp-content\/uploads\/2015\/02\/razigrana-mladost-prvo-vece-22-300x199.jpg 300w, https:\/\/www.prijedordanas.com\/wp-content\/uploads\/2015\/02\/razigrana-mladost-prvo-vece-22-624x413.jpg 624w, https:\/\/www.prijedordanas.com\/wp-content\/uploads\/2015\/02\/razigrana-mladost-prvo-vece-22.jpg 800w\" sizes=\"(max-width: 300px) 100vw, 300px\" \/><\/a> <a href=\"https:\/\/www.prijedordanas.com\/wp-content\/uploads\/2015\/02\/razigrana-mladost-prvo-vece-23.jpg\"><img loading=\"lazy\" decoding=\"async\" class=\"alignleft size-medium wp-image-17071\" src=\"https:\/\/www.prijedordanas.com\/wp-content\/uploads\/2015\/02\/razigrana-mladost-prvo-vece-23-300x199.jpg\" alt=\"razigrana mladost prvo vece (23)\" width=\"300\" height=\"199\" srcset=\"https:\/\/www.prijedordanas.com\/wp-content\/uploads\/2015\/02\/razigrana-mladost-prvo-vece-23-300x199.jpg 300w, https:\/\/www.prijedordanas.com\/wp-content\/uploads\/2015\/02\/razigrana-mladost-prvo-vece-23-624x413.jpg 624w, https:\/\/www.prijedordanas.com\/wp-content\/uploads\/2015\/02\/razigrana-mladost-prvo-vece-23.jpg 800w\" sizes=\"(max-width: 300px) 100vw, 300px\" \/><\/a> <a href=\"https:\/\/www.prijedordanas.com\/wp-content\/uploads\/2015\/02\/razigrana-mladost-prvo-vece-24.jpg\"><img loading=\"lazy\" decoding=\"async\" class=\"alignleft size-medium wp-image-17072\" src=\"https:\/\/www.prijedordanas.com\/wp-content\/uploads\/2015\/02\/razigrana-mladost-prvo-vece-24-300x199.jpg\" alt=\"razigrana mladost prvo vece (24)\" width=\"300\" height=\"199\" srcset=\"https:\/\/www.prijedordanas.com\/wp-content\/uploads\/2015\/02\/razigrana-mladost-prvo-vece-24-300x199.jpg 300w, https:\/\/www.prijedordanas.com\/wp-content\/uploads\/2015\/02\/razigrana-mladost-prvo-vece-24-624x413.jpg 624w, https:\/\/www.prijedordanas.com\/wp-content\/uploads\/2015\/02\/razigrana-mladost-prvo-vece-24.jpg 800w\" sizes=\"(max-width: 300px) 100vw, 300px\" \/><\/a> <a href=\"https:\/\/www.prijedordanas.com\/wp-content\/uploads\/2015\/02\/razigrana-mladost-prvo-vece-25.jpg\"><img loading=\"lazy\" decoding=\"async\" class=\"alignleft size-medium wp-image-17073\" src=\"https:\/\/www.prijedordanas.com\/wp-content\/uploads\/2015\/02\/razigrana-mladost-prvo-vece-25-300x199.jpg\" alt=\"razigrana mladost prvo vece (25)\" width=\"300\" height=\"199\" srcset=\"https:\/\/www.prijedordanas.com\/wp-content\/uploads\/2015\/02\/razigrana-mladost-prvo-vece-25-300x199.jpg 300w, https:\/\/www.prijedordanas.com\/wp-content\/uploads\/2015\/02\/razigrana-mladost-prvo-vece-25-624x413.jpg 624w, https:\/\/www.prijedordanas.com\/wp-content\/uploads\/2015\/02\/razigrana-mladost-prvo-vece-25.jpg 800w\" sizes=\"(max-width: 300px) 100vw, 300px\" \/><\/a><\/p>\n","protected":false},"excerpt":{"rendered":"<p>Srpsko kulturno-umjetni\u010dko dru\u0161tvo \/SKUD\/ &#8220;Doktor Mladen Stojanovi\u0107&#8221; obilje\u017eilo je u Prijedoru 130 godina postojanja i rada tradicionalnim nastupom dje\u010dijih i omladinskih folklornih grupa &#8220;Razigrana mladost&#8221;. &#8220;Trinaesti put organizujemo smotru dje\u010dijeg [&hellip;]<\/p>\n","protected":false},"author":1,"featured_media":0,"comment_status":"closed","ping_status":"open","sticky":false,"template":"","format":"standard","meta":{"_monsterinsights_skip_tracking":false,"_monsterinsights_sitenote_active":false,"_monsterinsights_sitenote_note":"","_monsterinsights_sitenote_category":0,"footnotes":""},"categories":[4],"tags":[],"yoast_head":"<!-- This site is optimized with the Yoast SEO plugin v21.6 - https:\/\/yoast.com\/wordpress\/plugins\/seo\/ -->\n<title>FOLKLORNA MANIFESTACIJA \u201eRAZIGRANA MLADOST\u201c - PRVO VE\u010cE \u2013 FOTO GALERIJA - PrijedorDanas.com - Prijedorski gradski portal<\/title>\n<meta name=\"robots\" content=\"index, follow, max-snippet:-1, max-image-preview:large, max-video-preview:-1\" \/>\n<link rel=\"canonical\" href=\"https:\/\/www.prijedordanas.com\/?p=17079\" \/>\n<meta property=\"og:locale\" content=\"en_US\" \/>\n<meta property=\"og:type\" content=\"article\" \/>\n<meta property=\"og:title\" content=\"FOLKLORNA MANIFESTACIJA \u201eRAZIGRANA MLADOST\u201c - PRVO VE\u010cE \u2013 FOTO GALERIJA - PrijedorDanas.com - Prijedorski gradski portal\" \/>\n<meta property=\"og:description\" content=\"Srpsko kulturno-umjetni\u010dko dru\u0161tvo \/SKUD\/ &#8220;Doktor Mladen Stojanovi\u0107&#8221; obilje\u017eilo je u Prijedoru 130 godina postojanja i rada tradicionalnim nastupom dje\u010dijih i omladinskih folklornih grupa &#8220;Razigrana mladost&#8221;. &#8220;Trinaesti put organizujemo smotru dje\u010dijeg [&hellip;]\" \/>\n<meta property=\"og:url\" content=\"https:\/\/www.prijedordanas.com\/?p=17079\" \/>\n<meta property=\"og:site_name\" content=\"PrijedorDanas.com - Prijedorski gradski portal\" \/>\n<meta property=\"article:publisher\" content=\"https:\/\/www.facebook.com\/PrijedorDanasCom\/\" \/>\n<meta property=\"article:published_time\" content=\"2015-02-28T18:04:05+00:00\" \/>\n<meta property=\"og:image\" content=\"https:\/\/www.prijedordanas.com\/wp-content\/uploads\/2015\/02\/razigrana-mladost-prvo-vece-1-300x199.jpg\" \/>\n<meta name=\"author\" content=\"admin\" \/>\n<meta name=\"twitter:card\" content=\"summary_large_image\" \/>\n<meta name=\"twitter:label1\" content=\"Written by\" \/>\n\t<meta name=\"twitter:data1\" content=\"admin\" \/>\n\t<meta name=\"twitter:label2\" content=\"Est. reading time\" \/>\n\t<meta name=\"twitter:data2\" content=\"2 minutes\" \/>\n<script type=\"application\/ld+json\" class=\"yoast-schema-graph\">{\"@context\":\"https:\/\/schema.org\",\"@graph\":[{\"@type\":\"Article\",\"@id\":\"https:\/\/www.prijedordanas.com\/?p=17079#article\",\"isPartOf\":{\"@id\":\"https:\/\/www.prijedordanas.com\/?p=17079\"},\"author\":{\"name\":\"admin\",\"@id\":\"https:\/\/www.prijedordanas.com\/#\/schema\/person\/4e08ccf29b506ca916ff86d46bb700e6\"},\"headline\":\"FOLKLORNA MANIFESTACIJA \u201eRAZIGRANA MLADOST\u201c &#8211; PRVO VE\u010cE \u2013 FOTO GALERIJA\",\"datePublished\":\"2015-02-28T18:04:05+00:00\",\"dateModified\":\"2015-02-28T18:04:05+00:00\",\"mainEntityOfPage\":{\"@id\":\"https:\/\/www.prijedordanas.com\/?p=17079\"},\"wordCount\":346,\"publisher\":{\"@id\":\"https:\/\/www.prijedordanas.com\/#organization\"},\"articleSection\":[\"Dru\u0161tvo\"],\"inLanguage\":\"en-US\"},{\"@type\":\"WebPage\",\"@id\":\"https:\/\/www.prijedordanas.com\/?p=17079\",\"url\":\"https:\/\/www.prijedordanas.com\/?p=17079\",\"name\":\"FOLKLORNA MANIFESTACIJA \u201eRAZIGRANA MLADOST\u201c - PRVO VE\u010cE \u2013 FOTO GALERIJA - PrijedorDanas.com - Prijedorski gradski portal\",\"isPartOf\":{\"@id\":\"https:\/\/www.prijedordanas.com\/#website\"},\"datePublished\":\"2015-02-28T18:04:05+00:00\",\"dateModified\":\"2015-02-28T18:04:05+00:00\",\"breadcrumb\":{\"@id\":\"https:\/\/www.prijedordanas.com\/?p=17079#breadcrumb\"},\"inLanguage\":\"en-US\",\"potentialAction\":[{\"@type\":\"ReadAction\",\"target\":[\"https:\/\/www.prijedordanas.com\/?p=17079\"]}]},{\"@type\":\"BreadcrumbList\",\"@id\":\"https:\/\/www.prijedordanas.com\/?p=17079#breadcrumb\",\"itemListElement\":[{\"@type\":\"ListItem\",\"position\":1,\"name\":\"Home\",\"item\":\"https:\/\/www.prijedordanas.com\/\"},{\"@type\":\"ListItem\",\"position\":2,\"name\":\"FOLKLORNA MANIFESTACIJA \u201eRAZIGRANA MLADOST\u201c &#8211; PRVO VE\u010cE \u2013 FOTO GALERIJA\"}]},{\"@type\":\"WebSite\",\"@id\":\"https:\/\/www.prijedordanas.com\/#website\",\"url\":\"https:\/\/www.prijedordanas.com\/\",\"name\":\"PrijedorDanas.com - Prijedorski gradski portal\",\"description\":\"Portal o doga\u0111anjima u gradu Prijedoru\",\"publisher\":{\"@id\":\"https:\/\/www.prijedordanas.com\/#organization\"},\"potentialAction\":[{\"@type\":\"SearchAction\",\"target\":{\"@type\":\"EntryPoint\",\"urlTemplate\":\"https:\/\/www.prijedordanas.com\/?s={search_term_string}\"},\"query-input\":\"required name=search_term_string\"}],\"inLanguage\":\"en-US\"},{\"@type\":\"Organization\",\"@id\":\"https:\/\/www.prijedordanas.com\/#organization\",\"name\":\"PrijedorDanas.com\",\"url\":\"https:\/\/www.prijedordanas.com\/\",\"logo\":{\"@type\":\"ImageObject\",\"inLanguage\":\"en-US\",\"@id\":\"https:\/\/www.prijedordanas.com\/#\/schema\/logo\/image\/\",\"url\":\"http:\/\/www.prijedordanas.com\/wp-content\/uploads\/2021\/12\/logopng.png\",\"contentUrl\":\"http:\/\/www.prijedordanas.com\/wp-content\/uploads\/2021\/12\/logopng.png\",\"width\":1019,\"height\":776,\"caption\":\"PrijedorDanas.com\"},\"image\":{\"@id\":\"https:\/\/www.prijedordanas.com\/#\/schema\/logo\/image\/\"},\"sameAs\":[\"https:\/\/www.facebook.com\/PrijedorDanasCom\/\"]},{\"@type\":\"Person\",\"@id\":\"https:\/\/www.prijedordanas.com\/#\/schema\/person\/4e08ccf29b506ca916ff86d46bb700e6\",\"name\":\"admin\",\"image\":{\"@type\":\"ImageObject\",\"inLanguage\":\"en-US\",\"@id\":\"https:\/\/www.prijedordanas.com\/#\/schema\/person\/image\/\",\"url\":\"https:\/\/secure.gravatar.com\/avatar\/1d3fc949d550f0b53a5f0d51e06dfd79?s=96&d=mm&r=g\",\"contentUrl\":\"https:\/\/secure.gravatar.com\/avatar\/1d3fc949d550f0b53a5f0d51e06dfd79?s=96&d=mm&r=g\",\"caption\":\"admin\"},\"url\":\"https:\/\/www.prijedordanas.com\/?author=1\"}]}<\/script>\n<!-- \/ Yoast SEO plugin. -->","yoast_head_json":{"title":"FOLKLORNA MANIFESTACIJA \u201eRAZIGRANA MLADOST\u201c - PRVO VE\u010cE \u2013 FOTO GALERIJA - PrijedorDanas.com - Prijedorski gradski portal","robots":{"index":"index","follow":"follow","max-snippet":"max-snippet:-1","max-image-preview":"max-image-preview:large","max-video-preview":"max-video-preview:-1"},"canonical":"https:\/\/www.prijedordanas.com\/?p=17079","og_locale":"en_US","og_type":"article","og_title":"FOLKLORNA MANIFESTACIJA \u201eRAZIGRANA MLADOST\u201c - PRVO VE\u010cE \u2013 FOTO GALERIJA - PrijedorDanas.com - Prijedorski gradski portal","og_description":"Srpsko kulturno-umjetni\u010dko dru\u0161tvo \/SKUD\/ &#8220;Doktor Mladen Stojanovi\u0107&#8221; obilje\u017eilo je u Prijedoru 130 godina postojanja i rada tradicionalnim nastupom dje\u010dijih i omladinskih folklornih grupa &#8220;Razigrana mladost&#8221;. &#8220;Trinaesti put organizujemo smotru dje\u010dijeg [&hellip;]","og_url":"https:\/\/www.prijedordanas.com\/?p=17079","og_site_name":"PrijedorDanas.com - Prijedorski gradski portal","article_publisher":"https:\/\/www.facebook.com\/PrijedorDanasCom\/","article_published_time":"2015-02-28T18:04:05+00:00","og_image":[{"url":"https:\/\/www.prijedordanas.com\/wp-content\/uploads\/2015\/02\/razigrana-mladost-prvo-vece-1-300x199.jpg"}],"author":"admin","twitter_card":"summary_large_image","twitter_misc":{"Written by":"admin","Est. reading time":"2 minutes"},"schema":{"@context":"https:\/\/schema.org","@graph":[{"@type":"Article","@id":"https:\/\/www.prijedordanas.com\/?p=17079#article","isPartOf":{"@id":"https:\/\/www.prijedordanas.com\/?p=17079"},"author":{"name":"admin","@id":"https:\/\/www.prijedordanas.com\/#\/schema\/person\/4e08ccf29b506ca916ff86d46bb700e6"},"headline":"FOLKLORNA MANIFESTACIJA \u201eRAZIGRANA MLADOST\u201c &#8211; PRVO VE\u010cE \u2013 FOTO GALERIJA","datePublished":"2015-02-28T18:04:05+00:00","dateModified":"2015-02-28T18:04:05+00:00","mainEntityOfPage":{"@id":"https:\/\/www.prijedordanas.com\/?p=17079"},"wordCount":346,"publisher":{"@id":"https:\/\/www.prijedordanas.com\/#organization"},"articleSection":["Dru\u0161tvo"],"inLanguage":"en-US"},{"@type":"WebPage","@id":"https:\/\/www.prijedordanas.com\/?p=17079","url":"https:\/\/www.prijedordanas.com\/?p=17079","name":"FOLKLORNA MANIFESTACIJA \u201eRAZIGRANA MLADOST\u201c - PRVO VE\u010cE \u2013 FOTO GALERIJA - PrijedorDanas.com - Prijedorski gradski portal","isPartOf":{"@id":"https:\/\/www.prijedordanas.com\/#website"},"datePublished":"2015-02-28T18:04:05+00:00","dateModified":"2015-02-28T18:04:05+00:00","breadcrumb":{"@id":"https:\/\/www.prijedordanas.com\/?p=17079#breadcrumb"},"inLanguage":"en-US","potentialAction":[{"@type":"ReadAction","target":["https:\/\/www.prijedordanas.com\/?p=17079"]}]},{"@type":"BreadcrumbList","@id":"https:\/\/www.prijedordanas.com\/?p=17079#breadcrumb","itemListElement":[{"@type":"ListItem","position":1,"name":"Home","item":"https:\/\/www.prijedordanas.com\/"},{"@type":"ListItem","position":2,"name":"FOLKLORNA MANIFESTACIJA \u201eRAZIGRANA MLADOST\u201c &#8211; PRVO VE\u010cE \u2013 FOTO GALERIJA"}]},{"@type":"WebSite","@id":"https:\/\/www.prijedordanas.com\/#website","url":"https:\/\/www.prijedordanas.com\/","name":"PrijedorDanas.com - Prijedorski gradski portal","description":"Portal o doga\u0111anjima u gradu Prijedoru","publisher":{"@id":"https:\/\/www.prijedordanas.com\/#organization"},"potentialAction":[{"@type":"SearchAction","target":{"@type":"EntryPoint","urlTemplate":"https:\/\/www.prijedordanas.com\/?s={search_term_string}"},"query-input":"required name=search_term_string"}],"inLanguage":"en-US"},{"@type":"Organization","@id":"https:\/\/www.prijedordanas.com\/#organization","name":"PrijedorDanas.com","url":"https:\/\/www.prijedordanas.com\/","logo":{"@type":"ImageObject","inLanguage":"en-US","@id":"https:\/\/www.prijedordanas.com\/#\/schema\/logo\/image\/","url":"http:\/\/www.prijedordanas.com\/wp-content\/uploads\/2021\/12\/logopng.png","contentUrl":"http:\/\/www.prijedordanas.com\/wp-content\/uploads\/2021\/12\/logopng.png","width":1019,"height":776,"caption":"PrijedorDanas.com"},"image":{"@id":"https:\/\/www.prijedordanas.com\/#\/schema\/logo\/image\/"},"sameAs":["https:\/\/www.facebook.com\/PrijedorDanasCom\/"]},{"@type":"Person","@id":"https:\/\/www.prijedordanas.com\/#\/schema\/person\/4e08ccf29b506ca916ff86d46bb700e6","name":"admin","image":{"@type":"ImageObject","inLanguage":"en-US","@id":"https:\/\/www.prijedordanas.com\/#\/schema\/person\/image\/","url":"https:\/\/secure.gravatar.com\/avatar\/1d3fc949d550f0b53a5f0d51e06dfd79?s=96&d=mm&r=g","contentUrl":"https:\/\/secure.gravatar.com\/avatar\/1d3fc949d550f0b53a5f0d51e06dfd79?s=96&d=mm&r=g","caption":"admin"},"url":"https:\/\/www.prijedordanas.com\/?author=1"}]}},"_links":{"self":[{"href":"https:\/\/www.prijedordanas.com\/index.php?rest_route=\/wp\/v2\/posts\/17079"}],"collection":[{"href":"https:\/\/www.prijedordanas.com\/index.php?rest_route=\/wp\/v2\/posts"}],"about":[{"href":"https:\/\/www.prijedordanas.com\/index.php?rest_route=\/wp\/v2\/types\/post"}],"author":[{"embeddable":true,"href":"https:\/\/www.prijedordanas.com\/index.php?rest_route=\/wp\/v2\/users\/1"}],"replies":[{"embeddable":true,"href":"https:\/\/www.prijedordanas.com\/index.php?rest_route=%2Fwp%2Fv2%2Fcomments&post=17079"}],"version-history":[{"count":1,"href":"https:\/\/www.prijedordanas.com\/index.php?rest_route=\/wp\/v2\/posts\/17079\/revisions"}],"predecessor-version":[{"id":17080,"href":"https:\/\/www.prijedordanas.com\/index.php?rest_route=\/wp\/v2\/posts\/17079\/revisions\/17080"}],"wp:attachment":[{"href":"https:\/\/www.prijedordanas.com\/index.php?rest_route=%2Fwp%2Fv2%2Fmedia&parent=17079"}],"wp:term":[{"taxonomy":"category","embeddable":true,"href":"https:\/\/www.prijedordanas.com\/index.php?rest_route=%2Fwp%2Fv2%2Fcategories&post=17079"},{"taxonomy":"post_tag","embeddable":true,"href":"https:\/\/www.prijedordanas.com\/index.php?rest_route=%2Fwp%2Fv2%2Ftags&post=17079"}],"curies":[{"name":"wp","href":"https:\/\/api.w.org\/{rel}","templated":true}]}}