{"id":170765,"date":"2021-07-21T22:49:58","date_gmt":"2021-07-21T20:49:58","guid":{"rendered":"https:\/\/www.prijedordanas.com\/?p=170765"},"modified":"2021-07-21T22:57:28","modified_gmt":"2021-07-21T20:57:28","slug":"galerija-sreten-stojanovic-otvoren-14-festival-crteza-i-muzike-nesa-galija-odrzao-koncert-foto-video","status":"publish","type":"post","link":"https:\/\/www.prijedordanas.com\/?p=170765","title":{"rendered":"Galerija &#8220;Sreten Stojanovi\u0107&#8221;: Otvoren 14. Festival crte\u017ea i muzike, Ne\u0161a Galija odr\u017eao koncert &#8211; FOTO\/VIDEO"},"content":{"rendered":"<p><a href=\"https:\/\/www.prijedordanas.com\/wp-content\/uploads\/2021\/07\/festival-crteza-i-muzike-2021-koncert-nesa-galija-2.jpg\"><img loading=\"lazy\" decoding=\"async\" class=\"alignleft size-medium wp-image-170766\" src=\"https:\/\/www.prijedordanas.com\/wp-content\/uploads\/2021\/07\/festival-crteza-i-muzike-2021-koncert-nesa-galija-2-300x225.jpg\" alt=\"\" width=\"300\" height=\"225\" srcset=\"https:\/\/www.prijedordanas.com\/wp-content\/uploads\/2021\/07\/festival-crteza-i-muzike-2021-koncert-nesa-galija-2-300x225.jpg 300w, https:\/\/www.prijedordanas.com\/wp-content\/uploads\/2021\/07\/festival-crteza-i-muzike-2021-koncert-nesa-galija-2-640x480.jpg 640w, https:\/\/www.prijedordanas.com\/wp-content\/uploads\/2021\/07\/festival-crteza-i-muzike-2021-koncert-nesa-galija-2.jpg 667w\" sizes=\"(max-width: 300px) 100vw, 300px\" \/><\/a>U Galeriji &#8220;Sreten Stojanovi\u0107&#8221; sino\u0107 je otvoren 14. Festival crte\u017ea i muzike.<\/p>\n<p>Ove godine Festival nosi naziv &#8220;Portret&#8221; i predstavlja oma\u017e dugogodi\u0161njem direktoru ove ustanove, akademskom slikaru Tihomiru Ilija\u0161evi\u0107u, koji je preminuo pro\u0161le godine.<\/p>\n<p>Vr\u0161ilac du\u017enosti direktora Galerije Aleksandar Drini\u0107 je novinarima izjavio da na festivalu u likovnom dijelu Festivala u\u010destvuje osam studenata sa Fakulteta primenjenih umetnosti iz Beograda i sa Akademije umjetnosti u Banjaluci, sa svojim mentorima Milanom Krajinovi\u0107em i Nenadom Nasti\u0107em.<\/p>\n<p>&#8220;Oni \u0107e, od 11 do 22 \u010dasa, tokom trajanja Festivala, slikati portrete u galerijskom prostoru i pozivam sve sugra\u0111ane da nas narednih dana posjete i vide kako studenti crtaju&#8221;, rekao je Drini\u0107.<\/p>\n<p><a href=\"https:\/\/www.prijedordanas.com\/wp-content\/uploads\/2021\/07\/festival-crteza-i-muzike-2021-koncert-nesa-galija-3.jpg\"><img loading=\"lazy\" decoding=\"async\" class=\"alignleft size-medium wp-image-170767\" src=\"https:\/\/www.prijedordanas.com\/wp-content\/uploads\/2021\/07\/festival-crteza-i-muzike-2021-koncert-nesa-galija-3-300x225.jpg\" alt=\"\" width=\"300\" height=\"225\" srcset=\"https:\/\/www.prijedordanas.com\/wp-content\/uploads\/2021\/07\/festival-crteza-i-muzike-2021-koncert-nesa-galija-3-300x225.jpg 300w, https:\/\/www.prijedordanas.com\/wp-content\/uploads\/2021\/07\/festival-crteza-i-muzike-2021-koncert-nesa-galija-3-640x480.jpg 640w, https:\/\/www.prijedordanas.com\/wp-content\/uploads\/2021\/07\/festival-crteza-i-muzike-2021-koncert-nesa-galija-3.jpg 667w\" sizes=\"(max-width: 300px) 100vw, 300px\" \/><\/a>Gradona\u010delnik Prijedora Dalibor Pavlovi\u0107 je istakao da je jedna od manifestacija koja daje poseban doprinos LJetu kulture u Prijedoru,Festival crte\u017ea i muzike.<\/p>\n<p>&#8220;Svi koji su poznavali Tihu Ilija\u0161evi\u0107a znali su da je ovo njegova ideja kojom je \u017eelio da se ostvari spoj mladosti, umjetnosti i muzike. Ono \u0161to je karakteristika ovog festivala je da su svi dosada\u0161nji u\u010desnici radili u prisustvu publike, odnosno slu\u010dajnih prolaznika koji su tokom dana ulazili u galeriju i gledali kako nastaju ikone, akvareli, crte\u017ei, grafike, skulture, mozaici, vitra\u017ei. Radili su pod budnim okom mentora i tako je i ovog puta&#8221;, rekao je Pavlovi\u0107.<\/p>\n<p>On je,tako\u0111e, pozvao Prijedor\u010dane da narednih dana svrate do galerije, da prate \u0161ta i kako ovi mladi ljudi rade portrete i da i na taj na\u010din podr\u017ee ovogodi\u0161nji Festival crte\u017ea i muzike i ovu galeriju za neke budu\u0107e projekte.<\/p>\n<p><a href=\"https:\/\/www.prijedordanas.com\/wp-content\/uploads\/2021\/07\/festival-crteza-i-muzike-2021-koncert-nesa-galija-1.jpg\"><img loading=\"lazy\" decoding=\"async\" class=\"alignleft size-medium wp-image-170700\" src=\"https:\/\/www.prijedordanas.com\/wp-content\/uploads\/2021\/07\/festival-crteza-i-muzike-2021-koncert-nesa-galija-1-300x225.jpg\" alt=\"\" width=\"300\" height=\"225\" srcset=\"https:\/\/www.prijedordanas.com\/wp-content\/uploads\/2021\/07\/festival-crteza-i-muzike-2021-koncert-nesa-galija-1-300x225.jpg 300w, https:\/\/www.prijedordanas.com\/wp-content\/uploads\/2021\/07\/festival-crteza-i-muzike-2021-koncert-nesa-galija-1-640x480.jpg 640w, https:\/\/www.prijedordanas.com\/wp-content\/uploads\/2021\/07\/festival-crteza-i-muzike-2021-koncert-nesa-galija-1.jpg 667w\" sizes=\"(max-width: 300px) 100vw, 300px\" \/><\/a>Prvi put na jednom ovakvom doga\u0111aju je Jovana Stan\u010di\u0107, student tre\u0107e godine Fakulteta primenjenih umetnosti u Beogradu koja je istakla da se raduje novih poznanstvima i da je \u010dula za ovaj festival i saradnju koju ima sa fakultetom koji poha\u0111a.<\/p>\n<p>&#8220;Pratila sam iskustvo kolega, veoma mi se svi\u0111a i prostor i grad i lepa je organizacija festivala. \u0160to se tehnike ti\u010de, portret zna da bude zahtevan , ali se radujem radu u narednim danima&#8221;, kazala je Stan\u010di\u0107eva.<\/p>\n<p>Pored nje, iz Beograda su do\u0161li studenti Jovana Marovi\u0107 i \u0110or\u0111e Simi\u0107.<\/p>\n<p><a href=\"https:\/\/www.prijedordanas.com\/wp-content\/uploads\/2021\/07\/festival-crteza-i-muzike-2021-koncert-nesa-galija-6.jpg\"><img loading=\"lazy\" decoding=\"async\" class=\"alignleft size-medium wp-image-170768\" src=\"https:\/\/www.prijedordanas.com\/wp-content\/uploads\/2021\/07\/festival-crteza-i-muzike-2021-koncert-nesa-galija-6-300x200.jpg\" alt=\"\" width=\"300\" height=\"200\" srcset=\"https:\/\/www.prijedordanas.com\/wp-content\/uploads\/2021\/07\/festival-crteza-i-muzike-2021-koncert-nesa-galija-6-300x200.jpg 300w, https:\/\/www.prijedordanas.com\/wp-content\/uploads\/2021\/07\/festival-crteza-i-muzike-2021-koncert-nesa-galija-6-480x320.jpg 480w, https:\/\/www.prijedordanas.com\/wp-content\/uploads\/2021\/07\/festival-crteza-i-muzike-2021-koncert-nesa-galija-6.jpg 600w\" sizes=\"(max-width: 300px) 100vw, 300px\" \/><\/a>Student tre\u0107e godine, smjer grafika na Fakultetu umjetnosti u Banja Luci Nedeljko \u0106ulum rekao je da do sada nije radio pred publikom i to \u0107e za njega biti izazov ovog festivala.<\/p>\n<p>Pored \u0106uluma, sa banjalu\u010dke Akademije dolaze i Marija \u010ceni\u0107, \u0110or\u0111e Kaasagi\u0107 i Ema Popovi\u0107 te Lana Banjac sa novosadske Akademije umetnosti.<\/p>\n<p>Vi\u0161i stru\u010dni saradnik za Fakulteta primenjenih umetnosti u Beogradu Nenad Nasti\u0107 kao jedan od mentora festivala rekao je da na ovaj na\u010din nastavljaju saradnju sa ovom galerijom.<\/p>\n<p>&#8220;Ovo je oma\u017e na\u0161em kolegi Tihi i podsje\u0107anje na divne dane provedene ovde, na njegovo veliko gostoprimstvo i ljubaznost, profesionalnost&#8221;, rekao je Nasti\u0107.Pored njega, mentor festivala je i Milan Krajinovi\u0107 , profesor sa banjalu\u010dke Akademije umjetnosti.<\/p>\n<p>Na sve\u010danom otvaranju koncert je odr\u017eao poznati muzi\u010dar i kompozitor Ne\u0161o Galija.<\/p>\n<p><a href=\"https:\/\/www.prijedordanas.com\/wp-content\/uploads\/2021\/07\/festival-crteza-i-muzike-2021-koncert-nesa-galija-9.jpg\"><img loading=\"lazy\" decoding=\"async\" class=\"alignleft size-medium wp-image-170769\" src=\"https:\/\/www.prijedordanas.com\/wp-content\/uploads\/2021\/07\/festival-crteza-i-muzike-2021-koncert-nesa-galija-9-300x200.jpg\" alt=\"\" width=\"300\" height=\"200\" srcset=\"https:\/\/www.prijedordanas.com\/wp-content\/uploads\/2021\/07\/festival-crteza-i-muzike-2021-koncert-nesa-galija-9-300x200.jpg 300w, https:\/\/www.prijedordanas.com\/wp-content\/uploads\/2021\/07\/festival-crteza-i-muzike-2021-koncert-nesa-galija-9-480x320.jpg 480w, https:\/\/www.prijedordanas.com\/wp-content\/uploads\/2021\/07\/festival-crteza-i-muzike-2021-koncert-nesa-galija-9.jpg 600w\" sizes=\"(max-width: 300px) 100vw, 300px\" \/><\/a>&#8220;Susret s Prijedorom je bio vi\u0161e nego idealan posle du\u017ee pauze u nastupima, svi\u0111a mi se \u0161to se to de\u0161ava u ovakvom ambijentu ispred galerije, jednom prelepom ambijentu, prirodnom za sve one koji \u017eele da usavr\u0161avaju svoje duhovno stanje. Zato umetnost i postoji. Prijedor treba da bude ponosan na galeriju. Koncerti ovde su uvek bili dobri, bili su tematski, druga\u010diji od ostalih jer je situacija to nekako nametala, a mi smo dovovljno ve\u0161ti da se tome prilagodimo, dobra strana te pri\u010de je da iz tog prilago\u0111avanja uvijek iza\u0111e neki neo\u010dekivani kvalitet koji mi pamtimo i to je u su\u0161tini stvarala\u0161tvo koje se desi&#8221; izjavio je Ne\u0161o Galija.<\/p>\n<p>Festival crte\u017ea i muzike traja\u0107e do petka, 23. jula, kada \u0107e biti otvorena izlo\u017eba radova nastalih tokom ove manifestacije. LJubitelji klasi\u010dne muzike tog dana, u 20 \u010dasova, mo\u0107i \u0107e u\u017eivati u koncertu violinistkinje Natalije Todorovi\u0107.<\/p>\n<p><a href=\"http:\/\/prijedorgrad.org\/sr-EU\/vijesti-sadrzaj.html?vid=12504\" target=\"_blank\" rel=\"noopener\">prijedorgrad.org<\/a><\/p>\n<p><iframe loading=\"lazy\" title=\"OTVOREN 14  FESTIVAL CRTE\u017dA I MUZIKE\" width=\"500\" height=\"281\" src=\"https:\/\/www.youtube.com\/embed\/MlynKWoyUio?feature=oembed\" frameborder=\"0\" allow=\"accelerometer; autoplay; clipboard-write; encrypted-media; gyroscope; picture-in-picture\" allowfullscreen><\/iframe><\/p>\n","protected":false},"excerpt":{"rendered":"<p>U Galeriji &#8220;Sreten Stojanovi\u0107&#8221; sino\u0107 je otvoren 14. Festival crte\u017ea i muzike. Ove godine Festival nosi naziv &#8220;Portret&#8221; i predstavlja oma\u017e dugogodi\u0161njem direktoru ove ustanove, akademskom slikaru Tihomiru Ilija\u0161evi\u0107u, koji [&hellip;]<\/p>\n","protected":false},"author":1,"featured_media":0,"comment_status":"closed","ping_status":"open","sticky":false,"template":"","format":"standard","meta":{"_monsterinsights_skip_tracking":false,"_monsterinsights_sitenote_active":false,"_monsterinsights_sitenote_note":"","_monsterinsights_sitenote_category":0,"footnotes":""},"categories":[6],"tags":[],"yoast_head":"<!-- This site is optimized with the Yoast SEO plugin v21.6 - https:\/\/yoast.com\/wordpress\/plugins\/seo\/ -->\n<title>Galerija &quot;Sreten Stojanovi\u0107&quot;: Otvoren 14. Festival crte\u017ea i muzike, Ne\u0161a Galija odr\u017eao koncert - FOTO\/VIDEO - PrijedorDanas.com - Prijedorski gradski portal<\/title>\n<meta name=\"robots\" content=\"index, follow, max-snippet:-1, max-image-preview:large, max-video-preview:-1\" \/>\n<link rel=\"canonical\" href=\"https:\/\/www.prijedordanas.com\/?p=170765\" \/>\n<meta property=\"og:locale\" content=\"en_US\" \/>\n<meta property=\"og:type\" content=\"article\" \/>\n<meta property=\"og:title\" content=\"Galerija &quot;Sreten Stojanovi\u0107&quot;: Otvoren 14. Festival crte\u017ea i muzike, Ne\u0161a Galija odr\u017eao koncert - FOTO\/VIDEO - PrijedorDanas.com - Prijedorski gradski portal\" \/>\n<meta property=\"og:description\" content=\"U Galeriji &#8220;Sreten Stojanovi\u0107&#8221; sino\u0107 je otvoren 14. Festival crte\u017ea i muzike. Ove godine Festival nosi naziv &#8220;Portret&#8221; i predstavlja oma\u017e dugogodi\u0161njem direktoru ove ustanove, akademskom slikaru Tihomiru Ilija\u0161evi\u0107u, koji [&hellip;]\" \/>\n<meta property=\"og:url\" content=\"https:\/\/www.prijedordanas.com\/?p=170765\" \/>\n<meta property=\"og:site_name\" content=\"PrijedorDanas.com - Prijedorski gradski portal\" \/>\n<meta property=\"article:publisher\" content=\"https:\/\/www.facebook.com\/PrijedorDanasCom\/\" \/>\n<meta property=\"article:published_time\" content=\"2021-07-21T20:49:58+00:00\" \/>\n<meta property=\"article:modified_time\" content=\"2021-07-21T20:57:28+00:00\" \/>\n<meta property=\"og:image\" content=\"https:\/\/www.prijedordanas.com\/wp-content\/uploads\/2021\/07\/festival-crteza-i-muzike-2021-koncert-nesa-galija-2-300x225.jpg\" \/>\n<meta name=\"author\" content=\"admin\" \/>\n<meta name=\"twitter:card\" content=\"summary_large_image\" \/>\n<meta name=\"twitter:label1\" content=\"Written by\" \/>\n\t<meta name=\"twitter:data1\" content=\"admin\" \/>\n\t<meta name=\"twitter:label2\" content=\"Est. reading time\" \/>\n\t<meta name=\"twitter:data2\" content=\"4 minutes\" \/>\n<script type=\"application\/ld+json\" class=\"yoast-schema-graph\">{\"@context\":\"https:\/\/schema.org\",\"@graph\":[{\"@type\":\"Article\",\"@id\":\"https:\/\/www.prijedordanas.com\/?p=170765#article\",\"isPartOf\":{\"@id\":\"https:\/\/www.prijedordanas.com\/?p=170765\"},\"author\":{\"name\":\"admin\",\"@id\":\"https:\/\/www.prijedordanas.com\/#\/schema\/person\/4e08ccf29b506ca916ff86d46bb700e6\"},\"headline\":\"Galerija &#8220;Sreten Stojanovi\u0107&#8221;: Otvoren 14. Festival crte\u017ea i muzike, Ne\u0161a Galija odr\u017eao koncert &#8211; FOTO\/VIDEO\",\"datePublished\":\"2021-07-21T20:49:58+00:00\",\"dateModified\":\"2021-07-21T20:57:28+00:00\",\"mainEntityOfPage\":{\"@id\":\"https:\/\/www.prijedordanas.com\/?p=170765\"},\"wordCount\":690,\"publisher\":{\"@id\":\"https:\/\/www.prijedordanas.com\/#organization\"},\"articleSection\":[\"Kultura\"],\"inLanguage\":\"en-US\"},{\"@type\":\"WebPage\",\"@id\":\"https:\/\/www.prijedordanas.com\/?p=170765\",\"url\":\"https:\/\/www.prijedordanas.com\/?p=170765\",\"name\":\"Galerija \\\"Sreten Stojanovi\u0107\\\": Otvoren 14. Festival crte\u017ea i muzike, Ne\u0161a Galija odr\u017eao koncert - FOTO\/VIDEO - PrijedorDanas.com - Prijedorski gradski portal\",\"isPartOf\":{\"@id\":\"https:\/\/www.prijedordanas.com\/#website\"},\"datePublished\":\"2021-07-21T20:49:58+00:00\",\"dateModified\":\"2021-07-21T20:57:28+00:00\",\"breadcrumb\":{\"@id\":\"https:\/\/www.prijedordanas.com\/?p=170765#breadcrumb\"},\"inLanguage\":\"en-US\",\"potentialAction\":[{\"@type\":\"ReadAction\",\"target\":[\"https:\/\/www.prijedordanas.com\/?p=170765\"]}]},{\"@type\":\"BreadcrumbList\",\"@id\":\"https:\/\/www.prijedordanas.com\/?p=170765#breadcrumb\",\"itemListElement\":[{\"@type\":\"ListItem\",\"position\":1,\"name\":\"Home\",\"item\":\"https:\/\/www.prijedordanas.com\/\"},{\"@type\":\"ListItem\",\"position\":2,\"name\":\"Galerija &#8220;Sreten Stojanovi\u0107&#8221;: Otvoren 14. Festival crte\u017ea i muzike, Ne\u0161a Galija odr\u017eao koncert &#8211; FOTO\/VIDEO\"}]},{\"@type\":\"WebSite\",\"@id\":\"https:\/\/www.prijedordanas.com\/#website\",\"url\":\"https:\/\/www.prijedordanas.com\/\",\"name\":\"PrijedorDanas.com - Prijedorski gradski portal\",\"description\":\"Portal o doga\u0111anjima u gradu Prijedoru\",\"publisher\":{\"@id\":\"https:\/\/www.prijedordanas.com\/#organization\"},\"potentialAction\":[{\"@type\":\"SearchAction\",\"target\":{\"@type\":\"EntryPoint\",\"urlTemplate\":\"https:\/\/www.prijedordanas.com\/?s={search_term_string}\"},\"query-input\":\"required name=search_term_string\"}],\"inLanguage\":\"en-US\"},{\"@type\":\"Organization\",\"@id\":\"https:\/\/www.prijedordanas.com\/#organization\",\"name\":\"PrijedorDanas.com\",\"url\":\"https:\/\/www.prijedordanas.com\/\",\"logo\":{\"@type\":\"ImageObject\",\"inLanguage\":\"en-US\",\"@id\":\"https:\/\/www.prijedordanas.com\/#\/schema\/logo\/image\/\",\"url\":\"http:\/\/www.prijedordanas.com\/wp-content\/uploads\/2021\/12\/logopng.png\",\"contentUrl\":\"http:\/\/www.prijedordanas.com\/wp-content\/uploads\/2021\/12\/logopng.png\",\"width\":1019,\"height\":776,\"caption\":\"PrijedorDanas.com\"},\"image\":{\"@id\":\"https:\/\/www.prijedordanas.com\/#\/schema\/logo\/image\/\"},\"sameAs\":[\"https:\/\/www.facebook.com\/PrijedorDanasCom\/\"]},{\"@type\":\"Person\",\"@id\":\"https:\/\/www.prijedordanas.com\/#\/schema\/person\/4e08ccf29b506ca916ff86d46bb700e6\",\"name\":\"admin\",\"image\":{\"@type\":\"ImageObject\",\"inLanguage\":\"en-US\",\"@id\":\"https:\/\/www.prijedordanas.com\/#\/schema\/person\/image\/\",\"url\":\"https:\/\/secure.gravatar.com\/avatar\/1d3fc949d550f0b53a5f0d51e06dfd79?s=96&d=mm&r=g\",\"contentUrl\":\"https:\/\/secure.gravatar.com\/avatar\/1d3fc949d550f0b53a5f0d51e06dfd79?s=96&d=mm&r=g\",\"caption\":\"admin\"},\"url\":\"https:\/\/www.prijedordanas.com\/?author=1\"}]}<\/script>\n<!-- \/ Yoast SEO plugin. -->","yoast_head_json":{"title":"Galerija \"Sreten Stojanovi\u0107\": Otvoren 14. Festival crte\u017ea i muzike, Ne\u0161a Galija odr\u017eao koncert - FOTO\/VIDEO - PrijedorDanas.com - Prijedorski gradski portal","robots":{"index":"index","follow":"follow","max-snippet":"max-snippet:-1","max-image-preview":"max-image-preview:large","max-video-preview":"max-video-preview:-1"},"canonical":"https:\/\/www.prijedordanas.com\/?p=170765","og_locale":"en_US","og_type":"article","og_title":"Galerija \"Sreten Stojanovi\u0107\": Otvoren 14. Festival crte\u017ea i muzike, Ne\u0161a Galija odr\u017eao koncert - FOTO\/VIDEO - PrijedorDanas.com - Prijedorski gradski portal","og_description":"U Galeriji &#8220;Sreten Stojanovi\u0107&#8221; sino\u0107 je otvoren 14. Festival crte\u017ea i muzike. Ove godine Festival nosi naziv &#8220;Portret&#8221; i predstavlja oma\u017e dugogodi\u0161njem direktoru ove ustanove, akademskom slikaru Tihomiru Ilija\u0161evi\u0107u, koji [&hellip;]","og_url":"https:\/\/www.prijedordanas.com\/?p=170765","og_site_name":"PrijedorDanas.com - Prijedorski gradski portal","article_publisher":"https:\/\/www.facebook.com\/PrijedorDanasCom\/","article_published_time":"2021-07-21T20:49:58+00:00","article_modified_time":"2021-07-21T20:57:28+00:00","og_image":[{"url":"https:\/\/www.prijedordanas.com\/wp-content\/uploads\/2021\/07\/festival-crteza-i-muzike-2021-koncert-nesa-galija-2-300x225.jpg"}],"author":"admin","twitter_card":"summary_large_image","twitter_misc":{"Written by":"admin","Est. reading time":"4 minutes"},"schema":{"@context":"https:\/\/schema.org","@graph":[{"@type":"Article","@id":"https:\/\/www.prijedordanas.com\/?p=170765#article","isPartOf":{"@id":"https:\/\/www.prijedordanas.com\/?p=170765"},"author":{"name":"admin","@id":"https:\/\/www.prijedordanas.com\/#\/schema\/person\/4e08ccf29b506ca916ff86d46bb700e6"},"headline":"Galerija &#8220;Sreten Stojanovi\u0107&#8221;: Otvoren 14. Festival crte\u017ea i muzike, Ne\u0161a Galija odr\u017eao koncert &#8211; FOTO\/VIDEO","datePublished":"2021-07-21T20:49:58+00:00","dateModified":"2021-07-21T20:57:28+00:00","mainEntityOfPage":{"@id":"https:\/\/www.prijedordanas.com\/?p=170765"},"wordCount":690,"publisher":{"@id":"https:\/\/www.prijedordanas.com\/#organization"},"articleSection":["Kultura"],"inLanguage":"en-US"},{"@type":"WebPage","@id":"https:\/\/www.prijedordanas.com\/?p=170765","url":"https:\/\/www.prijedordanas.com\/?p=170765","name":"Galerija \"Sreten Stojanovi\u0107\": Otvoren 14. Festival crte\u017ea i muzike, Ne\u0161a Galija odr\u017eao koncert - FOTO\/VIDEO - PrijedorDanas.com - Prijedorski gradski portal","isPartOf":{"@id":"https:\/\/www.prijedordanas.com\/#website"},"datePublished":"2021-07-21T20:49:58+00:00","dateModified":"2021-07-21T20:57:28+00:00","breadcrumb":{"@id":"https:\/\/www.prijedordanas.com\/?p=170765#breadcrumb"},"inLanguage":"en-US","potentialAction":[{"@type":"ReadAction","target":["https:\/\/www.prijedordanas.com\/?p=170765"]}]},{"@type":"BreadcrumbList","@id":"https:\/\/www.prijedordanas.com\/?p=170765#breadcrumb","itemListElement":[{"@type":"ListItem","position":1,"name":"Home","item":"https:\/\/www.prijedordanas.com\/"},{"@type":"ListItem","position":2,"name":"Galerija &#8220;Sreten Stojanovi\u0107&#8221;: Otvoren 14. Festival crte\u017ea i muzike, Ne\u0161a Galija odr\u017eao koncert &#8211; FOTO\/VIDEO"}]},{"@type":"WebSite","@id":"https:\/\/www.prijedordanas.com\/#website","url":"https:\/\/www.prijedordanas.com\/","name":"PrijedorDanas.com - Prijedorski gradski portal","description":"Portal o doga\u0111anjima u gradu Prijedoru","publisher":{"@id":"https:\/\/www.prijedordanas.com\/#organization"},"potentialAction":[{"@type":"SearchAction","target":{"@type":"EntryPoint","urlTemplate":"https:\/\/www.prijedordanas.com\/?s={search_term_string}"},"query-input":"required name=search_term_string"}],"inLanguage":"en-US"},{"@type":"Organization","@id":"https:\/\/www.prijedordanas.com\/#organization","name":"PrijedorDanas.com","url":"https:\/\/www.prijedordanas.com\/","logo":{"@type":"ImageObject","inLanguage":"en-US","@id":"https:\/\/www.prijedordanas.com\/#\/schema\/logo\/image\/","url":"http:\/\/www.prijedordanas.com\/wp-content\/uploads\/2021\/12\/logopng.png","contentUrl":"http:\/\/www.prijedordanas.com\/wp-content\/uploads\/2021\/12\/logopng.png","width":1019,"height":776,"caption":"PrijedorDanas.com"},"image":{"@id":"https:\/\/www.prijedordanas.com\/#\/schema\/logo\/image\/"},"sameAs":["https:\/\/www.facebook.com\/PrijedorDanasCom\/"]},{"@type":"Person","@id":"https:\/\/www.prijedordanas.com\/#\/schema\/person\/4e08ccf29b506ca916ff86d46bb700e6","name":"admin","image":{"@type":"ImageObject","inLanguage":"en-US","@id":"https:\/\/www.prijedordanas.com\/#\/schema\/person\/image\/","url":"https:\/\/secure.gravatar.com\/avatar\/1d3fc949d550f0b53a5f0d51e06dfd79?s=96&d=mm&r=g","contentUrl":"https:\/\/secure.gravatar.com\/avatar\/1d3fc949d550f0b53a5f0d51e06dfd79?s=96&d=mm&r=g","caption":"admin"},"url":"https:\/\/www.prijedordanas.com\/?author=1"}]}},"_links":{"self":[{"href":"https:\/\/www.prijedordanas.com\/index.php?rest_route=\/wp\/v2\/posts\/170765"}],"collection":[{"href":"https:\/\/www.prijedordanas.com\/index.php?rest_route=\/wp\/v2\/posts"}],"about":[{"href":"https:\/\/www.prijedordanas.com\/index.php?rest_route=\/wp\/v2\/types\/post"}],"author":[{"embeddable":true,"href":"https:\/\/www.prijedordanas.com\/index.php?rest_route=\/wp\/v2\/users\/1"}],"replies":[{"embeddable":true,"href":"https:\/\/www.prijedordanas.com\/index.php?rest_route=%2Fwp%2Fv2%2Fcomments&post=170765"}],"version-history":[{"count":3,"href":"https:\/\/www.prijedordanas.com\/index.php?rest_route=\/wp\/v2\/posts\/170765\/revisions"}],"predecessor-version":[{"id":170772,"href":"https:\/\/www.prijedordanas.com\/index.php?rest_route=\/wp\/v2\/posts\/170765\/revisions\/170772"}],"wp:attachment":[{"href":"https:\/\/www.prijedordanas.com\/index.php?rest_route=%2Fwp%2Fv2%2Fmedia&parent=170765"}],"wp:term":[{"taxonomy":"category","embeddable":true,"href":"https:\/\/www.prijedordanas.com\/index.php?rest_route=%2Fwp%2Fv2%2Fcategories&post=170765"},{"taxonomy":"post_tag","embeddable":true,"href":"https:\/\/www.prijedordanas.com\/index.php?rest_route=%2Fwp%2Fv2%2Ftags&post=170765"}],"curies":[{"name":"wp","href":"https:\/\/api.w.org\/{rel}","templated":true}]}}