{"id":170,"date":"2014-02-13T16:57:17","date_gmt":"2014-02-13T15:57:17","guid":{"rendered":"http:\/\/portal.prijedor.rs.ba\/?p=170"},"modified":"2014-02-13T16:57:17","modified_gmt":"2014-02-13T15:57:17","slug":"teska-saobracajka-na-putu-banjaluka-prijedor-jedna-osoba-poginula","status":"publish","type":"post","link":"https:\/\/www.prijedordanas.com\/?p=170","title":{"rendered":"TE\u0160KA SAOBRA\u0106AJKA NA PUTU BANJALUKA-PRIJEDOR, JEDNA OSOBA POGINULA"},"content":{"rendered":"<p><a href=\"http:\/\/www.gradprijedor.org\/wp-content\/uploads\/2014\/02\/nezavisne-saobracajka-1.jpg\"><img loading=\"lazy\" decoding=\"async\" class=\"alignleft size-thumbnail wp-image-171\" alt=\"nezavisne-saobracajka (1)\" src=\"http:\/\/www.gradprijedor.org\/wp-content\/uploads\/2014\/02\/nezavisne-saobracajka-1-300x300.jpg\" width=\"150\" height=\"150\" \/><\/a>Gojko Gavranovi\u0107 (68) iz Prijedora je poginuo, a 10-tak osoba, mahom putnika iz autobusa, lak\u0161e je povrije\u0111eno u nesre\u0107i danas oko podneva u mjestu Veri\u0107i, na magistralnom putu Banjaluka- Prijedor.<\/p>\n<p>Nesre\u0107a je policiji prijavljena oko 12 \u010dasova, a utvr\u0111eno je da su u njoj u\u010destvovali nastradali Gavranovi\u0107 koji je vozio kedi &#8220;folcvagen&#8221;, zatim Vlatka Rajli\u0107 (50) iz Prijedora, voza\u010d d\u017eipa &#8220;suzuki&#8221; sa njema\u010dkim registarskim oznakama i autobus koji je saobra\u0107ao na relaciji Banjaluka- Kozarska Dubica, a za \u010dijim volanom je bio Milorad Marin.<\/p>\n<p>Prema izjavama o\u010devidaca, &#8220;suzuki&#8221; koji se kretao iz pravca Prijedora prema Banjaluci, nekoliko trenutaka prije nesre\u0107e zaustavio se na mostu, ispred postavljenog saobra\u0107ajnog znaka koji je upozoravao na rupu na cesti. D\u017eip se zaustavio kako bi propustio autobus koji je dolazio iz suprotnog pravca. U tom trenutku iz pravca Prijedora, pri velikoj brzini, nai\u0161ao je kedi koji je uletio u &#8220;makaze&#8221;.<\/p>\n<p><a href=\"http:\/\/www.gradprijedor.org\/wp-content\/uploads\/2014\/02\/nezavisne-saobracajka-2.jpg\"><img loading=\"lazy\" decoding=\"async\" class=\"alignleft size-thumbnail wp-image-172\" alt=\"nezavisne-saobracajka (2)\" src=\"http:\/\/www.gradprijedor.org\/wp-content\/uploads\/2014\/02\/nezavisne-saobracajka-2-300x300.jpg\" width=\"150\" height=\"150\" \/><\/a>&#8220;Kedi je prvo udario u prednji lijevi dio autobusa, a zatim se odbio na zaustavljeni &#8216;suzuki&#8217; koji se prevrnuo na bok. Kedi se nakon svega odbio u jarak pored puta i zaustavio. Udar je bio toliko jak da su krhotine auta i autobusa razbacane nekoliko desetina metara od mjesta nesre\u0107e&#8221;, ispri\u010dao je o\u010devidac koji je \u017eelio ostati anoniman. Voza\u010d kedija je poginuo na mjestu nesre\u0107e, a Rajli\u0107eva sa kojom je u autu bila prijateljica i dvoje djece u dobi od dvije i tri godine, lak\u0161e su povrije\u0111eni. Lak\u0161e povrede zadobili su i putnici u autobusu.<\/p>\n<p>Milorad Marin, voza\u010d autobusa za &#8220;Nezavisne&#8221; je ispri\u010dao da se sve odigralo u sekundi i da je poku\u0161aovao sprije\u010diti najgore.<\/p>\n<p>&#8220;Vidio sam da jedan d\u017eip stoji i da me propu\u0161ta. U istom trenutku ugledao sam da se iz pravca Prijedora pribli\u017eava kedi velikom brzinom i bukvalno sam bje\u017eao prema bankini na mostu, o \u010demu svjedo\u010de tragovi na asfaltu. Na \u017ealost brzina kedija je bila prevelika i sudar je bio neizbje\u017ean. Nakon sudara trudio sam se da odr\u017eim autobus na cesti i spasim putnike&#8221;, ispri\u010dao je voza\u010d autobusa.<\/p>\n<p><a href=\"http:\/\/www.gradprijedor.org\/wp-content\/uploads\/2014\/02\/nezavisne-saobracajka-3.jpg\"><img loading=\"lazy\" decoding=\"async\" src=\"http:\/\/www.gradprijedor.org\/wp-content\/uploads\/2014\/02\/nezavisne-saobracajka-3-300x300.jpg\" alt=\"nezavisne-saobracajka (3)\" width=\"150\" height=\"150\" class=\"alignleft size-thumbnail wp-image-173\" \/><\/a>Mile Bokan, putnik, ka\u017ee da je sjedio odmah iza voza\u010da u trenutku nesre\u0107e.<\/p>\n<p>&#8220;Primjetio sam da kedi vozi brzo i rekao sam na\u0161em voza\u010du da kedi prelazi punu liniju.<\/p>\n<p>Uhvatio sam na\u0161eg voza\u010da za ramena kako on slu\u010dajno ne bi ispao iz autobusa. Udar je bio \u017eestok, ali na sre\u0107u niko od putnika iz autobusa nije te\u017ee povrije\u0111en, samo jedna djevojka je zadobila posjekotinu na glavi&#8221;, prisjetio se Bokan.<\/p>\n<p>Mladen \u0160urlan, putnik u autobusu tako\u0111e je ispri\u010dao da se sve odigralo u nekoliko sekundi. &#8220;Osjetio sam jak udar, a kasnije sam vidio \u0161ta se ustvari dogodilo&#8221;.<\/p>\n<p>Nezavisne novine<br \/>\n<a href=\"http:\/\/www.gradprijedor.org\/wp-content\/uploads\/2014\/02\/nezavisne-saobracajka-4.jpg\"><img loading=\"lazy\" decoding=\"async\" src=\"http:\/\/www.gradprijedor.org\/wp-content\/uploads\/2014\/02\/nezavisne-saobracajka-4-300x300.jpg\" alt=\"nezavisne-saobracajka (4)\" width=\"150\" height=\"150\" class=\"alignleft size-thumbnail wp-image-174\" \/><\/a><\/p>\n","protected":false},"excerpt":{"rendered":"<p>Gojko Gavranovi\u0107 (68) iz Prijedora je poginuo, a 10-tak osoba, mahom putnika iz autobusa, lak\u0161e je povrije\u0111eno u nesre\u0107i danas oko podneva u mjestu Veri\u0107i, na magistralnom putu Banjaluka- Prijedor. [&hellip;]<\/p>\n","protected":false},"author":2,"featured_media":0,"comment_status":"closed","ping_status":"closed","sticky":false,"template":"","format":"standard","meta":{"_monsterinsights_skip_tracking":false,"_monsterinsights_sitenote_active":false,"_monsterinsights_sitenote_note":"","_monsterinsights_sitenote_category":0,"footnotes":""},"categories":[5],"tags":[20,22,103,228,229],"yoast_head":"<!-- This site is optimized with the Yoast SEO plugin v21.6 - https:\/\/yoast.com\/wordpress\/plugins\/seo\/ -->\n<title>TE\u0160KA SAOBRA\u0106AJKA NA PUTU BANJALUKA-PRIJEDOR, JEDNA OSOBA POGINULA - PrijedorDanas.com - Prijedorski gradski portal<\/title>\n<meta name=\"robots\" content=\"index, follow, max-snippet:-1, max-image-preview:large, max-video-preview:-1\" \/>\n<link rel=\"canonical\" href=\"https:\/\/www.prijedordanas.com\/?p=170\" \/>\n<meta property=\"og:locale\" content=\"en_US\" \/>\n<meta property=\"og:type\" content=\"article\" \/>\n<meta property=\"og:title\" content=\"TE\u0160KA SAOBRA\u0106AJKA NA PUTU BANJALUKA-PRIJEDOR, JEDNA OSOBA POGINULA - PrijedorDanas.com - Prijedorski gradski portal\" \/>\n<meta property=\"og:description\" content=\"Gojko Gavranovi\u0107 (68) iz Prijedora je poginuo, a 10-tak osoba, mahom putnika iz autobusa, lak\u0161e je povrije\u0111eno u nesre\u0107i danas oko podneva u mjestu Veri\u0107i, na magistralnom putu Banjaluka- Prijedor. [&hellip;]\" \/>\n<meta property=\"og:url\" content=\"https:\/\/www.prijedordanas.com\/?p=170\" \/>\n<meta property=\"og:site_name\" content=\"PrijedorDanas.com - Prijedorski gradski portal\" \/>\n<meta property=\"article:publisher\" content=\"https:\/\/www.facebook.com\/PrijedorDanasCom\/\" \/>\n<meta property=\"article:published_time\" content=\"2014-02-13T15:57:17+00:00\" \/>\n<meta property=\"og:image\" content=\"http:\/\/www.gradprijedor.org\/wp-content\/uploads\/2014\/02\/nezavisne-saobracajka-1-300x300.jpg\" \/>\n<meta name=\"author\" content=\"A.D.\" \/>\n<meta name=\"twitter:card\" content=\"summary_large_image\" \/>\n<meta name=\"twitter:label1\" content=\"Written by\" \/>\n\t<meta name=\"twitter:data1\" content=\"A.D.\" \/>\n\t<meta name=\"twitter:label2\" content=\"Est. reading time\" \/>\n\t<meta name=\"twitter:data2\" content=\"2 minutes\" \/>\n<script type=\"application\/ld+json\" class=\"yoast-schema-graph\">{\"@context\":\"https:\/\/schema.org\",\"@graph\":[{\"@type\":\"Article\",\"@id\":\"https:\/\/www.prijedordanas.com\/?p=170#article\",\"isPartOf\":{\"@id\":\"https:\/\/www.prijedordanas.com\/?p=170\"},\"author\":{\"name\":\"A.D.\",\"@id\":\"https:\/\/www.prijedordanas.com\/#\/schema\/person\/9c3530fe609bf1df65a64c950352f53e\"},\"headline\":\"TE\u0160KA SAOBRA\u0106AJKA NA PUTU BANJALUKA-PRIJEDOR, JEDNA OSOBA POGINULA\",\"datePublished\":\"2014-02-13T15:57:17+00:00\",\"dateModified\":\"2014-02-13T15:57:17+00:00\",\"mainEntityOfPage\":{\"@id\":\"https:\/\/www.prijedordanas.com\/?p=170\"},\"wordCount\":478,\"publisher\":{\"@id\":\"https:\/\/www.prijedordanas.com\/#organization\"},\"keywords\":[\"autobus\",\"Banjaluka-Prijedor\",\"kedi\",\"saobra\u0107ajka\",\"saobra\u0107ajna nesre\u0107a\"],\"articleSection\":[\"Hronika\"],\"inLanguage\":\"en-US\"},{\"@type\":\"WebPage\",\"@id\":\"https:\/\/www.prijedordanas.com\/?p=170\",\"url\":\"https:\/\/www.prijedordanas.com\/?p=170\",\"name\":\"TE\u0160KA SAOBRA\u0106AJKA NA PUTU BANJALUKA-PRIJEDOR, JEDNA OSOBA POGINULA - PrijedorDanas.com - Prijedorski gradski portal\",\"isPartOf\":{\"@id\":\"https:\/\/www.prijedordanas.com\/#website\"},\"datePublished\":\"2014-02-13T15:57:17+00:00\",\"dateModified\":\"2014-02-13T15:57:17+00:00\",\"breadcrumb\":{\"@id\":\"https:\/\/www.prijedordanas.com\/?p=170#breadcrumb\"},\"inLanguage\":\"en-US\",\"potentialAction\":[{\"@type\":\"ReadAction\",\"target\":[\"https:\/\/www.prijedordanas.com\/?p=170\"]}]},{\"@type\":\"BreadcrumbList\",\"@id\":\"https:\/\/www.prijedordanas.com\/?p=170#breadcrumb\",\"itemListElement\":[{\"@type\":\"ListItem\",\"position\":1,\"name\":\"Home\",\"item\":\"https:\/\/www.prijedordanas.com\/\"},{\"@type\":\"ListItem\",\"position\":2,\"name\":\"TE\u0160KA SAOBRA\u0106AJKA NA PUTU BANJALUKA-PRIJEDOR, JEDNA OSOBA POGINULA\"}]},{\"@type\":\"WebSite\",\"@id\":\"https:\/\/www.prijedordanas.com\/#website\",\"url\":\"https:\/\/www.prijedordanas.com\/\",\"name\":\"PrijedorDanas.com - Prijedorski gradski portal\",\"description\":\"Portal o doga\u0111anjima u gradu Prijedoru\",\"publisher\":{\"@id\":\"https:\/\/www.prijedordanas.com\/#organization\"},\"potentialAction\":[{\"@type\":\"SearchAction\",\"target\":{\"@type\":\"EntryPoint\",\"urlTemplate\":\"https:\/\/www.prijedordanas.com\/?s={search_term_string}\"},\"query-input\":\"required name=search_term_string\"}],\"inLanguage\":\"en-US\"},{\"@type\":\"Organization\",\"@id\":\"https:\/\/www.prijedordanas.com\/#organization\",\"name\":\"PrijedorDanas.com\",\"url\":\"https:\/\/www.prijedordanas.com\/\",\"logo\":{\"@type\":\"ImageObject\",\"inLanguage\":\"en-US\",\"@id\":\"https:\/\/www.prijedordanas.com\/#\/schema\/logo\/image\/\",\"url\":\"http:\/\/www.prijedordanas.com\/wp-content\/uploads\/2021\/12\/logopng.png\",\"contentUrl\":\"http:\/\/www.prijedordanas.com\/wp-content\/uploads\/2021\/12\/logopng.png\",\"width\":1019,\"height\":776,\"caption\":\"PrijedorDanas.com\"},\"image\":{\"@id\":\"https:\/\/www.prijedordanas.com\/#\/schema\/logo\/image\/\"},\"sameAs\":[\"https:\/\/www.facebook.com\/PrijedorDanasCom\/\"]},{\"@type\":\"Person\",\"@id\":\"https:\/\/www.prijedordanas.com\/#\/schema\/person\/9c3530fe609bf1df65a64c950352f53e\",\"name\":\"A.D.\",\"image\":{\"@type\":\"ImageObject\",\"inLanguage\":\"en-US\",\"@id\":\"https:\/\/www.prijedordanas.com\/#\/schema\/person\/image\/\",\"url\":\"https:\/\/secure.gravatar.com\/avatar\/869d16e7da687e0800fdd5fe181dd132?s=96&d=mm&r=g\",\"contentUrl\":\"https:\/\/secure.gravatar.com\/avatar\/869d16e7da687e0800fdd5fe181dd132?s=96&d=mm&r=g\",\"caption\":\"A.D.\"},\"url\":\"https:\/\/www.prijedordanas.com\/?author=2\"}]}<\/script>\n<!-- \/ Yoast SEO plugin. -->","yoast_head_json":{"title":"TE\u0160KA SAOBRA\u0106AJKA NA PUTU BANJALUKA-PRIJEDOR, JEDNA OSOBA POGINULA - PrijedorDanas.com - Prijedorski gradski portal","robots":{"index":"index","follow":"follow","max-snippet":"max-snippet:-1","max-image-preview":"max-image-preview:large","max-video-preview":"max-video-preview:-1"},"canonical":"https:\/\/www.prijedordanas.com\/?p=170","og_locale":"en_US","og_type":"article","og_title":"TE\u0160KA SAOBRA\u0106AJKA NA PUTU BANJALUKA-PRIJEDOR, JEDNA OSOBA POGINULA - PrijedorDanas.com - Prijedorski gradski portal","og_description":"Gojko Gavranovi\u0107 (68) iz Prijedora je poginuo, a 10-tak osoba, mahom putnika iz autobusa, lak\u0161e je povrije\u0111eno u nesre\u0107i danas oko podneva u mjestu Veri\u0107i, na magistralnom putu Banjaluka- Prijedor. [&hellip;]","og_url":"https:\/\/www.prijedordanas.com\/?p=170","og_site_name":"PrijedorDanas.com - Prijedorski gradski portal","article_publisher":"https:\/\/www.facebook.com\/PrijedorDanasCom\/","article_published_time":"2014-02-13T15:57:17+00:00","og_image":[{"url":"http:\/\/www.gradprijedor.org\/wp-content\/uploads\/2014\/02\/nezavisne-saobracajka-1-300x300.jpg"}],"author":"A.D.","twitter_card":"summary_large_image","twitter_misc":{"Written by":"A.D.","Est. reading time":"2 minutes"},"schema":{"@context":"https:\/\/schema.org","@graph":[{"@type":"Article","@id":"https:\/\/www.prijedordanas.com\/?p=170#article","isPartOf":{"@id":"https:\/\/www.prijedordanas.com\/?p=170"},"author":{"name":"A.D.","@id":"https:\/\/www.prijedordanas.com\/#\/schema\/person\/9c3530fe609bf1df65a64c950352f53e"},"headline":"TE\u0160KA SAOBRA\u0106AJKA NA PUTU BANJALUKA-PRIJEDOR, JEDNA OSOBA POGINULA","datePublished":"2014-02-13T15:57:17+00:00","dateModified":"2014-02-13T15:57:17+00:00","mainEntityOfPage":{"@id":"https:\/\/www.prijedordanas.com\/?p=170"},"wordCount":478,"publisher":{"@id":"https:\/\/www.prijedordanas.com\/#organization"},"keywords":["autobus","Banjaluka-Prijedor","kedi","saobra\u0107ajka","saobra\u0107ajna nesre\u0107a"],"articleSection":["Hronika"],"inLanguage":"en-US"},{"@type":"WebPage","@id":"https:\/\/www.prijedordanas.com\/?p=170","url":"https:\/\/www.prijedordanas.com\/?p=170","name":"TE\u0160KA SAOBRA\u0106AJKA NA PUTU BANJALUKA-PRIJEDOR, JEDNA OSOBA POGINULA - PrijedorDanas.com - Prijedorski gradski portal","isPartOf":{"@id":"https:\/\/www.prijedordanas.com\/#website"},"datePublished":"2014-02-13T15:57:17+00:00","dateModified":"2014-02-13T15:57:17+00:00","breadcrumb":{"@id":"https:\/\/www.prijedordanas.com\/?p=170#breadcrumb"},"inLanguage":"en-US","potentialAction":[{"@type":"ReadAction","target":["https:\/\/www.prijedordanas.com\/?p=170"]}]},{"@type":"BreadcrumbList","@id":"https:\/\/www.prijedordanas.com\/?p=170#breadcrumb","itemListElement":[{"@type":"ListItem","position":1,"name":"Home","item":"https:\/\/www.prijedordanas.com\/"},{"@type":"ListItem","position":2,"name":"TE\u0160KA SAOBRA\u0106AJKA NA PUTU BANJALUKA-PRIJEDOR, JEDNA OSOBA POGINULA"}]},{"@type":"WebSite","@id":"https:\/\/www.prijedordanas.com\/#website","url":"https:\/\/www.prijedordanas.com\/","name":"PrijedorDanas.com - Prijedorski gradski portal","description":"Portal o doga\u0111anjima u gradu Prijedoru","publisher":{"@id":"https:\/\/www.prijedordanas.com\/#organization"},"potentialAction":[{"@type":"SearchAction","target":{"@type":"EntryPoint","urlTemplate":"https:\/\/www.prijedordanas.com\/?s={search_term_string}"},"query-input":"required name=search_term_string"}],"inLanguage":"en-US"},{"@type":"Organization","@id":"https:\/\/www.prijedordanas.com\/#organization","name":"PrijedorDanas.com","url":"https:\/\/www.prijedordanas.com\/","logo":{"@type":"ImageObject","inLanguage":"en-US","@id":"https:\/\/www.prijedordanas.com\/#\/schema\/logo\/image\/","url":"http:\/\/www.prijedordanas.com\/wp-content\/uploads\/2021\/12\/logopng.png","contentUrl":"http:\/\/www.prijedordanas.com\/wp-content\/uploads\/2021\/12\/logopng.png","width":1019,"height":776,"caption":"PrijedorDanas.com"},"image":{"@id":"https:\/\/www.prijedordanas.com\/#\/schema\/logo\/image\/"},"sameAs":["https:\/\/www.facebook.com\/PrijedorDanasCom\/"]},{"@type":"Person","@id":"https:\/\/www.prijedordanas.com\/#\/schema\/person\/9c3530fe609bf1df65a64c950352f53e","name":"A.D.","image":{"@type":"ImageObject","inLanguage":"en-US","@id":"https:\/\/www.prijedordanas.com\/#\/schema\/person\/image\/","url":"https:\/\/secure.gravatar.com\/avatar\/869d16e7da687e0800fdd5fe181dd132?s=96&d=mm&r=g","contentUrl":"https:\/\/secure.gravatar.com\/avatar\/869d16e7da687e0800fdd5fe181dd132?s=96&d=mm&r=g","caption":"A.D."},"url":"https:\/\/www.prijedordanas.com\/?author=2"}]}},"_links":{"self":[{"href":"https:\/\/www.prijedordanas.com\/index.php?rest_route=\/wp\/v2\/posts\/170"}],"collection":[{"href":"https:\/\/www.prijedordanas.com\/index.php?rest_route=\/wp\/v2\/posts"}],"about":[{"href":"https:\/\/www.prijedordanas.com\/index.php?rest_route=\/wp\/v2\/types\/post"}],"author":[{"embeddable":true,"href":"https:\/\/www.prijedordanas.com\/index.php?rest_route=\/wp\/v2\/users\/2"}],"replies":[{"embeddable":true,"href":"https:\/\/www.prijedordanas.com\/index.php?rest_route=%2Fwp%2Fv2%2Fcomments&post=170"}],"version-history":[{"count":0,"href":"https:\/\/www.prijedordanas.com\/index.php?rest_route=\/wp\/v2\/posts\/170\/revisions"}],"wp:attachment":[{"href":"https:\/\/www.prijedordanas.com\/index.php?rest_route=%2Fwp%2Fv2%2Fmedia&parent=170"}],"wp:term":[{"taxonomy":"category","embeddable":true,"href":"https:\/\/www.prijedordanas.com\/index.php?rest_route=%2Fwp%2Fv2%2Fcategories&post=170"},{"taxonomy":"post_tag","embeddable":true,"href":"https:\/\/www.prijedordanas.com\/index.php?rest_route=%2Fwp%2Fv2%2Ftags&post=170"}],"curies":[{"name":"wp","href":"https:\/\/api.w.org\/{rel}","templated":true}]}}