{"id":169986,"date":"2021-07-08T18:11:08","date_gmt":"2021-07-08T16:11:08","guid":{"rendered":"https:\/\/www.prijedordanas.com\/?p=169986"},"modified":"2021-07-08T18:12:34","modified_gmt":"2021-07-08T16:12:34","slug":"sve-manje-daka-prvaka-u-republici-srpskoj-u-prijedoru-upisano-477-prvacica","status":"publish","type":"post","link":"https:\/\/www.prijedordanas.com\/?p=169986","title":{"rendered":"Sve manje \u0111aka prvaka u Republici Srpskoj: U Prijedoru upisano 477 prva\u010di\u0107a"},"content":{"rendered":"<p><a href=\"https:\/\/www.prijedordanas.com\/wp-content\/uploads\/2020\/06\/prvacici.jpg\"><img loading=\"lazy\" decoding=\"async\" src=\"https:\/\/www.prijedordanas.com\/wp-content\/uploads\/2020\/06\/prvacici-300x222.jpg\" alt=\"\" width=\"300\" height=\"222\" class=\"alignleft size-medium wp-image-149641\" srcset=\"https:\/\/www.prijedordanas.com\/wp-content\/uploads\/2020\/06\/prvacici-300x222.jpg 300w, https:\/\/www.prijedordanas.com\/wp-content\/uploads\/2020\/06\/prvacici.jpg 675w\" sizes=\"(max-width: 300px) 100vw, 300px\" \/><\/a>U prvi razred osnovne \u0161kole u Republici Srpskoj ove godine upisana su, prema dosada\u0161njim podacima, 173 u\u010denika manje nego lani, \u0161to zna\u010di da \u0107e, ako se uzme da prosje\u010dno u razredu bude 25 u\u010denika, u \u0161kolskim klupama u septembru biti sedam razreda manje.<\/p>\n<p>Iz Ministarstva prosvjete i kulture Republike Srpske za &#8220;Nezavisne novine&#8221; su potvrdili da je upis u\u010denika u prvi razred osnovne \u0161kole u \u0161kolskoj 2021\/2022. godini realizovan u svim \u0161kolama tokom aprila i maja.<\/p>\n<p>Prema podacima koje su resornom ministarstvu dostavile \u0161kole, upisano je, dakle, 8.949 u\u010denika, ali taj broj ne mora biti kona\u010dan.<\/p>\n<p>&#8220;Imaju\u0107i u vidu da svake godine do septembra bude upisan dodatni broj u\u010denika, o\u010dekujemo da \u0107e do po\u010detka \u0161kolske 2021\/2022. godine taj broj biti ve\u0107i&#8221;, ka\u017eu iz Ministarstva.<\/p>\n<p>Dodaju da je najvi\u0161e \u0111aka prvaka upisano u Banjaluci &#8211; 1.896, slijede Bijeljina 809, Doboj 494, Prijedor 477 i Gradi\u0161ka 376 u\u010denika.<\/p>\n<p>&#8220;Najmanje \u0111ake upisano je u Kalinoviku &#8211; tri, te Jezeru, Drini\u0107u i Trnovu po sedam&#8221;, isti\u010du iz resornog ministarstva.<\/p>\n<p>Elvira Miji\u0107, predsjednica Aktiva direktora osnovnih \u0161kola dobojske regije, kazala je za &#8220;Nezavisne novine&#8221; da je posljednjih godina vidljivo da je smanjen broj u\u010denika u \u0161kolama.<\/p>\n<p>&#8220;O\u010digledno je da je najve\u0107i problem pronatalna politika, jer se manje djeca ra\u0111a pa samim tim i manje je u\u010denika u \u0161kolama svake godine&#8221;, kazala je Miji\u0107eva.<\/p>\n<p>Dodaje da, barem \u0161to se ti\u010de njihove regije, ne mogu re\u0107i da je u\u010denika manje zbog iseljavanja porodica.<\/p>\n<p>&#8220;Mi imamo nekih sporadi\u010dnih slu\u010dajeva da porodice napuste na\u0161u regiju, ali to nije u velikom obimu&#8221;, kazala je Miji\u0107eva.<\/p>\n<p>Milorad Nada\u017edin, direktor O\u0160 &#8220;Sveti Vasilije Ostro\u0161ki&#8221;, koji je i predsjednik Aktkiva direktora osnovnih \u0161kola hercegova\u010dke regije, kazao je da je od naredne \u0161kolske godine, barem \u0161to se ti\u010de Trebinja, upisan ve\u0107i broj prva\u010di\u0107a.<\/p>\n<p>&#8220;Pro\u0161le godine bilo je upisano 225 u\u010denika, a ove bi u klupe trebalo da sjedne oko 275 prvaka, \u0161to je u zadnjih pet godina najve\u0107i broj upisanih \u0111aka barem \u0161to se ti\u010de Trebinja&#8221;, kazao je Nada\u017edin za &#8220;Nezavisne novine&#8221;.<\/p>\n<p>Dodao je da su zadovoljni \u010dinjenicom da \u0107e u narednoj \u0161kolskoj godini u Trebinju biti formirano najmanje dva do tri odjeljenja u\u010denika prvih razreda vi\u0161e nego pro\u0161le \u0161kolske godine. Isti\u010de da se, \u0161to se ti\u010de ostalih lokalnih zajednica koje pripadaju njihovoj regiji, bilje\u017ei manji broj upisanih \u0111aka.<\/p>\n<p>Prema Zakonu o osnovnom vaspitanju i obrazovanju, u prvi razred upisuju se djeca koja zaklju\u010dno sa 31. avgustom teku\u0107e godine navr\u0161avaju \u0161est godina.<\/p>\n<p>&#8220;Na zahtjev roditelja u prvi razred mogu biti upisana i djeca koja do kraja teku\u0107e godine navr\u0161avaju \u0161est godina, ukoliko komisija za upis djece u prvi razred procijeni da je dijete spremno za polazak u \u0161kolu&#8221;, nagla\u0161avaju iz ovog ministarstva. U izuzetnim slu\u010dajevima, u prvi razred se mogu upisati djeca mla\u0111a od \u0161est godina ili se mo\u017ee odgoditi upis ukoliko komisija za upis djece u prvi razred procijeni da je to u najboljem interesu djeteta.<\/p>\n<p>&#8220;U prvi razred upisuje se i dijete starije od \u0161est godina koje zbog bolesti ili drugih razloga nije bilo upisano u \u0161kolu&#8221;, rekli su iz resornog ministarstva.<\/p>\n<p>Besplatni ud\u017ebenici<br \/>\nMinistarstvo prosvjete i kulture RS obezbijedi\u0107e besplatne ud\u017ebenike za u\u010denike prvog i drugog razreda osnovne \u0161kole, za u\u010denike pobjednike republi\u010dkih takmi\u010denja i za tre\u0107e i svako naredno dijete iz porodica s troje i vi\u0161e djece, koje nisu socijalno ugro\u017eene ili u stanju socijalne potrebe, odnosno nisu korisnici usluga centara za socijalni rad.<\/p>\n<p>Bud\u017eetom za 2021. godinu za ove namjene planirana su tri miliona KM, \u0161to je za vi\u0161e od dva miliona KM vi\u0161e od bud\u017eeta za 2019. godinu.<\/p>\n<p>Broj \u0111aka prvaka po \u0161kolskim godinama<br \/>\n&#8211; 2021\/2022. 8.949<\/p>\n<p>&#8211; 2020\/2021. 9.122<\/p>\n<p>&#8211; 2019\/2020. 9.293<\/p>\n<p>2018\/2019. 9.731<\/p>\n<p><a href=\"https:\/\/www.nezavisne.com\/novosti\/drustvo\/Sve-manje-djaka-prvaka-u-Srpskoj\/670533\" rel=\"noopener\" target=\"_blank\">nezavisne.com<\/a><br \/>\nFoto &#8211; ilustracija<\/p>\n","protected":false},"excerpt":{"rendered":"<p>U prvi razred osnovne \u0161kole u Republici Srpskoj ove godine upisana su, prema dosada\u0161njim podacima, 173 u\u010denika manje nego lani, \u0161to zna\u010di da \u0107e, ako se uzme da prosje\u010dno u [&hellip;]<\/p>\n","protected":false},"author":1,"featured_media":0,"comment_status":"closed","ping_status":"open","sticky":false,"template":"","format":"standard","meta":{"_monsterinsights_skip_tracking":false,"_monsterinsights_sitenote_active":false,"_monsterinsights_sitenote_note":"","_monsterinsights_sitenote_category":0,"footnotes":""},"categories":[7518],"tags":[],"yoast_head":"<!-- This site is optimized with the Yoast SEO plugin v21.6 - https:\/\/yoast.com\/wordpress\/plugins\/seo\/ -->\n<title>Sve manje \u0111aka prvaka u Republici Srpskoj: U Prijedoru upisano 477 prva\u010di\u0107a - PrijedorDanas.com - Prijedorski gradski portal<\/title>\n<meta name=\"robots\" content=\"index, follow, max-snippet:-1, max-image-preview:large, max-video-preview:-1\" \/>\n<link rel=\"canonical\" href=\"https:\/\/www.prijedordanas.com\/?p=169986\" \/>\n<meta property=\"og:locale\" content=\"en_US\" \/>\n<meta property=\"og:type\" content=\"article\" \/>\n<meta property=\"og:title\" content=\"Sve manje \u0111aka prvaka u Republici Srpskoj: U Prijedoru upisano 477 prva\u010di\u0107a - PrijedorDanas.com - Prijedorski gradski portal\" \/>\n<meta property=\"og:description\" content=\"U prvi razred osnovne \u0161kole u Republici Srpskoj ove godine upisana su, prema dosada\u0161njim podacima, 173 u\u010denika manje nego lani, \u0161to zna\u010di da \u0107e, ako se uzme da prosje\u010dno u [&hellip;]\" \/>\n<meta property=\"og:url\" content=\"https:\/\/www.prijedordanas.com\/?p=169986\" \/>\n<meta property=\"og:site_name\" content=\"PrijedorDanas.com - Prijedorski gradski portal\" \/>\n<meta property=\"article:publisher\" content=\"https:\/\/www.facebook.com\/PrijedorDanasCom\/\" \/>\n<meta property=\"article:published_time\" content=\"2021-07-08T16:11:08+00:00\" \/>\n<meta property=\"article:modified_time\" content=\"2021-07-08T16:12:34+00:00\" \/>\n<meta property=\"og:image\" content=\"https:\/\/www.prijedordanas.com\/wp-content\/uploads\/2020\/06\/prvacici-300x222.jpg\" \/>\n<meta name=\"author\" content=\"admin\" \/>\n<meta name=\"twitter:card\" content=\"summary_large_image\" \/>\n<meta name=\"twitter:label1\" content=\"Written by\" \/>\n\t<meta name=\"twitter:data1\" content=\"admin\" \/>\n\t<meta name=\"twitter:label2\" content=\"Est. reading time\" \/>\n\t<meta name=\"twitter:data2\" content=\"3 minutes\" \/>\n<script type=\"application\/ld+json\" class=\"yoast-schema-graph\">{\"@context\":\"https:\/\/schema.org\",\"@graph\":[{\"@type\":\"Article\",\"@id\":\"https:\/\/www.prijedordanas.com\/?p=169986#article\",\"isPartOf\":{\"@id\":\"https:\/\/www.prijedordanas.com\/?p=169986\"},\"author\":{\"name\":\"admin\",\"@id\":\"https:\/\/www.prijedordanas.com\/#\/schema\/person\/4e08ccf29b506ca916ff86d46bb700e6\"},\"headline\":\"Sve manje \u0111aka prvaka u Republici Srpskoj: U Prijedoru upisano 477 prva\u010di\u0107a\",\"datePublished\":\"2021-07-08T16:11:08+00:00\",\"dateModified\":\"2021-07-08T16:12:34+00:00\",\"mainEntityOfPage\":{\"@id\":\"https:\/\/www.prijedordanas.com\/?p=169986\"},\"wordCount\":665,\"publisher\":{\"@id\":\"https:\/\/www.prijedordanas.com\/#organization\"},\"articleSection\":[\"Mladi\"],\"inLanguage\":\"en-US\"},{\"@type\":\"WebPage\",\"@id\":\"https:\/\/www.prijedordanas.com\/?p=169986\",\"url\":\"https:\/\/www.prijedordanas.com\/?p=169986\",\"name\":\"Sve manje \u0111aka prvaka u Republici Srpskoj: U Prijedoru upisano 477 prva\u010di\u0107a - PrijedorDanas.com - Prijedorski gradski portal\",\"isPartOf\":{\"@id\":\"https:\/\/www.prijedordanas.com\/#website\"},\"datePublished\":\"2021-07-08T16:11:08+00:00\",\"dateModified\":\"2021-07-08T16:12:34+00:00\",\"breadcrumb\":{\"@id\":\"https:\/\/www.prijedordanas.com\/?p=169986#breadcrumb\"},\"inLanguage\":\"en-US\",\"potentialAction\":[{\"@type\":\"ReadAction\",\"target\":[\"https:\/\/www.prijedordanas.com\/?p=169986\"]}]},{\"@type\":\"BreadcrumbList\",\"@id\":\"https:\/\/www.prijedordanas.com\/?p=169986#breadcrumb\",\"itemListElement\":[{\"@type\":\"ListItem\",\"position\":1,\"name\":\"Home\",\"item\":\"https:\/\/www.prijedordanas.com\/\"},{\"@type\":\"ListItem\",\"position\":2,\"name\":\"Sve manje \u0111aka prvaka u Republici Srpskoj: U Prijedoru upisano 477 prva\u010di\u0107a\"}]},{\"@type\":\"WebSite\",\"@id\":\"https:\/\/www.prijedordanas.com\/#website\",\"url\":\"https:\/\/www.prijedordanas.com\/\",\"name\":\"PrijedorDanas.com - Prijedorski gradski portal\",\"description\":\"Portal o doga\u0111anjima u gradu Prijedoru\",\"publisher\":{\"@id\":\"https:\/\/www.prijedordanas.com\/#organization\"},\"potentialAction\":[{\"@type\":\"SearchAction\",\"target\":{\"@type\":\"EntryPoint\",\"urlTemplate\":\"https:\/\/www.prijedordanas.com\/?s={search_term_string}\"},\"query-input\":\"required name=search_term_string\"}],\"inLanguage\":\"en-US\"},{\"@type\":\"Organization\",\"@id\":\"https:\/\/www.prijedordanas.com\/#organization\",\"name\":\"PrijedorDanas.com\",\"url\":\"https:\/\/www.prijedordanas.com\/\",\"logo\":{\"@type\":\"ImageObject\",\"inLanguage\":\"en-US\",\"@id\":\"https:\/\/www.prijedordanas.com\/#\/schema\/logo\/image\/\",\"url\":\"http:\/\/www.prijedordanas.com\/wp-content\/uploads\/2021\/12\/logopng.png\",\"contentUrl\":\"http:\/\/www.prijedordanas.com\/wp-content\/uploads\/2021\/12\/logopng.png\",\"width\":1019,\"height\":776,\"caption\":\"PrijedorDanas.com\"},\"image\":{\"@id\":\"https:\/\/www.prijedordanas.com\/#\/schema\/logo\/image\/\"},\"sameAs\":[\"https:\/\/www.facebook.com\/PrijedorDanasCom\/\"]},{\"@type\":\"Person\",\"@id\":\"https:\/\/www.prijedordanas.com\/#\/schema\/person\/4e08ccf29b506ca916ff86d46bb700e6\",\"name\":\"admin\",\"image\":{\"@type\":\"ImageObject\",\"inLanguage\":\"en-US\",\"@id\":\"https:\/\/www.prijedordanas.com\/#\/schema\/person\/image\/\",\"url\":\"https:\/\/secure.gravatar.com\/avatar\/1d3fc949d550f0b53a5f0d51e06dfd79?s=96&d=mm&r=g\",\"contentUrl\":\"https:\/\/secure.gravatar.com\/avatar\/1d3fc949d550f0b53a5f0d51e06dfd79?s=96&d=mm&r=g\",\"caption\":\"admin\"},\"url\":\"https:\/\/www.prijedordanas.com\/?author=1\"}]}<\/script>\n<!-- \/ Yoast SEO plugin. -->","yoast_head_json":{"title":"Sve manje \u0111aka prvaka u Republici Srpskoj: U Prijedoru upisano 477 prva\u010di\u0107a - PrijedorDanas.com - Prijedorski gradski portal","robots":{"index":"index","follow":"follow","max-snippet":"max-snippet:-1","max-image-preview":"max-image-preview:large","max-video-preview":"max-video-preview:-1"},"canonical":"https:\/\/www.prijedordanas.com\/?p=169986","og_locale":"en_US","og_type":"article","og_title":"Sve manje \u0111aka prvaka u Republici Srpskoj: U Prijedoru upisano 477 prva\u010di\u0107a - PrijedorDanas.com - Prijedorski gradski portal","og_description":"U prvi razred osnovne \u0161kole u Republici Srpskoj ove godine upisana su, prema dosada\u0161njim podacima, 173 u\u010denika manje nego lani, \u0161to zna\u010di da \u0107e, ako se uzme da prosje\u010dno u [&hellip;]","og_url":"https:\/\/www.prijedordanas.com\/?p=169986","og_site_name":"PrijedorDanas.com - Prijedorski gradski portal","article_publisher":"https:\/\/www.facebook.com\/PrijedorDanasCom\/","article_published_time":"2021-07-08T16:11:08+00:00","article_modified_time":"2021-07-08T16:12:34+00:00","og_image":[{"url":"https:\/\/www.prijedordanas.com\/wp-content\/uploads\/2020\/06\/prvacici-300x222.jpg"}],"author":"admin","twitter_card":"summary_large_image","twitter_misc":{"Written by":"admin","Est. reading time":"3 minutes"},"schema":{"@context":"https:\/\/schema.org","@graph":[{"@type":"Article","@id":"https:\/\/www.prijedordanas.com\/?p=169986#article","isPartOf":{"@id":"https:\/\/www.prijedordanas.com\/?p=169986"},"author":{"name":"admin","@id":"https:\/\/www.prijedordanas.com\/#\/schema\/person\/4e08ccf29b506ca916ff86d46bb700e6"},"headline":"Sve manje \u0111aka prvaka u Republici Srpskoj: U Prijedoru upisano 477 prva\u010di\u0107a","datePublished":"2021-07-08T16:11:08+00:00","dateModified":"2021-07-08T16:12:34+00:00","mainEntityOfPage":{"@id":"https:\/\/www.prijedordanas.com\/?p=169986"},"wordCount":665,"publisher":{"@id":"https:\/\/www.prijedordanas.com\/#organization"},"articleSection":["Mladi"],"inLanguage":"en-US"},{"@type":"WebPage","@id":"https:\/\/www.prijedordanas.com\/?p=169986","url":"https:\/\/www.prijedordanas.com\/?p=169986","name":"Sve manje \u0111aka prvaka u Republici Srpskoj: U Prijedoru upisano 477 prva\u010di\u0107a - PrijedorDanas.com - Prijedorski gradski portal","isPartOf":{"@id":"https:\/\/www.prijedordanas.com\/#website"},"datePublished":"2021-07-08T16:11:08+00:00","dateModified":"2021-07-08T16:12:34+00:00","breadcrumb":{"@id":"https:\/\/www.prijedordanas.com\/?p=169986#breadcrumb"},"inLanguage":"en-US","potentialAction":[{"@type":"ReadAction","target":["https:\/\/www.prijedordanas.com\/?p=169986"]}]},{"@type":"BreadcrumbList","@id":"https:\/\/www.prijedordanas.com\/?p=169986#breadcrumb","itemListElement":[{"@type":"ListItem","position":1,"name":"Home","item":"https:\/\/www.prijedordanas.com\/"},{"@type":"ListItem","position":2,"name":"Sve manje \u0111aka prvaka u Republici Srpskoj: U Prijedoru upisano 477 prva\u010di\u0107a"}]},{"@type":"WebSite","@id":"https:\/\/www.prijedordanas.com\/#website","url":"https:\/\/www.prijedordanas.com\/","name":"PrijedorDanas.com - Prijedorski gradski portal","description":"Portal o doga\u0111anjima u gradu Prijedoru","publisher":{"@id":"https:\/\/www.prijedordanas.com\/#organization"},"potentialAction":[{"@type":"SearchAction","target":{"@type":"EntryPoint","urlTemplate":"https:\/\/www.prijedordanas.com\/?s={search_term_string}"},"query-input":"required name=search_term_string"}],"inLanguage":"en-US"},{"@type":"Organization","@id":"https:\/\/www.prijedordanas.com\/#organization","name":"PrijedorDanas.com","url":"https:\/\/www.prijedordanas.com\/","logo":{"@type":"ImageObject","inLanguage":"en-US","@id":"https:\/\/www.prijedordanas.com\/#\/schema\/logo\/image\/","url":"http:\/\/www.prijedordanas.com\/wp-content\/uploads\/2021\/12\/logopng.png","contentUrl":"http:\/\/www.prijedordanas.com\/wp-content\/uploads\/2021\/12\/logopng.png","width":1019,"height":776,"caption":"PrijedorDanas.com"},"image":{"@id":"https:\/\/www.prijedordanas.com\/#\/schema\/logo\/image\/"},"sameAs":["https:\/\/www.facebook.com\/PrijedorDanasCom\/"]},{"@type":"Person","@id":"https:\/\/www.prijedordanas.com\/#\/schema\/person\/4e08ccf29b506ca916ff86d46bb700e6","name":"admin","image":{"@type":"ImageObject","inLanguage":"en-US","@id":"https:\/\/www.prijedordanas.com\/#\/schema\/person\/image\/","url":"https:\/\/secure.gravatar.com\/avatar\/1d3fc949d550f0b53a5f0d51e06dfd79?s=96&d=mm&r=g","contentUrl":"https:\/\/secure.gravatar.com\/avatar\/1d3fc949d550f0b53a5f0d51e06dfd79?s=96&d=mm&r=g","caption":"admin"},"url":"https:\/\/www.prijedordanas.com\/?author=1"}]}},"_links":{"self":[{"href":"https:\/\/www.prijedordanas.com\/index.php?rest_route=\/wp\/v2\/posts\/169986"}],"collection":[{"href":"https:\/\/www.prijedordanas.com\/index.php?rest_route=\/wp\/v2\/posts"}],"about":[{"href":"https:\/\/www.prijedordanas.com\/index.php?rest_route=\/wp\/v2\/types\/post"}],"author":[{"embeddable":true,"href":"https:\/\/www.prijedordanas.com\/index.php?rest_route=\/wp\/v2\/users\/1"}],"replies":[{"embeddable":true,"href":"https:\/\/www.prijedordanas.com\/index.php?rest_route=%2Fwp%2Fv2%2Fcomments&post=169986"}],"version-history":[{"count":1,"href":"https:\/\/www.prijedordanas.com\/index.php?rest_route=\/wp\/v2\/posts\/169986\/revisions"}],"predecessor-version":[{"id":169987,"href":"https:\/\/www.prijedordanas.com\/index.php?rest_route=\/wp\/v2\/posts\/169986\/revisions\/169987"}],"wp:attachment":[{"href":"https:\/\/www.prijedordanas.com\/index.php?rest_route=%2Fwp%2Fv2%2Fmedia&parent=169986"}],"wp:term":[{"taxonomy":"category","embeddable":true,"href":"https:\/\/www.prijedordanas.com\/index.php?rest_route=%2Fwp%2Fv2%2Fcategories&post=169986"},{"taxonomy":"post_tag","embeddable":true,"href":"https:\/\/www.prijedordanas.com\/index.php?rest_route=%2Fwp%2Fv2%2Ftags&post=169986"}],"curies":[{"name":"wp","href":"https:\/\/api.w.org\/{rel}","templated":true}]}}