{"id":169602,"date":"2021-07-03T12:35:12","date_gmt":"2021-07-03T10:35:12","guid":{"rendered":"https:\/\/www.prijedordanas.com\/?p=169602"},"modified":"2021-07-03T12:35:12","modified_gmt":"2021-07-03T10:35:12","slug":"na-putevima-republike-srpske-12-presretaca-i-svi-mobilni-radari","status":"publish","type":"post","link":"https:\/\/www.prijedordanas.com\/?p=169602","title":{"rendered":"Na putevima Republike Srpske 12 presreta\u010da i svi mobilni radari"},"content":{"rendered":"<p><a href=\"https:\/\/www.prijedordanas.com\/wp-content\/uploads\/2021\/07\/nezavisne-presretac.jpg\"><img loading=\"lazy\" decoding=\"async\" src=\"https:\/\/www.prijedordanas.com\/wp-content\/uploads\/2021\/07\/nezavisne-presretac-300x225.jpg\" alt=\"\" width=\"300\" height=\"225\" class=\"alignleft size-medium wp-image-169603\" srcset=\"https:\/\/www.prijedordanas.com\/wp-content\/uploads\/2021\/07\/nezavisne-presretac-300x225.jpg 300w, https:\/\/www.prijedordanas.com\/wp-content\/uploads\/2021\/07\/nezavisne-presretac-640x480.jpg 640w, https:\/\/www.prijedordanas.com\/wp-content\/uploads\/2021\/07\/nezavisne-presretac.jpg 667w\" sizes=\"(max-width: 300px) 100vw, 300px\" \/><\/a>Voza\u010di u Srpskoj tokom ovog i sljede\u0107eg mjeseca posebno treba da obrate pa\u017enju na brzinu, jer \u0107e svi mobilni radarski sistemi biti anga\u017eovani svakog dana najmanje 12 sati dnevno.<\/p>\n<p>Osim toga, kako saznaju &#8220;Nezavisne novine&#8221;, putevima \u0107e krstariti i 12 presreta\u010da, a kada je u pitanju njihov rad, poseban akcenat odnosi\u0107e se na Banjaluku, Bijeljinu, Prijedor, Doboj i Gradi\u0161ku.<\/p>\n<p>U MUP-u Srpske potvr\u0111eno nam je i da je u julu i avgustu planirano \u0161est republi\u010dkih akcija, s tim \u0161to \u0107e i svaka policijska uprava organizovati po jednu regionalnu i jednu lokalnu.<\/p>\n<p>I to nije sve &#8211; sedam policijskih motocikala \u0107e biti podijeljeno u dvije grupe, a pod njihovom lupom bi\u0107e motociklisti, ali i voza\u010di mopeda, bicikala i traktora.<\/p>\n<p>Voza\u010dima vozila stoga se savjetuje da ne prekora\u010duju brzinu, da ne piju te da koriste bezbjednosni pojas, koji za 40 do 50 odsto smanjuje mogu\u0107nost pogibije tokom nesre\u0107e.<\/p>\n<p>Na motocikliste se apeluje da koriste kacige i drugu za\u0161titnu opremu te da preti\u010du u skladu s propisima &#8211; ne sa desne strane i ne kolone. Biciklistima se savjetuje kretanje biciklisti\u010dkim stazama ili kolovozom na propisan na\u010din.<\/p>\n<p>Sve ove kontrole bi\u0107e sprovedene u sklopu preventivne kampanje &#8220;Vozi oprezno, putuj bezbjedno&#8221;, \u010diji je cilj smanjenje broja poginulih na putevima Srpske u julu i avgustu, koji su identifikovani kao mjeseci tokom kojih je bezbjednost u\u010desnika u saobra\u0107aju najugro\u017eenija.<\/p>\n<p>Goran Amid\u017ei\u0107, na\u010delnik Jedinice policije za bezbjednost saobra\u0107aja MUP-a Republike Srpske, rekao je da je u 2018. godini u toku jula i avgusta poginulo 40, a 2019. godine 38 lica.<\/p>\n<p>On je dodao da je kampanja &#8220;Vozi oprezno, putuj bezbjedno&#8221; prvi put sprovedena pro\u0161le godine, kada ja broj poginulih u julu i avgustu smanjen na 28 lica.<\/p>\n<p>&#8220;O\u010dekujemo da ove godine bude manji broj poginulih u ova dva mjeseca&#8221;, naglasio je Amid\u017ei\u0107.<\/p>\n<p>Milan Salamadija, inspektor u Upravi policije MUP-a Srpske, rekao je da je s ciljem smanjenja broja saobra\u0107ajnih nezgoda s poginulim licima MUP nalo\u017eilo niz mjera i aktivnosti za policijske uprave, kao i anga\u017eovanje mobilnih radarskih sistema na teritoriji policijskih stanica s najve\u0107im brojem saobra\u0107ajnih nezgoda sa poginulim licima.<\/p>\n<p>On je rekao da je analiza saobra\u0107ajnih nezgoda s poginulim licima za jul i avgust 2018, 2019. i 2020. godine pokazala da je na podru\u010dju policijskih uprava Banjaluka, Doboj, Bijeljina i Prijedor identifikovan najve\u0107i broj smrtno stradalih u ta dva mjeseca.<\/p>\n<p>&#8220;Kada je rije\u010d o strukturi poginulih lica, na prvom mjestu su voza\u010di putni\u010dkih vozila, na drugom voza\u010di motocikala i mopeda, te slijede pje\u0161aci, voza\u010di traktora i biciklisti&#8221;, rekao je Salamadija.<\/p>\n<p>&#8220;Nezavisnim novinama&#8221; je iz MUP-a Srpske potvr\u0111eno da se najve\u0107i broj saobra\u0107ajnih nesre\u0107a okon\u010danih tragedijom u julu i avgustu u prethodne tri godine dogodio od 20 do 22 \u010dasa (17), te od 18 do 20 \u010dasova (13).<\/p>\n<p>&#8220;Najve\u0107i broj saobra\u0107ajnih nezgoda sa smrtnom posljedicom u julu i avgustu u prethodne tri godine se, po danima, dogodio, u subotu &#8211; 19, te u srijedu &#8211; 17&#8221;, rekli su iz MUP-a Srpske.<\/p>\n<p>Broj poginulih tokom jula i avgusta<br \/>\n2018.           40<br \/>\n2019.           38<br \/>\n2020.           28<\/p>\n<p><a href=\"https:\/\/www.nezavisne.com\/novosti\/drustvo\/Na-putevima-Srpske-12-presretaca-i-svi-mobilni-radari\/669710\" rel=\"noopener\" target=\"_blank\">nezavisne.com<\/a><\/p>\n","protected":false},"excerpt":{"rendered":"<p>Voza\u010di u Srpskoj tokom ovog i sljede\u0107eg mjeseca posebno treba da obrate pa\u017enju na brzinu, jer \u0107e svi mobilni radarski sistemi biti anga\u017eovani svakog dana najmanje 12 sati dnevno. Osim [&hellip;]<\/p>\n","protected":false},"author":1,"featured_media":0,"comment_status":"closed","ping_status":"open","sticky":false,"template":"","format":"standard","meta":{"_monsterinsights_skip_tracking":false,"_monsterinsights_sitenote_active":false,"_monsterinsights_sitenote_note":"","_monsterinsights_sitenote_category":0,"footnotes":""},"categories":[5],"tags":[],"yoast_head":"<!-- This site is optimized with the Yoast SEO plugin v21.6 - https:\/\/yoast.com\/wordpress\/plugins\/seo\/ -->\n<title>Na putevima Republike Srpske 12 presreta\u010da i svi mobilni radari - PrijedorDanas.com - Prijedorski gradski portal<\/title>\n<meta name=\"robots\" content=\"index, follow, max-snippet:-1, max-image-preview:large, max-video-preview:-1\" \/>\n<link rel=\"canonical\" href=\"https:\/\/www.prijedordanas.com\/?p=169602\" \/>\n<meta property=\"og:locale\" content=\"en_US\" \/>\n<meta property=\"og:type\" content=\"article\" \/>\n<meta property=\"og:title\" content=\"Na putevima Republike Srpske 12 presreta\u010da i svi mobilni radari - PrijedorDanas.com - Prijedorski gradski portal\" \/>\n<meta property=\"og:description\" content=\"Voza\u010di u Srpskoj tokom ovog i sljede\u0107eg mjeseca posebno treba da obrate pa\u017enju na brzinu, jer \u0107e svi mobilni radarski sistemi biti anga\u017eovani svakog dana najmanje 12 sati dnevno. Osim [&hellip;]\" \/>\n<meta property=\"og:url\" content=\"https:\/\/www.prijedordanas.com\/?p=169602\" \/>\n<meta property=\"og:site_name\" content=\"PrijedorDanas.com - Prijedorski gradski portal\" \/>\n<meta property=\"article:publisher\" content=\"https:\/\/www.facebook.com\/PrijedorDanasCom\/\" \/>\n<meta property=\"article:published_time\" content=\"2021-07-03T10:35:12+00:00\" \/>\n<meta property=\"og:image\" content=\"https:\/\/www.prijedordanas.com\/wp-content\/uploads\/2021\/07\/nezavisne-presretac-300x225.jpg\" \/>\n<meta name=\"author\" content=\"admin\" \/>\n<meta name=\"twitter:card\" content=\"summary_large_image\" \/>\n<meta name=\"twitter:label1\" content=\"Written by\" \/>\n\t<meta name=\"twitter:data1\" content=\"admin\" \/>\n\t<meta name=\"twitter:label2\" content=\"Est. reading time\" \/>\n\t<meta name=\"twitter:data2\" content=\"3 minutes\" \/>\n<script type=\"application\/ld+json\" class=\"yoast-schema-graph\">{\"@context\":\"https:\/\/schema.org\",\"@graph\":[{\"@type\":\"Article\",\"@id\":\"https:\/\/www.prijedordanas.com\/?p=169602#article\",\"isPartOf\":{\"@id\":\"https:\/\/www.prijedordanas.com\/?p=169602\"},\"author\":{\"name\":\"admin\",\"@id\":\"https:\/\/www.prijedordanas.com\/#\/schema\/person\/4e08ccf29b506ca916ff86d46bb700e6\"},\"headline\":\"Na putevima Republike Srpske 12 presreta\u010da i svi mobilni radari\",\"datePublished\":\"2021-07-03T10:35:12+00:00\",\"dateModified\":\"2021-07-03T10:35:12+00:00\",\"mainEntityOfPage\":{\"@id\":\"https:\/\/www.prijedordanas.com\/?p=169602\"},\"wordCount\":530,\"publisher\":{\"@id\":\"https:\/\/www.prijedordanas.com\/#organization\"},\"articleSection\":[\"Hronika\"],\"inLanguage\":\"en-US\"},{\"@type\":\"WebPage\",\"@id\":\"https:\/\/www.prijedordanas.com\/?p=169602\",\"url\":\"https:\/\/www.prijedordanas.com\/?p=169602\",\"name\":\"Na putevima Republike Srpske 12 presreta\u010da i svi mobilni radari - PrijedorDanas.com - Prijedorski gradski portal\",\"isPartOf\":{\"@id\":\"https:\/\/www.prijedordanas.com\/#website\"},\"datePublished\":\"2021-07-03T10:35:12+00:00\",\"dateModified\":\"2021-07-03T10:35:12+00:00\",\"breadcrumb\":{\"@id\":\"https:\/\/www.prijedordanas.com\/?p=169602#breadcrumb\"},\"inLanguage\":\"en-US\",\"potentialAction\":[{\"@type\":\"ReadAction\",\"target\":[\"https:\/\/www.prijedordanas.com\/?p=169602\"]}]},{\"@type\":\"BreadcrumbList\",\"@id\":\"https:\/\/www.prijedordanas.com\/?p=169602#breadcrumb\",\"itemListElement\":[{\"@type\":\"ListItem\",\"position\":1,\"name\":\"Home\",\"item\":\"https:\/\/www.prijedordanas.com\/\"},{\"@type\":\"ListItem\",\"position\":2,\"name\":\"Na putevima Republike Srpske 12 presreta\u010da i svi mobilni radari\"}]},{\"@type\":\"WebSite\",\"@id\":\"https:\/\/www.prijedordanas.com\/#website\",\"url\":\"https:\/\/www.prijedordanas.com\/\",\"name\":\"PrijedorDanas.com - Prijedorski gradski portal\",\"description\":\"Portal o doga\u0111anjima u gradu Prijedoru\",\"publisher\":{\"@id\":\"https:\/\/www.prijedordanas.com\/#organization\"},\"potentialAction\":[{\"@type\":\"SearchAction\",\"target\":{\"@type\":\"EntryPoint\",\"urlTemplate\":\"https:\/\/www.prijedordanas.com\/?s={search_term_string}\"},\"query-input\":\"required name=search_term_string\"}],\"inLanguage\":\"en-US\"},{\"@type\":\"Organization\",\"@id\":\"https:\/\/www.prijedordanas.com\/#organization\",\"name\":\"PrijedorDanas.com\",\"url\":\"https:\/\/www.prijedordanas.com\/\",\"logo\":{\"@type\":\"ImageObject\",\"inLanguage\":\"en-US\",\"@id\":\"https:\/\/www.prijedordanas.com\/#\/schema\/logo\/image\/\",\"url\":\"http:\/\/www.prijedordanas.com\/wp-content\/uploads\/2021\/12\/logopng.png\",\"contentUrl\":\"http:\/\/www.prijedordanas.com\/wp-content\/uploads\/2021\/12\/logopng.png\",\"width\":1019,\"height\":776,\"caption\":\"PrijedorDanas.com\"},\"image\":{\"@id\":\"https:\/\/www.prijedordanas.com\/#\/schema\/logo\/image\/\"},\"sameAs\":[\"https:\/\/www.facebook.com\/PrijedorDanasCom\/\"]},{\"@type\":\"Person\",\"@id\":\"https:\/\/www.prijedordanas.com\/#\/schema\/person\/4e08ccf29b506ca916ff86d46bb700e6\",\"name\":\"admin\",\"image\":{\"@type\":\"ImageObject\",\"inLanguage\":\"en-US\",\"@id\":\"https:\/\/www.prijedordanas.com\/#\/schema\/person\/image\/\",\"url\":\"https:\/\/secure.gravatar.com\/avatar\/1d3fc949d550f0b53a5f0d51e06dfd79?s=96&d=mm&r=g\",\"contentUrl\":\"https:\/\/secure.gravatar.com\/avatar\/1d3fc949d550f0b53a5f0d51e06dfd79?s=96&d=mm&r=g\",\"caption\":\"admin\"},\"url\":\"https:\/\/www.prijedordanas.com\/?author=1\"}]}<\/script>\n<!-- \/ Yoast SEO plugin. -->","yoast_head_json":{"title":"Na putevima Republike Srpske 12 presreta\u010da i svi mobilni radari - PrijedorDanas.com - Prijedorski gradski portal","robots":{"index":"index","follow":"follow","max-snippet":"max-snippet:-1","max-image-preview":"max-image-preview:large","max-video-preview":"max-video-preview:-1"},"canonical":"https:\/\/www.prijedordanas.com\/?p=169602","og_locale":"en_US","og_type":"article","og_title":"Na putevima Republike Srpske 12 presreta\u010da i svi mobilni radari - PrijedorDanas.com - Prijedorski gradski portal","og_description":"Voza\u010di u Srpskoj tokom ovog i sljede\u0107eg mjeseca posebno treba da obrate pa\u017enju na brzinu, jer \u0107e svi mobilni radarski sistemi biti anga\u017eovani svakog dana najmanje 12 sati dnevno. Osim [&hellip;]","og_url":"https:\/\/www.prijedordanas.com\/?p=169602","og_site_name":"PrijedorDanas.com - Prijedorski gradski portal","article_publisher":"https:\/\/www.facebook.com\/PrijedorDanasCom\/","article_published_time":"2021-07-03T10:35:12+00:00","og_image":[{"url":"https:\/\/www.prijedordanas.com\/wp-content\/uploads\/2021\/07\/nezavisne-presretac-300x225.jpg"}],"author":"admin","twitter_card":"summary_large_image","twitter_misc":{"Written by":"admin","Est. reading time":"3 minutes"},"schema":{"@context":"https:\/\/schema.org","@graph":[{"@type":"Article","@id":"https:\/\/www.prijedordanas.com\/?p=169602#article","isPartOf":{"@id":"https:\/\/www.prijedordanas.com\/?p=169602"},"author":{"name":"admin","@id":"https:\/\/www.prijedordanas.com\/#\/schema\/person\/4e08ccf29b506ca916ff86d46bb700e6"},"headline":"Na putevima Republike Srpske 12 presreta\u010da i svi mobilni radari","datePublished":"2021-07-03T10:35:12+00:00","dateModified":"2021-07-03T10:35:12+00:00","mainEntityOfPage":{"@id":"https:\/\/www.prijedordanas.com\/?p=169602"},"wordCount":530,"publisher":{"@id":"https:\/\/www.prijedordanas.com\/#organization"},"articleSection":["Hronika"],"inLanguage":"en-US"},{"@type":"WebPage","@id":"https:\/\/www.prijedordanas.com\/?p=169602","url":"https:\/\/www.prijedordanas.com\/?p=169602","name":"Na putevima Republike Srpske 12 presreta\u010da i svi mobilni radari - PrijedorDanas.com - Prijedorski gradski portal","isPartOf":{"@id":"https:\/\/www.prijedordanas.com\/#website"},"datePublished":"2021-07-03T10:35:12+00:00","dateModified":"2021-07-03T10:35:12+00:00","breadcrumb":{"@id":"https:\/\/www.prijedordanas.com\/?p=169602#breadcrumb"},"inLanguage":"en-US","potentialAction":[{"@type":"ReadAction","target":["https:\/\/www.prijedordanas.com\/?p=169602"]}]},{"@type":"BreadcrumbList","@id":"https:\/\/www.prijedordanas.com\/?p=169602#breadcrumb","itemListElement":[{"@type":"ListItem","position":1,"name":"Home","item":"https:\/\/www.prijedordanas.com\/"},{"@type":"ListItem","position":2,"name":"Na putevima Republike Srpske 12 presreta\u010da i svi mobilni radari"}]},{"@type":"WebSite","@id":"https:\/\/www.prijedordanas.com\/#website","url":"https:\/\/www.prijedordanas.com\/","name":"PrijedorDanas.com - Prijedorski gradski portal","description":"Portal o doga\u0111anjima u gradu Prijedoru","publisher":{"@id":"https:\/\/www.prijedordanas.com\/#organization"},"potentialAction":[{"@type":"SearchAction","target":{"@type":"EntryPoint","urlTemplate":"https:\/\/www.prijedordanas.com\/?s={search_term_string}"},"query-input":"required name=search_term_string"}],"inLanguage":"en-US"},{"@type":"Organization","@id":"https:\/\/www.prijedordanas.com\/#organization","name":"PrijedorDanas.com","url":"https:\/\/www.prijedordanas.com\/","logo":{"@type":"ImageObject","inLanguage":"en-US","@id":"https:\/\/www.prijedordanas.com\/#\/schema\/logo\/image\/","url":"http:\/\/www.prijedordanas.com\/wp-content\/uploads\/2021\/12\/logopng.png","contentUrl":"http:\/\/www.prijedordanas.com\/wp-content\/uploads\/2021\/12\/logopng.png","width":1019,"height":776,"caption":"PrijedorDanas.com"},"image":{"@id":"https:\/\/www.prijedordanas.com\/#\/schema\/logo\/image\/"},"sameAs":["https:\/\/www.facebook.com\/PrijedorDanasCom\/"]},{"@type":"Person","@id":"https:\/\/www.prijedordanas.com\/#\/schema\/person\/4e08ccf29b506ca916ff86d46bb700e6","name":"admin","image":{"@type":"ImageObject","inLanguage":"en-US","@id":"https:\/\/www.prijedordanas.com\/#\/schema\/person\/image\/","url":"https:\/\/secure.gravatar.com\/avatar\/1d3fc949d550f0b53a5f0d51e06dfd79?s=96&d=mm&r=g","contentUrl":"https:\/\/secure.gravatar.com\/avatar\/1d3fc949d550f0b53a5f0d51e06dfd79?s=96&d=mm&r=g","caption":"admin"},"url":"https:\/\/www.prijedordanas.com\/?author=1"}]}},"_links":{"self":[{"href":"https:\/\/www.prijedordanas.com\/index.php?rest_route=\/wp\/v2\/posts\/169602"}],"collection":[{"href":"https:\/\/www.prijedordanas.com\/index.php?rest_route=\/wp\/v2\/posts"}],"about":[{"href":"https:\/\/www.prijedordanas.com\/index.php?rest_route=\/wp\/v2\/types\/post"}],"author":[{"embeddable":true,"href":"https:\/\/www.prijedordanas.com\/index.php?rest_route=\/wp\/v2\/users\/1"}],"replies":[{"embeddable":true,"href":"https:\/\/www.prijedordanas.com\/index.php?rest_route=%2Fwp%2Fv2%2Fcomments&post=169602"}],"version-history":[{"count":1,"href":"https:\/\/www.prijedordanas.com\/index.php?rest_route=\/wp\/v2\/posts\/169602\/revisions"}],"predecessor-version":[{"id":169604,"href":"https:\/\/www.prijedordanas.com\/index.php?rest_route=\/wp\/v2\/posts\/169602\/revisions\/169604"}],"wp:attachment":[{"href":"https:\/\/www.prijedordanas.com\/index.php?rest_route=%2Fwp%2Fv2%2Fmedia&parent=169602"}],"wp:term":[{"taxonomy":"category","embeddable":true,"href":"https:\/\/www.prijedordanas.com\/index.php?rest_route=%2Fwp%2Fv2%2Fcategories&post=169602"},{"taxonomy":"post_tag","embeddable":true,"href":"https:\/\/www.prijedordanas.com\/index.php?rest_route=%2Fwp%2Fv2%2Ftags&post=169602"}],"curies":[{"name":"wp","href":"https:\/\/api.w.org\/{rel}","templated":true}]}}