{"id":169577,"date":"2021-07-03T10:06:45","date_gmt":"2021-07-03T08:06:45","guid":{"rendered":"https:\/\/www.prijedordanas.com\/?p=169577"},"modified":"2021-07-03T10:06:45","modified_gmt":"2021-07-03T08:06:45","slug":"prijedor-otvoren-medunarodni-festival-kozara-i-prijatelji-foto","status":"publish","type":"post","link":"https:\/\/www.prijedordanas.com\/?p=169577","title":{"rendered":"Prijedor: Otvoren me\u0111unarodni festival &#8220;Kozara i prijatelji&#8221; &#8211; FOTO"},"content":{"rendered":"<p><a href=\"https:\/\/www.prijedordanas.com\/wp-content\/uploads\/2021\/07\/kud-kozara-i-prijatelji-2021-prvo-vece-1.jpg\"><img loading=\"lazy\" decoding=\"async\" class=\"alignleft size-medium wp-image-169593\" src=\"https:\/\/www.prijedordanas.com\/wp-content\/uploads\/2021\/07\/kud-kozara-i-prijatelji-2021-prvo-vece-1-300x225.jpg\" alt=\"\" width=\"300\" height=\"225\" srcset=\"https:\/\/www.prijedordanas.com\/wp-content\/uploads\/2021\/07\/kud-kozara-i-prijatelji-2021-prvo-vece-1-300x225.jpg 300w, https:\/\/www.prijedordanas.com\/wp-content\/uploads\/2021\/07\/kud-kozara-i-prijatelji-2021-prvo-vece-1-640x480.jpg 640w, https:\/\/www.prijedordanas.com\/wp-content\/uploads\/2021\/07\/kud-kozara-i-prijatelji-2021-prvo-vece-1.jpg 667w\" sizes=\"(max-width: 300px) 100vw, 300px\" \/><\/a>Kulturno-umjetni\u010dko dru\u0161tvo &#8221; Kozara&#8221; Prijedor i ove godine je doma\u0107in me\u0111unarodnog festivala &#8220;Kozara i prijatelji&#8221; koji je sino\u0107 otvoren na igrali\u0161tu dru\u0161tvenog doma u \u010cirkin Polju.<\/p>\n<p>Gradona\u010delnik Prijedora Dalibor Pavlovi\u0107 je otvaraju\u0107i ovu manifestaciju istakao da se doga\u0111aji ni\u017eu jedan za drugim koji ovo kulturno ljeto \u010dine veoma bogatim.<\/p>\n<p>&#8220;Grad Prijedor uvijek podr\u017eava ovakve manifestacije koje njeguju izvorno stvarala\u0161tvo na\u0161eg podru\u010dja i to kako zbog u\u010desnika svih generacija tako i publike koja na ovaj na\u010din mo\u017ee da u\u017eiva u kvalitetnom programu i da u\u017eiva u muzici i tradiciji&#8221;, rekao je Pavlovi\u0107.<\/p>\n<p>U ime doma\u0107ina u\u010desnike festivala je pozdravio Mladen Staki\u0107, predsjednik KUD &#8221; Kozara&#8221; koji je istakao da je ovo sedmi put da se susre\u0107u &#8220;Kozara&#8221; i prijatelji.<\/p>\n<p><a href=\"https:\/\/www.prijedordanas.com\/wp-content\/uploads\/2021\/07\/kud-kozara-i-prijatelji-2021-prvo-vece-2.jpg\"><img loading=\"lazy\" decoding=\"async\" class=\"alignleft size-medium wp-image-169594\" src=\"https:\/\/www.prijedordanas.com\/wp-content\/uploads\/2021\/07\/kud-kozara-i-prijatelji-2021-prvo-vece-2-300x225.jpg\" alt=\"\" width=\"300\" height=\"225\" srcset=\"https:\/\/www.prijedordanas.com\/wp-content\/uploads\/2021\/07\/kud-kozara-i-prijatelji-2021-prvo-vece-2-300x225.jpg 300w, https:\/\/www.prijedordanas.com\/wp-content\/uploads\/2021\/07\/kud-kozara-i-prijatelji-2021-prvo-vece-2-640x480.jpg 640w, https:\/\/www.prijedordanas.com\/wp-content\/uploads\/2021\/07\/kud-kozara-i-prijatelji-2021-prvo-vece-2.jpg 667w\" sizes=\"(max-width: 300px) 100vw, 300px\" \/><\/a>&#8220;Mi smo i ove godine ugostili prijatelje iz regiona i ve\u010deras pjevamo izvorne pjesme,a sutra je ve\u010de folklora i \u017eelimo da pjevamo i igramo i da na\u0161oj publici do\u010daramo malo vedrine u ovom vremenu optere\u0107eno pandemijom&#8221;, rekao je Staki\u0107.<\/p>\n<p>Predsjednik Zavi\u010dajnog udru\u017eenja &#8220;Sana&#8221; iz Stare Pazove Ranko Vojvodi\u0107 izjavio je da udru\u017eenje njeguje pjesmu , obi\u010daje i tradiciju kraja odakle ve\u0107ina \u010dlanova i poti\u010de.<\/p>\n<p>&#8220;To su duboki koreni i ponosni smo jer i u ovom te\u0161kom vremenu nalazimo na\u010dina da se okupljamo i da radimo na negovanju te tradicije u \u010demu imamo i podr\u0161ku na\u0161e lokalne samouprave u Staroj Pazovi. Bez pomo\u0107i na\u0161eg gradona\u010delnika \u0110or\u0111a Radinovi\u0107a mi ne bismo mogli nigde da se kre\u0107emo,a ovako mnogo obilazimo, \u010ditavu biv\u0161u SFRJ &#8220;, istakao je Vojvodi\u0107.<\/p>\n<p><a href=\"https:\/\/www.prijedordanas.com\/wp-content\/uploads\/2021\/07\/kud-kozara-i-prijatelji-2021-prvo-vece-3.jpg\"><img loading=\"lazy\" decoding=\"async\" src=\"https:\/\/www.prijedordanas.com\/wp-content\/uploads\/2021\/07\/kud-kozara-i-prijatelji-2021-prvo-vece-3-300x200.jpg\" alt=\"\" width=\"300\" height=\"200\" class=\"alignleft size-medium wp-image-169595\" srcset=\"https:\/\/www.prijedordanas.com\/wp-content\/uploads\/2021\/07\/kud-kozara-i-prijatelji-2021-prvo-vece-3-300x200.jpg 300w, https:\/\/www.prijedordanas.com\/wp-content\/uploads\/2021\/07\/kud-kozara-i-prijatelji-2021-prvo-vece-3-480x320.jpg 480w, https:\/\/www.prijedordanas.com\/wp-content\/uploads\/2021\/07\/kud-kozara-i-prijatelji-2021-prvo-vece-3.jpg 600w\" sizes=\"(max-width: 300px) 100vw, 300px\" \/><\/a>Prve festivalske ve\u010deri odr\u017eano je Ve\u010de izvornog stvarala\u0161tva, a izvorne pjesme izvodili su \u010dlanovi Udru\u017eenja &#8220;Sana&#8221; iz Stare Pazove, Udru\u017eenje guslara Slovenije, KUD &#8220;Kne\u017epolje&#8221; iz Kne\u017eice, Udru\u017eenje za o\u010duvanje tradicije Prijedor, Pjeva\u010dka grupa &#8220;Podgradci&#8221; i \u010dlanovi KUD &#8220;Kozara&#8221;, kao doma\u0107in festivala.<\/p>\n<p>Danas je na programu Ve\u010de folklora, a u\u010destvova\u0107e kulturno-umjetni\u010dka dru\u0161tva &#8220;Izvor&#8221; iz Starih Banovaca, &#8220;Posavina&#8221; iz \u0160amca, &#8220;Vaso Pelagi\u0107&#8221; iz Pelagi\u0107eva i &#8220;Kozara&#8221; iz Prijedora.<\/p>\n<p>Ovaj festival je dio ovogodi\u0161njeg Prijedorskog ljeta kulture.<\/p>\n<p><a href=\"http:\/\/prijedorgrad.org\/sr-EU\/vijesti-sadrzaj.html?vid=12346\" target=\"_blank\" rel=\"noopener\">prijedorgrad.org<\/a><\/p>\n<p><a href=\"https:\/\/www.prijedordanas.com\/wp-content\/uploads\/2021\/07\/kud-kozara-i-prijatelji-2021-prvo-vece-4.jpg\"><img loading=\"lazy\" decoding=\"async\" src=\"https:\/\/www.prijedordanas.com\/wp-content\/uploads\/2021\/07\/kud-kozara-i-prijatelji-2021-prvo-vece-4-300x200.jpg\" alt=\"\" width=\"300\" height=\"200\" class=\"alignleft size-medium wp-image-169596\" srcset=\"https:\/\/www.prijedordanas.com\/wp-content\/uploads\/2021\/07\/kud-kozara-i-prijatelji-2021-prvo-vece-4-300x200.jpg 300w, https:\/\/www.prijedordanas.com\/wp-content\/uploads\/2021\/07\/kud-kozara-i-prijatelji-2021-prvo-vece-4-480x320.jpg 480w, https:\/\/www.prijedordanas.com\/wp-content\/uploads\/2021\/07\/kud-kozara-i-prijatelji-2021-prvo-vece-4.jpg 600w\" sizes=\"(max-width: 300px) 100vw, 300px\" \/><\/a> <a href=\"https:\/\/www.prijedordanas.com\/wp-content\/uploads\/2021\/07\/kud-kozara-i-prijatelji-2021-prvo-vece-5.jpg\"><img loading=\"lazy\" decoding=\"async\" src=\"https:\/\/www.prijedordanas.com\/wp-content\/uploads\/2021\/07\/kud-kozara-i-prijatelji-2021-prvo-vece-5-300x200.jpg\" alt=\"\" width=\"300\" height=\"200\" class=\"alignleft size-medium wp-image-169597\" srcset=\"https:\/\/www.prijedordanas.com\/wp-content\/uploads\/2021\/07\/kud-kozara-i-prijatelji-2021-prvo-vece-5-300x200.jpg 300w, https:\/\/www.prijedordanas.com\/wp-content\/uploads\/2021\/07\/kud-kozara-i-prijatelji-2021-prvo-vece-5-480x320.jpg 480w, https:\/\/www.prijedordanas.com\/wp-content\/uploads\/2021\/07\/kud-kozara-i-prijatelji-2021-prvo-vece-5.jpg 600w\" sizes=\"(max-width: 300px) 100vw, 300px\" \/><\/a> <a href=\"https:\/\/www.prijedordanas.com\/wp-content\/uploads\/2021\/07\/kud-kozara-i-prijatelji-2021-prvo-vece-6.jpg\"><img loading=\"lazy\" decoding=\"async\" src=\"https:\/\/www.prijedordanas.com\/wp-content\/uploads\/2021\/07\/kud-kozara-i-prijatelji-2021-prvo-vece-6-300x200.jpg\" alt=\"\" width=\"300\" height=\"200\" class=\"alignleft size-medium wp-image-169598\" srcset=\"https:\/\/www.prijedordanas.com\/wp-content\/uploads\/2021\/07\/kud-kozara-i-prijatelji-2021-prvo-vece-6-300x200.jpg 300w, https:\/\/www.prijedordanas.com\/wp-content\/uploads\/2021\/07\/kud-kozara-i-prijatelji-2021-prvo-vece-6-480x320.jpg 480w, https:\/\/www.prijedordanas.com\/wp-content\/uploads\/2021\/07\/kud-kozara-i-prijatelji-2021-prvo-vece-6.jpg 600w\" sizes=\"(max-width: 300px) 100vw, 300px\" \/><\/a> <a href=\"https:\/\/www.prijedordanas.com\/wp-content\/uploads\/2021\/07\/kud-kozara-i-prijatelji-2021-prvo-vece-8.jpg\"><img loading=\"lazy\" decoding=\"async\" src=\"https:\/\/www.prijedordanas.com\/wp-content\/uploads\/2021\/07\/kud-kozara-i-prijatelji-2021-prvo-vece-8-300x200.jpg\" alt=\"\" width=\"300\" height=\"200\" class=\"alignleft size-medium wp-image-169599\" srcset=\"https:\/\/www.prijedordanas.com\/wp-content\/uploads\/2021\/07\/kud-kozara-i-prijatelji-2021-prvo-vece-8-300x200.jpg 300w, https:\/\/www.prijedordanas.com\/wp-content\/uploads\/2021\/07\/kud-kozara-i-prijatelji-2021-prvo-vece-8-480x320.jpg 480w, https:\/\/www.prijedordanas.com\/wp-content\/uploads\/2021\/07\/kud-kozara-i-prijatelji-2021-prvo-vece-8.jpg 600w\" sizes=\"(max-width: 300px) 100vw, 300px\" \/><\/a> <a href=\"https:\/\/www.prijedordanas.com\/wp-content\/uploads\/2021\/07\/kud-kozara-i-prijatelji-2021-prvo-vece-7.jpg\"><img loading=\"lazy\" decoding=\"async\" src=\"https:\/\/www.prijedordanas.com\/wp-content\/uploads\/2021\/07\/kud-kozara-i-prijatelji-2021-prvo-vece-7-300x200.jpg\" alt=\"\" width=\"300\" height=\"200\" class=\"alignleft size-medium wp-image-169600\" srcset=\"https:\/\/www.prijedordanas.com\/wp-content\/uploads\/2021\/07\/kud-kozara-i-prijatelji-2021-prvo-vece-7-300x200.jpg 300w, https:\/\/www.prijedordanas.com\/wp-content\/uploads\/2021\/07\/kud-kozara-i-prijatelji-2021-prvo-vece-7-480x320.jpg 480w, https:\/\/www.prijedordanas.com\/wp-content\/uploads\/2021\/07\/kud-kozara-i-prijatelji-2021-prvo-vece-7.jpg 600w\" sizes=\"(max-width: 300px) 100vw, 300px\" \/><\/a><\/p>\n","protected":false},"excerpt":{"rendered":"<p>Kulturno-umjetni\u010dko dru\u0161tvo &#8221; Kozara&#8221; Prijedor i ove godine je doma\u0107in me\u0111unarodnog festivala &#8220;Kozara i prijatelji&#8221; koji je sino\u0107 otvoren na igrali\u0161tu dru\u0161tvenog doma u \u010cirkin Polju. Gradona\u010delnik Prijedora Dalibor Pavlovi\u0107 [&hellip;]<\/p>\n","protected":false},"author":1,"featured_media":0,"comment_status":"closed","ping_status":"open","sticky":false,"template":"","format":"standard","meta":{"_monsterinsights_skip_tracking":false,"_monsterinsights_sitenote_active":false,"_monsterinsights_sitenote_note":"","_monsterinsights_sitenote_category":0,"footnotes":""},"categories":[6],"tags":[],"yoast_head":"<!-- This site is optimized with the Yoast SEO plugin v21.6 - https:\/\/yoast.com\/wordpress\/plugins\/seo\/ -->\n<title>Prijedor: Otvoren me\u0111unarodni festival &quot;Kozara i prijatelji&quot; - FOTO - PrijedorDanas.com - Prijedorski gradski portal<\/title>\n<meta name=\"robots\" content=\"index, follow, max-snippet:-1, max-image-preview:large, max-video-preview:-1\" \/>\n<link rel=\"canonical\" href=\"https:\/\/www.prijedordanas.com\/?p=169577\" \/>\n<meta property=\"og:locale\" content=\"en_US\" \/>\n<meta property=\"og:type\" content=\"article\" \/>\n<meta property=\"og:title\" content=\"Prijedor: Otvoren me\u0111unarodni festival &quot;Kozara i prijatelji&quot; - FOTO - PrijedorDanas.com - Prijedorski gradski portal\" \/>\n<meta property=\"og:description\" content=\"Kulturno-umjetni\u010dko dru\u0161tvo &#8221; Kozara&#8221; Prijedor i ove godine je doma\u0107in me\u0111unarodnog festivala &#8220;Kozara i prijatelji&#8221; koji je sino\u0107 otvoren na igrali\u0161tu dru\u0161tvenog doma u \u010cirkin Polju. Gradona\u010delnik Prijedora Dalibor Pavlovi\u0107 [&hellip;]\" \/>\n<meta property=\"og:url\" content=\"https:\/\/www.prijedordanas.com\/?p=169577\" \/>\n<meta property=\"og:site_name\" content=\"PrijedorDanas.com - Prijedorski gradski portal\" \/>\n<meta property=\"article:publisher\" content=\"https:\/\/www.facebook.com\/PrijedorDanasCom\/\" \/>\n<meta property=\"article:published_time\" content=\"2021-07-03T08:06:45+00:00\" \/>\n<meta property=\"og:image\" content=\"https:\/\/www.prijedordanas.com\/wp-content\/uploads\/2021\/07\/kud-kozara-i-prijatelji-2021-prvo-vece-1-300x225.jpg\" \/>\n<meta name=\"author\" content=\"admin\" \/>\n<meta name=\"twitter:card\" content=\"summary_large_image\" \/>\n<meta name=\"twitter:label1\" content=\"Written by\" \/>\n\t<meta name=\"twitter:data1\" content=\"admin\" \/>\n\t<meta name=\"twitter:label2\" content=\"Est. reading time\" \/>\n\t<meta name=\"twitter:data2\" content=\"2 minutes\" \/>\n<script type=\"application\/ld+json\" class=\"yoast-schema-graph\">{\"@context\":\"https:\/\/schema.org\",\"@graph\":[{\"@type\":\"Article\",\"@id\":\"https:\/\/www.prijedordanas.com\/?p=169577#article\",\"isPartOf\":{\"@id\":\"https:\/\/www.prijedordanas.com\/?p=169577\"},\"author\":{\"name\":\"admin\",\"@id\":\"https:\/\/www.prijedordanas.com\/#\/schema\/person\/4e08ccf29b506ca916ff86d46bb700e6\"},\"headline\":\"Prijedor: Otvoren me\u0111unarodni festival &#8220;Kozara i prijatelji&#8221; &#8211; FOTO\",\"datePublished\":\"2021-07-03T08:06:45+00:00\",\"dateModified\":\"2021-07-03T08:06:45+00:00\",\"mainEntityOfPage\":{\"@id\":\"https:\/\/www.prijedordanas.com\/?p=169577\"},\"wordCount\":389,\"publisher\":{\"@id\":\"https:\/\/www.prijedordanas.com\/#organization\"},\"articleSection\":[\"Kultura\"],\"inLanguage\":\"en-US\"},{\"@type\":\"WebPage\",\"@id\":\"https:\/\/www.prijedordanas.com\/?p=169577\",\"url\":\"https:\/\/www.prijedordanas.com\/?p=169577\",\"name\":\"Prijedor: Otvoren me\u0111unarodni festival \\\"Kozara i prijatelji\\\" - FOTO - PrijedorDanas.com - Prijedorski gradski portal\",\"isPartOf\":{\"@id\":\"https:\/\/www.prijedordanas.com\/#website\"},\"datePublished\":\"2021-07-03T08:06:45+00:00\",\"dateModified\":\"2021-07-03T08:06:45+00:00\",\"breadcrumb\":{\"@id\":\"https:\/\/www.prijedordanas.com\/?p=169577#breadcrumb\"},\"inLanguage\":\"en-US\",\"potentialAction\":[{\"@type\":\"ReadAction\",\"target\":[\"https:\/\/www.prijedordanas.com\/?p=169577\"]}]},{\"@type\":\"BreadcrumbList\",\"@id\":\"https:\/\/www.prijedordanas.com\/?p=169577#breadcrumb\",\"itemListElement\":[{\"@type\":\"ListItem\",\"position\":1,\"name\":\"Home\",\"item\":\"https:\/\/www.prijedordanas.com\/\"},{\"@type\":\"ListItem\",\"position\":2,\"name\":\"Prijedor: Otvoren me\u0111unarodni festival &#8220;Kozara i prijatelji&#8221; &#8211; FOTO\"}]},{\"@type\":\"WebSite\",\"@id\":\"https:\/\/www.prijedordanas.com\/#website\",\"url\":\"https:\/\/www.prijedordanas.com\/\",\"name\":\"PrijedorDanas.com - Prijedorski gradski portal\",\"description\":\"Portal o doga\u0111anjima u gradu Prijedoru\",\"publisher\":{\"@id\":\"https:\/\/www.prijedordanas.com\/#organization\"},\"potentialAction\":[{\"@type\":\"SearchAction\",\"target\":{\"@type\":\"EntryPoint\",\"urlTemplate\":\"https:\/\/www.prijedordanas.com\/?s={search_term_string}\"},\"query-input\":\"required name=search_term_string\"}],\"inLanguage\":\"en-US\"},{\"@type\":\"Organization\",\"@id\":\"https:\/\/www.prijedordanas.com\/#organization\",\"name\":\"PrijedorDanas.com\",\"url\":\"https:\/\/www.prijedordanas.com\/\",\"logo\":{\"@type\":\"ImageObject\",\"inLanguage\":\"en-US\",\"@id\":\"https:\/\/www.prijedordanas.com\/#\/schema\/logo\/image\/\",\"url\":\"http:\/\/www.prijedordanas.com\/wp-content\/uploads\/2021\/12\/logopng.png\",\"contentUrl\":\"http:\/\/www.prijedordanas.com\/wp-content\/uploads\/2021\/12\/logopng.png\",\"width\":1019,\"height\":776,\"caption\":\"PrijedorDanas.com\"},\"image\":{\"@id\":\"https:\/\/www.prijedordanas.com\/#\/schema\/logo\/image\/\"},\"sameAs\":[\"https:\/\/www.facebook.com\/PrijedorDanasCom\/\"]},{\"@type\":\"Person\",\"@id\":\"https:\/\/www.prijedordanas.com\/#\/schema\/person\/4e08ccf29b506ca916ff86d46bb700e6\",\"name\":\"admin\",\"image\":{\"@type\":\"ImageObject\",\"inLanguage\":\"en-US\",\"@id\":\"https:\/\/www.prijedordanas.com\/#\/schema\/person\/image\/\",\"url\":\"https:\/\/secure.gravatar.com\/avatar\/1d3fc949d550f0b53a5f0d51e06dfd79?s=96&d=mm&r=g\",\"contentUrl\":\"https:\/\/secure.gravatar.com\/avatar\/1d3fc949d550f0b53a5f0d51e06dfd79?s=96&d=mm&r=g\",\"caption\":\"admin\"},\"url\":\"https:\/\/www.prijedordanas.com\/?author=1\"}]}<\/script>\n<!-- \/ Yoast SEO plugin. -->","yoast_head_json":{"title":"Prijedor: Otvoren me\u0111unarodni festival \"Kozara i prijatelji\" - FOTO - PrijedorDanas.com - Prijedorski gradski portal","robots":{"index":"index","follow":"follow","max-snippet":"max-snippet:-1","max-image-preview":"max-image-preview:large","max-video-preview":"max-video-preview:-1"},"canonical":"https:\/\/www.prijedordanas.com\/?p=169577","og_locale":"en_US","og_type":"article","og_title":"Prijedor: Otvoren me\u0111unarodni festival \"Kozara i prijatelji\" - FOTO - PrijedorDanas.com - Prijedorski gradski portal","og_description":"Kulturno-umjetni\u010dko dru\u0161tvo &#8221; Kozara&#8221; Prijedor i ove godine je doma\u0107in me\u0111unarodnog festivala &#8220;Kozara i prijatelji&#8221; koji je sino\u0107 otvoren na igrali\u0161tu dru\u0161tvenog doma u \u010cirkin Polju. Gradona\u010delnik Prijedora Dalibor Pavlovi\u0107 [&hellip;]","og_url":"https:\/\/www.prijedordanas.com\/?p=169577","og_site_name":"PrijedorDanas.com - Prijedorski gradski portal","article_publisher":"https:\/\/www.facebook.com\/PrijedorDanasCom\/","article_published_time":"2021-07-03T08:06:45+00:00","og_image":[{"url":"https:\/\/www.prijedordanas.com\/wp-content\/uploads\/2021\/07\/kud-kozara-i-prijatelji-2021-prvo-vece-1-300x225.jpg"}],"author":"admin","twitter_card":"summary_large_image","twitter_misc":{"Written by":"admin","Est. reading time":"2 minutes"},"schema":{"@context":"https:\/\/schema.org","@graph":[{"@type":"Article","@id":"https:\/\/www.prijedordanas.com\/?p=169577#article","isPartOf":{"@id":"https:\/\/www.prijedordanas.com\/?p=169577"},"author":{"name":"admin","@id":"https:\/\/www.prijedordanas.com\/#\/schema\/person\/4e08ccf29b506ca916ff86d46bb700e6"},"headline":"Prijedor: Otvoren me\u0111unarodni festival &#8220;Kozara i prijatelji&#8221; &#8211; FOTO","datePublished":"2021-07-03T08:06:45+00:00","dateModified":"2021-07-03T08:06:45+00:00","mainEntityOfPage":{"@id":"https:\/\/www.prijedordanas.com\/?p=169577"},"wordCount":389,"publisher":{"@id":"https:\/\/www.prijedordanas.com\/#organization"},"articleSection":["Kultura"],"inLanguage":"en-US"},{"@type":"WebPage","@id":"https:\/\/www.prijedordanas.com\/?p=169577","url":"https:\/\/www.prijedordanas.com\/?p=169577","name":"Prijedor: Otvoren me\u0111unarodni festival \"Kozara i prijatelji\" - FOTO - PrijedorDanas.com - Prijedorski gradski portal","isPartOf":{"@id":"https:\/\/www.prijedordanas.com\/#website"},"datePublished":"2021-07-03T08:06:45+00:00","dateModified":"2021-07-03T08:06:45+00:00","breadcrumb":{"@id":"https:\/\/www.prijedordanas.com\/?p=169577#breadcrumb"},"inLanguage":"en-US","potentialAction":[{"@type":"ReadAction","target":["https:\/\/www.prijedordanas.com\/?p=169577"]}]},{"@type":"BreadcrumbList","@id":"https:\/\/www.prijedordanas.com\/?p=169577#breadcrumb","itemListElement":[{"@type":"ListItem","position":1,"name":"Home","item":"https:\/\/www.prijedordanas.com\/"},{"@type":"ListItem","position":2,"name":"Prijedor: Otvoren me\u0111unarodni festival &#8220;Kozara i prijatelji&#8221; &#8211; FOTO"}]},{"@type":"WebSite","@id":"https:\/\/www.prijedordanas.com\/#website","url":"https:\/\/www.prijedordanas.com\/","name":"PrijedorDanas.com - Prijedorski gradski portal","description":"Portal o doga\u0111anjima u gradu Prijedoru","publisher":{"@id":"https:\/\/www.prijedordanas.com\/#organization"},"potentialAction":[{"@type":"SearchAction","target":{"@type":"EntryPoint","urlTemplate":"https:\/\/www.prijedordanas.com\/?s={search_term_string}"},"query-input":"required name=search_term_string"}],"inLanguage":"en-US"},{"@type":"Organization","@id":"https:\/\/www.prijedordanas.com\/#organization","name":"PrijedorDanas.com","url":"https:\/\/www.prijedordanas.com\/","logo":{"@type":"ImageObject","inLanguage":"en-US","@id":"https:\/\/www.prijedordanas.com\/#\/schema\/logo\/image\/","url":"http:\/\/www.prijedordanas.com\/wp-content\/uploads\/2021\/12\/logopng.png","contentUrl":"http:\/\/www.prijedordanas.com\/wp-content\/uploads\/2021\/12\/logopng.png","width":1019,"height":776,"caption":"PrijedorDanas.com"},"image":{"@id":"https:\/\/www.prijedordanas.com\/#\/schema\/logo\/image\/"},"sameAs":["https:\/\/www.facebook.com\/PrijedorDanasCom\/"]},{"@type":"Person","@id":"https:\/\/www.prijedordanas.com\/#\/schema\/person\/4e08ccf29b506ca916ff86d46bb700e6","name":"admin","image":{"@type":"ImageObject","inLanguage":"en-US","@id":"https:\/\/www.prijedordanas.com\/#\/schema\/person\/image\/","url":"https:\/\/secure.gravatar.com\/avatar\/1d3fc949d550f0b53a5f0d51e06dfd79?s=96&d=mm&r=g","contentUrl":"https:\/\/secure.gravatar.com\/avatar\/1d3fc949d550f0b53a5f0d51e06dfd79?s=96&d=mm&r=g","caption":"admin"},"url":"https:\/\/www.prijedordanas.com\/?author=1"}]}},"_links":{"self":[{"href":"https:\/\/www.prijedordanas.com\/index.php?rest_route=\/wp\/v2\/posts\/169577"}],"collection":[{"href":"https:\/\/www.prijedordanas.com\/index.php?rest_route=\/wp\/v2\/posts"}],"about":[{"href":"https:\/\/www.prijedordanas.com\/index.php?rest_route=\/wp\/v2\/types\/post"}],"author":[{"embeddable":true,"href":"https:\/\/www.prijedordanas.com\/index.php?rest_route=\/wp\/v2\/users\/1"}],"replies":[{"embeddable":true,"href":"https:\/\/www.prijedordanas.com\/index.php?rest_route=%2Fwp%2Fv2%2Fcomments&post=169577"}],"version-history":[{"count":2,"href":"https:\/\/www.prijedordanas.com\/index.php?rest_route=\/wp\/v2\/posts\/169577\/revisions"}],"predecessor-version":[{"id":169601,"href":"https:\/\/www.prijedordanas.com\/index.php?rest_route=\/wp\/v2\/posts\/169577\/revisions\/169601"}],"wp:attachment":[{"href":"https:\/\/www.prijedordanas.com\/index.php?rest_route=%2Fwp%2Fv2%2Fmedia&parent=169577"}],"wp:term":[{"taxonomy":"category","embeddable":true,"href":"https:\/\/www.prijedordanas.com\/index.php?rest_route=%2Fwp%2Fv2%2Fcategories&post=169577"},{"taxonomy":"post_tag","embeddable":true,"href":"https:\/\/www.prijedordanas.com\/index.php?rest_route=%2Fwp%2Fv2%2Ftags&post=169577"}],"curies":[{"name":"wp","href":"https:\/\/api.w.org\/{rel}","templated":true}]}}