{"id":169368,"date":"2021-06-30T12:13:52","date_gmt":"2021-06-30T10:13:52","guid":{"rendered":"https:\/\/www.prijedordanas.com\/?p=169368"},"modified":"2021-06-30T19:18:38","modified_gmt":"2021-06-30T17:18:38","slug":"fudbaleri-rudar-prijedora-remizirali-sa-ekipom-decic-u-prvom-pripremnom-mecu-na-zlatiboru-foto","status":"publish","type":"post","link":"https:\/\/www.prijedordanas.com\/?p=169368","title":{"rendered":"Fudbaleri &#8220;Rudar-Prijedora&#8221; remizirali sa ekipom &#8220;De\u010di\u0107&#8221; u prvom pripremnom me\u010du na Zlatiboru &#8211; FOTO"},"content":{"rendered":"<p><a href=\"https:\/\/www.prijedordanas.com\/wp-content\/uploads\/2021\/06\/rudar-prijedor-decic-prijateljska-1.jpg\"><img loading=\"lazy\" decoding=\"async\" src=\"https:\/\/www.prijedordanas.com\/wp-content\/uploads\/2021\/06\/rudar-prijedor-decic-prijateljska-1-300x225.jpg\" alt=\"\" width=\"300\" height=\"225\" class=\"alignleft size-medium wp-image-169369\" srcset=\"https:\/\/www.prijedordanas.com\/wp-content\/uploads\/2021\/06\/rudar-prijedor-decic-prijateljska-1-300x225.jpg 300w, https:\/\/www.prijedordanas.com\/wp-content\/uploads\/2021\/06\/rudar-prijedor-decic-prijateljska-1-640x480.jpg 640w, https:\/\/www.prijedordanas.com\/wp-content\/uploads\/2021\/06\/rudar-prijedor-decic-prijateljska-1.jpg 667w\" sizes=\"(max-width: 300px) 100vw, 300px\" \/><\/a>FK RUDAR-PRIJEDOR &#8211; FK DE\u010cI\u0106 (TUZI) 0:0 (0:0)<\/p>\n<p>Gudbaleri Rudar-Prijedora odigrali su prvi pripremni me\u010d na Zlatiboru.<\/p>\n<p>Prijedor\u010dani su odigrali 0:0 sa crnogorskim prvoliga\u0161em, ekipom De\u010di\u0107a iz mjesta Tuzi.<\/p>\n<p>Trener Milenkovi\u0107 je na po\u010detku susreta na teren poslao postavu: Topolovi\u0107, Iveti\u0107, Pekija, Danilovi\u0107, Doj\u010dinovi\u0107, Radulovi\u0107, Smaji\u0107, Burazor, Stjepanovi\u0107, Jakupovi\u0107, Kulenovi\u0107.<\/p>\n<p>U nastavku igre priliku su dobili i ostali igra\u010di: \u0160\u0107eki\u0107, Mari\u0107, Kruz, Pavlovi\u0107, \u0110or\u0111ilovi\u0107, Red\u017ei\u0107, Gavranovi\u0107, Radevski, Basrak, Santos, Gli\u0161i\u0107, Trnini\u0107, Marmat i Sajak.<\/p>\n<p>Protiv tre\u0107eplasirane ekipe u proteklom prvenstvu Crne Gore, kojoj je ovo bila generalka pred start takmi\u010denja u Ligi konferencija, Rudari su odigrali solidan me\u010d, u kojem su bili bolji protivnik u drugom poluvremenu, \u0161to kazuje i \u010dinjenica da su \u017euto-plavi golmani ostali neocijenjeni.<\/p>\n<p>Priredio &#8211; <a href=\"https:\/\/www.prijedordanas.com\" target=\"_blank\" rel=\"noopener noreferrer\">www.prijedordanas.com<\/a><\/p>\n<p><a href=\"https:\/\/www.prijedordanas.com\/wp-content\/uploads\/2021\/06\/rudar-prijedor-decic-prijateljska-2.jpg\"><img loading=\"lazy\" decoding=\"async\" src=\"https:\/\/www.prijedordanas.com\/wp-content\/uploads\/2021\/06\/rudar-prijedor-decic-prijateljska-2-300x225.jpg\" alt=\"\" width=\"300\" height=\"225\" class=\"alignleft size-medium wp-image-169370\" srcset=\"https:\/\/www.prijedordanas.com\/wp-content\/uploads\/2021\/06\/rudar-prijedor-decic-prijateljska-2-300x225.jpg 300w, https:\/\/www.prijedordanas.com\/wp-content\/uploads\/2021\/06\/rudar-prijedor-decic-prijateljska-2.jpg 600w\" sizes=\"(max-width: 300px) 100vw, 300px\" \/><\/a> <a href=\"https:\/\/www.prijedordanas.com\/wp-content\/uploads\/2021\/06\/rudar-prijedor-decic-prijateljska-3.jpg\"><img loading=\"lazy\" decoding=\"async\" src=\"https:\/\/www.prijedordanas.com\/wp-content\/uploads\/2021\/06\/rudar-prijedor-decic-prijateljska-3-300x225.jpg\" alt=\"\" width=\"300\" height=\"225\" class=\"alignleft size-medium wp-image-169371\" srcset=\"https:\/\/www.prijedordanas.com\/wp-content\/uploads\/2021\/06\/rudar-prijedor-decic-prijateljska-3-300x225.jpg 300w, https:\/\/www.prijedordanas.com\/wp-content\/uploads\/2021\/06\/rudar-prijedor-decic-prijateljska-3.jpg 600w\" sizes=\"(max-width: 300px) 100vw, 300px\" \/><\/a><\/p>\n","protected":false},"excerpt":{"rendered":"<p>FK RUDAR-PRIJEDOR &#8211; FK DE\u010cI\u0106 (TUZI) 0:0 (0:0) Gudbaleri Rudar-Prijedora odigrali su prvi pripremni me\u010d na Zlatiboru. Prijedor\u010dani su odigrali 0:0 sa crnogorskim prvoliga\u0161em, ekipom De\u010di\u0107a iz mjesta Tuzi. Trener [&hellip;]<\/p>\n","protected":false},"author":1,"featured_media":0,"comment_status":"closed","ping_status":"open","sticky":false,"template":"","format":"standard","meta":{"_monsterinsights_skip_tracking":false,"_monsterinsights_sitenote_active":false,"_monsterinsights_sitenote_note":"","_monsterinsights_sitenote_category":0,"footnotes":""},"categories":[7],"tags":[],"yoast_head":"<!-- This site is optimized with the Yoast SEO plugin v21.6 - https:\/\/yoast.com\/wordpress\/plugins\/seo\/ -->\n<title>Fudbaleri &quot;Rudar-Prijedora&quot; remizirali sa ekipom &quot;De\u010di\u0107&quot; u prvom pripremnom me\u010du na Zlatiboru - FOTO - PrijedorDanas.com - Prijedorski gradski portal<\/title>\n<meta name=\"robots\" content=\"index, follow, max-snippet:-1, max-image-preview:large, max-video-preview:-1\" \/>\n<link rel=\"canonical\" href=\"https:\/\/www.prijedordanas.com\/?p=169368\" \/>\n<meta property=\"og:locale\" content=\"en_US\" \/>\n<meta property=\"og:type\" content=\"article\" \/>\n<meta property=\"og:title\" content=\"Fudbaleri &quot;Rudar-Prijedora&quot; remizirali sa ekipom &quot;De\u010di\u0107&quot; u prvom pripremnom me\u010du na Zlatiboru - FOTO - PrijedorDanas.com - Prijedorski gradski portal\" \/>\n<meta property=\"og:description\" content=\"FK RUDAR-PRIJEDOR &#8211; FK DE\u010cI\u0106 (TUZI) 0:0 (0:0) Gudbaleri Rudar-Prijedora odigrali su prvi pripremni me\u010d na Zlatiboru. Prijedor\u010dani su odigrali 0:0 sa crnogorskim prvoliga\u0161em, ekipom De\u010di\u0107a iz mjesta Tuzi. Trener [&hellip;]\" \/>\n<meta property=\"og:url\" content=\"https:\/\/www.prijedordanas.com\/?p=169368\" \/>\n<meta property=\"og:site_name\" content=\"PrijedorDanas.com - Prijedorski gradski portal\" \/>\n<meta property=\"article:publisher\" content=\"https:\/\/www.facebook.com\/PrijedorDanasCom\/\" \/>\n<meta property=\"article:published_time\" content=\"2021-06-30T10:13:52+00:00\" \/>\n<meta property=\"article:modified_time\" content=\"2021-06-30T17:18:38+00:00\" \/>\n<meta property=\"og:image\" content=\"https:\/\/www.prijedordanas.com\/wp-content\/uploads\/2021\/06\/rudar-prijedor-decic-prijateljska-1-300x225.jpg\" \/>\n<meta name=\"author\" content=\"admin\" \/>\n<meta name=\"twitter:card\" content=\"summary_large_image\" \/>\n<meta name=\"twitter:label1\" content=\"Written by\" \/>\n\t<meta name=\"twitter:data1\" content=\"admin\" \/>\n\t<meta name=\"twitter:label2\" content=\"Est. reading time\" \/>\n\t<meta name=\"twitter:data2\" content=\"1 minute\" \/>\n<script type=\"application\/ld+json\" class=\"yoast-schema-graph\">{\"@context\":\"https:\/\/schema.org\",\"@graph\":[{\"@type\":\"Article\",\"@id\":\"https:\/\/www.prijedordanas.com\/?p=169368#article\",\"isPartOf\":{\"@id\":\"https:\/\/www.prijedordanas.com\/?p=169368\"},\"author\":{\"name\":\"admin\",\"@id\":\"https:\/\/www.prijedordanas.com\/#\/schema\/person\/4e08ccf29b506ca916ff86d46bb700e6\"},\"headline\":\"Fudbaleri &#8220;Rudar-Prijedora&#8221; remizirali sa ekipom &#8220;De\u010di\u0107&#8221; u prvom pripremnom me\u010du na Zlatiboru &#8211; FOTO\",\"datePublished\":\"2021-06-30T10:13:52+00:00\",\"dateModified\":\"2021-06-30T17:18:38+00:00\",\"mainEntityOfPage\":{\"@id\":\"https:\/\/www.prijedordanas.com\/?p=169368\"},\"wordCount\":148,\"publisher\":{\"@id\":\"https:\/\/www.prijedordanas.com\/#organization\"},\"articleSection\":[\"Sport\"],\"inLanguage\":\"en-US\"},{\"@type\":\"WebPage\",\"@id\":\"https:\/\/www.prijedordanas.com\/?p=169368\",\"url\":\"https:\/\/www.prijedordanas.com\/?p=169368\",\"name\":\"Fudbaleri \\\"Rudar-Prijedora\\\" remizirali sa ekipom \\\"De\u010di\u0107\\\" u prvom pripremnom me\u010du na Zlatiboru - FOTO - PrijedorDanas.com - Prijedorski gradski portal\",\"isPartOf\":{\"@id\":\"https:\/\/www.prijedordanas.com\/#website\"},\"datePublished\":\"2021-06-30T10:13:52+00:00\",\"dateModified\":\"2021-06-30T17:18:38+00:00\",\"breadcrumb\":{\"@id\":\"https:\/\/www.prijedordanas.com\/?p=169368#breadcrumb\"},\"inLanguage\":\"en-US\",\"potentialAction\":[{\"@type\":\"ReadAction\",\"target\":[\"https:\/\/www.prijedordanas.com\/?p=169368\"]}]},{\"@type\":\"BreadcrumbList\",\"@id\":\"https:\/\/www.prijedordanas.com\/?p=169368#breadcrumb\",\"itemListElement\":[{\"@type\":\"ListItem\",\"position\":1,\"name\":\"Home\",\"item\":\"https:\/\/www.prijedordanas.com\/\"},{\"@type\":\"ListItem\",\"position\":2,\"name\":\"Fudbaleri &#8220;Rudar-Prijedora&#8221; remizirali sa ekipom &#8220;De\u010di\u0107&#8221; u prvom pripremnom me\u010du na Zlatiboru &#8211; FOTO\"}]},{\"@type\":\"WebSite\",\"@id\":\"https:\/\/www.prijedordanas.com\/#website\",\"url\":\"https:\/\/www.prijedordanas.com\/\",\"name\":\"PrijedorDanas.com - Prijedorski gradski portal\",\"description\":\"Portal o doga\u0111anjima u gradu Prijedoru\",\"publisher\":{\"@id\":\"https:\/\/www.prijedordanas.com\/#organization\"},\"potentialAction\":[{\"@type\":\"SearchAction\",\"target\":{\"@type\":\"EntryPoint\",\"urlTemplate\":\"https:\/\/www.prijedordanas.com\/?s={search_term_string}\"},\"query-input\":\"required name=search_term_string\"}],\"inLanguage\":\"en-US\"},{\"@type\":\"Organization\",\"@id\":\"https:\/\/www.prijedordanas.com\/#organization\",\"name\":\"PrijedorDanas.com\",\"url\":\"https:\/\/www.prijedordanas.com\/\",\"logo\":{\"@type\":\"ImageObject\",\"inLanguage\":\"en-US\",\"@id\":\"https:\/\/www.prijedordanas.com\/#\/schema\/logo\/image\/\",\"url\":\"http:\/\/www.prijedordanas.com\/wp-content\/uploads\/2021\/12\/logopng.png\",\"contentUrl\":\"http:\/\/www.prijedordanas.com\/wp-content\/uploads\/2021\/12\/logopng.png\",\"width\":1019,\"height\":776,\"caption\":\"PrijedorDanas.com\"},\"image\":{\"@id\":\"https:\/\/www.prijedordanas.com\/#\/schema\/logo\/image\/\"},\"sameAs\":[\"https:\/\/www.facebook.com\/PrijedorDanasCom\/\"]},{\"@type\":\"Person\",\"@id\":\"https:\/\/www.prijedordanas.com\/#\/schema\/person\/4e08ccf29b506ca916ff86d46bb700e6\",\"name\":\"admin\",\"image\":{\"@type\":\"ImageObject\",\"inLanguage\":\"en-US\",\"@id\":\"https:\/\/www.prijedordanas.com\/#\/schema\/person\/image\/\",\"url\":\"https:\/\/secure.gravatar.com\/avatar\/1d3fc949d550f0b53a5f0d51e06dfd79?s=96&d=mm&r=g\",\"contentUrl\":\"https:\/\/secure.gravatar.com\/avatar\/1d3fc949d550f0b53a5f0d51e06dfd79?s=96&d=mm&r=g\",\"caption\":\"admin\"},\"url\":\"https:\/\/www.prijedordanas.com\/?author=1\"}]}<\/script>\n<!-- \/ Yoast SEO plugin. -->","yoast_head_json":{"title":"Fudbaleri \"Rudar-Prijedora\" remizirali sa ekipom \"De\u010di\u0107\" u prvom pripremnom me\u010du na Zlatiboru - FOTO - PrijedorDanas.com - Prijedorski gradski portal","robots":{"index":"index","follow":"follow","max-snippet":"max-snippet:-1","max-image-preview":"max-image-preview:large","max-video-preview":"max-video-preview:-1"},"canonical":"https:\/\/www.prijedordanas.com\/?p=169368","og_locale":"en_US","og_type":"article","og_title":"Fudbaleri \"Rudar-Prijedora\" remizirali sa ekipom \"De\u010di\u0107\" u prvom pripremnom me\u010du na Zlatiboru - FOTO - PrijedorDanas.com - Prijedorski gradski portal","og_description":"FK RUDAR-PRIJEDOR &#8211; FK DE\u010cI\u0106 (TUZI) 0:0 (0:0) Gudbaleri Rudar-Prijedora odigrali su prvi pripremni me\u010d na Zlatiboru. Prijedor\u010dani su odigrali 0:0 sa crnogorskim prvoliga\u0161em, ekipom De\u010di\u0107a iz mjesta Tuzi. Trener [&hellip;]","og_url":"https:\/\/www.prijedordanas.com\/?p=169368","og_site_name":"PrijedorDanas.com - Prijedorski gradski portal","article_publisher":"https:\/\/www.facebook.com\/PrijedorDanasCom\/","article_published_time":"2021-06-30T10:13:52+00:00","article_modified_time":"2021-06-30T17:18:38+00:00","og_image":[{"url":"https:\/\/www.prijedordanas.com\/wp-content\/uploads\/2021\/06\/rudar-prijedor-decic-prijateljska-1-300x225.jpg"}],"author":"admin","twitter_card":"summary_large_image","twitter_misc":{"Written by":"admin","Est. reading time":"1 minute"},"schema":{"@context":"https:\/\/schema.org","@graph":[{"@type":"Article","@id":"https:\/\/www.prijedordanas.com\/?p=169368#article","isPartOf":{"@id":"https:\/\/www.prijedordanas.com\/?p=169368"},"author":{"name":"admin","@id":"https:\/\/www.prijedordanas.com\/#\/schema\/person\/4e08ccf29b506ca916ff86d46bb700e6"},"headline":"Fudbaleri &#8220;Rudar-Prijedora&#8221; remizirali sa ekipom &#8220;De\u010di\u0107&#8221; u prvom pripremnom me\u010du na Zlatiboru &#8211; FOTO","datePublished":"2021-06-30T10:13:52+00:00","dateModified":"2021-06-30T17:18:38+00:00","mainEntityOfPage":{"@id":"https:\/\/www.prijedordanas.com\/?p=169368"},"wordCount":148,"publisher":{"@id":"https:\/\/www.prijedordanas.com\/#organization"},"articleSection":["Sport"],"inLanguage":"en-US"},{"@type":"WebPage","@id":"https:\/\/www.prijedordanas.com\/?p=169368","url":"https:\/\/www.prijedordanas.com\/?p=169368","name":"Fudbaleri \"Rudar-Prijedora\" remizirali sa ekipom \"De\u010di\u0107\" u prvom pripremnom me\u010du na Zlatiboru - FOTO - PrijedorDanas.com - Prijedorski gradski portal","isPartOf":{"@id":"https:\/\/www.prijedordanas.com\/#website"},"datePublished":"2021-06-30T10:13:52+00:00","dateModified":"2021-06-30T17:18:38+00:00","breadcrumb":{"@id":"https:\/\/www.prijedordanas.com\/?p=169368#breadcrumb"},"inLanguage":"en-US","potentialAction":[{"@type":"ReadAction","target":["https:\/\/www.prijedordanas.com\/?p=169368"]}]},{"@type":"BreadcrumbList","@id":"https:\/\/www.prijedordanas.com\/?p=169368#breadcrumb","itemListElement":[{"@type":"ListItem","position":1,"name":"Home","item":"https:\/\/www.prijedordanas.com\/"},{"@type":"ListItem","position":2,"name":"Fudbaleri &#8220;Rudar-Prijedora&#8221; remizirali sa ekipom &#8220;De\u010di\u0107&#8221; u prvom pripremnom me\u010du na Zlatiboru &#8211; FOTO"}]},{"@type":"WebSite","@id":"https:\/\/www.prijedordanas.com\/#website","url":"https:\/\/www.prijedordanas.com\/","name":"PrijedorDanas.com - Prijedorski gradski portal","description":"Portal o doga\u0111anjima u gradu Prijedoru","publisher":{"@id":"https:\/\/www.prijedordanas.com\/#organization"},"potentialAction":[{"@type":"SearchAction","target":{"@type":"EntryPoint","urlTemplate":"https:\/\/www.prijedordanas.com\/?s={search_term_string}"},"query-input":"required name=search_term_string"}],"inLanguage":"en-US"},{"@type":"Organization","@id":"https:\/\/www.prijedordanas.com\/#organization","name":"PrijedorDanas.com","url":"https:\/\/www.prijedordanas.com\/","logo":{"@type":"ImageObject","inLanguage":"en-US","@id":"https:\/\/www.prijedordanas.com\/#\/schema\/logo\/image\/","url":"http:\/\/www.prijedordanas.com\/wp-content\/uploads\/2021\/12\/logopng.png","contentUrl":"http:\/\/www.prijedordanas.com\/wp-content\/uploads\/2021\/12\/logopng.png","width":1019,"height":776,"caption":"PrijedorDanas.com"},"image":{"@id":"https:\/\/www.prijedordanas.com\/#\/schema\/logo\/image\/"},"sameAs":["https:\/\/www.facebook.com\/PrijedorDanasCom\/"]},{"@type":"Person","@id":"https:\/\/www.prijedordanas.com\/#\/schema\/person\/4e08ccf29b506ca916ff86d46bb700e6","name":"admin","image":{"@type":"ImageObject","inLanguage":"en-US","@id":"https:\/\/www.prijedordanas.com\/#\/schema\/person\/image\/","url":"https:\/\/secure.gravatar.com\/avatar\/1d3fc949d550f0b53a5f0d51e06dfd79?s=96&d=mm&r=g","contentUrl":"https:\/\/secure.gravatar.com\/avatar\/1d3fc949d550f0b53a5f0d51e06dfd79?s=96&d=mm&r=g","caption":"admin"},"url":"https:\/\/www.prijedordanas.com\/?author=1"}]}},"_links":{"self":[{"href":"https:\/\/www.prijedordanas.com\/index.php?rest_route=\/wp\/v2\/posts\/169368"}],"collection":[{"href":"https:\/\/www.prijedordanas.com\/index.php?rest_route=\/wp\/v2\/posts"}],"about":[{"href":"https:\/\/www.prijedordanas.com\/index.php?rest_route=\/wp\/v2\/types\/post"}],"author":[{"embeddable":true,"href":"https:\/\/www.prijedordanas.com\/index.php?rest_route=\/wp\/v2\/users\/1"}],"replies":[{"embeddable":true,"href":"https:\/\/www.prijedordanas.com\/index.php?rest_route=%2Fwp%2Fv2%2Fcomments&post=169368"}],"version-history":[{"count":2,"href":"https:\/\/www.prijedordanas.com\/index.php?rest_route=\/wp\/v2\/posts\/169368\/revisions"}],"predecessor-version":[{"id":169405,"href":"https:\/\/www.prijedordanas.com\/index.php?rest_route=\/wp\/v2\/posts\/169368\/revisions\/169405"}],"wp:attachment":[{"href":"https:\/\/www.prijedordanas.com\/index.php?rest_route=%2Fwp%2Fv2%2Fmedia&parent=169368"}],"wp:term":[{"taxonomy":"category","embeddable":true,"href":"https:\/\/www.prijedordanas.com\/index.php?rest_route=%2Fwp%2Fv2%2Fcategories&post=169368"},{"taxonomy":"post_tag","embeddable":true,"href":"https:\/\/www.prijedordanas.com\/index.php?rest_route=%2Fwp%2Fv2%2Ftags&post=169368"}],"curies":[{"name":"wp","href":"https:\/\/api.w.org\/{rel}","templated":true}]}}