{"id":169291,"date":"2021-06-29T11:59:09","date_gmt":"2021-06-29T09:59:09","guid":{"rendered":"https:\/\/www.prijedordanas.com\/?p=169291"},"modified":"2021-06-29T11:59:09","modified_gmt":"2021-06-29T09:59:09","slug":"na-kozari-otvoren-interetnicki-ljetni-kamp-za-mlade-jedan-svijet-foto-video","status":"publish","type":"post","link":"https:\/\/www.prijedordanas.com\/?p=169291","title":{"rendered":"Na Kozari otvoren Interetni\u010dki ljetni kamp za mlade &#8220;Jedan svijet&#8221; &#8211; FOTO\/VIDEO"},"content":{"rendered":"<p><a href=\"https:\/\/www.prijedordanas.com\/wp-content\/uploads\/2021\/06\/izvidjacki-kamp-jedan-svijet-2021-1.jpg\"><img loading=\"lazy\" decoding=\"async\" class=\"alignleft size-medium wp-image-169296\" src=\"https:\/\/www.prijedordanas.com\/wp-content\/uploads\/2021\/06\/izvidjacki-kamp-jedan-svijet-2021-1-300x225.jpg\" alt=\"\" width=\"300\" height=\"225\" srcset=\"https:\/\/www.prijedordanas.com\/wp-content\/uploads\/2021\/06\/izvidjacki-kamp-jedan-svijet-2021-1-300x225.jpg 300w, https:\/\/www.prijedordanas.com\/wp-content\/uploads\/2021\/06\/izvidjacki-kamp-jedan-svijet-2021-1-640x480.jpg 640w, https:\/\/www.prijedordanas.com\/wp-content\/uploads\/2021\/06\/izvidjacki-kamp-jedan-svijet-2021-1.jpg 667w\" sizes=\"(max-width: 300px) 100vw, 300px\" \/><\/a>Sve\u010danom ceremonijom ju\u010de je otvoren ljetni interetni\u010dki kamp za mlade \u201eJedan svijet\u201c, Kozara 2021 u organizaciji Saveza izvi\u0111a\u010da grada Zenica i Odreda izvi\u0111a\u010da \u201eDr Mladen Stojanovi\u0107\u201c iz Prijedora.<\/p>\n<p>Nakon pomjeranja aktivnosti projekta zbog COVID 19 pandemije, ovo ljeto nastavljamo na\u0161 zajedni\u010dki poduhvat sa \u0161estodnevnim aktivnostima u kojima u\u010destvuju planinke i izvi\u0111a\u010di iz Prijedora i Zenice.<\/p>\n<p>Ciljna hrupa su djeca i adolescenti uzrasta od 10 do 18 godina, a realizaciju kampa poma\u017eu strariji volonteri, \u010dlanovi izvi\u0111a\u010dke organizacije.<\/p>\n<p><a href=\"https:\/\/www.prijedordanas.com\/wp-content\/uploads\/2021\/06\/izvidjacki-kamp-jedan-svijet-2021-2.jpg\"><img loading=\"lazy\" decoding=\"async\" class=\"alignleft size-medium wp-image-169297\" src=\"https:\/\/www.prijedordanas.com\/wp-content\/uploads\/2021\/06\/izvidjacki-kamp-jedan-svijet-2021-2-300x225.jpg\" alt=\"\" width=\"300\" height=\"225\" srcset=\"https:\/\/www.prijedordanas.com\/wp-content\/uploads\/2021\/06\/izvidjacki-kamp-jedan-svijet-2021-2-300x225.jpg 300w, https:\/\/www.prijedordanas.com\/wp-content\/uploads\/2021\/06\/izvidjacki-kamp-jedan-svijet-2021-2-640x480.jpg 640w, https:\/\/www.prijedordanas.com\/wp-content\/uploads\/2021\/06\/izvidjacki-kamp-jedan-svijet-2021-2.jpg 667w\" sizes=\"(max-width: 300px) 100vw, 300px\" \/><\/a>Glavni dio aktivnosti odvija\u0107e se na obroncima Kozare, Debelom brijegu, a planirana su i dva jednodnevna izleta na obli\u017enje prirodne bisere: Bobija\u0161ko oko i vopad Blihe, te Kapelu.<\/p>\n<p>U\u010desnici kampa u\u017eiva\u0107e u raznolikom programskom sadr\u017eaju i predivnoj kozarskoj prirodi.<\/p>\n<p>Aktivnosti \u0107e biti realizovane primjenom metode vr\u0161nja\u010dke edukacije u skladu sa metodama i principima Svjetske organizacije izvi\u0111a\u010dkog pokreta.<\/p>\n<p>Interetni\u010dki izvi\u0111a\u010dki ljetni kamp na Kozari jedna je od aktivnosti Projekta \u201eJedan svijet\u201c, finansijski podr\u017ean od strane Ambasade Sjedinjenih Ameri\u010dkih Dr\u017eava u BiH, te gradova Prijedori Zenica.<\/p>\n<p><a href=\"https:\/\/www.prijedordanas.com\/wp-content\/uploads\/2021\/06\/izvidjacki-kamp-jedan-svijet-2021-8.jpg\"><img loading=\"lazy\" decoding=\"async\" class=\"alignleft size-medium wp-image-169298\" src=\"https:\/\/www.prijedordanas.com\/wp-content\/uploads\/2021\/06\/izvidjacki-kamp-jedan-svijet-2021-8-300x200.jpg\" alt=\"\" width=\"300\" height=\"200\" srcset=\"https:\/\/www.prijedordanas.com\/wp-content\/uploads\/2021\/06\/izvidjacki-kamp-jedan-svijet-2021-8-300x200.jpg 300w, https:\/\/www.prijedordanas.com\/wp-content\/uploads\/2021\/06\/izvidjacki-kamp-jedan-svijet-2021-8-480x320.jpg 480w, https:\/\/www.prijedordanas.com\/wp-content\/uploads\/2021\/06\/izvidjacki-kamp-jedan-svijet-2021-8.jpg 600w\" sizes=\"(max-width: 300px) 100vw, 300px\" \/><\/a>Ocjenjuju\u0107i prethodne projekte izuzetno uspje\u0161nim, Ambasada SAD-a postala je na\u0161 dugogodi\u0161nji partner, te pomogla realizaciju projekata \u201eJednostavno izvi\u0111a\u0161tvo\u201c, \u201eStvaramo bolji svijet\u201c, \u201eIzvi\u0111a\u010di to mogu\u201c, \u201eGlasnici budu\u0107nosti\u201c, \u201eSavr\u0161en svijet\u201c i \u201eJednostavno prijatelji\u201c.<\/p>\n<p>Cilj interetni\u010dkih aktivnosti kroz sve projekte jeste razmjena i dru\u017eenje mladih iz oba bosanskohercegova\u010dka entiteta, promovisanje ravnopravnosti me\u0111u polovima, volonterizma, timskog rada i vr\u0161njacke edukacije, te uklju\u010divanje roditelja u interetni\u010dke vannastavne aktivnosti djece i mladih.<\/p>\n<p>Na sve\u010danoj ceremoniji, nakon prigodnog programa, gostima i u\u010desnicima su se obratili predsjednik Saveza izvi\u0111a\u010da grada Zenica Edin \u0160ari\u0107, starje\u0161ina Odreda izvi\u0111a\u010da \u201cMladen Stojanovi\u0107\u201d Prijedor Ernest Badnjevi\u0107 i gradona\u010delnik Prijedora Dalibor Pavlovi\u0107.<\/p>\n<p>Ovom prilikom se gradona\u010delnik Prijedora posebno zahvalio predstavnicima Ambasade SAD-a i Gradu Zenici jer su prepoznali i podr\u017eali partnerstvo sa izvi\u0111a\u010dima Prijedora.<\/p>\n<p>Ispred Ambasade SAD-a u\u010desnicimma se obratio zamjenik direktora Kancelarije u Banja Luci Rami Blair.<\/p>\n<p><a href=\"https:\/\/www.prijedordanas.com\/wp-content\/uploads\/2021\/06\/izvidjacki-kamp-jedan-svijet-2021-3.jpg\"><img loading=\"lazy\" decoding=\"async\" class=\"alignleft size-medium wp-image-169299\" src=\"https:\/\/www.prijedordanas.com\/wp-content\/uploads\/2021\/06\/izvidjacki-kamp-jedan-svijet-2021-3-300x225.jpg\" alt=\"\" width=\"300\" height=\"225\" srcset=\"https:\/\/www.prijedordanas.com\/wp-content\/uploads\/2021\/06\/izvidjacki-kamp-jedan-svijet-2021-3-300x225.jpg 300w, https:\/\/www.prijedordanas.com\/wp-content\/uploads\/2021\/06\/izvidjacki-kamp-jedan-svijet-2021-3.jpg 600w\" sizes=\"(max-width: 300px) 100vw, 300px\" \/><\/a> <a href=\"https:\/\/www.prijedordanas.com\/wp-content\/uploads\/2021\/06\/izvidjacki-kamp-jedan-svijet-2021-7.jpg\"><img loading=\"lazy\" decoding=\"async\" class=\"alignleft size-medium wp-image-169300\" src=\"https:\/\/www.prijedordanas.com\/wp-content\/uploads\/2021\/06\/izvidjacki-kamp-jedan-svijet-2021-7-300x225.jpg\" alt=\"\" width=\"300\" height=\"225\" srcset=\"https:\/\/www.prijedordanas.com\/wp-content\/uploads\/2021\/06\/izvidjacki-kamp-jedan-svijet-2021-7-300x225.jpg 300w, https:\/\/www.prijedordanas.com\/wp-content\/uploads\/2021\/06\/izvidjacki-kamp-jedan-svijet-2021-7.jpg 600w\" sizes=\"(max-width: 300px) 100vw, 300px\" \/><\/a> <a href=\"https:\/\/www.prijedordanas.com\/wp-content\/uploads\/2021\/06\/izvidjacki-kamp-jedan-svijet-2021-4.jpg\"><img loading=\"lazy\" decoding=\"async\" class=\"alignleft size-medium wp-image-169301\" src=\"https:\/\/www.prijedordanas.com\/wp-content\/uploads\/2021\/06\/izvidjacki-kamp-jedan-svijet-2021-4-300x225.jpg\" alt=\"\" width=\"300\" height=\"225\" srcset=\"https:\/\/www.prijedordanas.com\/wp-content\/uploads\/2021\/06\/izvidjacki-kamp-jedan-svijet-2021-4-300x225.jpg 300w, https:\/\/www.prijedordanas.com\/wp-content\/uploads\/2021\/06\/izvidjacki-kamp-jedan-svijet-2021-4.jpg 600w\" sizes=\"(max-width: 300px) 100vw, 300px\" \/><\/a> <a href=\"https:\/\/www.prijedordanas.com\/wp-content\/uploads\/2021\/06\/izvidjacki-kamp-jedan-svijet-2021-5.jpg\"><img loading=\"lazy\" decoding=\"async\" class=\"alignleft size-medium wp-image-169302\" src=\"https:\/\/www.prijedordanas.com\/wp-content\/uploads\/2021\/06\/izvidjacki-kamp-jedan-svijet-2021-5-300x225.jpg\" alt=\"\" width=\"300\" height=\"225\" srcset=\"https:\/\/www.prijedordanas.com\/wp-content\/uploads\/2021\/06\/izvidjacki-kamp-jedan-svijet-2021-5-300x225.jpg 300w, https:\/\/www.prijedordanas.com\/wp-content\/uploads\/2021\/06\/izvidjacki-kamp-jedan-svijet-2021-5.jpg 600w\" sizes=\"(max-width: 300px) 100vw, 300px\" \/><\/a> <a href=\"https:\/\/www.prijedordanas.com\/wp-content\/uploads\/2021\/06\/izvidjacki-kamp-jedan-svijet-2021-6.jpg\"><img loading=\"lazy\" decoding=\"async\" class=\"alignleft size-medium wp-image-169303\" src=\"https:\/\/www.prijedordanas.com\/wp-content\/uploads\/2021\/06\/izvidjacki-kamp-jedan-svijet-2021-6-300x225.jpg\" alt=\"\" width=\"300\" height=\"225\" srcset=\"https:\/\/www.prijedordanas.com\/wp-content\/uploads\/2021\/06\/izvidjacki-kamp-jedan-svijet-2021-6-300x225.jpg 300w, https:\/\/www.prijedordanas.com\/wp-content\/uploads\/2021\/06\/izvidjacki-kamp-jedan-svijet-2021-6.jpg 600w\" sizes=\"(max-width: 300px) 100vw, 300px\" \/><\/a><\/p>\n<p><iframe loading=\"lazy\" title=\"OTVOREN INTERETNI\u010cKI IZVI\u0110A\u010cKI LJETNI KAMP &quot;JEDAN SVIJET 2021&quot;\" width=\"500\" height=\"281\" src=\"https:\/\/www.youtube.com\/embed\/djZSp1KITZQ?feature=oembed\" frameborder=\"0\" allow=\"accelerometer; autoplay; clipboard-write; encrypted-media; gyroscope; picture-in-picture\" allowfullscreen><\/iframe><\/p>\n","protected":false},"excerpt":{"rendered":"<p>Sve\u010danom ceremonijom ju\u010de je otvoren ljetni interetni\u010dki kamp za mlade \u201eJedan svijet\u201c, Kozara 2021 u organizaciji Saveza izvi\u0111a\u010da grada Zenica i Odreda izvi\u0111a\u010da \u201eDr Mladen Stojanovi\u0107\u201c iz Prijedora. Nakon pomjeranja [&hellip;]<\/p>\n","protected":false},"author":1,"featured_media":0,"comment_status":"closed","ping_status":"open","sticky":false,"template":"","format":"standard","meta":{"_monsterinsights_skip_tracking":false,"_monsterinsights_sitenote_active":false,"_monsterinsights_sitenote_note":"","_monsterinsights_sitenote_category":0,"footnotes":""},"categories":[7518],"tags":[],"yoast_head":"<!-- This site is optimized with the Yoast SEO plugin v21.6 - https:\/\/yoast.com\/wordpress\/plugins\/seo\/ -->\n<title>Na Kozari otvoren Interetni\u010dki ljetni kamp za mlade &quot;Jedan svijet&quot; - FOTO\/VIDEO - PrijedorDanas.com - Prijedorski gradski portal<\/title>\n<meta name=\"robots\" content=\"index, follow, max-snippet:-1, max-image-preview:large, max-video-preview:-1\" \/>\n<link rel=\"canonical\" href=\"https:\/\/www.prijedordanas.com\/?p=169291\" \/>\n<meta property=\"og:locale\" content=\"en_US\" \/>\n<meta property=\"og:type\" content=\"article\" \/>\n<meta property=\"og:title\" content=\"Na Kozari otvoren Interetni\u010dki ljetni kamp za mlade &quot;Jedan svijet&quot; - FOTO\/VIDEO - PrijedorDanas.com - Prijedorski gradski portal\" \/>\n<meta property=\"og:description\" content=\"Sve\u010danom ceremonijom ju\u010de je otvoren ljetni interetni\u010dki kamp za mlade \u201eJedan svijet\u201c, Kozara 2021 u organizaciji Saveza izvi\u0111a\u010da grada Zenica i Odreda izvi\u0111a\u010da \u201eDr Mladen Stojanovi\u0107\u201c iz Prijedora. Nakon pomjeranja [&hellip;]\" \/>\n<meta property=\"og:url\" content=\"https:\/\/www.prijedordanas.com\/?p=169291\" \/>\n<meta property=\"og:site_name\" content=\"PrijedorDanas.com - Prijedorski gradski portal\" \/>\n<meta property=\"article:publisher\" content=\"https:\/\/www.facebook.com\/PrijedorDanasCom\/\" \/>\n<meta property=\"article:published_time\" content=\"2021-06-29T09:59:09+00:00\" \/>\n<meta property=\"og:image\" content=\"https:\/\/www.prijedordanas.com\/wp-content\/uploads\/2021\/06\/izvidjacki-kamp-jedan-svijet-2021-1-300x225.jpg\" \/>\n<meta name=\"author\" content=\"admin\" \/>\n<meta name=\"twitter:card\" content=\"summary_large_image\" \/>\n<meta name=\"twitter:label1\" content=\"Written by\" \/>\n\t<meta name=\"twitter:data1\" content=\"admin\" \/>\n\t<meta name=\"twitter:label2\" content=\"Est. reading time\" \/>\n\t<meta name=\"twitter:data2\" content=\"3 minutes\" \/>\n<script type=\"application\/ld+json\" class=\"yoast-schema-graph\">{\"@context\":\"https:\/\/schema.org\",\"@graph\":[{\"@type\":\"Article\",\"@id\":\"https:\/\/www.prijedordanas.com\/?p=169291#article\",\"isPartOf\":{\"@id\":\"https:\/\/www.prijedordanas.com\/?p=169291\"},\"author\":{\"name\":\"admin\",\"@id\":\"https:\/\/www.prijedordanas.com\/#\/schema\/person\/4e08ccf29b506ca916ff86d46bb700e6\"},\"headline\":\"Na Kozari otvoren Interetni\u010dki ljetni kamp za mlade &#8220;Jedan svijet&#8221; &#8211; FOTO\/VIDEO\",\"datePublished\":\"2021-06-29T09:59:09+00:00\",\"dateModified\":\"2021-06-29T09:59:09+00:00\",\"mainEntityOfPage\":{\"@id\":\"https:\/\/www.prijedordanas.com\/?p=169291\"},\"wordCount\":369,\"publisher\":{\"@id\":\"https:\/\/www.prijedordanas.com\/#organization\"},\"articleSection\":[\"Mladi\"],\"inLanguage\":\"en-US\"},{\"@type\":\"WebPage\",\"@id\":\"https:\/\/www.prijedordanas.com\/?p=169291\",\"url\":\"https:\/\/www.prijedordanas.com\/?p=169291\",\"name\":\"Na Kozari otvoren Interetni\u010dki ljetni kamp za mlade \\\"Jedan svijet\\\" - FOTO\/VIDEO - PrijedorDanas.com - Prijedorski gradski portal\",\"isPartOf\":{\"@id\":\"https:\/\/www.prijedordanas.com\/#website\"},\"datePublished\":\"2021-06-29T09:59:09+00:00\",\"dateModified\":\"2021-06-29T09:59:09+00:00\",\"breadcrumb\":{\"@id\":\"https:\/\/www.prijedordanas.com\/?p=169291#breadcrumb\"},\"inLanguage\":\"en-US\",\"potentialAction\":[{\"@type\":\"ReadAction\",\"target\":[\"https:\/\/www.prijedordanas.com\/?p=169291\"]}]},{\"@type\":\"BreadcrumbList\",\"@id\":\"https:\/\/www.prijedordanas.com\/?p=169291#breadcrumb\",\"itemListElement\":[{\"@type\":\"ListItem\",\"position\":1,\"name\":\"Home\",\"item\":\"https:\/\/www.prijedordanas.com\/\"},{\"@type\":\"ListItem\",\"position\":2,\"name\":\"Na Kozari otvoren Interetni\u010dki ljetni kamp za mlade &#8220;Jedan svijet&#8221; &#8211; FOTO\/VIDEO\"}]},{\"@type\":\"WebSite\",\"@id\":\"https:\/\/www.prijedordanas.com\/#website\",\"url\":\"https:\/\/www.prijedordanas.com\/\",\"name\":\"PrijedorDanas.com - Prijedorski gradski portal\",\"description\":\"Portal o doga\u0111anjima u gradu Prijedoru\",\"publisher\":{\"@id\":\"https:\/\/www.prijedordanas.com\/#organization\"},\"potentialAction\":[{\"@type\":\"SearchAction\",\"target\":{\"@type\":\"EntryPoint\",\"urlTemplate\":\"https:\/\/www.prijedordanas.com\/?s={search_term_string}\"},\"query-input\":\"required name=search_term_string\"}],\"inLanguage\":\"en-US\"},{\"@type\":\"Organization\",\"@id\":\"https:\/\/www.prijedordanas.com\/#organization\",\"name\":\"PrijedorDanas.com\",\"url\":\"https:\/\/www.prijedordanas.com\/\",\"logo\":{\"@type\":\"ImageObject\",\"inLanguage\":\"en-US\",\"@id\":\"https:\/\/www.prijedordanas.com\/#\/schema\/logo\/image\/\",\"url\":\"http:\/\/www.prijedordanas.com\/wp-content\/uploads\/2021\/12\/logopng.png\",\"contentUrl\":\"http:\/\/www.prijedordanas.com\/wp-content\/uploads\/2021\/12\/logopng.png\",\"width\":1019,\"height\":776,\"caption\":\"PrijedorDanas.com\"},\"image\":{\"@id\":\"https:\/\/www.prijedordanas.com\/#\/schema\/logo\/image\/\"},\"sameAs\":[\"https:\/\/www.facebook.com\/PrijedorDanasCom\/\"]},{\"@type\":\"Person\",\"@id\":\"https:\/\/www.prijedordanas.com\/#\/schema\/person\/4e08ccf29b506ca916ff86d46bb700e6\",\"name\":\"admin\",\"image\":{\"@type\":\"ImageObject\",\"inLanguage\":\"en-US\",\"@id\":\"https:\/\/www.prijedordanas.com\/#\/schema\/person\/image\/\",\"url\":\"https:\/\/secure.gravatar.com\/avatar\/1d3fc949d550f0b53a5f0d51e06dfd79?s=96&d=mm&r=g\",\"contentUrl\":\"https:\/\/secure.gravatar.com\/avatar\/1d3fc949d550f0b53a5f0d51e06dfd79?s=96&d=mm&r=g\",\"caption\":\"admin\"},\"url\":\"https:\/\/www.prijedordanas.com\/?author=1\"}]}<\/script>\n<!-- \/ Yoast SEO plugin. -->","yoast_head_json":{"title":"Na Kozari otvoren Interetni\u010dki ljetni kamp za mlade \"Jedan svijet\" - FOTO\/VIDEO - PrijedorDanas.com - Prijedorski gradski portal","robots":{"index":"index","follow":"follow","max-snippet":"max-snippet:-1","max-image-preview":"max-image-preview:large","max-video-preview":"max-video-preview:-1"},"canonical":"https:\/\/www.prijedordanas.com\/?p=169291","og_locale":"en_US","og_type":"article","og_title":"Na Kozari otvoren Interetni\u010dki ljetni kamp za mlade \"Jedan svijet\" - FOTO\/VIDEO - PrijedorDanas.com - Prijedorski gradski portal","og_description":"Sve\u010danom ceremonijom ju\u010de je otvoren ljetni interetni\u010dki kamp za mlade \u201eJedan svijet\u201c, Kozara 2021 u organizaciji Saveza izvi\u0111a\u010da grada Zenica i Odreda izvi\u0111a\u010da \u201eDr Mladen Stojanovi\u0107\u201c iz Prijedora. Nakon pomjeranja [&hellip;]","og_url":"https:\/\/www.prijedordanas.com\/?p=169291","og_site_name":"PrijedorDanas.com - Prijedorski gradski portal","article_publisher":"https:\/\/www.facebook.com\/PrijedorDanasCom\/","article_published_time":"2021-06-29T09:59:09+00:00","og_image":[{"url":"https:\/\/www.prijedordanas.com\/wp-content\/uploads\/2021\/06\/izvidjacki-kamp-jedan-svijet-2021-1-300x225.jpg"}],"author":"admin","twitter_card":"summary_large_image","twitter_misc":{"Written by":"admin","Est. reading time":"3 minutes"},"schema":{"@context":"https:\/\/schema.org","@graph":[{"@type":"Article","@id":"https:\/\/www.prijedordanas.com\/?p=169291#article","isPartOf":{"@id":"https:\/\/www.prijedordanas.com\/?p=169291"},"author":{"name":"admin","@id":"https:\/\/www.prijedordanas.com\/#\/schema\/person\/4e08ccf29b506ca916ff86d46bb700e6"},"headline":"Na Kozari otvoren Interetni\u010dki ljetni kamp za mlade &#8220;Jedan svijet&#8221; &#8211; FOTO\/VIDEO","datePublished":"2021-06-29T09:59:09+00:00","dateModified":"2021-06-29T09:59:09+00:00","mainEntityOfPage":{"@id":"https:\/\/www.prijedordanas.com\/?p=169291"},"wordCount":369,"publisher":{"@id":"https:\/\/www.prijedordanas.com\/#organization"},"articleSection":["Mladi"],"inLanguage":"en-US"},{"@type":"WebPage","@id":"https:\/\/www.prijedordanas.com\/?p=169291","url":"https:\/\/www.prijedordanas.com\/?p=169291","name":"Na Kozari otvoren Interetni\u010dki ljetni kamp za mlade \"Jedan svijet\" - FOTO\/VIDEO - PrijedorDanas.com - Prijedorski gradski portal","isPartOf":{"@id":"https:\/\/www.prijedordanas.com\/#website"},"datePublished":"2021-06-29T09:59:09+00:00","dateModified":"2021-06-29T09:59:09+00:00","breadcrumb":{"@id":"https:\/\/www.prijedordanas.com\/?p=169291#breadcrumb"},"inLanguage":"en-US","potentialAction":[{"@type":"ReadAction","target":["https:\/\/www.prijedordanas.com\/?p=169291"]}]},{"@type":"BreadcrumbList","@id":"https:\/\/www.prijedordanas.com\/?p=169291#breadcrumb","itemListElement":[{"@type":"ListItem","position":1,"name":"Home","item":"https:\/\/www.prijedordanas.com\/"},{"@type":"ListItem","position":2,"name":"Na Kozari otvoren Interetni\u010dki ljetni kamp za mlade &#8220;Jedan svijet&#8221; &#8211; FOTO\/VIDEO"}]},{"@type":"WebSite","@id":"https:\/\/www.prijedordanas.com\/#website","url":"https:\/\/www.prijedordanas.com\/","name":"PrijedorDanas.com - Prijedorski gradski portal","description":"Portal o doga\u0111anjima u gradu Prijedoru","publisher":{"@id":"https:\/\/www.prijedordanas.com\/#organization"},"potentialAction":[{"@type":"SearchAction","target":{"@type":"EntryPoint","urlTemplate":"https:\/\/www.prijedordanas.com\/?s={search_term_string}"},"query-input":"required name=search_term_string"}],"inLanguage":"en-US"},{"@type":"Organization","@id":"https:\/\/www.prijedordanas.com\/#organization","name":"PrijedorDanas.com","url":"https:\/\/www.prijedordanas.com\/","logo":{"@type":"ImageObject","inLanguage":"en-US","@id":"https:\/\/www.prijedordanas.com\/#\/schema\/logo\/image\/","url":"http:\/\/www.prijedordanas.com\/wp-content\/uploads\/2021\/12\/logopng.png","contentUrl":"http:\/\/www.prijedordanas.com\/wp-content\/uploads\/2021\/12\/logopng.png","width":1019,"height":776,"caption":"PrijedorDanas.com"},"image":{"@id":"https:\/\/www.prijedordanas.com\/#\/schema\/logo\/image\/"},"sameAs":["https:\/\/www.facebook.com\/PrijedorDanasCom\/"]},{"@type":"Person","@id":"https:\/\/www.prijedordanas.com\/#\/schema\/person\/4e08ccf29b506ca916ff86d46bb700e6","name":"admin","image":{"@type":"ImageObject","inLanguage":"en-US","@id":"https:\/\/www.prijedordanas.com\/#\/schema\/person\/image\/","url":"https:\/\/secure.gravatar.com\/avatar\/1d3fc949d550f0b53a5f0d51e06dfd79?s=96&d=mm&r=g","contentUrl":"https:\/\/secure.gravatar.com\/avatar\/1d3fc949d550f0b53a5f0d51e06dfd79?s=96&d=mm&r=g","caption":"admin"},"url":"https:\/\/www.prijedordanas.com\/?author=1"}]}},"_links":{"self":[{"href":"https:\/\/www.prijedordanas.com\/index.php?rest_route=\/wp\/v2\/posts\/169291"}],"collection":[{"href":"https:\/\/www.prijedordanas.com\/index.php?rest_route=\/wp\/v2\/posts"}],"about":[{"href":"https:\/\/www.prijedordanas.com\/index.php?rest_route=\/wp\/v2\/types\/post"}],"author":[{"embeddable":true,"href":"https:\/\/www.prijedordanas.com\/index.php?rest_route=\/wp\/v2\/users\/1"}],"replies":[{"embeddable":true,"href":"https:\/\/www.prijedordanas.com\/index.php?rest_route=%2Fwp%2Fv2%2Fcomments&post=169291"}],"version-history":[{"count":2,"href":"https:\/\/www.prijedordanas.com\/index.php?rest_route=\/wp\/v2\/posts\/169291\/revisions"}],"predecessor-version":[{"id":169304,"href":"https:\/\/www.prijedordanas.com\/index.php?rest_route=\/wp\/v2\/posts\/169291\/revisions\/169304"}],"wp:attachment":[{"href":"https:\/\/www.prijedordanas.com\/index.php?rest_route=%2Fwp%2Fv2%2Fmedia&parent=169291"}],"wp:term":[{"taxonomy":"category","embeddable":true,"href":"https:\/\/www.prijedordanas.com\/index.php?rest_route=%2Fwp%2Fv2%2Fcategories&post=169291"},{"taxonomy":"post_tag","embeddable":true,"href":"https:\/\/www.prijedordanas.com\/index.php?rest_route=%2Fwp%2Fv2%2Ftags&post=169291"}],"curies":[{"name":"wp","href":"https:\/\/api.w.org\/{rel}","templated":true}]}}