{"id":169018,"date":"2021-06-23T20:33:06","date_gmt":"2021-06-23T18:33:06","guid":{"rendered":"https:\/\/www.prijedordanas.com\/?p=169018"},"modified":"2021-06-23T20:33:06","modified_gmt":"2021-06-23T18:33:06","slug":"detalji-pada-letjelice-u-prijedoru-izdao-ih-motor-aviona-pa-jedrilicu-spustio-u-kukuruziste-foto-video","status":"publish","type":"post","link":"https:\/\/www.prijedordanas.com\/?p=169018","title":{"rendered":"Detalji pada letjelice u Prijedoru: Izdao ih motor aviona pa jedrilicu spustio u kukuruzi\u0161te &#8211; FOTO\/VIDEO"},"content":{"rendered":"<p><a href=\"https:\/\/www.prijedordanas.com\/wp-content\/uploads\/2021\/06\/jedrilica-pad-aerodromsko-naselje-2.jpg\"><img loading=\"lazy\" decoding=\"async\" class=\"alignleft size-medium wp-image-168936\" src=\"https:\/\/www.prijedordanas.com\/wp-content\/uploads\/2021\/06\/jedrilica-pad-aerodromsko-naselje-2-300x225.jpg\" alt=\"\" width=\"300\" height=\"225\" srcset=\"https:\/\/www.prijedordanas.com\/wp-content\/uploads\/2021\/06\/jedrilica-pad-aerodromsko-naselje-2-300x225.jpg 300w, https:\/\/www.prijedordanas.com\/wp-content\/uploads\/2021\/06\/jedrilica-pad-aerodromsko-naselje-2-640x480.jpg 640w, https:\/\/www.prijedordanas.com\/wp-content\/uploads\/2021\/06\/jedrilica-pad-aerodromsko-naselje-2.jpg 667w\" sizes=\"(max-width: 300px) 100vw, 300px\" \/><\/a>Avionu Aero-kluba Prijedor u utorak je djelimi\u010dno otkazao motor, nakon \u010dega je Ljubi\u0161a Aramanda (46), koji je pilotirao jedrilicom koju je avion vukao, uspio da je spusti u ba\u0161tu me\u0111u kukuruze.<\/p>\n<p>On je, kako saznajemo, pro\u0161ao bez povreda, dok je njegov saputnik, pedesettrogodi\u0161nji E.K., lak\u0161e povrije\u0111en. Istovremeno je avion bezbjedno sletio.<\/p>\n<p><strong><a href=\"https:\/\/www.prijedordanas.com\/?p=168934\" target=\"_blank\" rel=\"noopener\">Sportska jedrilica pala u ba\u0161tu u Aerodromskom naselju: Povrije\u0111eno jedno lice \u2013 FOTO\/VIDEO<\/a><\/strong><\/p>\n<p>&#8220;Do\u0161lo je do djelimi\u010dnog otkazivanja motora na avionu. Ja sam bio u jedrilici. Avion me otka\u010dio. Ja sam primijenio mjere vanrednih postupaka, \u0161to bi se reklo, spasavao \u017eivu glavu i u tome i uspio&#8221;, rekao je Aramanda za &#8220;Nezavisne novine&#8221;.<\/p>\n<p><a href=\"https:\/\/www.prijedordanas.com\/wp-content\/uploads\/2021\/06\/jedrilica-pad-6.jpg\"><img loading=\"lazy\" decoding=\"async\" class=\"alignleft size-medium wp-image-169020\" src=\"https:\/\/www.prijedordanas.com\/wp-content\/uploads\/2021\/06\/jedrilica-pad-6-300x200.jpg\" alt=\"\" width=\"300\" height=\"200\" srcset=\"https:\/\/www.prijedordanas.com\/wp-content\/uploads\/2021\/06\/jedrilica-pad-6-300x200.jpg 300w, https:\/\/www.prijedordanas.com\/wp-content\/uploads\/2021\/06\/jedrilica-pad-6-480x320.jpg 480w, https:\/\/www.prijedordanas.com\/wp-content\/uploads\/2021\/06\/jedrilica-pad-6.jpg 600w\" sizes=\"(max-width: 300px) 100vw, 300px\" \/><\/a>Kako je dodao, u momentima kad se sve de\u0161avalo, jedrilica nije imala potrebnu brzinu ni visinu, koja je iznosila oko 20 metara.<\/p>\n<p>&#8220;Primijenio sam vanredne postupke, nisam udario u ku\u0107u, nego pao me\u0111u kukuruze. U ovakvim situacijama bolje je kad ste na ve\u0107im visinama jer biste se uspjeli vratiti na aerodrom&#8221;, rekao je Aramanda.<\/p>\n<p>U pitanju je, ina\u010de, bio let nakon \u0161to je E.K. iskazao \u017eelju da ide na obuku za letenje jedrilicom, pa su se vinuli u visine da bi odlu\u010dio ho\u0107e li i\u0107i na obuku.<\/p>\n<p><a href=\"https:\/\/www.prijedordanas.com\/wp-content\/uploads\/2021\/06\/jedrilica-pad-5.jpg\"><img loading=\"lazy\" decoding=\"async\" src=\"https:\/\/www.prijedordanas.com\/wp-content\/uploads\/2021\/06\/jedrilica-pad-5-300x200.jpg\" alt=\"\" width=\"300\" height=\"200\" class=\"alignleft size-medium wp-image-169021\" srcset=\"https:\/\/www.prijedordanas.com\/wp-content\/uploads\/2021\/06\/jedrilica-pad-5-300x200.jpg 300w, https:\/\/www.prijedordanas.com\/wp-content\/uploads\/2021\/06\/jedrilica-pad-5-480x320.jpg 480w, https:\/\/www.prijedordanas.com\/wp-content\/uploads\/2021\/06\/jedrilica-pad-5.jpg 600w\" sizes=\"(max-width: 300px) 100vw, 300px\" \/><\/a>Tokom ovog incidenta, jedrilica je, usljed vanterenskog slijetanja, uni\u0161tena, ali svi se sla\u017eu da je najva\u017enije da nije bilo \u017ertava.<\/p>\n<p>Iz policije je za &#8220;Nezavisne novine&#8221; potvr\u0111eno da je o svemu obavije\u0161tena Direkcija za civilno vazduhoplovstvo BiH, te da \u0107e biti formirana komisija kako bi se utvrdio uzrok nezgode.<\/p>\n<p>&#8220;U nezgodi je lak\u0161e povrije\u0111eno jedno lice, koje je nakon ukazane ljekarske pomo\u0107i pu\u0161teno ku\u0107i&#8221;, rekli su iz policije.<\/p>\n<p><a href=\"https:\/\/www.nezavisne.com\/novosti\/hronika\/Detalji-pada-letjelice-Izdao-ih-motor-aviona-pa-jedrilicu-spustio-u-kukuruziste\/668081\" target=\"_blank\" rel=\"noopener\">nezavisne.com<\/a><\/p>\n<p><a href=\"https:\/\/www.prijedordanas.com\/wp-content\/uploads\/2021\/06\/jedrilica-pad-1.jpg\"><img loading=\"lazy\" decoding=\"async\" src=\"https:\/\/www.prijedordanas.com\/wp-content\/uploads\/2021\/06\/jedrilica-pad-1-300x200.jpg\" alt=\"\" width=\"300\" height=\"200\" class=\"alignleft size-medium wp-image-169022\" srcset=\"https:\/\/www.prijedordanas.com\/wp-content\/uploads\/2021\/06\/jedrilica-pad-1-300x200.jpg 300w, https:\/\/www.prijedordanas.com\/wp-content\/uploads\/2021\/06\/jedrilica-pad-1-480x320.jpg 480w, https:\/\/www.prijedordanas.com\/wp-content\/uploads\/2021\/06\/jedrilica-pad-1.jpg 600w\" sizes=\"(max-width: 300px) 100vw, 300px\" \/><\/a> <a href=\"https:\/\/www.prijedordanas.com\/wp-content\/uploads\/2021\/06\/jedrilica-pad-2.jpg\"><img loading=\"lazy\" decoding=\"async\" src=\"https:\/\/www.prijedordanas.com\/wp-content\/uploads\/2021\/06\/jedrilica-pad-2-300x200.jpg\" alt=\"\" width=\"300\" height=\"200\" class=\"alignleft size-medium wp-image-169023\" srcset=\"https:\/\/www.prijedordanas.com\/wp-content\/uploads\/2021\/06\/jedrilica-pad-2-300x200.jpg 300w, https:\/\/www.prijedordanas.com\/wp-content\/uploads\/2021\/06\/jedrilica-pad-2-480x320.jpg 480w, https:\/\/www.prijedordanas.com\/wp-content\/uploads\/2021\/06\/jedrilica-pad-2.jpg 600w\" sizes=\"(max-width: 300px) 100vw, 300px\" \/><\/a> <a href=\"https:\/\/www.prijedordanas.com\/wp-content\/uploads\/2021\/06\/jedrilica-pad-3.jpg\"><img loading=\"lazy\" decoding=\"async\" src=\"https:\/\/www.prijedordanas.com\/wp-content\/uploads\/2021\/06\/jedrilica-pad-3-300x200.jpg\" alt=\"\" width=\"300\" height=\"200\" class=\"alignleft size-medium wp-image-169024\" srcset=\"https:\/\/www.prijedordanas.com\/wp-content\/uploads\/2021\/06\/jedrilica-pad-3-300x200.jpg 300w, https:\/\/www.prijedordanas.com\/wp-content\/uploads\/2021\/06\/jedrilica-pad-3-480x320.jpg 480w, https:\/\/www.prijedordanas.com\/wp-content\/uploads\/2021\/06\/jedrilica-pad-3.jpg 600w\" sizes=\"(max-width: 300px) 100vw, 300px\" \/><\/a> <a href=\"https:\/\/www.prijedordanas.com\/wp-content\/uploads\/2021\/06\/jedrilica-pad-4.jpg\"><img loading=\"lazy\" decoding=\"async\" src=\"https:\/\/www.prijedordanas.com\/wp-content\/uploads\/2021\/06\/jedrilica-pad-4-300x200.jpg\" alt=\"\" width=\"300\" height=\"200\" class=\"alignleft size-medium wp-image-169025\" srcset=\"https:\/\/www.prijedordanas.com\/wp-content\/uploads\/2021\/06\/jedrilica-pad-4-300x200.jpg 300w, https:\/\/www.prijedordanas.com\/wp-content\/uploads\/2021\/06\/jedrilica-pad-4-480x320.jpg 480w, https:\/\/www.prijedordanas.com\/wp-content\/uploads\/2021\/06\/jedrilica-pad-4.jpg 600w\" sizes=\"(max-width: 300px) 100vw, 300px\" \/><\/a><\/p>\n<p><iframe loading=\"lazy\" title=\"Prijedor - Pad sportske jedrilice - 22. juna 2021. godine\" width=\"500\" height=\"375\" src=\"https:\/\/www.youtube.com\/embed\/yzlTcfYeWLI?feature=oembed\" frameborder=\"0\" allow=\"accelerometer; autoplay; clipboard-write; encrypted-media; gyroscope; picture-in-picture\" allowfullscreen><\/iframe><\/p>\n","protected":false},"excerpt":{"rendered":"<p>Avionu Aero-kluba Prijedor u utorak je djelimi\u010dno otkazao motor, nakon \u010dega je Ljubi\u0161a Aramanda (46), koji je pilotirao jedrilicom koju je avion vukao, uspio da je spusti u ba\u0161tu me\u0111u [&hellip;]<\/p>\n","protected":false},"author":1,"featured_media":0,"comment_status":"closed","ping_status":"open","sticky":false,"template":"","format":"standard","meta":{"_monsterinsights_skip_tracking":false,"_monsterinsights_sitenote_active":false,"_monsterinsights_sitenote_note":"","_monsterinsights_sitenote_category":0,"footnotes":""},"categories":[5],"tags":[],"yoast_head":"<!-- This site is optimized with the Yoast SEO plugin v21.6 - https:\/\/yoast.com\/wordpress\/plugins\/seo\/ -->\n<title>Detalji pada letjelice u Prijedoru: Izdao ih motor aviona pa jedrilicu spustio u kukuruzi\u0161te - FOTO\/VIDEO - PrijedorDanas.com - Prijedorski gradski portal<\/title>\n<meta name=\"robots\" content=\"index, follow, max-snippet:-1, max-image-preview:large, max-video-preview:-1\" \/>\n<link rel=\"canonical\" href=\"https:\/\/www.prijedordanas.com\/?p=169018\" \/>\n<meta property=\"og:locale\" content=\"en_US\" \/>\n<meta property=\"og:type\" content=\"article\" \/>\n<meta property=\"og:title\" content=\"Detalji pada letjelice u Prijedoru: Izdao ih motor aviona pa jedrilicu spustio u kukuruzi\u0161te - FOTO\/VIDEO - PrijedorDanas.com - Prijedorski gradski portal\" \/>\n<meta property=\"og:description\" content=\"Avionu Aero-kluba Prijedor u utorak je djelimi\u010dno otkazao motor, nakon \u010dega je Ljubi\u0161a Aramanda (46), koji je pilotirao jedrilicom koju je avion vukao, uspio da je spusti u ba\u0161tu me\u0111u [&hellip;]\" \/>\n<meta property=\"og:url\" content=\"https:\/\/www.prijedordanas.com\/?p=169018\" \/>\n<meta property=\"og:site_name\" content=\"PrijedorDanas.com - Prijedorski gradski portal\" \/>\n<meta property=\"article:publisher\" content=\"https:\/\/www.facebook.com\/PrijedorDanasCom\/\" \/>\n<meta property=\"article:published_time\" content=\"2021-06-23T18:33:06+00:00\" \/>\n<meta property=\"og:image\" content=\"https:\/\/www.prijedordanas.com\/wp-content\/uploads\/2021\/06\/jedrilica-pad-aerodromsko-naselje-2-300x225.jpg\" \/>\n<meta name=\"author\" content=\"admin\" \/>\n<meta name=\"twitter:card\" content=\"summary_large_image\" \/>\n<meta name=\"twitter:label1\" content=\"Written by\" \/>\n\t<meta name=\"twitter:data1\" content=\"admin\" \/>\n\t<meta name=\"twitter:label2\" content=\"Est. reading time\" \/>\n\t<meta name=\"twitter:data2\" content=\"2 minutes\" \/>\n<script type=\"application\/ld+json\" class=\"yoast-schema-graph\">{\"@context\":\"https:\/\/schema.org\",\"@graph\":[{\"@type\":\"Article\",\"@id\":\"https:\/\/www.prijedordanas.com\/?p=169018#article\",\"isPartOf\":{\"@id\":\"https:\/\/www.prijedordanas.com\/?p=169018\"},\"author\":{\"name\":\"admin\",\"@id\":\"https:\/\/www.prijedordanas.com\/#\/schema\/person\/4e08ccf29b506ca916ff86d46bb700e6\"},\"headline\":\"Detalji pada letjelice u Prijedoru: Izdao ih motor aviona pa jedrilicu spustio u kukuruzi\u0161te &#8211; FOTO\/VIDEO\",\"datePublished\":\"2021-06-23T18:33:06+00:00\",\"dateModified\":\"2021-06-23T18:33:06+00:00\",\"mainEntityOfPage\":{\"@id\":\"https:\/\/www.prijedordanas.com\/?p=169018\"},\"wordCount\":314,\"publisher\":{\"@id\":\"https:\/\/www.prijedordanas.com\/#organization\"},\"articleSection\":[\"Hronika\"],\"inLanguage\":\"en-US\"},{\"@type\":\"WebPage\",\"@id\":\"https:\/\/www.prijedordanas.com\/?p=169018\",\"url\":\"https:\/\/www.prijedordanas.com\/?p=169018\",\"name\":\"Detalji pada letjelice u Prijedoru: Izdao ih motor aviona pa jedrilicu spustio u kukuruzi\u0161te - FOTO\/VIDEO - PrijedorDanas.com - Prijedorski gradski portal\",\"isPartOf\":{\"@id\":\"https:\/\/www.prijedordanas.com\/#website\"},\"datePublished\":\"2021-06-23T18:33:06+00:00\",\"dateModified\":\"2021-06-23T18:33:06+00:00\",\"breadcrumb\":{\"@id\":\"https:\/\/www.prijedordanas.com\/?p=169018#breadcrumb\"},\"inLanguage\":\"en-US\",\"potentialAction\":[{\"@type\":\"ReadAction\",\"target\":[\"https:\/\/www.prijedordanas.com\/?p=169018\"]}]},{\"@type\":\"BreadcrumbList\",\"@id\":\"https:\/\/www.prijedordanas.com\/?p=169018#breadcrumb\",\"itemListElement\":[{\"@type\":\"ListItem\",\"position\":1,\"name\":\"Home\",\"item\":\"https:\/\/www.prijedordanas.com\/\"},{\"@type\":\"ListItem\",\"position\":2,\"name\":\"Detalji pada letjelice u Prijedoru: Izdao ih motor aviona pa jedrilicu spustio u kukuruzi\u0161te &#8211; FOTO\/VIDEO\"}]},{\"@type\":\"WebSite\",\"@id\":\"https:\/\/www.prijedordanas.com\/#website\",\"url\":\"https:\/\/www.prijedordanas.com\/\",\"name\":\"PrijedorDanas.com - Prijedorski gradski portal\",\"description\":\"Portal o doga\u0111anjima u gradu Prijedoru\",\"publisher\":{\"@id\":\"https:\/\/www.prijedordanas.com\/#organization\"},\"potentialAction\":[{\"@type\":\"SearchAction\",\"target\":{\"@type\":\"EntryPoint\",\"urlTemplate\":\"https:\/\/www.prijedordanas.com\/?s={search_term_string}\"},\"query-input\":\"required name=search_term_string\"}],\"inLanguage\":\"en-US\"},{\"@type\":\"Organization\",\"@id\":\"https:\/\/www.prijedordanas.com\/#organization\",\"name\":\"PrijedorDanas.com\",\"url\":\"https:\/\/www.prijedordanas.com\/\",\"logo\":{\"@type\":\"ImageObject\",\"inLanguage\":\"en-US\",\"@id\":\"https:\/\/www.prijedordanas.com\/#\/schema\/logo\/image\/\",\"url\":\"http:\/\/www.prijedordanas.com\/wp-content\/uploads\/2021\/12\/logopng.png\",\"contentUrl\":\"http:\/\/www.prijedordanas.com\/wp-content\/uploads\/2021\/12\/logopng.png\",\"width\":1019,\"height\":776,\"caption\":\"PrijedorDanas.com\"},\"image\":{\"@id\":\"https:\/\/www.prijedordanas.com\/#\/schema\/logo\/image\/\"},\"sameAs\":[\"https:\/\/www.facebook.com\/PrijedorDanasCom\/\"]},{\"@type\":\"Person\",\"@id\":\"https:\/\/www.prijedordanas.com\/#\/schema\/person\/4e08ccf29b506ca916ff86d46bb700e6\",\"name\":\"admin\",\"image\":{\"@type\":\"ImageObject\",\"inLanguage\":\"en-US\",\"@id\":\"https:\/\/www.prijedordanas.com\/#\/schema\/person\/image\/\",\"url\":\"https:\/\/secure.gravatar.com\/avatar\/1d3fc949d550f0b53a5f0d51e06dfd79?s=96&d=mm&r=g\",\"contentUrl\":\"https:\/\/secure.gravatar.com\/avatar\/1d3fc949d550f0b53a5f0d51e06dfd79?s=96&d=mm&r=g\",\"caption\":\"admin\"},\"url\":\"https:\/\/www.prijedordanas.com\/?author=1\"}]}<\/script>\n<!-- \/ Yoast SEO plugin. -->","yoast_head_json":{"title":"Detalji pada letjelice u Prijedoru: Izdao ih motor aviona pa jedrilicu spustio u kukuruzi\u0161te - FOTO\/VIDEO - PrijedorDanas.com - Prijedorski gradski portal","robots":{"index":"index","follow":"follow","max-snippet":"max-snippet:-1","max-image-preview":"max-image-preview:large","max-video-preview":"max-video-preview:-1"},"canonical":"https:\/\/www.prijedordanas.com\/?p=169018","og_locale":"en_US","og_type":"article","og_title":"Detalji pada letjelice u Prijedoru: Izdao ih motor aviona pa jedrilicu spustio u kukuruzi\u0161te - FOTO\/VIDEO - PrijedorDanas.com - Prijedorski gradski portal","og_description":"Avionu Aero-kluba Prijedor u utorak je djelimi\u010dno otkazao motor, nakon \u010dega je Ljubi\u0161a Aramanda (46), koji je pilotirao jedrilicom koju je avion vukao, uspio da je spusti u ba\u0161tu me\u0111u [&hellip;]","og_url":"https:\/\/www.prijedordanas.com\/?p=169018","og_site_name":"PrijedorDanas.com - Prijedorski gradski portal","article_publisher":"https:\/\/www.facebook.com\/PrijedorDanasCom\/","article_published_time":"2021-06-23T18:33:06+00:00","og_image":[{"url":"https:\/\/www.prijedordanas.com\/wp-content\/uploads\/2021\/06\/jedrilica-pad-aerodromsko-naselje-2-300x225.jpg"}],"author":"admin","twitter_card":"summary_large_image","twitter_misc":{"Written by":"admin","Est. reading time":"2 minutes"},"schema":{"@context":"https:\/\/schema.org","@graph":[{"@type":"Article","@id":"https:\/\/www.prijedordanas.com\/?p=169018#article","isPartOf":{"@id":"https:\/\/www.prijedordanas.com\/?p=169018"},"author":{"name":"admin","@id":"https:\/\/www.prijedordanas.com\/#\/schema\/person\/4e08ccf29b506ca916ff86d46bb700e6"},"headline":"Detalji pada letjelice u Prijedoru: Izdao ih motor aviona pa jedrilicu spustio u kukuruzi\u0161te &#8211; FOTO\/VIDEO","datePublished":"2021-06-23T18:33:06+00:00","dateModified":"2021-06-23T18:33:06+00:00","mainEntityOfPage":{"@id":"https:\/\/www.prijedordanas.com\/?p=169018"},"wordCount":314,"publisher":{"@id":"https:\/\/www.prijedordanas.com\/#organization"},"articleSection":["Hronika"],"inLanguage":"en-US"},{"@type":"WebPage","@id":"https:\/\/www.prijedordanas.com\/?p=169018","url":"https:\/\/www.prijedordanas.com\/?p=169018","name":"Detalji pada letjelice u Prijedoru: Izdao ih motor aviona pa jedrilicu spustio u kukuruzi\u0161te - FOTO\/VIDEO - PrijedorDanas.com - Prijedorski gradski portal","isPartOf":{"@id":"https:\/\/www.prijedordanas.com\/#website"},"datePublished":"2021-06-23T18:33:06+00:00","dateModified":"2021-06-23T18:33:06+00:00","breadcrumb":{"@id":"https:\/\/www.prijedordanas.com\/?p=169018#breadcrumb"},"inLanguage":"en-US","potentialAction":[{"@type":"ReadAction","target":["https:\/\/www.prijedordanas.com\/?p=169018"]}]},{"@type":"BreadcrumbList","@id":"https:\/\/www.prijedordanas.com\/?p=169018#breadcrumb","itemListElement":[{"@type":"ListItem","position":1,"name":"Home","item":"https:\/\/www.prijedordanas.com\/"},{"@type":"ListItem","position":2,"name":"Detalji pada letjelice u Prijedoru: Izdao ih motor aviona pa jedrilicu spustio u kukuruzi\u0161te &#8211; FOTO\/VIDEO"}]},{"@type":"WebSite","@id":"https:\/\/www.prijedordanas.com\/#website","url":"https:\/\/www.prijedordanas.com\/","name":"PrijedorDanas.com - Prijedorski gradski portal","description":"Portal o doga\u0111anjima u gradu Prijedoru","publisher":{"@id":"https:\/\/www.prijedordanas.com\/#organization"},"potentialAction":[{"@type":"SearchAction","target":{"@type":"EntryPoint","urlTemplate":"https:\/\/www.prijedordanas.com\/?s={search_term_string}"},"query-input":"required name=search_term_string"}],"inLanguage":"en-US"},{"@type":"Organization","@id":"https:\/\/www.prijedordanas.com\/#organization","name":"PrijedorDanas.com","url":"https:\/\/www.prijedordanas.com\/","logo":{"@type":"ImageObject","inLanguage":"en-US","@id":"https:\/\/www.prijedordanas.com\/#\/schema\/logo\/image\/","url":"http:\/\/www.prijedordanas.com\/wp-content\/uploads\/2021\/12\/logopng.png","contentUrl":"http:\/\/www.prijedordanas.com\/wp-content\/uploads\/2021\/12\/logopng.png","width":1019,"height":776,"caption":"PrijedorDanas.com"},"image":{"@id":"https:\/\/www.prijedordanas.com\/#\/schema\/logo\/image\/"},"sameAs":["https:\/\/www.facebook.com\/PrijedorDanasCom\/"]},{"@type":"Person","@id":"https:\/\/www.prijedordanas.com\/#\/schema\/person\/4e08ccf29b506ca916ff86d46bb700e6","name":"admin","image":{"@type":"ImageObject","inLanguage":"en-US","@id":"https:\/\/www.prijedordanas.com\/#\/schema\/person\/image\/","url":"https:\/\/secure.gravatar.com\/avatar\/1d3fc949d550f0b53a5f0d51e06dfd79?s=96&d=mm&r=g","contentUrl":"https:\/\/secure.gravatar.com\/avatar\/1d3fc949d550f0b53a5f0d51e06dfd79?s=96&d=mm&r=g","caption":"admin"},"url":"https:\/\/www.prijedordanas.com\/?author=1"}]}},"_links":{"self":[{"href":"https:\/\/www.prijedordanas.com\/index.php?rest_route=\/wp\/v2\/posts\/169018"}],"collection":[{"href":"https:\/\/www.prijedordanas.com\/index.php?rest_route=\/wp\/v2\/posts"}],"about":[{"href":"https:\/\/www.prijedordanas.com\/index.php?rest_route=\/wp\/v2\/types\/post"}],"author":[{"embeddable":true,"href":"https:\/\/www.prijedordanas.com\/index.php?rest_route=\/wp\/v2\/users\/1"}],"replies":[{"embeddable":true,"href":"https:\/\/www.prijedordanas.com\/index.php?rest_route=%2Fwp%2Fv2%2Fcomments&post=169018"}],"version-history":[{"count":1,"href":"https:\/\/www.prijedordanas.com\/index.php?rest_route=\/wp\/v2\/posts\/169018\/revisions"}],"predecessor-version":[{"id":169026,"href":"https:\/\/www.prijedordanas.com\/index.php?rest_route=\/wp\/v2\/posts\/169018\/revisions\/169026"}],"wp:attachment":[{"href":"https:\/\/www.prijedordanas.com\/index.php?rest_route=%2Fwp%2Fv2%2Fmedia&parent=169018"}],"wp:term":[{"taxonomy":"category","embeddable":true,"href":"https:\/\/www.prijedordanas.com\/index.php?rest_route=%2Fwp%2Fv2%2Fcategories&post=169018"},{"taxonomy":"post_tag","embeddable":true,"href":"https:\/\/www.prijedordanas.com\/index.php?rest_route=%2Fwp%2Fv2%2Ftags&post=169018"}],"curies":[{"name":"wp","href":"https:\/\/api.w.org\/{rel}","templated":true}]}}