{"id":16887,"date":"2015-02-25T20:48:35","date_gmt":"2015-02-25T19:48:35","guid":{"rendered":"https:\/\/www.prijedordanas.com\/?p=16887"},"modified":"2015-02-25T20:48:35","modified_gmt":"2015-02-25T19:48:35","slug":"plata-za-nerad-zahtev-za-smenu-oficira-za-vezu-trivun-jovicic-mora-da-ode","status":"publish","type":"post","link":"https:\/\/www.prijedordanas.com\/?p=16887","title":{"rendered":"PLATA ZA NERAD &#8211; ZAHTEV ZA SMENU OFICIRA ZA VEZU: TRIVUN JOVI\u010cI\u0106 MORA DA ODE!"},"content":{"rendered":"<p><a href=\"https:\/\/www.prijedordanas.com\/wp-content\/uploads\/2015\/02\/pressrs-trivun-jovicic.jpg\"><img loading=\"lazy\" decoding=\"async\" class=\"alignleft size-medium wp-image-16888\" src=\"https:\/\/www.prijedordanas.com\/wp-content\/uploads\/2015\/02\/pressrs-trivun-jovicic-284x300.jpg\" alt=\"pressrs-trivun jovicic\" width=\"284\" height=\"300\" srcset=\"https:\/\/www.prijedordanas.com\/wp-content\/uploads\/2015\/02\/pressrs-trivun-jovicic-284x300.jpg 284w, https:\/\/www.prijedordanas.com\/wp-content\/uploads\/2015\/02\/pressrs-trivun-jovicic.jpg 400w\" sizes=\"(max-width: 284px) 100vw, 284px\" \/><\/a>Srpski oficir za vezu s Ha\u0161kim tribunalom Trivun Jovi\u010di\u0107 skoro punih 15 godina sedi u Hagu, prima masnu platu i u\u017eiva debele privilegije, a da nijedan srpski optu\u017eenik nema apsolutno nikakve koristi od njegovog rada!<\/p>\n<p>Jovi\u010di\u0107 je na poziciji oficira za vezu od oktobra 2000. godine, kada je srpski \u010dlan Predsedni\u0161tva BiH bio \u017divko Radi\u0161i\u0107. Nedodirljivi i nezamjenjivi Trivun Jovi\u010di\u0107 na toj poziciji je o(p)stajao i tokom mandata Mirka \u0160arovi\u0107a, potom Borislava Paravca, kao i za osam godina mandata Neboj\u0161e Radmanovi\u0107a. U fotelji oficira za vezu do\u010dekao je i petog \u010dlana Predsedni\u0161tva BiH iz RS Mladena Ivani\u0107a, od koga srpski borci i logora\u0161i o\u010dekuju da kona\u010dno ka\u017ee &#8220;dosta&#8221; i smeni Jovi\u010di\u0107a.<\/p>\n<p>Upozorenja<\/p>\n<p>Predstavnici bora\u010dke populacije, logora\u0161a i porodica poginulih i nestalih iz RS godinama otvoreno upozoravaju na nerad srpskog oficira za vezu s Ha\u0161kim tribunalom. I u Federaciji BiH povremeno su se mogle \u010duti kritike na rad bo\u0161nja\u010dkih i hrvatskih oficira za vezu, ali ni blizu kao u RS. Prema podacima iz revizorskih izve\u0161taja, Jovi\u010di\u0107 je za proteklu deceniju i po zajedno s bo\u0161nja\u010dkim i hrvatskim oficirima za vezu Amirom Ahmi\u0107em i Goranom Mihaljevi\u0107em godi\u0161nje tro\u0161io i dva miliona maraka, a iz Kancelarije za reviziju BiH nekoliko puta su u izve\u0161tajima o radu Predsedni\u0161tva BiH ukazivali na nenamensko i neracionalno tro\u0161enje sredstava od strane oficira za vezu koji se nalaze pod ingerencijom Predsedni\u0161tva BiH. Oficiri za vezu formalno-pravno u Holandiji se vode kao deo diplomatsko-konzularnog predstavni\u0161tva BiH, iako bi u organizacionom smislu trebalo da budu misija pri Ha\u0161kom tribunalu.<\/p>\n<p>Na nerad Trivuna Jovi\u010di\u0107a ju\u010de je u intervjuu za Press ukazala i Sonja Karad\u017ei\u0107 Jovi\u0107evi\u0107, k\u0107erka prvog predsednika Srpske, Radovana Karad\u017ei\u0107a.<\/p>\n<p>Predsednik Saveza logora\u0161a RS, Branislav Duki\u0107, godinama bezuspe\u0161no tra\u017ei smenu Trivuna Jovi\u010di\u0107a zato \u0161to, kako ka\u017ee, za skoro deceniju i po boravka u Hagu nije uradio ni\u0161ta da se istina o stradanju Srba probije u sudnice Ha\u0161kog tribunala.<\/p>\n<p>&#8211; Od Jovi\u010di\u0107evog rada najvi\u0161e koristi imalo je Tu\u017eila\u0161tvo u Hagu. Umesto srpski oficir za vezu s Ha\u0161kim tribunalom, trebalo bi da bude nazvan oficir za isporu\u010divanje Srba Ha\u0161kom tribunalu. Otvoreno ga pitamo \u0161ta je uradio da pomogne optu\u017eenim Srbima da doka\u017eu svoju nevinost ili da pomogne nama logora\u0161ima da istinu o svom stradanju ispri\u010damo ha\u0161kim tu\u017eiocima i sudijama &#8211; ka\u017ee Duki\u0107.<\/p>\n<p>On podse\u0107a da su logora\u0161i nekoliko puta i od nekoliko srpskih \u010dlanova Predsedni\u0161tva BiH tra\u017eili da smene Jovi\u010di\u0107a i da za oficira za vezu imenuju onoga ko \u0107e voditi ra\u010duna o interesima najugro\u017eenijih kategorija stanovni\u0161tva u RS.<\/p>\n<p>Bez komunikacije<\/p>\n<p>Njegovo mi\u0161ljenje u potpunosti deli i predsednik republi\u010dke Organizacije porodica poginulih i zarobljenih boraca i nestalih civila, Nedeljko Mitrovi\u0107, koji ka\u017ee da godinama nema nikakvu komunikaciju sa srpskim oficirom za vezu s Ha\u0161kim tribunalom. Mitrovi\u0107 isti\u010de da se kroz rad bo\u0161nja\u010dkog oficira za vezu Amira Ahmi\u0107a najbolje vidi nerad srpskog oficira za vezu Trivuna Jovi\u010di\u0107a.<\/p>\n<p>&#8211; Zahvaljuju\u0107i Ahmi\u0107u, &#8220;Majke Srebrenice&#8221; i sli\u010dne organizacije odoma\u0107ile su se u Hagu. Bo\u0161nja\u010dke organizacije koje zastupaju interese svojih \u017ertava imaju stalno otvorena vrata u Ha\u0161kom tribunalu, dok to apsolutno nije slu\u010daj s organizacijama koje zastupaju srpske \u017ertve, a za to je odgovoran isklju\u010divo Trivun Jovi\u010di\u0107 &#8211; ka\u017ee Mitrovi\u0107.<\/p>\n<p>S druge strane, Trivun Jovi\u010di\u0107 nije \u017eeleo da odgovara na prozivke biv\u0161ih logora\u0161a, demobilisanih boraca i porodica poginulih i nestalih, kao ni na otvorene optu\u017ebe Sonje Karad\u017ei\u0107 Jovi\u0107evi\u0107.<\/p>\n<p>&#8211; Praksa koje se dr\u017eim otkako sam na ovoj funkciji jeste da nikada ne dajem izjave za \u0161tampu &#8211; rekao nam je kratko Jovi\u010di\u0107.<\/p>\n<p>Sav\u010di\u0107: I Karad\u017ei\u0107 se \u017ealio na Jovi\u010di\u0107a!<\/p>\n<p>Predsednik BORS-a, Milomir Sav\u010di\u0107, ka\u017ee da su se Srbi koji se nalaze u ha\u0161kom pritvoru nebrojeno puta \u017ealili na rad srpskog oficira za vezu, isti\u010du\u0107i da niko, ali ba\u0161 niko, od zato\u010denih Srba nije imao re\u010di hvale za Jovi\u010di\u0107a. Sav\u010di\u0107 je potvrdio i ju\u010dera\u0161nje navode Sonje Karad\u017ei\u0107 Jovi\u0107evi\u0107 da je i njen otac ogor\u010den na tzv. srpskog oficira za vezu.<\/p>\n<p>&#8211; Znam jo\u0161 iz perioda dok sam aktivno u\u010destvovao u timu odbrane da je prvi predsednik RS, Radovan Karad\u017ei\u0107, izrazio izuzetno nezadovoljstvo radom, odnosno neradom tzv. srpskog oficira za vezu s Ha\u0161kim tribunalom &#8211; ka\u017ee Sav\u010di\u0107.<\/p>\n<p>Press RS<\/p>\n","protected":false},"excerpt":{"rendered":"<p>Srpski oficir za vezu s Ha\u0161kim tribunalom Trivun Jovi\u010di\u0107 skoro punih 15 godina sedi u Hagu, prima masnu platu i u\u017eiva debele privilegije, a da nijedan srpski optu\u017eenik nema apsolutno [&hellip;]<\/p>\n","protected":false},"author":1,"featured_media":0,"comment_status":"closed","ping_status":"open","sticky":false,"template":"","format":"standard","meta":{"_monsterinsights_skip_tracking":false,"_monsterinsights_sitenote_active":false,"_monsterinsights_sitenote_note":"","_monsterinsights_sitenote_category":0,"footnotes":""},"categories":[4],"tags":[],"yoast_head":"<!-- This site is optimized with the Yoast SEO plugin v21.6 - https:\/\/yoast.com\/wordpress\/plugins\/seo\/ -->\n<title>PLATA ZA NERAD - ZAHTEV ZA SMENU OFICIRA ZA VEZU: TRIVUN JOVI\u010cI\u0106 MORA DA ODE! - PrijedorDanas.com - Prijedorski gradski portal<\/title>\n<meta name=\"robots\" content=\"index, follow, max-snippet:-1, max-image-preview:large, max-video-preview:-1\" \/>\n<link rel=\"canonical\" href=\"https:\/\/www.prijedordanas.com\/?p=16887\" \/>\n<meta property=\"og:locale\" content=\"en_US\" \/>\n<meta property=\"og:type\" content=\"article\" \/>\n<meta property=\"og:title\" content=\"PLATA ZA NERAD - ZAHTEV ZA SMENU OFICIRA ZA VEZU: TRIVUN JOVI\u010cI\u0106 MORA DA ODE! - PrijedorDanas.com - Prijedorski gradski portal\" \/>\n<meta property=\"og:description\" content=\"Srpski oficir za vezu s Ha\u0161kim tribunalom Trivun Jovi\u010di\u0107 skoro punih 15 godina sedi u Hagu, prima masnu platu i u\u017eiva debele privilegije, a da nijedan srpski optu\u017eenik nema apsolutno [&hellip;]\" \/>\n<meta property=\"og:url\" content=\"https:\/\/www.prijedordanas.com\/?p=16887\" \/>\n<meta property=\"og:site_name\" content=\"PrijedorDanas.com - Prijedorski gradski portal\" \/>\n<meta property=\"article:publisher\" content=\"https:\/\/www.facebook.com\/PrijedorDanasCom\/\" \/>\n<meta property=\"article:published_time\" content=\"2015-02-25T19:48:35+00:00\" \/>\n<meta property=\"og:image\" content=\"https:\/\/www.prijedordanas.com\/wp-content\/uploads\/2015\/02\/pressrs-trivun-jovicic-284x300.jpg\" \/>\n<meta name=\"author\" content=\"admin\" \/>\n<meta name=\"twitter:card\" content=\"summary_large_image\" \/>\n<meta name=\"twitter:label1\" content=\"Written by\" \/>\n\t<meta name=\"twitter:data1\" content=\"admin\" \/>\n\t<meta name=\"twitter:label2\" content=\"Est. reading time\" \/>\n\t<meta name=\"twitter:data2\" content=\"4 minutes\" \/>\n<script type=\"application\/ld+json\" class=\"yoast-schema-graph\">{\"@context\":\"https:\/\/schema.org\",\"@graph\":[{\"@type\":\"Article\",\"@id\":\"https:\/\/www.prijedordanas.com\/?p=16887#article\",\"isPartOf\":{\"@id\":\"https:\/\/www.prijedordanas.com\/?p=16887\"},\"author\":{\"name\":\"admin\",\"@id\":\"https:\/\/www.prijedordanas.com\/#\/schema\/person\/4e08ccf29b506ca916ff86d46bb700e6\"},\"headline\":\"PLATA ZA NERAD &#8211; ZAHTEV ZA SMENU OFICIRA ZA VEZU: TRIVUN JOVI\u010cI\u0106 MORA DA ODE!\",\"datePublished\":\"2015-02-25T19:48:35+00:00\",\"dateModified\":\"2015-02-25T19:48:35+00:00\",\"mainEntityOfPage\":{\"@id\":\"https:\/\/www.prijedordanas.com\/?p=16887\"},\"wordCount\":818,\"publisher\":{\"@id\":\"https:\/\/www.prijedordanas.com\/#organization\"},\"articleSection\":[\"Dru\u0161tvo\"],\"inLanguage\":\"en-US\"},{\"@type\":\"WebPage\",\"@id\":\"https:\/\/www.prijedordanas.com\/?p=16887\",\"url\":\"https:\/\/www.prijedordanas.com\/?p=16887\",\"name\":\"PLATA ZA NERAD - ZAHTEV ZA SMENU OFICIRA ZA VEZU: TRIVUN JOVI\u010cI\u0106 MORA DA ODE! - PrijedorDanas.com - Prijedorski gradski portal\",\"isPartOf\":{\"@id\":\"https:\/\/www.prijedordanas.com\/#website\"},\"datePublished\":\"2015-02-25T19:48:35+00:00\",\"dateModified\":\"2015-02-25T19:48:35+00:00\",\"breadcrumb\":{\"@id\":\"https:\/\/www.prijedordanas.com\/?p=16887#breadcrumb\"},\"inLanguage\":\"en-US\",\"potentialAction\":[{\"@type\":\"ReadAction\",\"target\":[\"https:\/\/www.prijedordanas.com\/?p=16887\"]}]},{\"@type\":\"BreadcrumbList\",\"@id\":\"https:\/\/www.prijedordanas.com\/?p=16887#breadcrumb\",\"itemListElement\":[{\"@type\":\"ListItem\",\"position\":1,\"name\":\"Home\",\"item\":\"https:\/\/www.prijedordanas.com\/\"},{\"@type\":\"ListItem\",\"position\":2,\"name\":\"PLATA ZA NERAD &#8211; ZAHTEV ZA SMENU OFICIRA ZA VEZU: TRIVUN JOVI\u010cI\u0106 MORA DA ODE!\"}]},{\"@type\":\"WebSite\",\"@id\":\"https:\/\/www.prijedordanas.com\/#website\",\"url\":\"https:\/\/www.prijedordanas.com\/\",\"name\":\"PrijedorDanas.com - Prijedorski gradski portal\",\"description\":\"Portal o doga\u0111anjima u gradu Prijedoru\",\"publisher\":{\"@id\":\"https:\/\/www.prijedordanas.com\/#organization\"},\"potentialAction\":[{\"@type\":\"SearchAction\",\"target\":{\"@type\":\"EntryPoint\",\"urlTemplate\":\"https:\/\/www.prijedordanas.com\/?s={search_term_string}\"},\"query-input\":\"required name=search_term_string\"}],\"inLanguage\":\"en-US\"},{\"@type\":\"Organization\",\"@id\":\"https:\/\/www.prijedordanas.com\/#organization\",\"name\":\"PrijedorDanas.com\",\"url\":\"https:\/\/www.prijedordanas.com\/\",\"logo\":{\"@type\":\"ImageObject\",\"inLanguage\":\"en-US\",\"@id\":\"https:\/\/www.prijedordanas.com\/#\/schema\/logo\/image\/\",\"url\":\"http:\/\/www.prijedordanas.com\/wp-content\/uploads\/2021\/12\/logopng.png\",\"contentUrl\":\"http:\/\/www.prijedordanas.com\/wp-content\/uploads\/2021\/12\/logopng.png\",\"width\":1019,\"height\":776,\"caption\":\"PrijedorDanas.com\"},\"image\":{\"@id\":\"https:\/\/www.prijedordanas.com\/#\/schema\/logo\/image\/\"},\"sameAs\":[\"https:\/\/www.facebook.com\/PrijedorDanasCom\/\"]},{\"@type\":\"Person\",\"@id\":\"https:\/\/www.prijedordanas.com\/#\/schema\/person\/4e08ccf29b506ca916ff86d46bb700e6\",\"name\":\"admin\",\"image\":{\"@type\":\"ImageObject\",\"inLanguage\":\"en-US\",\"@id\":\"https:\/\/www.prijedordanas.com\/#\/schema\/person\/image\/\",\"url\":\"https:\/\/secure.gravatar.com\/avatar\/1d3fc949d550f0b53a5f0d51e06dfd79?s=96&d=mm&r=g\",\"contentUrl\":\"https:\/\/secure.gravatar.com\/avatar\/1d3fc949d550f0b53a5f0d51e06dfd79?s=96&d=mm&r=g\",\"caption\":\"admin\"},\"url\":\"https:\/\/www.prijedordanas.com\/?author=1\"}]}<\/script>\n<!-- \/ Yoast SEO plugin. -->","yoast_head_json":{"title":"PLATA ZA NERAD - ZAHTEV ZA SMENU OFICIRA ZA VEZU: TRIVUN JOVI\u010cI\u0106 MORA DA ODE! - PrijedorDanas.com - Prijedorski gradski portal","robots":{"index":"index","follow":"follow","max-snippet":"max-snippet:-1","max-image-preview":"max-image-preview:large","max-video-preview":"max-video-preview:-1"},"canonical":"https:\/\/www.prijedordanas.com\/?p=16887","og_locale":"en_US","og_type":"article","og_title":"PLATA ZA NERAD - ZAHTEV ZA SMENU OFICIRA ZA VEZU: TRIVUN JOVI\u010cI\u0106 MORA DA ODE! - PrijedorDanas.com - Prijedorski gradski portal","og_description":"Srpski oficir za vezu s Ha\u0161kim tribunalom Trivun Jovi\u010di\u0107 skoro punih 15 godina sedi u Hagu, prima masnu platu i u\u017eiva debele privilegije, a da nijedan srpski optu\u017eenik nema apsolutno [&hellip;]","og_url":"https:\/\/www.prijedordanas.com\/?p=16887","og_site_name":"PrijedorDanas.com - Prijedorski gradski portal","article_publisher":"https:\/\/www.facebook.com\/PrijedorDanasCom\/","article_published_time":"2015-02-25T19:48:35+00:00","og_image":[{"url":"https:\/\/www.prijedordanas.com\/wp-content\/uploads\/2015\/02\/pressrs-trivun-jovicic-284x300.jpg"}],"author":"admin","twitter_card":"summary_large_image","twitter_misc":{"Written by":"admin","Est. reading time":"4 minutes"},"schema":{"@context":"https:\/\/schema.org","@graph":[{"@type":"Article","@id":"https:\/\/www.prijedordanas.com\/?p=16887#article","isPartOf":{"@id":"https:\/\/www.prijedordanas.com\/?p=16887"},"author":{"name":"admin","@id":"https:\/\/www.prijedordanas.com\/#\/schema\/person\/4e08ccf29b506ca916ff86d46bb700e6"},"headline":"PLATA ZA NERAD &#8211; ZAHTEV ZA SMENU OFICIRA ZA VEZU: TRIVUN JOVI\u010cI\u0106 MORA DA ODE!","datePublished":"2015-02-25T19:48:35+00:00","dateModified":"2015-02-25T19:48:35+00:00","mainEntityOfPage":{"@id":"https:\/\/www.prijedordanas.com\/?p=16887"},"wordCount":818,"publisher":{"@id":"https:\/\/www.prijedordanas.com\/#organization"},"articleSection":["Dru\u0161tvo"],"inLanguage":"en-US"},{"@type":"WebPage","@id":"https:\/\/www.prijedordanas.com\/?p=16887","url":"https:\/\/www.prijedordanas.com\/?p=16887","name":"PLATA ZA NERAD - ZAHTEV ZA SMENU OFICIRA ZA VEZU: TRIVUN JOVI\u010cI\u0106 MORA DA ODE! - PrijedorDanas.com - Prijedorski gradski portal","isPartOf":{"@id":"https:\/\/www.prijedordanas.com\/#website"},"datePublished":"2015-02-25T19:48:35+00:00","dateModified":"2015-02-25T19:48:35+00:00","breadcrumb":{"@id":"https:\/\/www.prijedordanas.com\/?p=16887#breadcrumb"},"inLanguage":"en-US","potentialAction":[{"@type":"ReadAction","target":["https:\/\/www.prijedordanas.com\/?p=16887"]}]},{"@type":"BreadcrumbList","@id":"https:\/\/www.prijedordanas.com\/?p=16887#breadcrumb","itemListElement":[{"@type":"ListItem","position":1,"name":"Home","item":"https:\/\/www.prijedordanas.com\/"},{"@type":"ListItem","position":2,"name":"PLATA ZA NERAD &#8211; ZAHTEV ZA SMENU OFICIRA ZA VEZU: TRIVUN JOVI\u010cI\u0106 MORA DA ODE!"}]},{"@type":"WebSite","@id":"https:\/\/www.prijedordanas.com\/#website","url":"https:\/\/www.prijedordanas.com\/","name":"PrijedorDanas.com - Prijedorski gradski portal","description":"Portal o doga\u0111anjima u gradu Prijedoru","publisher":{"@id":"https:\/\/www.prijedordanas.com\/#organization"},"potentialAction":[{"@type":"SearchAction","target":{"@type":"EntryPoint","urlTemplate":"https:\/\/www.prijedordanas.com\/?s={search_term_string}"},"query-input":"required name=search_term_string"}],"inLanguage":"en-US"},{"@type":"Organization","@id":"https:\/\/www.prijedordanas.com\/#organization","name":"PrijedorDanas.com","url":"https:\/\/www.prijedordanas.com\/","logo":{"@type":"ImageObject","inLanguage":"en-US","@id":"https:\/\/www.prijedordanas.com\/#\/schema\/logo\/image\/","url":"http:\/\/www.prijedordanas.com\/wp-content\/uploads\/2021\/12\/logopng.png","contentUrl":"http:\/\/www.prijedordanas.com\/wp-content\/uploads\/2021\/12\/logopng.png","width":1019,"height":776,"caption":"PrijedorDanas.com"},"image":{"@id":"https:\/\/www.prijedordanas.com\/#\/schema\/logo\/image\/"},"sameAs":["https:\/\/www.facebook.com\/PrijedorDanasCom\/"]},{"@type":"Person","@id":"https:\/\/www.prijedordanas.com\/#\/schema\/person\/4e08ccf29b506ca916ff86d46bb700e6","name":"admin","image":{"@type":"ImageObject","inLanguage":"en-US","@id":"https:\/\/www.prijedordanas.com\/#\/schema\/person\/image\/","url":"https:\/\/secure.gravatar.com\/avatar\/1d3fc949d550f0b53a5f0d51e06dfd79?s=96&d=mm&r=g","contentUrl":"https:\/\/secure.gravatar.com\/avatar\/1d3fc949d550f0b53a5f0d51e06dfd79?s=96&d=mm&r=g","caption":"admin"},"url":"https:\/\/www.prijedordanas.com\/?author=1"}]}},"_links":{"self":[{"href":"https:\/\/www.prijedordanas.com\/index.php?rest_route=\/wp\/v2\/posts\/16887"}],"collection":[{"href":"https:\/\/www.prijedordanas.com\/index.php?rest_route=\/wp\/v2\/posts"}],"about":[{"href":"https:\/\/www.prijedordanas.com\/index.php?rest_route=\/wp\/v2\/types\/post"}],"author":[{"embeddable":true,"href":"https:\/\/www.prijedordanas.com\/index.php?rest_route=\/wp\/v2\/users\/1"}],"replies":[{"embeddable":true,"href":"https:\/\/www.prijedordanas.com\/index.php?rest_route=%2Fwp%2Fv2%2Fcomments&post=16887"}],"version-history":[{"count":1,"href":"https:\/\/www.prijedordanas.com\/index.php?rest_route=\/wp\/v2\/posts\/16887\/revisions"}],"predecessor-version":[{"id":16889,"href":"https:\/\/www.prijedordanas.com\/index.php?rest_route=\/wp\/v2\/posts\/16887\/revisions\/16889"}],"wp:attachment":[{"href":"https:\/\/www.prijedordanas.com\/index.php?rest_route=%2Fwp%2Fv2%2Fmedia&parent=16887"}],"wp:term":[{"taxonomy":"category","embeddable":true,"href":"https:\/\/www.prijedordanas.com\/index.php?rest_route=%2Fwp%2Fv2%2Fcategories&post=16887"},{"taxonomy":"post_tag","embeddable":true,"href":"https:\/\/www.prijedordanas.com\/index.php?rest_route=%2Fwp%2Fv2%2Ftags&post=16887"}],"curies":[{"name":"wp","href":"https:\/\/api.w.org\/{rel}","templated":true}]}}