{"id":168720,"date":"2021-06-19T03:59:09","date_gmt":"2021-06-19T01:59:09","guid":{"rendered":"https:\/\/www.prijedordanas.com\/?p=168720"},"modified":"2021-06-19T03:59:09","modified_gmt":"2021-06-19T01:59:09","slug":"prvi-trening-prijedorcanina-sinise-sanicanina-u-dresu-partizana-foto-video","status":"publish","type":"post","link":"https:\/\/www.prijedordanas.com\/?p=168720","title":{"rendered":"Prvi trening Prijedor\u010danina Sini\u0161e Sani\u010danina u dresu Partizana &#8211; FOTO\/VIDEO"},"content":{"rendered":"<p><a href=\"https:\/\/www.prijedordanas.com\/wp-content\/uploads\/2021\/06\/partizan-sanicanin-prvi-trening-1.jpg\"><img loading=\"lazy\" decoding=\"async\" class=\"alignleft size-medium wp-image-168721\" src=\"https:\/\/www.prijedordanas.com\/wp-content\/uploads\/2021\/06\/partizan-sanicanin-prvi-trening-1-300x225.jpg\" alt=\"\" width=\"300\" height=\"225\" srcset=\"https:\/\/www.prijedordanas.com\/wp-content\/uploads\/2021\/06\/partizan-sanicanin-prvi-trening-1-300x225.jpg 300w, https:\/\/www.prijedordanas.com\/wp-content\/uploads\/2021\/06\/partizan-sanicanin-prvi-trening-1-640x480.jpg 640w, https:\/\/www.prijedordanas.com\/wp-content\/uploads\/2021\/06\/partizan-sanicanin-prvi-trening-1.jpg 666w\" sizes=\"(max-width: 300px) 100vw, 300px\" \/><\/a>Sini\u0161a Sani\u010danin, prvo poja\u010danje Partizana u ljetnjem prelaznom roku odradio je prvi trening sa timom na SC Partizan-Teleoptik.<\/p>\n<p>&#8220;Prvi put sam danas ovde. Osje\u0107aj je stvarno izvanredan, svi su me do\u010dekali prijatno. Sportski centar je fenomenalan, uslovi su nevjerovatni, prvi utisci su ba\u0161 pozitivni. Upoznao sam se sa ekipom, \u0161efom, stru\u010dnim \u0161tabom, osobljem\u2026 Stvarno sam prezadovoljan&#8221;, izjavio je Sani\u010danin.<\/p>\n<p>Sa igra\u010dima Partizana ve\u0107 je imao prilike da se upozna na terenu, a isti\u010de da je Bojana Mati\u0107a upoznao dok su igrali u Vojvodini.<\/p>\n<p>&#8220;Sa Matketom (prim.out Bojan Mati\u010d) se znam iz Vojvodine, znam i Ostoju (prom.aut Bojan Ostoji\u0107) sa utakmica, sa njima sam pri\u010dao o tim prvim temama. Ostale momke znam sa terena, svi su ostavili pozitivan utisak na mene&#8221;.<\/p>\n<p><a href=\"https:\/\/www.prijedordanas.com\/wp-content\/uploads\/2021\/06\/partizan-sanicanin-prvi-trening-2.jpg\"><img loading=\"lazy\" decoding=\"async\" class=\"alignleft size-medium wp-image-168722\" src=\"https:\/\/www.prijedordanas.com\/wp-content\/uploads\/2021\/06\/partizan-sanicanin-prvi-trening-2-300x197.jpg\" alt=\"\" width=\"300\" height=\"197\" srcset=\"https:\/\/www.prijedordanas.com\/wp-content\/uploads\/2021\/06\/partizan-sanicanin-prvi-trening-2-300x197.jpg 300w, https:\/\/www.prijedordanas.com\/wp-content\/uploads\/2021\/06\/partizan-sanicanin-prvi-trening-2.jpg 600w\" sizes=\"(max-width: 300px) 100vw, 300px\" \/><\/a>Zbog potpisivanja ugovora sa klubom propustio je prijateljsku utakmicu reprezentacije BiH sa Crnom Gorom, ali je imao prilike da zaigra na utakmici sa Danskom.<\/p>\n<p>&#8220;Protiv Crne Gore sam propustio,jer sam do\u0161ao u Beograd da potpi\u0161em ugovor, a protiv Danaca sam igrao \u010ditavu utakmicu. Nakon toga sam vrijeme provodio kod ku\u0107e sa porodicom, najmilijima, suprugom, tako da sam odmorio, imao sam dosta vremena. Spreman do\u010dekujem nove izazove&#8221;, rekao je.<\/p>\n<p>Dodaje i da je kod ku\u0107e pratio Evropsko prvenstvo, kao i da mu je ovogodi\u0161nje takmi\u010denje veoma zanimljivo.<\/p>\n<p>Osvrnuo se i na \u010dinjenicu da je prelazak u Partizan u njegovom rodnom Prijedoru do\u010dekan sa odu\u0161evljenjem.<\/p>\n<p><a href=\"https:\/\/www.prijedordanas.com\/wp-content\/uploads\/2021\/06\/partizan-sanicanin-prvi-trening-3.jpg\"><img loading=\"lazy\" decoding=\"async\" src=\"https:\/\/www.prijedordanas.com\/wp-content\/uploads\/2021\/06\/partizan-sanicanin-prvi-trening-3-300x225.jpg\" alt=\"\" width=\"300\" height=\"225\" class=\"alignleft size-medium wp-image-168723\" srcset=\"https:\/\/www.prijedordanas.com\/wp-content\/uploads\/2021\/06\/partizan-sanicanin-prvi-trening-3-300x225.jpg 300w, https:\/\/www.prijedordanas.com\/wp-content\/uploads\/2021\/06\/partizan-sanicanin-prvi-trening-3-640x480.jpg 640w, https:\/\/www.prijedordanas.com\/wp-content\/uploads\/2021\/06\/partizan-sanicanin-prvi-trening-3.jpg 667w\" sizes=\"(max-width: 300px) 100vw, 300px\" \/><\/a>&#8220;Odjeknula je vest, svi su prezadovoljni. Dosta mi je poruka stizalo, \u010destitki, stvarno nemam rije\u010di&#8221;.<\/p>\n<p>Partizanova \u0161kola fudbala, koja je ve\u0107 godinama unazad bez premca u Evropi, organizuje u avgustu ljetnji kamp u Lakta\u0161ima. Tim povodom, Sini\u0161a se osvrnuo i na svoje fudbalske po\u010detke i uputio poruku mladim talentima.<\/p>\n<p>&#8220;Dok sam bio u Borcu, mi smo trenirali na stadionu gde se odr\u017eava kamp, u tom nekom periodu su \u010dak i dolazili klinci iz Partizana na kamp. Moj savjet je da se djeca odazovu u \u0161to ve\u0107em broju, da se izigraju kada do\u0111u, \u0161to je najbitnije za taj uzrast, da vole fudbal, sport i da vole Partizan. Sve ostalo \u0107e do\u0107i na svoje. Najbitnije je da vole to \u0161to rade, da se zala\u017eu, trude i da se izigraju na kraju krajeva&#8221;, poru\u010duje.<\/p>\n<p>Za kraj, dodaje da ostaje da dogovori plan treninga.<\/p>\n<p>&#8220;Nisam toliko upu\u0107en \u0161ta \u0107emo raditi i kako. Mislim da \u0107u ujutru odraditi uvodni trening pa \u0107u se popodne priklju\u010diti ekipi. Jo\u0161 \u0107u pri\u010dati sa \u0161efom i ekipom o planovima&#8221;.<\/p>\n<p>FK Partizan<\/p>\n<p><iframe loading=\"lazy\" title=\"I Sani\u010danin se priklju\u010dio ekipi!\" width=\"500\" height=\"281\" src=\"https:\/\/www.youtube.com\/embed\/C7hsfNFceH8?feature=oembed\" frameborder=\"0\" allow=\"accelerometer; autoplay; clipboard-write; encrypted-media; gyroscope; picture-in-picture\" allowfullscreen><\/iframe><\/p>\n","protected":false},"excerpt":{"rendered":"<p>Sini\u0161a Sani\u010danin, prvo poja\u010danje Partizana u ljetnjem prelaznom roku odradio je prvi trening sa timom na SC Partizan-Teleoptik. &#8220;Prvi put sam danas ovde. Osje\u0107aj je stvarno izvanredan, svi su me [&hellip;]<\/p>\n","protected":false},"author":1,"featured_media":0,"comment_status":"closed","ping_status":"open","sticky":false,"template":"","format":"standard","meta":{"_monsterinsights_skip_tracking":false,"_monsterinsights_sitenote_active":false,"_monsterinsights_sitenote_note":"","_monsterinsights_sitenote_category":0,"footnotes":""},"categories":[7],"tags":[],"yoast_head":"<!-- This site is optimized with the Yoast SEO plugin v21.6 - https:\/\/yoast.com\/wordpress\/plugins\/seo\/ -->\n<title>Prvi trening Prijedor\u010danina Sini\u0161e Sani\u010danina u dresu Partizana - FOTO\/VIDEO - PrijedorDanas.com - Prijedorski gradski portal<\/title>\n<meta name=\"robots\" content=\"index, follow, max-snippet:-1, max-image-preview:large, max-video-preview:-1\" \/>\n<link rel=\"canonical\" href=\"https:\/\/www.prijedordanas.com\/?p=168720\" \/>\n<meta property=\"og:locale\" content=\"en_US\" \/>\n<meta property=\"og:type\" content=\"article\" \/>\n<meta property=\"og:title\" content=\"Prvi trening Prijedor\u010danina Sini\u0161e Sani\u010danina u dresu Partizana - FOTO\/VIDEO - PrijedorDanas.com - Prijedorski gradski portal\" \/>\n<meta property=\"og:description\" content=\"Sini\u0161a Sani\u010danin, prvo poja\u010danje Partizana u ljetnjem prelaznom roku odradio je prvi trening sa timom na SC Partizan-Teleoptik. &#8220;Prvi put sam danas ovde. Osje\u0107aj je stvarno izvanredan, svi su me [&hellip;]\" \/>\n<meta property=\"og:url\" content=\"https:\/\/www.prijedordanas.com\/?p=168720\" \/>\n<meta property=\"og:site_name\" content=\"PrijedorDanas.com - Prijedorski gradski portal\" \/>\n<meta property=\"article:publisher\" content=\"https:\/\/www.facebook.com\/PrijedorDanasCom\/\" \/>\n<meta property=\"article:published_time\" content=\"2021-06-19T01:59:09+00:00\" \/>\n<meta property=\"og:image\" content=\"https:\/\/www.prijedordanas.com\/wp-content\/uploads\/2021\/06\/partizan-sanicanin-prvi-trening-1-300x225.jpg\" \/>\n<meta name=\"author\" content=\"admin\" \/>\n<meta name=\"twitter:card\" content=\"summary_large_image\" \/>\n<meta name=\"twitter:label1\" content=\"Written by\" \/>\n\t<meta name=\"twitter:data1\" content=\"admin\" \/>\n\t<meta name=\"twitter:label2\" content=\"Est. reading time\" \/>\n\t<meta name=\"twitter:data2\" content=\"3 minutes\" \/>\n<script type=\"application\/ld+json\" class=\"yoast-schema-graph\">{\"@context\":\"https:\/\/schema.org\",\"@graph\":[{\"@type\":\"Article\",\"@id\":\"https:\/\/www.prijedordanas.com\/?p=168720#article\",\"isPartOf\":{\"@id\":\"https:\/\/www.prijedordanas.com\/?p=168720\"},\"author\":{\"name\":\"admin\",\"@id\":\"https:\/\/www.prijedordanas.com\/#\/schema\/person\/4e08ccf29b506ca916ff86d46bb700e6\"},\"headline\":\"Prvi trening Prijedor\u010danina Sini\u0161e Sani\u010danina u dresu Partizana &#8211; FOTO\/VIDEO\",\"datePublished\":\"2021-06-19T01:59:09+00:00\",\"dateModified\":\"2021-06-19T01:59:09+00:00\",\"mainEntityOfPage\":{\"@id\":\"https:\/\/www.prijedordanas.com\/?p=168720\"},\"wordCount\":450,\"publisher\":{\"@id\":\"https:\/\/www.prijedordanas.com\/#organization\"},\"articleSection\":[\"Sport\"],\"inLanguage\":\"en-US\"},{\"@type\":\"WebPage\",\"@id\":\"https:\/\/www.prijedordanas.com\/?p=168720\",\"url\":\"https:\/\/www.prijedordanas.com\/?p=168720\",\"name\":\"Prvi trening Prijedor\u010danina Sini\u0161e Sani\u010danina u dresu Partizana - FOTO\/VIDEO - PrijedorDanas.com - Prijedorski gradski portal\",\"isPartOf\":{\"@id\":\"https:\/\/www.prijedordanas.com\/#website\"},\"datePublished\":\"2021-06-19T01:59:09+00:00\",\"dateModified\":\"2021-06-19T01:59:09+00:00\",\"breadcrumb\":{\"@id\":\"https:\/\/www.prijedordanas.com\/?p=168720#breadcrumb\"},\"inLanguage\":\"en-US\",\"potentialAction\":[{\"@type\":\"ReadAction\",\"target\":[\"https:\/\/www.prijedordanas.com\/?p=168720\"]}]},{\"@type\":\"BreadcrumbList\",\"@id\":\"https:\/\/www.prijedordanas.com\/?p=168720#breadcrumb\",\"itemListElement\":[{\"@type\":\"ListItem\",\"position\":1,\"name\":\"Home\",\"item\":\"https:\/\/www.prijedordanas.com\/\"},{\"@type\":\"ListItem\",\"position\":2,\"name\":\"Prvi trening Prijedor\u010danina Sini\u0161e Sani\u010danina u dresu Partizana &#8211; FOTO\/VIDEO\"}]},{\"@type\":\"WebSite\",\"@id\":\"https:\/\/www.prijedordanas.com\/#website\",\"url\":\"https:\/\/www.prijedordanas.com\/\",\"name\":\"PrijedorDanas.com - Prijedorski gradski portal\",\"description\":\"Portal o doga\u0111anjima u gradu Prijedoru\",\"publisher\":{\"@id\":\"https:\/\/www.prijedordanas.com\/#organization\"},\"potentialAction\":[{\"@type\":\"SearchAction\",\"target\":{\"@type\":\"EntryPoint\",\"urlTemplate\":\"https:\/\/www.prijedordanas.com\/?s={search_term_string}\"},\"query-input\":\"required name=search_term_string\"}],\"inLanguage\":\"en-US\"},{\"@type\":\"Organization\",\"@id\":\"https:\/\/www.prijedordanas.com\/#organization\",\"name\":\"PrijedorDanas.com\",\"url\":\"https:\/\/www.prijedordanas.com\/\",\"logo\":{\"@type\":\"ImageObject\",\"inLanguage\":\"en-US\",\"@id\":\"https:\/\/www.prijedordanas.com\/#\/schema\/logo\/image\/\",\"url\":\"http:\/\/www.prijedordanas.com\/wp-content\/uploads\/2021\/12\/logopng.png\",\"contentUrl\":\"http:\/\/www.prijedordanas.com\/wp-content\/uploads\/2021\/12\/logopng.png\",\"width\":1019,\"height\":776,\"caption\":\"PrijedorDanas.com\"},\"image\":{\"@id\":\"https:\/\/www.prijedordanas.com\/#\/schema\/logo\/image\/\"},\"sameAs\":[\"https:\/\/www.facebook.com\/PrijedorDanasCom\/\"]},{\"@type\":\"Person\",\"@id\":\"https:\/\/www.prijedordanas.com\/#\/schema\/person\/4e08ccf29b506ca916ff86d46bb700e6\",\"name\":\"admin\",\"image\":{\"@type\":\"ImageObject\",\"inLanguage\":\"en-US\",\"@id\":\"https:\/\/www.prijedordanas.com\/#\/schema\/person\/image\/\",\"url\":\"https:\/\/secure.gravatar.com\/avatar\/1d3fc949d550f0b53a5f0d51e06dfd79?s=96&d=mm&r=g\",\"contentUrl\":\"https:\/\/secure.gravatar.com\/avatar\/1d3fc949d550f0b53a5f0d51e06dfd79?s=96&d=mm&r=g\",\"caption\":\"admin\"},\"url\":\"https:\/\/www.prijedordanas.com\/?author=1\"}]}<\/script>\n<!-- \/ Yoast SEO plugin. -->","yoast_head_json":{"title":"Prvi trening Prijedor\u010danina Sini\u0161e Sani\u010danina u dresu Partizana - FOTO\/VIDEO - PrijedorDanas.com - Prijedorski gradski portal","robots":{"index":"index","follow":"follow","max-snippet":"max-snippet:-1","max-image-preview":"max-image-preview:large","max-video-preview":"max-video-preview:-1"},"canonical":"https:\/\/www.prijedordanas.com\/?p=168720","og_locale":"en_US","og_type":"article","og_title":"Prvi trening Prijedor\u010danina Sini\u0161e Sani\u010danina u dresu Partizana - FOTO\/VIDEO - PrijedorDanas.com - Prijedorski gradski portal","og_description":"Sini\u0161a Sani\u010danin, prvo poja\u010danje Partizana u ljetnjem prelaznom roku odradio je prvi trening sa timom na SC Partizan-Teleoptik. &#8220;Prvi put sam danas ovde. Osje\u0107aj je stvarno izvanredan, svi su me [&hellip;]","og_url":"https:\/\/www.prijedordanas.com\/?p=168720","og_site_name":"PrijedorDanas.com - Prijedorski gradski portal","article_publisher":"https:\/\/www.facebook.com\/PrijedorDanasCom\/","article_published_time":"2021-06-19T01:59:09+00:00","og_image":[{"url":"https:\/\/www.prijedordanas.com\/wp-content\/uploads\/2021\/06\/partizan-sanicanin-prvi-trening-1-300x225.jpg"}],"author":"admin","twitter_card":"summary_large_image","twitter_misc":{"Written by":"admin","Est. reading time":"3 minutes"},"schema":{"@context":"https:\/\/schema.org","@graph":[{"@type":"Article","@id":"https:\/\/www.prijedordanas.com\/?p=168720#article","isPartOf":{"@id":"https:\/\/www.prijedordanas.com\/?p=168720"},"author":{"name":"admin","@id":"https:\/\/www.prijedordanas.com\/#\/schema\/person\/4e08ccf29b506ca916ff86d46bb700e6"},"headline":"Prvi trening Prijedor\u010danina Sini\u0161e Sani\u010danina u dresu Partizana &#8211; FOTO\/VIDEO","datePublished":"2021-06-19T01:59:09+00:00","dateModified":"2021-06-19T01:59:09+00:00","mainEntityOfPage":{"@id":"https:\/\/www.prijedordanas.com\/?p=168720"},"wordCount":450,"publisher":{"@id":"https:\/\/www.prijedordanas.com\/#organization"},"articleSection":["Sport"],"inLanguage":"en-US"},{"@type":"WebPage","@id":"https:\/\/www.prijedordanas.com\/?p=168720","url":"https:\/\/www.prijedordanas.com\/?p=168720","name":"Prvi trening Prijedor\u010danina Sini\u0161e Sani\u010danina u dresu Partizana - FOTO\/VIDEO - PrijedorDanas.com - Prijedorski gradski portal","isPartOf":{"@id":"https:\/\/www.prijedordanas.com\/#website"},"datePublished":"2021-06-19T01:59:09+00:00","dateModified":"2021-06-19T01:59:09+00:00","breadcrumb":{"@id":"https:\/\/www.prijedordanas.com\/?p=168720#breadcrumb"},"inLanguage":"en-US","potentialAction":[{"@type":"ReadAction","target":["https:\/\/www.prijedordanas.com\/?p=168720"]}]},{"@type":"BreadcrumbList","@id":"https:\/\/www.prijedordanas.com\/?p=168720#breadcrumb","itemListElement":[{"@type":"ListItem","position":1,"name":"Home","item":"https:\/\/www.prijedordanas.com\/"},{"@type":"ListItem","position":2,"name":"Prvi trening Prijedor\u010danina Sini\u0161e Sani\u010danina u dresu Partizana &#8211; FOTO\/VIDEO"}]},{"@type":"WebSite","@id":"https:\/\/www.prijedordanas.com\/#website","url":"https:\/\/www.prijedordanas.com\/","name":"PrijedorDanas.com - Prijedorski gradski portal","description":"Portal o doga\u0111anjima u gradu Prijedoru","publisher":{"@id":"https:\/\/www.prijedordanas.com\/#organization"},"potentialAction":[{"@type":"SearchAction","target":{"@type":"EntryPoint","urlTemplate":"https:\/\/www.prijedordanas.com\/?s={search_term_string}"},"query-input":"required name=search_term_string"}],"inLanguage":"en-US"},{"@type":"Organization","@id":"https:\/\/www.prijedordanas.com\/#organization","name":"PrijedorDanas.com","url":"https:\/\/www.prijedordanas.com\/","logo":{"@type":"ImageObject","inLanguage":"en-US","@id":"https:\/\/www.prijedordanas.com\/#\/schema\/logo\/image\/","url":"http:\/\/www.prijedordanas.com\/wp-content\/uploads\/2021\/12\/logopng.png","contentUrl":"http:\/\/www.prijedordanas.com\/wp-content\/uploads\/2021\/12\/logopng.png","width":1019,"height":776,"caption":"PrijedorDanas.com"},"image":{"@id":"https:\/\/www.prijedordanas.com\/#\/schema\/logo\/image\/"},"sameAs":["https:\/\/www.facebook.com\/PrijedorDanasCom\/"]},{"@type":"Person","@id":"https:\/\/www.prijedordanas.com\/#\/schema\/person\/4e08ccf29b506ca916ff86d46bb700e6","name":"admin","image":{"@type":"ImageObject","inLanguage":"en-US","@id":"https:\/\/www.prijedordanas.com\/#\/schema\/person\/image\/","url":"https:\/\/secure.gravatar.com\/avatar\/1d3fc949d550f0b53a5f0d51e06dfd79?s=96&d=mm&r=g","contentUrl":"https:\/\/secure.gravatar.com\/avatar\/1d3fc949d550f0b53a5f0d51e06dfd79?s=96&d=mm&r=g","caption":"admin"},"url":"https:\/\/www.prijedordanas.com\/?author=1"}]}},"_links":{"self":[{"href":"https:\/\/www.prijedordanas.com\/index.php?rest_route=\/wp\/v2\/posts\/168720"}],"collection":[{"href":"https:\/\/www.prijedordanas.com\/index.php?rest_route=\/wp\/v2\/posts"}],"about":[{"href":"https:\/\/www.prijedordanas.com\/index.php?rest_route=\/wp\/v2\/types\/post"}],"author":[{"embeddable":true,"href":"https:\/\/www.prijedordanas.com\/index.php?rest_route=\/wp\/v2\/users\/1"}],"replies":[{"embeddable":true,"href":"https:\/\/www.prijedordanas.com\/index.php?rest_route=%2Fwp%2Fv2%2Fcomments&post=168720"}],"version-history":[{"count":1,"href":"https:\/\/www.prijedordanas.com\/index.php?rest_route=\/wp\/v2\/posts\/168720\/revisions"}],"predecessor-version":[{"id":168724,"href":"https:\/\/www.prijedordanas.com\/index.php?rest_route=\/wp\/v2\/posts\/168720\/revisions\/168724"}],"wp:attachment":[{"href":"https:\/\/www.prijedordanas.com\/index.php?rest_route=%2Fwp%2Fv2%2Fmedia&parent=168720"}],"wp:term":[{"taxonomy":"category","embeddable":true,"href":"https:\/\/www.prijedordanas.com\/index.php?rest_route=%2Fwp%2Fv2%2Fcategories&post=168720"},{"taxonomy":"post_tag","embeddable":true,"href":"https:\/\/www.prijedordanas.com\/index.php?rest_route=%2Fwp%2Fv2%2Ftags&post=168720"}],"curies":[{"name":"wp","href":"https:\/\/api.w.org\/{rel}","templated":true}]}}