{"id":168563,"date":"2021-06-16T21:56:02","date_gmt":"2021-06-16T19:56:02","guid":{"rendered":"https:\/\/www.prijedordanas.com\/?p=168563"},"modified":"2021-06-16T21:56:02","modified_gmt":"2021-06-16T19:56:02","slug":"ocevidac-tragedije-u-kozarcu-nakon-nesrece-vozac-se-vratio-na-mjesto-pogibije-djecaka-i-pitao-sta-se-desilo-foto","status":"publish","type":"post","link":"https:\/\/www.prijedordanas.com\/?p=168563","title":{"rendered":"O\u010devidac tragedije u Kozarcu: Nakon nesre\u0107e voza\u010d se vratio na mjesto pogibije dje\u010daka i pitao \u0161ta se desilo &#8211; FOTO"},"content":{"rendered":"<p><a href=\"https:\/\/www.prijedordanas.com\/wp-content\/uploads\/2021\/06\/nesreca-kozarac-foto-ustupljena-fotografija.jpg\"><img loading=\"lazy\" decoding=\"async\" class=\"alignleft size-medium wp-image-168564\" src=\"https:\/\/www.prijedordanas.com\/wp-content\/uploads\/2021\/06\/nesreca-kozarac-foto-ustupljena-fotografija-300x225.jpg\" alt=\"\" width=\"300\" height=\"225\" srcset=\"https:\/\/www.prijedordanas.com\/wp-content\/uploads\/2021\/06\/nesreca-kozarac-foto-ustupljena-fotografija-300x225.jpg 300w, https:\/\/www.prijedordanas.com\/wp-content\/uploads\/2021\/06\/nesreca-kozarac-foto-ustupljena-fotografija-640x480.jpg 640w, https:\/\/www.prijedordanas.com\/wp-content\/uploads\/2021\/06\/nesreca-kozarac-foto-ustupljena-fotografija.jpg 667w\" sizes=\"(max-width: 300px) 100vw, 300px\" \/><\/a>Nikola \u0110ur\u0111evi\u0107 (25), nakon \u0161to je automobilom ubio dje\u010daka Almedina Bahonji\u0107a (15) u Kozarcu kod Prijedora i pobjegao, poslije nekog vremena vratio se na mjesto nesre\u0107e i pitao \u0161ta se tu desilo!?<\/p>\n<p>Tvrdi ovo za Srpskainfo \u017deljko Savi\u0107 iz Prijedora, koji je bi o\u010devidac nesre\u0107e i koji je poku\u0161ao da stigne \u0110ur\u0111evi\u0107a dok je bje\u017eao.<\/p>\n<p><strong><a href=\"https:\/\/www.prijedordanas.com\/?p=168536\" target=\"_blank\" rel=\"noopener\">Voza\u010d koji je usmrtio tinejd\u017eera u Kozarcu pred tu\u017eiocem<\/a><\/strong><\/p>\n<p>On je ispri\u010dao da se slu\u010dajno zatekao u trenutku nesre\u0107e u Kozarcu, da je \u010duo jak i tup udarac, te da je vidio kako dijelovi \u201eaudija\u201c varni\u010de po putu.<\/p>\n<p><strong><a href=\"https:\/\/www.prijedordanas.com\/?p=168483\" target=\"_blank\" rel=\"noopener\">Tragedija kod Prijedora: Stradao dje\u010dak, voza\u010d pobjegao pa uhap\u0161en \u2013 VIDEO<\/a><\/strong><\/p>\n<p>Voza\u010d automobila smrti se, navodi on, prvo zaustavio, ali kada je vidio da su i oni stali, krenuo je u bijeg.<\/p>\n<p><a href=\"https:\/\/www.prijedordanas.com\/wp-content\/uploads\/2021\/06\/automobil-koji-je-udario-djecaka-1.jpg\"><img loading=\"lazy\" decoding=\"async\" class=\"alignleft size-medium wp-image-168441\" src=\"https:\/\/www.prijedordanas.com\/wp-content\/uploads\/2021\/06\/automobil-koji-je-udario-djecaka-1-273x300.jpg\" alt=\"\" width=\"273\" height=\"300\" srcset=\"https:\/\/www.prijedordanas.com\/wp-content\/uploads\/2021\/06\/automobil-koji-je-udario-djecaka-1-273x300.jpg 273w, https:\/\/www.prijedordanas.com\/wp-content\/uploads\/2021\/06\/automobil-koji-je-udario-djecaka-1.jpg 545w\" sizes=\"(max-width: 273px) 100vw, 273px\" \/><\/a>\u2013 Policiji sam opisao automobil i voza\u010da. \u0110ur\u0111evi\u0107 se poslije nekog vremena drugim automobilom vratio na mjesto nesre\u0107e i upitao \u0161ta se desilo \u2013 isti\u010de Savi\u0107 za Srpskainfo.<\/p>\n<p><strong><a href=\"https:\/\/www.prijedordanas.com\/?p=168440\" target=\"_blank\" rel=\"noopener\">Saznajemo ko je usmrtio dje\u010daka u Kozarcu: Nakon nesre\u0107e osumnji\u010deni se krio u Lakta\u0161ima \u2013 FOTO<\/a><\/strong><\/p>\n<p>Podsjetimo, nesre\u0107a se desila u utorak oko jedan \u010das iza pono\u0107i kada je u Kozarcu \u0110ur\u0111evi\u0107 automobilom marke \u201eaudi\u201c udario tinejd\u017eera, koji se s bratom i drugom kretao ivicom puta.<\/p>\n<p><strong><a href=\"https:\/\/www.prijedordanas.com\/?p=168431\" target=\"_blank\" rel=\"noopener\">Otkrivamo: Uhap\u0161en voza\u010d koji je usmrtio maloljetnog Prijedor\u010danina pa pobjegao<\/a><\/strong><\/p>\n<p>Dje\u010dak \u0107e biti sahranjen sutra na mezarju u Kami\u010danima.<\/p>\n<p><strong><a href=\"https:\/\/www.prijedordanas.com\/?p=168406\" target=\"_blank\" rel=\"noopener\">Poginuo maloljetni Prijedor\u010danin: Policija traga za voza\u010dem koji ga je udario i pobjegao \u2013 FOTO<\/a><\/strong><\/p>\n<p>Op\u0161irnu ispovijest o\u010devica tragedije pro\u010ditajte u \u010detvrtak u EuroBlicu.<\/p>\n<p><a href=\"https:\/\/srpskainfo.com\/ocevidac-tragedije-u-kozarcu-nakon-nesrece-vozac-se-vratio-na-mjesto-pogibije-djecaka-i-pitao-sta-se-desilo-foto\/\" target=\"_blank\" rel=\"noopener\">srpskainfo.com<\/a><\/p>\n<p><a href=\"https:\/\/www.prijedordanas.com\/wp-content\/uploads\/2021\/06\/rtrs-uhapseni-vozac-saobracajka.jpg\"><img loading=\"lazy\" decoding=\"async\" class=\"alignleft size-medium wp-image-168484\" src=\"https:\/\/www.prijedordanas.com\/wp-content\/uploads\/2021\/06\/rtrs-uhapseni-vozac-saobracajka-300x225.jpg\" alt=\"\" width=\"300\" height=\"225\" srcset=\"https:\/\/www.prijedordanas.com\/wp-content\/uploads\/2021\/06\/rtrs-uhapseni-vozac-saobracajka-300x225.jpg 300w, https:\/\/www.prijedordanas.com\/wp-content\/uploads\/2021\/06\/rtrs-uhapseni-vozac-saobracajka-640x480.jpg 640w, https:\/\/www.prijedordanas.com\/wp-content\/uploads\/2021\/06\/rtrs-uhapseni-vozac-saobracajka.jpg 666w\" sizes=\"(max-width: 300px) 100vw, 300px\" \/><\/a><\/p>\n","protected":false},"excerpt":{"rendered":"<p>Nikola \u0110ur\u0111evi\u0107 (25), nakon \u0161to je automobilom ubio dje\u010daka Almedina Bahonji\u0107a (15) u Kozarcu kod Prijedora i pobjegao, poslije nekog vremena vratio se na mjesto nesre\u0107e i pitao \u0161ta se [&hellip;]<\/p>\n","protected":false},"author":1,"featured_media":0,"comment_status":"closed","ping_status":"open","sticky":false,"template":"","format":"standard","meta":{"_monsterinsights_skip_tracking":false,"_monsterinsights_sitenote_active":false,"_monsterinsights_sitenote_note":"","_monsterinsights_sitenote_category":0,"footnotes":""},"categories":[5],"tags":[],"yoast_head":"<!-- This site is optimized with the Yoast SEO plugin v21.6 - https:\/\/yoast.com\/wordpress\/plugins\/seo\/ -->\n<title>O\u010devidac tragedije u Kozarcu: Nakon nesre\u0107e voza\u010d se vratio na mjesto pogibije dje\u010daka i pitao \u0161ta se desilo - FOTO - PrijedorDanas.com - Prijedorski gradski portal<\/title>\n<meta name=\"robots\" content=\"index, follow, max-snippet:-1, max-image-preview:large, max-video-preview:-1\" \/>\n<link rel=\"canonical\" href=\"https:\/\/www.prijedordanas.com\/?p=168563\" \/>\n<meta property=\"og:locale\" content=\"en_US\" \/>\n<meta property=\"og:type\" content=\"article\" \/>\n<meta property=\"og:title\" content=\"O\u010devidac tragedije u Kozarcu: Nakon nesre\u0107e voza\u010d se vratio na mjesto pogibije dje\u010daka i pitao \u0161ta se desilo - FOTO - PrijedorDanas.com - Prijedorski gradski portal\" \/>\n<meta property=\"og:description\" content=\"Nikola \u0110ur\u0111evi\u0107 (25), nakon \u0161to je automobilom ubio dje\u010daka Almedina Bahonji\u0107a (15) u Kozarcu kod Prijedora i pobjegao, poslije nekog vremena vratio se na mjesto nesre\u0107e i pitao \u0161ta se [&hellip;]\" \/>\n<meta property=\"og:url\" content=\"https:\/\/www.prijedordanas.com\/?p=168563\" \/>\n<meta property=\"og:site_name\" content=\"PrijedorDanas.com - Prijedorski gradski portal\" \/>\n<meta property=\"article:publisher\" content=\"https:\/\/www.facebook.com\/PrijedorDanasCom\/\" \/>\n<meta property=\"article:published_time\" content=\"2021-06-16T19:56:02+00:00\" \/>\n<meta property=\"og:image\" content=\"https:\/\/www.prijedordanas.com\/wp-content\/uploads\/2021\/06\/nesreca-kozarac-foto-ustupljena-fotografija-300x225.jpg\" \/>\n<meta name=\"author\" content=\"admin\" \/>\n<meta name=\"twitter:card\" content=\"summary_large_image\" \/>\n<meta name=\"twitter:label1\" content=\"Written by\" \/>\n\t<meta name=\"twitter:data1\" content=\"admin\" \/>\n\t<meta name=\"twitter:label2\" content=\"Est. reading time\" \/>\n\t<meta name=\"twitter:data2\" content=\"2 minutes\" \/>\n<script type=\"application\/ld+json\" class=\"yoast-schema-graph\">{\"@context\":\"https:\/\/schema.org\",\"@graph\":[{\"@type\":\"Article\",\"@id\":\"https:\/\/www.prijedordanas.com\/?p=168563#article\",\"isPartOf\":{\"@id\":\"https:\/\/www.prijedordanas.com\/?p=168563\"},\"author\":{\"name\":\"admin\",\"@id\":\"https:\/\/www.prijedordanas.com\/#\/schema\/person\/4e08ccf29b506ca916ff86d46bb700e6\"},\"headline\":\"O\u010devidac tragedije u Kozarcu: Nakon nesre\u0107e voza\u010d se vratio na mjesto pogibije dje\u010daka i pitao \u0161ta se desilo &#8211; FOTO\",\"datePublished\":\"2021-06-16T19:56:02+00:00\",\"dateModified\":\"2021-06-16T19:56:02+00:00\",\"mainEntityOfPage\":{\"@id\":\"https:\/\/www.prijedordanas.com\/?p=168563\"},\"wordCount\":299,\"publisher\":{\"@id\":\"https:\/\/www.prijedordanas.com\/#organization\"},\"articleSection\":[\"Hronika\"],\"inLanguage\":\"en-US\"},{\"@type\":\"WebPage\",\"@id\":\"https:\/\/www.prijedordanas.com\/?p=168563\",\"url\":\"https:\/\/www.prijedordanas.com\/?p=168563\",\"name\":\"O\u010devidac tragedije u Kozarcu: Nakon nesre\u0107e voza\u010d se vratio na mjesto pogibije dje\u010daka i pitao \u0161ta se desilo - FOTO - PrijedorDanas.com - Prijedorski gradski portal\",\"isPartOf\":{\"@id\":\"https:\/\/www.prijedordanas.com\/#website\"},\"datePublished\":\"2021-06-16T19:56:02+00:00\",\"dateModified\":\"2021-06-16T19:56:02+00:00\",\"breadcrumb\":{\"@id\":\"https:\/\/www.prijedordanas.com\/?p=168563#breadcrumb\"},\"inLanguage\":\"en-US\",\"potentialAction\":[{\"@type\":\"ReadAction\",\"target\":[\"https:\/\/www.prijedordanas.com\/?p=168563\"]}]},{\"@type\":\"BreadcrumbList\",\"@id\":\"https:\/\/www.prijedordanas.com\/?p=168563#breadcrumb\",\"itemListElement\":[{\"@type\":\"ListItem\",\"position\":1,\"name\":\"Home\",\"item\":\"https:\/\/www.prijedordanas.com\/\"},{\"@type\":\"ListItem\",\"position\":2,\"name\":\"O\u010devidac tragedije u Kozarcu: Nakon nesre\u0107e voza\u010d se vratio na mjesto pogibije dje\u010daka i pitao \u0161ta se desilo &#8211; FOTO\"}]},{\"@type\":\"WebSite\",\"@id\":\"https:\/\/www.prijedordanas.com\/#website\",\"url\":\"https:\/\/www.prijedordanas.com\/\",\"name\":\"PrijedorDanas.com - Prijedorski gradski portal\",\"description\":\"Portal o doga\u0111anjima u gradu Prijedoru\",\"publisher\":{\"@id\":\"https:\/\/www.prijedordanas.com\/#organization\"},\"potentialAction\":[{\"@type\":\"SearchAction\",\"target\":{\"@type\":\"EntryPoint\",\"urlTemplate\":\"https:\/\/www.prijedordanas.com\/?s={search_term_string}\"},\"query-input\":\"required name=search_term_string\"}],\"inLanguage\":\"en-US\"},{\"@type\":\"Organization\",\"@id\":\"https:\/\/www.prijedordanas.com\/#organization\",\"name\":\"PrijedorDanas.com\",\"url\":\"https:\/\/www.prijedordanas.com\/\",\"logo\":{\"@type\":\"ImageObject\",\"inLanguage\":\"en-US\",\"@id\":\"https:\/\/www.prijedordanas.com\/#\/schema\/logo\/image\/\",\"url\":\"http:\/\/www.prijedordanas.com\/wp-content\/uploads\/2021\/12\/logopng.png\",\"contentUrl\":\"http:\/\/www.prijedordanas.com\/wp-content\/uploads\/2021\/12\/logopng.png\",\"width\":1019,\"height\":776,\"caption\":\"PrijedorDanas.com\"},\"image\":{\"@id\":\"https:\/\/www.prijedordanas.com\/#\/schema\/logo\/image\/\"},\"sameAs\":[\"https:\/\/www.facebook.com\/PrijedorDanasCom\/\"]},{\"@type\":\"Person\",\"@id\":\"https:\/\/www.prijedordanas.com\/#\/schema\/person\/4e08ccf29b506ca916ff86d46bb700e6\",\"name\":\"admin\",\"image\":{\"@type\":\"ImageObject\",\"inLanguage\":\"en-US\",\"@id\":\"https:\/\/www.prijedordanas.com\/#\/schema\/person\/image\/\",\"url\":\"https:\/\/secure.gravatar.com\/avatar\/1d3fc949d550f0b53a5f0d51e06dfd79?s=96&d=mm&r=g\",\"contentUrl\":\"https:\/\/secure.gravatar.com\/avatar\/1d3fc949d550f0b53a5f0d51e06dfd79?s=96&d=mm&r=g\",\"caption\":\"admin\"},\"url\":\"https:\/\/www.prijedordanas.com\/?author=1\"}]}<\/script>\n<!-- \/ Yoast SEO plugin. -->","yoast_head_json":{"title":"O\u010devidac tragedije u Kozarcu: Nakon nesre\u0107e voza\u010d se vratio na mjesto pogibije dje\u010daka i pitao \u0161ta se desilo - FOTO - PrijedorDanas.com - Prijedorski gradski portal","robots":{"index":"index","follow":"follow","max-snippet":"max-snippet:-1","max-image-preview":"max-image-preview:large","max-video-preview":"max-video-preview:-1"},"canonical":"https:\/\/www.prijedordanas.com\/?p=168563","og_locale":"en_US","og_type":"article","og_title":"O\u010devidac tragedije u Kozarcu: Nakon nesre\u0107e voza\u010d se vratio na mjesto pogibije dje\u010daka i pitao \u0161ta se desilo - FOTO - PrijedorDanas.com - Prijedorski gradski portal","og_description":"Nikola \u0110ur\u0111evi\u0107 (25), nakon \u0161to je automobilom ubio dje\u010daka Almedina Bahonji\u0107a (15) u Kozarcu kod Prijedora i pobjegao, poslije nekog vremena vratio se na mjesto nesre\u0107e i pitao \u0161ta se [&hellip;]","og_url":"https:\/\/www.prijedordanas.com\/?p=168563","og_site_name":"PrijedorDanas.com - Prijedorski gradski portal","article_publisher":"https:\/\/www.facebook.com\/PrijedorDanasCom\/","article_published_time":"2021-06-16T19:56:02+00:00","og_image":[{"url":"https:\/\/www.prijedordanas.com\/wp-content\/uploads\/2021\/06\/nesreca-kozarac-foto-ustupljena-fotografija-300x225.jpg"}],"author":"admin","twitter_card":"summary_large_image","twitter_misc":{"Written by":"admin","Est. reading time":"2 minutes"},"schema":{"@context":"https:\/\/schema.org","@graph":[{"@type":"Article","@id":"https:\/\/www.prijedordanas.com\/?p=168563#article","isPartOf":{"@id":"https:\/\/www.prijedordanas.com\/?p=168563"},"author":{"name":"admin","@id":"https:\/\/www.prijedordanas.com\/#\/schema\/person\/4e08ccf29b506ca916ff86d46bb700e6"},"headline":"O\u010devidac tragedije u Kozarcu: Nakon nesre\u0107e voza\u010d se vratio na mjesto pogibije dje\u010daka i pitao \u0161ta se desilo &#8211; FOTO","datePublished":"2021-06-16T19:56:02+00:00","dateModified":"2021-06-16T19:56:02+00:00","mainEntityOfPage":{"@id":"https:\/\/www.prijedordanas.com\/?p=168563"},"wordCount":299,"publisher":{"@id":"https:\/\/www.prijedordanas.com\/#organization"},"articleSection":["Hronika"],"inLanguage":"en-US"},{"@type":"WebPage","@id":"https:\/\/www.prijedordanas.com\/?p=168563","url":"https:\/\/www.prijedordanas.com\/?p=168563","name":"O\u010devidac tragedije u Kozarcu: Nakon nesre\u0107e voza\u010d se vratio na mjesto pogibije dje\u010daka i pitao \u0161ta se desilo - FOTO - PrijedorDanas.com - Prijedorski gradski portal","isPartOf":{"@id":"https:\/\/www.prijedordanas.com\/#website"},"datePublished":"2021-06-16T19:56:02+00:00","dateModified":"2021-06-16T19:56:02+00:00","breadcrumb":{"@id":"https:\/\/www.prijedordanas.com\/?p=168563#breadcrumb"},"inLanguage":"en-US","potentialAction":[{"@type":"ReadAction","target":["https:\/\/www.prijedordanas.com\/?p=168563"]}]},{"@type":"BreadcrumbList","@id":"https:\/\/www.prijedordanas.com\/?p=168563#breadcrumb","itemListElement":[{"@type":"ListItem","position":1,"name":"Home","item":"https:\/\/www.prijedordanas.com\/"},{"@type":"ListItem","position":2,"name":"O\u010devidac tragedije u Kozarcu: Nakon nesre\u0107e voza\u010d se vratio na mjesto pogibije dje\u010daka i pitao \u0161ta se desilo &#8211; FOTO"}]},{"@type":"WebSite","@id":"https:\/\/www.prijedordanas.com\/#website","url":"https:\/\/www.prijedordanas.com\/","name":"PrijedorDanas.com - Prijedorski gradski portal","description":"Portal o doga\u0111anjima u gradu Prijedoru","publisher":{"@id":"https:\/\/www.prijedordanas.com\/#organization"},"potentialAction":[{"@type":"SearchAction","target":{"@type":"EntryPoint","urlTemplate":"https:\/\/www.prijedordanas.com\/?s={search_term_string}"},"query-input":"required name=search_term_string"}],"inLanguage":"en-US"},{"@type":"Organization","@id":"https:\/\/www.prijedordanas.com\/#organization","name":"PrijedorDanas.com","url":"https:\/\/www.prijedordanas.com\/","logo":{"@type":"ImageObject","inLanguage":"en-US","@id":"https:\/\/www.prijedordanas.com\/#\/schema\/logo\/image\/","url":"http:\/\/www.prijedordanas.com\/wp-content\/uploads\/2021\/12\/logopng.png","contentUrl":"http:\/\/www.prijedordanas.com\/wp-content\/uploads\/2021\/12\/logopng.png","width":1019,"height":776,"caption":"PrijedorDanas.com"},"image":{"@id":"https:\/\/www.prijedordanas.com\/#\/schema\/logo\/image\/"},"sameAs":["https:\/\/www.facebook.com\/PrijedorDanasCom\/"]},{"@type":"Person","@id":"https:\/\/www.prijedordanas.com\/#\/schema\/person\/4e08ccf29b506ca916ff86d46bb700e6","name":"admin","image":{"@type":"ImageObject","inLanguage":"en-US","@id":"https:\/\/www.prijedordanas.com\/#\/schema\/person\/image\/","url":"https:\/\/secure.gravatar.com\/avatar\/1d3fc949d550f0b53a5f0d51e06dfd79?s=96&d=mm&r=g","contentUrl":"https:\/\/secure.gravatar.com\/avatar\/1d3fc949d550f0b53a5f0d51e06dfd79?s=96&d=mm&r=g","caption":"admin"},"url":"https:\/\/www.prijedordanas.com\/?author=1"}]}},"_links":{"self":[{"href":"https:\/\/www.prijedordanas.com\/index.php?rest_route=\/wp\/v2\/posts\/168563"}],"collection":[{"href":"https:\/\/www.prijedordanas.com\/index.php?rest_route=\/wp\/v2\/posts"}],"about":[{"href":"https:\/\/www.prijedordanas.com\/index.php?rest_route=\/wp\/v2\/types\/post"}],"author":[{"embeddable":true,"href":"https:\/\/www.prijedordanas.com\/index.php?rest_route=\/wp\/v2\/users\/1"}],"replies":[{"embeddable":true,"href":"https:\/\/www.prijedordanas.com\/index.php?rest_route=%2Fwp%2Fv2%2Fcomments&post=168563"}],"version-history":[{"count":1,"href":"https:\/\/www.prijedordanas.com\/index.php?rest_route=\/wp\/v2\/posts\/168563\/revisions"}],"predecessor-version":[{"id":168565,"href":"https:\/\/www.prijedordanas.com\/index.php?rest_route=\/wp\/v2\/posts\/168563\/revisions\/168565"}],"wp:attachment":[{"href":"https:\/\/www.prijedordanas.com\/index.php?rest_route=%2Fwp%2Fv2%2Fmedia&parent=168563"}],"wp:term":[{"taxonomy":"category","embeddable":true,"href":"https:\/\/www.prijedordanas.com\/index.php?rest_route=%2Fwp%2Fv2%2Fcategories&post=168563"},{"taxonomy":"post_tag","embeddable":true,"href":"https:\/\/www.prijedordanas.com\/index.php?rest_route=%2Fwp%2Fv2%2Ftags&post=168563"}],"curies":[{"name":"wp","href":"https:\/\/api.w.org\/{rel}","templated":true}]}}