{"id":168542,"date":"2021-06-16T17:52:03","date_gmt":"2021-06-16T15:52:03","guid":{"rendered":"https:\/\/www.prijedordanas.com\/?p=168542"},"modified":"2021-06-16T17:52:03","modified_gmt":"2021-06-16T15:52:03","slug":"u-prijedoru-pocinje-in-fest-festival-omladinskog-aktivizma","status":"publish","type":"post","link":"https:\/\/www.prijedordanas.com\/?p=168542","title":{"rendered":"U Prijedoru po\u010dinje IN Fest- festival omladinskog aktivizma"},"content":{"rendered":"<p><a href=\"https:\/\/www.prijedordanas.com\/wp-content\/uploads\/2021\/06\/in-fest-prijedor-plakat.jpg\"><img loading=\"lazy\" decoding=\"async\" src=\"https:\/\/www.prijedordanas.com\/wp-content\/uploads\/2021\/06\/in-fest-prijedor-plakat-225x300.jpg\" alt=\"\" width=\"225\" height=\"300\" class=\"alignleft size-medium wp-image-168543\" srcset=\"https:\/\/www.prijedordanas.com\/wp-content\/uploads\/2021\/06\/in-fest-prijedor-plakat-225x300.jpg 225w, https:\/\/www.prijedordanas.com\/wp-content\/uploads\/2021\/06\/in-fest-prijedor-plakat.jpg 458w\" sizes=\"(max-width: 225px) 100vw, 225px\" \/><\/a>U okviru projekta \u201cMladi kao snaga promjene u svojim zajednicama\u201d u periodu od 12.  do 27. juna organizova\u0107e se festivali omladinskog aktivizma pod nazivom IN Fest u pet lokalnih zajednica: \u010celinac, Gradi\u0161ka, Kotor Varo\u0161, Prnjavor i Prijedor.  <\/p>\n<p>Festivale organizuju neformalne grupe mladih koje su od po\u010detka implementacije projekta u\u010destovale u osmi\u0161ljavanju i realizaciji inicijativa koje se doprinijele unapre\u0111enju kvaliteta \u017eivota mladih kroz promociju aktivizma i njihove uklju\u010denosti u \u017eivot zajednice.<\/p>\n<p>Kroz festival, mladi \u0107e kroz niz sadr\u017eaja i aktivnosti na otvorenom, poput izlo\u017ebi, filmskih ve\u010deri, radionica, sportskih de\u0161avanja i koncerata, prezentovati \u0161ta sve u svojim zajednicama rade i na koji na\u010din mogu biti aktivni i uklju\u010deni. <\/p>\n<p>Sve aktivnosti \u0107e biti realizovane u skladu sa va\u017ee\u0107im epidemiolo\u0161kim mjerama i odr\u017eava\u0107e se na razli\u010ditim lokacijama u gradu kao npr. na gradskim trgovima i u parkovima, platoima, gradskom keju, \u0161etali\u0161tima i sli\u010dno, odnosno na lokacijama koje \u0107e biti primjerene odre\u0111enim aktivnostima. Detaljan program festivala \u0107e biti pripremljen za svaku zajednicu posebno.<\/p>\n<p>Projekat \u201cMladi kao snaga promjene u svojim zajednicama\u201d se realizuje zahvaljuju\u0107i podr\u0161ci programa Bosnia and Herzegovina Resilience Initiative (BHRI), koji sprovodi IOM Bosna i Hercegovina, uz finansijsku podr\u0161ku USAID Bosna i Hercegovina.<\/p>\n<p>Prvog dana IN Festa u Prijedoru bi\u0107e Sajam omladinskog aktivizma te muzi\u010dka radionica afri\u010dkih udaraljki.<\/p>\n<p>Za drugi dan je predvi\u0111eno pozori\u0161te na otvorenom, dok je tre\u0107eg dana predvi\u0111ena Potraga za blagom-upoznaj svoj grad te filmsko ve\u010de na otvorenom.<\/p>\n<p>Posljednjeg dana festivala omladinskog aktivizma planiran je i koncert rock benda.<\/p>\n<p>16.06.2021 SRIJEDA<br \/>\n12:00-19:00 SVE\u010cANO OTVARANJE FESTIVALA\/ SAJAM OMLADINSKOG AKTIVIZMA &#8211;  Mali trg Prijedor<br \/>\n19:00-21:00 RADIONICA AFRI\u010cKIH UDARALJKI &#8211;  Mali trg Prijedor <\/p>\n<p>17.06.2021 \u010cETVRTAK<br \/>\n19:00-21:00 POZORI\u0160TE NA OTVORENOM-PREDSTAVA &#8220;ZLOSTAVLJANJE&#8221;, POZORI\u0160TE KOTOR VARO\u0160 &#8211;  Mali trg Prijedor <\/p>\n<p>18.06.2021 PETAK<br \/>\n18:00-20:00 POTRAGA ZA BLAGOM-UPOZNAJ SVOJ GRAD &#8211; polazak sa Malog trga<br \/>\n20:30-22:30 FILMSKO VE\u010cE NA OTVORENOM &#8211; Ljetna ba\u0161ta Prijedor<\/p>\n<p>19.06.2021 SUBOTA<br \/>\n20:30-21:00 PRIKAZIVANJE FILMA INF &#8211;  Mali trg Prijedor<br \/>\n21:00-22:30 KONCERT ROCK BENDA DEMINUTIV I ZATVARANJE FESTIVALA &#8211;  Mali trg Prijedor <\/p>\n","protected":false},"excerpt":{"rendered":"<p>U okviru projekta \u201cMladi kao snaga promjene u svojim zajednicama\u201d u periodu od 12. do 27. juna organizova\u0107e se festivali omladinskog aktivizma pod nazivom IN Fest u pet lokalnih zajednica: [&hellip;]<\/p>\n","protected":false},"author":1,"featured_media":0,"comment_status":"closed","ping_status":"open","sticky":false,"template":"","format":"standard","meta":{"_monsterinsights_skip_tracking":false,"_monsterinsights_sitenote_active":false,"_monsterinsights_sitenote_note":"","_monsterinsights_sitenote_category":0,"footnotes":""},"categories":[7518],"tags":[],"yoast_head":"<!-- This site is optimized with the Yoast SEO plugin v21.6 - https:\/\/yoast.com\/wordpress\/plugins\/seo\/ -->\n<title>U Prijedoru po\u010dinje IN Fest- festival omladinskog aktivizma - PrijedorDanas.com - Prijedorski gradski portal<\/title>\n<meta name=\"robots\" content=\"index, follow, max-snippet:-1, max-image-preview:large, max-video-preview:-1\" \/>\n<link rel=\"canonical\" href=\"https:\/\/www.prijedordanas.com\/?p=168542\" \/>\n<meta property=\"og:locale\" content=\"en_US\" \/>\n<meta property=\"og:type\" content=\"article\" \/>\n<meta property=\"og:title\" content=\"U Prijedoru po\u010dinje IN Fest- festival omladinskog aktivizma - PrijedorDanas.com - Prijedorski gradski portal\" \/>\n<meta property=\"og:description\" content=\"U okviru projekta \u201cMladi kao snaga promjene u svojim zajednicama\u201d u periodu od 12. do 27. juna organizova\u0107e se festivali omladinskog aktivizma pod nazivom IN Fest u pet lokalnih zajednica: [&hellip;]\" \/>\n<meta property=\"og:url\" content=\"https:\/\/www.prijedordanas.com\/?p=168542\" \/>\n<meta property=\"og:site_name\" content=\"PrijedorDanas.com - Prijedorski gradski portal\" \/>\n<meta property=\"article:publisher\" content=\"https:\/\/www.facebook.com\/PrijedorDanasCom\/\" \/>\n<meta property=\"article:published_time\" content=\"2021-06-16T15:52:03+00:00\" \/>\n<meta property=\"og:image\" content=\"https:\/\/www.prijedordanas.com\/wp-content\/uploads\/2021\/06\/in-fest-prijedor-plakat-225x300.jpg\" \/>\n<meta name=\"author\" content=\"admin\" \/>\n<meta name=\"twitter:card\" content=\"summary_large_image\" \/>\n<meta name=\"twitter:label1\" content=\"Written by\" \/>\n\t<meta name=\"twitter:data1\" content=\"admin\" \/>\n\t<meta name=\"twitter:label2\" content=\"Est. reading time\" \/>\n\t<meta name=\"twitter:data2\" content=\"2 minutes\" \/>\n<script type=\"application\/ld+json\" class=\"yoast-schema-graph\">{\"@context\":\"https:\/\/schema.org\",\"@graph\":[{\"@type\":\"Article\",\"@id\":\"https:\/\/www.prijedordanas.com\/?p=168542#article\",\"isPartOf\":{\"@id\":\"https:\/\/www.prijedordanas.com\/?p=168542\"},\"author\":{\"name\":\"admin\",\"@id\":\"https:\/\/www.prijedordanas.com\/#\/schema\/person\/4e08ccf29b506ca916ff86d46bb700e6\"},\"headline\":\"U Prijedoru po\u010dinje IN Fest- festival omladinskog aktivizma\",\"datePublished\":\"2021-06-16T15:52:03+00:00\",\"dateModified\":\"2021-06-16T15:52:03+00:00\",\"mainEntityOfPage\":{\"@id\":\"https:\/\/www.prijedordanas.com\/?p=168542\"},\"wordCount\":360,\"publisher\":{\"@id\":\"https:\/\/www.prijedordanas.com\/#organization\"},\"articleSection\":[\"Mladi\"],\"inLanguage\":\"en-US\"},{\"@type\":\"WebPage\",\"@id\":\"https:\/\/www.prijedordanas.com\/?p=168542\",\"url\":\"https:\/\/www.prijedordanas.com\/?p=168542\",\"name\":\"U Prijedoru po\u010dinje IN Fest- festival omladinskog aktivizma - PrijedorDanas.com - Prijedorski gradski portal\",\"isPartOf\":{\"@id\":\"https:\/\/www.prijedordanas.com\/#website\"},\"datePublished\":\"2021-06-16T15:52:03+00:00\",\"dateModified\":\"2021-06-16T15:52:03+00:00\",\"breadcrumb\":{\"@id\":\"https:\/\/www.prijedordanas.com\/?p=168542#breadcrumb\"},\"inLanguage\":\"en-US\",\"potentialAction\":[{\"@type\":\"ReadAction\",\"target\":[\"https:\/\/www.prijedordanas.com\/?p=168542\"]}]},{\"@type\":\"BreadcrumbList\",\"@id\":\"https:\/\/www.prijedordanas.com\/?p=168542#breadcrumb\",\"itemListElement\":[{\"@type\":\"ListItem\",\"position\":1,\"name\":\"Home\",\"item\":\"https:\/\/www.prijedordanas.com\/\"},{\"@type\":\"ListItem\",\"position\":2,\"name\":\"U Prijedoru po\u010dinje IN Fest- festival omladinskog aktivizma\"}]},{\"@type\":\"WebSite\",\"@id\":\"https:\/\/www.prijedordanas.com\/#website\",\"url\":\"https:\/\/www.prijedordanas.com\/\",\"name\":\"PrijedorDanas.com - Prijedorski gradski portal\",\"description\":\"Portal o doga\u0111anjima u gradu Prijedoru\",\"publisher\":{\"@id\":\"https:\/\/www.prijedordanas.com\/#organization\"},\"potentialAction\":[{\"@type\":\"SearchAction\",\"target\":{\"@type\":\"EntryPoint\",\"urlTemplate\":\"https:\/\/www.prijedordanas.com\/?s={search_term_string}\"},\"query-input\":\"required name=search_term_string\"}],\"inLanguage\":\"en-US\"},{\"@type\":\"Organization\",\"@id\":\"https:\/\/www.prijedordanas.com\/#organization\",\"name\":\"PrijedorDanas.com\",\"url\":\"https:\/\/www.prijedordanas.com\/\",\"logo\":{\"@type\":\"ImageObject\",\"inLanguage\":\"en-US\",\"@id\":\"https:\/\/www.prijedordanas.com\/#\/schema\/logo\/image\/\",\"url\":\"http:\/\/www.prijedordanas.com\/wp-content\/uploads\/2021\/12\/logopng.png\",\"contentUrl\":\"http:\/\/www.prijedordanas.com\/wp-content\/uploads\/2021\/12\/logopng.png\",\"width\":1019,\"height\":776,\"caption\":\"PrijedorDanas.com\"},\"image\":{\"@id\":\"https:\/\/www.prijedordanas.com\/#\/schema\/logo\/image\/\"},\"sameAs\":[\"https:\/\/www.facebook.com\/PrijedorDanasCom\/\"]},{\"@type\":\"Person\",\"@id\":\"https:\/\/www.prijedordanas.com\/#\/schema\/person\/4e08ccf29b506ca916ff86d46bb700e6\",\"name\":\"admin\",\"image\":{\"@type\":\"ImageObject\",\"inLanguage\":\"en-US\",\"@id\":\"https:\/\/www.prijedordanas.com\/#\/schema\/person\/image\/\",\"url\":\"https:\/\/secure.gravatar.com\/avatar\/1d3fc949d550f0b53a5f0d51e06dfd79?s=96&d=mm&r=g\",\"contentUrl\":\"https:\/\/secure.gravatar.com\/avatar\/1d3fc949d550f0b53a5f0d51e06dfd79?s=96&d=mm&r=g\",\"caption\":\"admin\"},\"url\":\"https:\/\/www.prijedordanas.com\/?author=1\"}]}<\/script>\n<!-- \/ Yoast SEO plugin. -->","yoast_head_json":{"title":"U Prijedoru po\u010dinje IN Fest- festival omladinskog aktivizma - PrijedorDanas.com - Prijedorski gradski portal","robots":{"index":"index","follow":"follow","max-snippet":"max-snippet:-1","max-image-preview":"max-image-preview:large","max-video-preview":"max-video-preview:-1"},"canonical":"https:\/\/www.prijedordanas.com\/?p=168542","og_locale":"en_US","og_type":"article","og_title":"U Prijedoru po\u010dinje IN Fest- festival omladinskog aktivizma - PrijedorDanas.com - Prijedorski gradski portal","og_description":"U okviru projekta \u201cMladi kao snaga promjene u svojim zajednicama\u201d u periodu od 12. do 27. juna organizova\u0107e se festivali omladinskog aktivizma pod nazivom IN Fest u pet lokalnih zajednica: [&hellip;]","og_url":"https:\/\/www.prijedordanas.com\/?p=168542","og_site_name":"PrijedorDanas.com - Prijedorski gradski portal","article_publisher":"https:\/\/www.facebook.com\/PrijedorDanasCom\/","article_published_time":"2021-06-16T15:52:03+00:00","og_image":[{"url":"https:\/\/www.prijedordanas.com\/wp-content\/uploads\/2021\/06\/in-fest-prijedor-plakat-225x300.jpg"}],"author":"admin","twitter_card":"summary_large_image","twitter_misc":{"Written by":"admin","Est. reading time":"2 minutes"},"schema":{"@context":"https:\/\/schema.org","@graph":[{"@type":"Article","@id":"https:\/\/www.prijedordanas.com\/?p=168542#article","isPartOf":{"@id":"https:\/\/www.prijedordanas.com\/?p=168542"},"author":{"name":"admin","@id":"https:\/\/www.prijedordanas.com\/#\/schema\/person\/4e08ccf29b506ca916ff86d46bb700e6"},"headline":"U Prijedoru po\u010dinje IN Fest- festival omladinskog aktivizma","datePublished":"2021-06-16T15:52:03+00:00","dateModified":"2021-06-16T15:52:03+00:00","mainEntityOfPage":{"@id":"https:\/\/www.prijedordanas.com\/?p=168542"},"wordCount":360,"publisher":{"@id":"https:\/\/www.prijedordanas.com\/#organization"},"articleSection":["Mladi"],"inLanguage":"en-US"},{"@type":"WebPage","@id":"https:\/\/www.prijedordanas.com\/?p=168542","url":"https:\/\/www.prijedordanas.com\/?p=168542","name":"U Prijedoru po\u010dinje IN Fest- festival omladinskog aktivizma - PrijedorDanas.com - Prijedorski gradski portal","isPartOf":{"@id":"https:\/\/www.prijedordanas.com\/#website"},"datePublished":"2021-06-16T15:52:03+00:00","dateModified":"2021-06-16T15:52:03+00:00","breadcrumb":{"@id":"https:\/\/www.prijedordanas.com\/?p=168542#breadcrumb"},"inLanguage":"en-US","potentialAction":[{"@type":"ReadAction","target":["https:\/\/www.prijedordanas.com\/?p=168542"]}]},{"@type":"BreadcrumbList","@id":"https:\/\/www.prijedordanas.com\/?p=168542#breadcrumb","itemListElement":[{"@type":"ListItem","position":1,"name":"Home","item":"https:\/\/www.prijedordanas.com\/"},{"@type":"ListItem","position":2,"name":"U Prijedoru po\u010dinje IN Fest- festival omladinskog aktivizma"}]},{"@type":"WebSite","@id":"https:\/\/www.prijedordanas.com\/#website","url":"https:\/\/www.prijedordanas.com\/","name":"PrijedorDanas.com - Prijedorski gradski portal","description":"Portal o doga\u0111anjima u gradu Prijedoru","publisher":{"@id":"https:\/\/www.prijedordanas.com\/#organization"},"potentialAction":[{"@type":"SearchAction","target":{"@type":"EntryPoint","urlTemplate":"https:\/\/www.prijedordanas.com\/?s={search_term_string}"},"query-input":"required name=search_term_string"}],"inLanguage":"en-US"},{"@type":"Organization","@id":"https:\/\/www.prijedordanas.com\/#organization","name":"PrijedorDanas.com","url":"https:\/\/www.prijedordanas.com\/","logo":{"@type":"ImageObject","inLanguage":"en-US","@id":"https:\/\/www.prijedordanas.com\/#\/schema\/logo\/image\/","url":"http:\/\/www.prijedordanas.com\/wp-content\/uploads\/2021\/12\/logopng.png","contentUrl":"http:\/\/www.prijedordanas.com\/wp-content\/uploads\/2021\/12\/logopng.png","width":1019,"height":776,"caption":"PrijedorDanas.com"},"image":{"@id":"https:\/\/www.prijedordanas.com\/#\/schema\/logo\/image\/"},"sameAs":["https:\/\/www.facebook.com\/PrijedorDanasCom\/"]},{"@type":"Person","@id":"https:\/\/www.prijedordanas.com\/#\/schema\/person\/4e08ccf29b506ca916ff86d46bb700e6","name":"admin","image":{"@type":"ImageObject","inLanguage":"en-US","@id":"https:\/\/www.prijedordanas.com\/#\/schema\/person\/image\/","url":"https:\/\/secure.gravatar.com\/avatar\/1d3fc949d550f0b53a5f0d51e06dfd79?s=96&d=mm&r=g","contentUrl":"https:\/\/secure.gravatar.com\/avatar\/1d3fc949d550f0b53a5f0d51e06dfd79?s=96&d=mm&r=g","caption":"admin"},"url":"https:\/\/www.prijedordanas.com\/?author=1"}]}},"_links":{"self":[{"href":"https:\/\/www.prijedordanas.com\/index.php?rest_route=\/wp\/v2\/posts\/168542"}],"collection":[{"href":"https:\/\/www.prijedordanas.com\/index.php?rest_route=\/wp\/v2\/posts"}],"about":[{"href":"https:\/\/www.prijedordanas.com\/index.php?rest_route=\/wp\/v2\/types\/post"}],"author":[{"embeddable":true,"href":"https:\/\/www.prijedordanas.com\/index.php?rest_route=\/wp\/v2\/users\/1"}],"replies":[{"embeddable":true,"href":"https:\/\/www.prijedordanas.com\/index.php?rest_route=%2Fwp%2Fv2%2Fcomments&post=168542"}],"version-history":[{"count":1,"href":"https:\/\/www.prijedordanas.com\/index.php?rest_route=\/wp\/v2\/posts\/168542\/revisions"}],"predecessor-version":[{"id":168544,"href":"https:\/\/www.prijedordanas.com\/index.php?rest_route=\/wp\/v2\/posts\/168542\/revisions\/168544"}],"wp:attachment":[{"href":"https:\/\/www.prijedordanas.com\/index.php?rest_route=%2Fwp%2Fv2%2Fmedia&parent=168542"}],"wp:term":[{"taxonomy":"category","embeddable":true,"href":"https:\/\/www.prijedordanas.com\/index.php?rest_route=%2Fwp%2Fv2%2Fcategories&post=168542"},{"taxonomy":"post_tag","embeddable":true,"href":"https:\/\/www.prijedordanas.com\/index.php?rest_route=%2Fwp%2Fv2%2Ftags&post=168542"}],"curies":[{"name":"wp","href":"https:\/\/api.w.org\/{rel}","templated":true}]}}