{"id":168528,"date":"2021-06-16T15:21:19","date_gmt":"2021-06-16T13:21:19","guid":{"rendered":"https:\/\/www.prijedordanas.com\/?p=168528"},"modified":"2021-06-16T15:21:19","modified_gmt":"2021-06-16T13:21:19","slug":"raspisan-konkurs-za-dodjelu-nagrade-paola-de-manincor-za-najbolji-mural-u-prijedoru-2021","status":"publish","type":"post","link":"https:\/\/www.prijedordanas.com\/?p=168528","title":{"rendered":"Raspisan konkurs za dodjelu nagrade &#8220;Paola de Manincor&#8221; za najbolji mural u Prijedoru 2021"},"content":{"rendered":"<p><a href=\"https:\/\/www.prijedordanas.com\/wp-content\/uploads\/2021\/06\/mural-2021-lokacija-2.jpg\"><img loading=\"lazy\" decoding=\"async\" class=\"alignleft size-medium wp-image-168529\" src=\"https:\/\/www.prijedordanas.com\/wp-content\/uploads\/2021\/06\/mural-2021-lokacija-2-226x300.jpg\" alt=\"\" width=\"226\" height=\"300\" srcset=\"https:\/\/www.prijedordanas.com\/wp-content\/uploads\/2021\/06\/mural-2021-lokacija-2-226x300.jpg 226w, https:\/\/www.prijedordanas.com\/wp-content\/uploads\/2021\/06\/mural-2021-lokacija-2.jpg 452w\" sizes=\"(max-width: 226px) 100vw, 226px\" \/><\/a>Udru\u017eenje likovnih umjetnika Prijedora raspisuje:<\/p>\n<p>KONKURS za dodjelu Godi\u0161nje me\u0111unarodne nagrade \u201cPaola de Manincor\u201d za najbolji mural u Prijedoru 2021<\/p>\n<p>UVOD<\/p>\n<p>Grad Prijedor unazad vi\u0161e od deceniju i po tijesno sara\u0111uje sa italijanskim gradom Trento iz pokrajine Trentino. Ova saradnja nastavlja se i na projektu &#8220;Prijedor \u2013 grad murala&#8221; kojeg od 2013. godine realizuje Udru\u017eenje likovnih umjetnika Prijedora. U okviru ovog projekta Udru\u017eenje je osnovalo nagradu pod nazivom:<\/p>\n<p>Godi\u0161nja me\u0111unarodna nagrada &#8220;Paola de Maninkor&#8221; za najbolji mural u Prijedoru,<\/p>\n<p>koju dodjeljuje putem javnog konkursa a na osnovu preporuke stru\u010dnog \u017eirija jednom godi\u0161nje. Nagrada nosi ime trentinske umjetnice murala Paole de Maninkor (Manincor), koja je 1998. godine oslikala prvi mural u Prijedoru, na Elektrotehni\u010dkoj srednjoj \u0161koli i zajedno sa djecom iz tada\u0161njih izbjegli\u010dkih centara u Prijedoru i okolini.<br \/>\nDodjela nagrade pokrenuta je u \u010dast ovoj umjetnici i dvodecenijskoj decentralizovanoj saradnji izme\u0111u Prijedora i Trenta. Udru\u017eenje likovnih umjetnika Prijedora poziva Vas da uzmete u\u010de\u0161\u0107a u ovom konkursu putem slanja svojih prijedloga.<\/p>\n<p><a href=\"https:\/\/www.prijedordanas.com\/wp-content\/uploads\/2021\/06\/mural-2021-lokacija-3.jpg\"><img loading=\"lazy\" decoding=\"async\" class=\"alignleft size-medium wp-image-168530\" src=\"https:\/\/www.prijedordanas.com\/wp-content\/uploads\/2021\/06\/mural-2021-lokacija-3-225x300.jpg\" alt=\"\" width=\"225\" height=\"300\" srcset=\"https:\/\/www.prijedordanas.com\/wp-content\/uploads\/2021\/06\/mural-2021-lokacija-3-225x300.jpg 225w, https:\/\/www.prijedordanas.com\/wp-content\/uploads\/2021\/06\/mural-2021-lokacija-3.jpg 450w\" sizes=\"(max-width: 225px) 100vw, 225px\" \/><\/a>1. VRIJEME TRAJANJA KONKURSA I PRAVO U\u010cE\u0160\u0106A<\/p>\n<p>Konkurs se otvara 16. juna 2021. godine i ostaje otvoren do 31. jula 2021. godine<\/p>\n<p>2. PRIJAVA NA KONKURS, USLOVI I PREPORUKE<br \/>\nPravo u\u010de\u0161\u0107a na konkursu imaju svi koji u datom roku po\u0161alju prijave koje ispunjavaju uslove<br \/>\ndefinisane u daljem tekstu konkursa.<br \/>\nPrijave slati isklju\u010divo na e-mail adresu Udru\u017eenja: ulup.pd@gmail.com<\/p>\n<p>Prijava treba da sadr\u017ei:<br \/>\na. Ispunjen i potpisan formular za prijavu sa izjavom (obavezno)<br \/>\nb. Prijedlog murala (obavezno):<br \/>\n&#8211; fotografije dobre rezolucije, i to minimalno 3000px po du\u017eoj strani i 300dpi;<br \/>\n&#8211; naziv poslanog fajla (fotografije) u formatu sifrarada_mural2021.&#8212;<br \/>\nc. Dodatni materijal (kataloge, fotografije prethodnih radova i sli\u010dno. Nije obavezno)<\/p>\n<p>Poslani rad ne smije biti stariji od 3 godine.<\/p>\n<p>Mogu\u0107e je poslati najvi\u0161e tri razli\u010dita prijedloga po autoru i u jednoj elektronskoj po\u0161iljci.<br \/>\nNepotpune i protuzakonite prijave ne\u0107e biti uzete u razmatranje. Ako imate pitanja ili vam je potrebna pomo\u0107 u ispunjavanju aplikacije i pripremi prijedloga za konkurs, preporu\u010dujemo da nam pi\u0161ete na kontakt projekta.<\/p>\n<p>Udru\u017eenje se obavezuje na \u010duvanje i za\u0161titu li\u010dnih podataka autora i autorki.<\/p>\n<p><a href=\"https:\/\/drive.google.com\/file\/d\/1VTEnHVcmSyKgbhKAjdH9UvIrR93D1LwL\/view\" target=\"_blank\" rel=\"noopener\">PREUZMI PRIJAVU<\/a><\/p>\n<p>3. TEMA KONKURSA<br \/>\nKonkurs nema zadate teme.<\/p>\n<p><a href=\"https:\/\/www.prijedordanas.com\/wp-content\/uploads\/2021\/06\/mural-2021-lokacija.jpg\"><img loading=\"lazy\" decoding=\"async\" src=\"https:\/\/www.prijedordanas.com\/wp-content\/uploads\/2021\/06\/mural-2021-lokacija-300x225.jpg\" alt=\"\" width=\"300\" height=\"225\" class=\"alignleft size-medium wp-image-168532\" srcset=\"https:\/\/www.prijedordanas.com\/wp-content\/uploads\/2021\/06\/mural-2021-lokacija-300x225.jpg 300w, https:\/\/www.prijedordanas.com\/wp-content\/uploads\/2021\/06\/mural-2021-lokacija-640x480.jpg 640w, https:\/\/www.prijedordanas.com\/wp-content\/uploads\/2021\/06\/mural-2021-lokacija.jpg 667w\" sizes=\"(max-width: 300px) 100vw, 300px\" \/><\/a>4. \u017diriranje radova i predselekcija<br \/>\nO pobjedniku odlu\u010duje stru\u010dni \u017eiri imenovan od strane Udru\u017eenja.<br \/>\nUdru\u017eenje nadalje zadr\u017eava pravo eliminacije bilo kojeg prijedloga bez davanja poja\u0161njenja a u periodu predselekcije i pripreme za \u017eiriranje ukoliko na\u0111e da nije ispunjen neki od uslova za u\u010de\u0161\u0107e na konkursu koji su navedeni pod ta\u010dkom 2 ove objave.<\/p>\n<p>5. NAGRADNI FOND I USLOVI<\/p>\n<p>Godi\u0161nja me\u0111unarodna nagrada za najbolji mural u Prijedoru &#8220;Paola de Manincor&#8221; sastoji se iz plakete i nagradnog fonda od 3000 BAM (bruto).<br \/>\nPobjednik konkursa dobija priliku da svoj prijedlog realizuje na javnoj povr\u0161ini u centralnoj gradskoj zoni u Prijedoru.<br \/>\nRealizacija murala ove godine je planirana izme\u0111u 15. avgusta i 15.septembra. Ta\u010dno vrijeme realizacije murala organizatori dogovaraju individualno sa pobjednikom ili pobjednicom konkursa.<br \/>\nZa oslikavanje murala pobjedniku ili pobjednici se stavljaju na raspolaganje povr\u0161ina i radni materijal.<br \/>\nTro\u0161kove boravka za vrijeme realizacije tako\u0111e preuzima Udru\u017eenje.<br \/>\nU slu\u010daju neo\u010dekivanih komplikacija Udru\u017eenje zadr\u017eava pravo da odgodi ili u potpunosti obustavi realizaciju murala.<\/p>\n<p>6. LOKACIJA I FASADA ZA OSLIKAVANJE MURALA<\/p>\n<p>Fasada predvi\u0111ena za realizaciju ovogodi\u0161njeg pobjedni\u010dkog murala nalazi se na objektu<br \/>\nJU Ugostiteljsko-ekonomske \u0161kole Prijedoru.<br \/>\nPovr\u0161ina fasade je 87.40m.<br \/>\nFasada predvi\u0111ena za realizaciju murala bi\u0107e renovirana i pripremljena podloga za oslikavanje.<br \/>\nPlo\u010du sa nazivom ulice mogu\u0107e je privremenu ukloniti sa fasade dok traju radovi, po zavr\u0161etku oslikavanje me\u0111utim plo\u010da mora biti vra\u0107ena na staro mjesto. Naziv \u0161kole koji je trenutno oslikan u donjem dijelu zida bi\u0107e u potpunosti uklonjen.<\/p>\n<p>7. DODATNE INFORMACIJE<\/p>\n<p>Za sva dodatna pitanja pi\u0161ite na: ulup.pd@gmail.com<br \/>\nDodatne informacije o konkursu i pobjednike prethodnih izdanja mo\u017eete na\u0107i na<br \/>\nfejsbuk stranici projekta www.facebook.com\/PrijedorGradMurala<\/p>\n","protected":false},"excerpt":{"rendered":"<p>Udru\u017eenje likovnih umjetnika Prijedora raspisuje: KONKURS za dodjelu Godi\u0161nje me\u0111unarodne nagrade \u201cPaola de Manincor\u201d za najbolji mural u Prijedoru 2021 UVOD Grad Prijedor unazad vi\u0161e od deceniju i po tijesno [&hellip;]<\/p>\n","protected":false},"author":1,"featured_media":0,"comment_status":"closed","ping_status":"open","sticky":false,"template":"","format":"standard","meta":{"_monsterinsights_skip_tracking":false,"_monsterinsights_sitenote_active":false,"_monsterinsights_sitenote_note":"","_monsterinsights_sitenote_category":0,"footnotes":""},"categories":[6],"tags":[],"yoast_head":"<!-- This site is optimized with the Yoast SEO plugin v21.6 - https:\/\/yoast.com\/wordpress\/plugins\/seo\/ -->\n<title>Raspisan konkurs za dodjelu nagrade &quot;Paola de Manincor&quot; za najbolji mural u Prijedoru 2021 - PrijedorDanas.com - Prijedorski gradski portal<\/title>\n<meta name=\"robots\" content=\"index, follow, max-snippet:-1, max-image-preview:large, max-video-preview:-1\" \/>\n<link rel=\"canonical\" href=\"https:\/\/www.prijedordanas.com\/?p=168528\" \/>\n<meta property=\"og:locale\" content=\"en_US\" \/>\n<meta property=\"og:type\" content=\"article\" \/>\n<meta property=\"og:title\" content=\"Raspisan konkurs za dodjelu nagrade &quot;Paola de Manincor&quot; za najbolji mural u Prijedoru 2021 - PrijedorDanas.com - Prijedorski gradski portal\" \/>\n<meta property=\"og:description\" content=\"Udru\u017eenje likovnih umjetnika Prijedora raspisuje: KONKURS za dodjelu Godi\u0161nje me\u0111unarodne nagrade \u201cPaola de Manincor\u201d za najbolji mural u Prijedoru 2021 UVOD Grad Prijedor unazad vi\u0161e od deceniju i po tijesno [&hellip;]\" \/>\n<meta property=\"og:url\" content=\"https:\/\/www.prijedordanas.com\/?p=168528\" \/>\n<meta property=\"og:site_name\" content=\"PrijedorDanas.com - Prijedorski gradski portal\" \/>\n<meta property=\"article:publisher\" content=\"https:\/\/www.facebook.com\/PrijedorDanasCom\/\" \/>\n<meta property=\"article:published_time\" content=\"2021-06-16T13:21:19+00:00\" \/>\n<meta property=\"og:image\" content=\"https:\/\/www.prijedordanas.com\/wp-content\/uploads\/2021\/06\/mural-2021-lokacija-2-226x300.jpg\" \/>\n<meta name=\"author\" content=\"admin\" \/>\n<meta name=\"twitter:card\" content=\"summary_large_image\" \/>\n<meta name=\"twitter:label1\" content=\"Written by\" \/>\n\t<meta name=\"twitter:data1\" content=\"admin\" \/>\n\t<meta name=\"twitter:label2\" content=\"Est. reading time\" \/>\n\t<meta name=\"twitter:data2\" content=\"3 minutes\" \/>\n<script type=\"application\/ld+json\" class=\"yoast-schema-graph\">{\"@context\":\"https:\/\/schema.org\",\"@graph\":[{\"@type\":\"Article\",\"@id\":\"https:\/\/www.prijedordanas.com\/?p=168528#article\",\"isPartOf\":{\"@id\":\"https:\/\/www.prijedordanas.com\/?p=168528\"},\"author\":{\"name\":\"admin\",\"@id\":\"https:\/\/www.prijedordanas.com\/#\/schema\/person\/4e08ccf29b506ca916ff86d46bb700e6\"},\"headline\":\"Raspisan konkurs za dodjelu nagrade &#8220;Paola de Manincor&#8221; za najbolji mural u Prijedoru 2021\",\"datePublished\":\"2021-06-16T13:21:19+00:00\",\"dateModified\":\"2021-06-16T13:21:19+00:00\",\"mainEntityOfPage\":{\"@id\":\"https:\/\/www.prijedordanas.com\/?p=168528\"},\"wordCount\":682,\"publisher\":{\"@id\":\"https:\/\/www.prijedordanas.com\/#organization\"},\"articleSection\":[\"Kultura\"],\"inLanguage\":\"en-US\"},{\"@type\":\"WebPage\",\"@id\":\"https:\/\/www.prijedordanas.com\/?p=168528\",\"url\":\"https:\/\/www.prijedordanas.com\/?p=168528\",\"name\":\"Raspisan konkurs za dodjelu nagrade \\\"Paola de Manincor\\\" za najbolji mural u Prijedoru 2021 - PrijedorDanas.com - Prijedorski gradski portal\",\"isPartOf\":{\"@id\":\"https:\/\/www.prijedordanas.com\/#website\"},\"datePublished\":\"2021-06-16T13:21:19+00:00\",\"dateModified\":\"2021-06-16T13:21:19+00:00\",\"breadcrumb\":{\"@id\":\"https:\/\/www.prijedordanas.com\/?p=168528#breadcrumb\"},\"inLanguage\":\"en-US\",\"potentialAction\":[{\"@type\":\"ReadAction\",\"target\":[\"https:\/\/www.prijedordanas.com\/?p=168528\"]}]},{\"@type\":\"BreadcrumbList\",\"@id\":\"https:\/\/www.prijedordanas.com\/?p=168528#breadcrumb\",\"itemListElement\":[{\"@type\":\"ListItem\",\"position\":1,\"name\":\"Home\",\"item\":\"https:\/\/www.prijedordanas.com\/\"},{\"@type\":\"ListItem\",\"position\":2,\"name\":\"Raspisan konkurs za dodjelu nagrade &#8220;Paola de Manincor&#8221; za najbolji mural u Prijedoru 2021\"}]},{\"@type\":\"WebSite\",\"@id\":\"https:\/\/www.prijedordanas.com\/#website\",\"url\":\"https:\/\/www.prijedordanas.com\/\",\"name\":\"PrijedorDanas.com - Prijedorski gradski portal\",\"description\":\"Portal o doga\u0111anjima u gradu Prijedoru\",\"publisher\":{\"@id\":\"https:\/\/www.prijedordanas.com\/#organization\"},\"potentialAction\":[{\"@type\":\"SearchAction\",\"target\":{\"@type\":\"EntryPoint\",\"urlTemplate\":\"https:\/\/www.prijedordanas.com\/?s={search_term_string}\"},\"query-input\":\"required name=search_term_string\"}],\"inLanguage\":\"en-US\"},{\"@type\":\"Organization\",\"@id\":\"https:\/\/www.prijedordanas.com\/#organization\",\"name\":\"PrijedorDanas.com\",\"url\":\"https:\/\/www.prijedordanas.com\/\",\"logo\":{\"@type\":\"ImageObject\",\"inLanguage\":\"en-US\",\"@id\":\"https:\/\/www.prijedordanas.com\/#\/schema\/logo\/image\/\",\"url\":\"http:\/\/www.prijedordanas.com\/wp-content\/uploads\/2021\/12\/logopng.png\",\"contentUrl\":\"http:\/\/www.prijedordanas.com\/wp-content\/uploads\/2021\/12\/logopng.png\",\"width\":1019,\"height\":776,\"caption\":\"PrijedorDanas.com\"},\"image\":{\"@id\":\"https:\/\/www.prijedordanas.com\/#\/schema\/logo\/image\/\"},\"sameAs\":[\"https:\/\/www.facebook.com\/PrijedorDanasCom\/\"]},{\"@type\":\"Person\",\"@id\":\"https:\/\/www.prijedordanas.com\/#\/schema\/person\/4e08ccf29b506ca916ff86d46bb700e6\",\"name\":\"admin\",\"image\":{\"@type\":\"ImageObject\",\"inLanguage\":\"en-US\",\"@id\":\"https:\/\/www.prijedordanas.com\/#\/schema\/person\/image\/\",\"url\":\"https:\/\/secure.gravatar.com\/avatar\/1d3fc949d550f0b53a5f0d51e06dfd79?s=96&d=mm&r=g\",\"contentUrl\":\"https:\/\/secure.gravatar.com\/avatar\/1d3fc949d550f0b53a5f0d51e06dfd79?s=96&d=mm&r=g\",\"caption\":\"admin\"},\"url\":\"https:\/\/www.prijedordanas.com\/?author=1\"}]}<\/script>\n<!-- \/ Yoast SEO plugin. -->","yoast_head_json":{"title":"Raspisan konkurs za dodjelu nagrade \"Paola de Manincor\" za najbolji mural u Prijedoru 2021 - PrijedorDanas.com - Prijedorski gradski portal","robots":{"index":"index","follow":"follow","max-snippet":"max-snippet:-1","max-image-preview":"max-image-preview:large","max-video-preview":"max-video-preview:-1"},"canonical":"https:\/\/www.prijedordanas.com\/?p=168528","og_locale":"en_US","og_type":"article","og_title":"Raspisan konkurs za dodjelu nagrade \"Paola de Manincor\" za najbolji mural u Prijedoru 2021 - PrijedorDanas.com - Prijedorski gradski portal","og_description":"Udru\u017eenje likovnih umjetnika Prijedora raspisuje: KONKURS za dodjelu Godi\u0161nje me\u0111unarodne nagrade \u201cPaola de Manincor\u201d za najbolji mural u Prijedoru 2021 UVOD Grad Prijedor unazad vi\u0161e od deceniju i po tijesno [&hellip;]","og_url":"https:\/\/www.prijedordanas.com\/?p=168528","og_site_name":"PrijedorDanas.com - Prijedorski gradski portal","article_publisher":"https:\/\/www.facebook.com\/PrijedorDanasCom\/","article_published_time":"2021-06-16T13:21:19+00:00","og_image":[{"url":"https:\/\/www.prijedordanas.com\/wp-content\/uploads\/2021\/06\/mural-2021-lokacija-2-226x300.jpg"}],"author":"admin","twitter_card":"summary_large_image","twitter_misc":{"Written by":"admin","Est. reading time":"3 minutes"},"schema":{"@context":"https:\/\/schema.org","@graph":[{"@type":"Article","@id":"https:\/\/www.prijedordanas.com\/?p=168528#article","isPartOf":{"@id":"https:\/\/www.prijedordanas.com\/?p=168528"},"author":{"name":"admin","@id":"https:\/\/www.prijedordanas.com\/#\/schema\/person\/4e08ccf29b506ca916ff86d46bb700e6"},"headline":"Raspisan konkurs za dodjelu nagrade &#8220;Paola de Manincor&#8221; za najbolji mural u Prijedoru 2021","datePublished":"2021-06-16T13:21:19+00:00","dateModified":"2021-06-16T13:21:19+00:00","mainEntityOfPage":{"@id":"https:\/\/www.prijedordanas.com\/?p=168528"},"wordCount":682,"publisher":{"@id":"https:\/\/www.prijedordanas.com\/#organization"},"articleSection":["Kultura"],"inLanguage":"en-US"},{"@type":"WebPage","@id":"https:\/\/www.prijedordanas.com\/?p=168528","url":"https:\/\/www.prijedordanas.com\/?p=168528","name":"Raspisan konkurs za dodjelu nagrade \"Paola de Manincor\" za najbolji mural u Prijedoru 2021 - PrijedorDanas.com - Prijedorski gradski portal","isPartOf":{"@id":"https:\/\/www.prijedordanas.com\/#website"},"datePublished":"2021-06-16T13:21:19+00:00","dateModified":"2021-06-16T13:21:19+00:00","breadcrumb":{"@id":"https:\/\/www.prijedordanas.com\/?p=168528#breadcrumb"},"inLanguage":"en-US","potentialAction":[{"@type":"ReadAction","target":["https:\/\/www.prijedordanas.com\/?p=168528"]}]},{"@type":"BreadcrumbList","@id":"https:\/\/www.prijedordanas.com\/?p=168528#breadcrumb","itemListElement":[{"@type":"ListItem","position":1,"name":"Home","item":"https:\/\/www.prijedordanas.com\/"},{"@type":"ListItem","position":2,"name":"Raspisan konkurs za dodjelu nagrade &#8220;Paola de Manincor&#8221; za najbolji mural u Prijedoru 2021"}]},{"@type":"WebSite","@id":"https:\/\/www.prijedordanas.com\/#website","url":"https:\/\/www.prijedordanas.com\/","name":"PrijedorDanas.com - Prijedorski gradski portal","description":"Portal o doga\u0111anjima u gradu Prijedoru","publisher":{"@id":"https:\/\/www.prijedordanas.com\/#organization"},"potentialAction":[{"@type":"SearchAction","target":{"@type":"EntryPoint","urlTemplate":"https:\/\/www.prijedordanas.com\/?s={search_term_string}"},"query-input":"required name=search_term_string"}],"inLanguage":"en-US"},{"@type":"Organization","@id":"https:\/\/www.prijedordanas.com\/#organization","name":"PrijedorDanas.com","url":"https:\/\/www.prijedordanas.com\/","logo":{"@type":"ImageObject","inLanguage":"en-US","@id":"https:\/\/www.prijedordanas.com\/#\/schema\/logo\/image\/","url":"http:\/\/www.prijedordanas.com\/wp-content\/uploads\/2021\/12\/logopng.png","contentUrl":"http:\/\/www.prijedordanas.com\/wp-content\/uploads\/2021\/12\/logopng.png","width":1019,"height":776,"caption":"PrijedorDanas.com"},"image":{"@id":"https:\/\/www.prijedordanas.com\/#\/schema\/logo\/image\/"},"sameAs":["https:\/\/www.facebook.com\/PrijedorDanasCom\/"]},{"@type":"Person","@id":"https:\/\/www.prijedordanas.com\/#\/schema\/person\/4e08ccf29b506ca916ff86d46bb700e6","name":"admin","image":{"@type":"ImageObject","inLanguage":"en-US","@id":"https:\/\/www.prijedordanas.com\/#\/schema\/person\/image\/","url":"https:\/\/secure.gravatar.com\/avatar\/1d3fc949d550f0b53a5f0d51e06dfd79?s=96&d=mm&r=g","contentUrl":"https:\/\/secure.gravatar.com\/avatar\/1d3fc949d550f0b53a5f0d51e06dfd79?s=96&d=mm&r=g","caption":"admin"},"url":"https:\/\/www.prijedordanas.com\/?author=1"}]}},"_links":{"self":[{"href":"https:\/\/www.prijedordanas.com\/index.php?rest_route=\/wp\/v2\/posts\/168528"}],"collection":[{"href":"https:\/\/www.prijedordanas.com\/index.php?rest_route=\/wp\/v2\/posts"}],"about":[{"href":"https:\/\/www.prijedordanas.com\/index.php?rest_route=\/wp\/v2\/types\/post"}],"author":[{"embeddable":true,"href":"https:\/\/www.prijedordanas.com\/index.php?rest_route=\/wp\/v2\/users\/1"}],"replies":[{"embeddable":true,"href":"https:\/\/www.prijedordanas.com\/index.php?rest_route=%2Fwp%2Fv2%2Fcomments&post=168528"}],"version-history":[{"count":1,"href":"https:\/\/www.prijedordanas.com\/index.php?rest_route=\/wp\/v2\/posts\/168528\/revisions"}],"predecessor-version":[{"id":168535,"href":"https:\/\/www.prijedordanas.com\/index.php?rest_route=\/wp\/v2\/posts\/168528\/revisions\/168535"}],"wp:attachment":[{"href":"https:\/\/www.prijedordanas.com\/index.php?rest_route=%2Fwp%2Fv2%2Fmedia&parent=168528"}],"wp:term":[{"taxonomy":"category","embeddable":true,"href":"https:\/\/www.prijedordanas.com\/index.php?rest_route=%2Fwp%2Fv2%2Fcategories&post=168528"},{"taxonomy":"post_tag","embeddable":true,"href":"https:\/\/www.prijedordanas.com\/index.php?rest_route=%2Fwp%2Fv2%2Ftags&post=168528"}],"curies":[{"name":"wp","href":"https:\/\/api.w.org\/{rel}","templated":true}]}}