{"id":168440,"date":"2021-06-15T13:38:32","date_gmt":"2021-06-15T11:38:32","guid":{"rendered":"https:\/\/www.prijedordanas.com\/?p=168440"},"modified":"2021-06-15T13:38:32","modified_gmt":"2021-06-15T11:38:32","slug":"saznajemo-ko-je-usmrtio-djecaka-u-kozarcu-nakon-nesrece-osumnjiceni-se-krio-u-laktasima-foto","status":"publish","type":"post","link":"https:\/\/www.prijedordanas.com\/?p=168440","title":{"rendered":"Saznajemo ko je usmrtio dje\u010daka u Kozarcu: Nakon nesre\u0107e osumnji\u010deni se krio u Lakta\u0161ima &#8211; FOTO"},"content":{"rendered":"<p><a href=\"https:\/\/www.prijedordanas.com\/wp-content\/uploads\/2021\/06\/automobil-koji-je-udario-djecaka-1.jpg\"><img loading=\"lazy\" decoding=\"async\" class=\"alignleft size-medium wp-image-168441\" src=\"https:\/\/www.prijedordanas.com\/wp-content\/uploads\/2021\/06\/automobil-koji-je-udario-djecaka-1-273x300.jpg\" alt=\"\" width=\"273\" height=\"300\" srcset=\"https:\/\/www.prijedordanas.com\/wp-content\/uploads\/2021\/06\/automobil-koji-je-udario-djecaka-1-273x300.jpg 273w, https:\/\/www.prijedordanas.com\/wp-content\/uploads\/2021\/06\/automobil-koji-je-udario-djecaka-1.jpg 545w\" sizes=\"(max-width: 273px) 100vw, 273px\" \/><\/a>Nikola \u0110ur\u0111evi\u0107 iz Prijedora, nakon \u0161to je automobilom usmrtio dje\u010daka u Kozarcu, pobjegao je i sakrio se na podru\u010dju Lakta\u0161a, ali je prona\u0111en i uhap\u0161en, saznaje Srpskainfo.<\/p>\n<p><strong><a href=\"https:\/\/www.prijedordanas.com\/?p=168431\" target=\"_blank\" rel=\"noopener\">Otkrivamo: Uhap\u0161en voza\u010d koji je usmrtio maloljetnog Prijedor\u010danina pa pobjegao<\/a><\/strong><\/p>\n<p>U Policijskoj upravi Prijedor su potvrdili da je uhap\u0161en N. \u0110. zbog postojanja osnova sumnje da je no\u0107as oko 00.50 \u010dasova, u\u010destvovao u saobra\u0107ajnoj nezgodi, u kojoj je maloljetni pje\u0161ak, smrtno stradao, a osumnji\u010deni se sa vozilom udaljio sa lica mjesta.<\/p>\n<p><strong><a href=\"https:\/\/www.prijedordanas.com\/?p=168406\" target=\"_blank\" rel=\"noopener\">Poginuo maloljetni Prijedor\u010danin: Policija traga za voza\u010dem koji ga je udario i pobjegao \u2013 FOTO<\/a><\/strong><\/p>\n<p>-Operativnim radom na terenu policijski slu\u017ebenici su identifikovali i uhapsili N.\u0110. iz Prijedora, koje se nakon saobra\u0107ajne nezgode \u201eaudijem\u201c pobjegao sa lica mjesta. Vozilo osumnji\u010denog prona\u0111eno je na podru\u010dju Op\u0161tine Lakta\u0161i \u2013 rekli su u policiji.<\/p>\n<p><a href=\"https:\/\/www.prijedordanas.com\/wp-content\/uploads\/2021\/06\/automobil-koji-je-udario-djecaka-2.jpg\"><img loading=\"lazy\" decoding=\"async\" class=\"alignleft size-medium wp-image-168442\" src=\"https:\/\/www.prijedordanas.com\/wp-content\/uploads\/2021\/06\/automobil-koji-je-udario-djecaka-2-300x300.jpg\" alt=\"\" width=\"300\" height=\"300\" srcset=\"https:\/\/www.prijedordanas.com\/wp-content\/uploads\/2021\/06\/automobil-koji-je-udario-djecaka-2-300x300.jpg 300w, https:\/\/www.prijedordanas.com\/wp-content\/uploads\/2021\/06\/automobil-koji-je-udario-djecaka-2-150x150.jpg 150w, https:\/\/www.prijedordanas.com\/wp-content\/uploads\/2021\/06\/automobil-koji-je-udario-djecaka-2-50x50.jpg 50w, https:\/\/www.prijedordanas.com\/wp-content\/uploads\/2021\/06\/automobil-koji-je-udario-djecaka-2.jpg 600w\" sizes=\"(max-width: 300px) 100vw, 300px\" \/><\/a><strong><a href=\"https:\/\/www.prijedordanas.com\/?p=168390\" target=\"_blank\" rel=\"noopener\">Te\u0161ka saobra\u0107ajka kod Prijedora: Poginulo jedno lice \u2013 FOTO<\/a><\/strong><\/p>\n<p>O svemu je obavije\u0161ten de\u017eurni tu\u017eilac Okru\u017enog javnog tu\u017eila\u0161tva Prijedor, uz \u010diju saglasnost policijski slu\u017ebenici preduzimaju potrebne mjere i radnje na kompletiranju i dokumentovanju predmeta te podno\u0161enju izvje\u0161taja protiv lica N.\u0110..<\/p>\n<p><strong><a href=\"https:\/\/www.prijedordanas.com\/?p=168436\" target=\"_blank\" rel=\"noopener\">Pored puta na\u0111en prepolovljen bicikl: Nesre\u0107nog dje\u010daka mje\u0161tanin odvezao u bolnicu, ali zbog povreda je ubrzo preminuo \u2013 FOTO<\/a><\/strong><\/p>\n<p>Policijska uprava Prijedor jo\u0161 jednom apeluje na sve u\u010desnike u saobra\u0107aju da po\u0161tuju saobra\u0107ajna pravila i propise, vo\u017enju prilagode uslovima i stanju na putu, te da odgovornim pona\u0161anjem za\u0161tite sebe i druge u\u010desnike u saobra\u0107aju.<\/p>\n<p><a href=\"https:\/\/srpskainfo.com\/saznajemo-ko-je-usmrtio-djecaka-u-kozarcu-nakon-nesrece-osumnjiceni-se-krio-u-laktasima\/\" target=\"_blank\" rel=\"noopener\">srpskainfo.com<\/a><\/p>\n<p><a href=\"https:\/\/www.prijedordanas.com\/wp-content\/uploads\/2021\/06\/saobracajka-kozarac-15juni-10.jpg\"><img loading=\"lazy\" decoding=\"async\" src=\"https:\/\/www.prijedordanas.com\/wp-content\/uploads\/2021\/06\/saobracajka-kozarac-15juni-10-300x225.jpg\" alt=\"\" width=\"300\" height=\"225\" class=\"alignleft size-medium wp-image-168397\" srcset=\"https:\/\/www.prijedordanas.com\/wp-content\/uploads\/2021\/06\/saobracajka-kozarac-15juni-10-300x225.jpg 300w, https:\/\/www.prijedordanas.com\/wp-content\/uploads\/2021\/06\/saobracajka-kozarac-15juni-10-640x480.jpg 640w, https:\/\/www.prijedordanas.com\/wp-content\/uploads\/2021\/06\/saobracajka-kozarac-15juni-10.jpg 667w\" sizes=\"(max-width: 300px) 100vw, 300px\" \/><\/a> <a href=\"https:\/\/www.prijedordanas.com\/wp-content\/uploads\/2021\/06\/saobracajka-kozarac-15juni-3.jpg\"><img loading=\"lazy\" decoding=\"async\" src=\"https:\/\/www.prijedordanas.com\/wp-content\/uploads\/2021\/06\/saobracajka-kozarac-15juni-3-300x225.jpg\" alt=\"\" width=\"300\" height=\"225\" class=\"alignleft size-medium wp-image-168394\" srcset=\"https:\/\/www.prijedordanas.com\/wp-content\/uploads\/2021\/06\/saobracajka-kozarac-15juni-3-300x225.jpg 300w, https:\/\/www.prijedordanas.com\/wp-content\/uploads\/2021\/06\/saobracajka-kozarac-15juni-3-640x480.jpg 640w, https:\/\/www.prijedordanas.com\/wp-content\/uploads\/2021\/06\/saobracajka-kozarac-15juni-3.jpg 667w\" sizes=\"(max-width: 300px) 100vw, 300px\" \/><\/a> <a href=\"https:\/\/www.prijedordanas.com\/wp-content\/uploads\/2021\/06\/saobracajka-kozarac-15juni-5.jpg\"><img loading=\"lazy\" decoding=\"async\" src=\"https:\/\/www.prijedordanas.com\/wp-content\/uploads\/2021\/06\/saobracajka-kozarac-15juni-5-300x225.jpg\" alt=\"\" width=\"300\" height=\"225\" class=\"alignleft size-medium wp-image-168396\" srcset=\"https:\/\/www.prijedordanas.com\/wp-content\/uploads\/2021\/06\/saobracajka-kozarac-15juni-5-300x225.jpg 300w, https:\/\/www.prijedordanas.com\/wp-content\/uploads\/2021\/06\/saobracajka-kozarac-15juni-5-640x480.jpg 640w, https:\/\/www.prijedordanas.com\/wp-content\/uploads\/2021\/06\/saobracajka-kozarac-15juni-5.jpg 667w\" sizes=\"(max-width: 300px) 100vw, 300px\" \/><\/a><\/p>\n","protected":false},"excerpt":{"rendered":"<p>Nikola \u0110ur\u0111evi\u0107 iz Prijedora, nakon \u0161to je automobilom usmrtio dje\u010daka u Kozarcu, pobjegao je i sakrio se na podru\u010dju Lakta\u0161a, ali je prona\u0111en i uhap\u0161en, saznaje Srpskainfo. Otkrivamo: Uhap\u0161en voza\u010d [&hellip;]<\/p>\n","protected":false},"author":1,"featured_media":0,"comment_status":"closed","ping_status":"open","sticky":false,"template":"","format":"standard","meta":{"_monsterinsights_skip_tracking":false,"_monsterinsights_sitenote_active":false,"_monsterinsights_sitenote_note":"","_monsterinsights_sitenote_category":0,"footnotes":""},"categories":[5],"tags":[],"yoast_head":"<!-- This site is optimized with the Yoast SEO plugin v21.6 - https:\/\/yoast.com\/wordpress\/plugins\/seo\/ -->\n<title>Saznajemo ko je usmrtio dje\u010daka u Kozarcu: Nakon nesre\u0107e osumnji\u010deni se krio u Lakta\u0161ima - FOTO - PrijedorDanas.com - Prijedorski gradski portal<\/title>\n<meta name=\"robots\" content=\"index, follow, max-snippet:-1, max-image-preview:large, max-video-preview:-1\" \/>\n<link rel=\"canonical\" href=\"https:\/\/www.prijedordanas.com\/?p=168440\" \/>\n<meta property=\"og:locale\" content=\"en_US\" \/>\n<meta property=\"og:type\" content=\"article\" \/>\n<meta property=\"og:title\" content=\"Saznajemo ko je usmrtio dje\u010daka u Kozarcu: Nakon nesre\u0107e osumnji\u010deni se krio u Lakta\u0161ima - FOTO - PrijedorDanas.com - Prijedorski gradski portal\" \/>\n<meta property=\"og:description\" content=\"Nikola \u0110ur\u0111evi\u0107 iz Prijedora, nakon \u0161to je automobilom usmrtio dje\u010daka u Kozarcu, pobjegao je i sakrio se na podru\u010dju Lakta\u0161a, ali je prona\u0111en i uhap\u0161en, saznaje Srpskainfo. Otkrivamo: Uhap\u0161en voza\u010d [&hellip;]\" \/>\n<meta property=\"og:url\" content=\"https:\/\/www.prijedordanas.com\/?p=168440\" \/>\n<meta property=\"og:site_name\" content=\"PrijedorDanas.com - Prijedorski gradski portal\" \/>\n<meta property=\"article:publisher\" content=\"https:\/\/www.facebook.com\/PrijedorDanasCom\/\" \/>\n<meta property=\"article:published_time\" content=\"2021-06-15T11:38:32+00:00\" \/>\n<meta property=\"og:image\" content=\"https:\/\/www.prijedordanas.com\/wp-content\/uploads\/2021\/06\/automobil-koji-je-udario-djecaka-1-273x300.jpg\" \/>\n<meta name=\"author\" content=\"admin\" \/>\n<meta name=\"twitter:card\" content=\"summary_large_image\" \/>\n<meta name=\"twitter:label1\" content=\"Written by\" \/>\n\t<meta name=\"twitter:data1\" content=\"admin\" \/>\n\t<meta name=\"twitter:label2\" content=\"Est. reading time\" \/>\n\t<meta name=\"twitter:data2\" content=\"2 minutes\" \/>\n<script type=\"application\/ld+json\" class=\"yoast-schema-graph\">{\"@context\":\"https:\/\/schema.org\",\"@graph\":[{\"@type\":\"Article\",\"@id\":\"https:\/\/www.prijedordanas.com\/?p=168440#article\",\"isPartOf\":{\"@id\":\"https:\/\/www.prijedordanas.com\/?p=168440\"},\"author\":{\"name\":\"admin\",\"@id\":\"https:\/\/www.prijedordanas.com\/#\/schema\/person\/4e08ccf29b506ca916ff86d46bb700e6\"},\"headline\":\"Saznajemo ko je usmrtio dje\u010daka u Kozarcu: Nakon nesre\u0107e osumnji\u010deni se krio u Lakta\u0161ima &#8211; FOTO\",\"datePublished\":\"2021-06-15T11:38:32+00:00\",\"dateModified\":\"2021-06-15T11:38:32+00:00\",\"mainEntityOfPage\":{\"@id\":\"https:\/\/www.prijedordanas.com\/?p=168440\"},\"wordCount\":286,\"publisher\":{\"@id\":\"https:\/\/www.prijedordanas.com\/#organization\"},\"articleSection\":[\"Hronika\"],\"inLanguage\":\"en-US\"},{\"@type\":\"WebPage\",\"@id\":\"https:\/\/www.prijedordanas.com\/?p=168440\",\"url\":\"https:\/\/www.prijedordanas.com\/?p=168440\",\"name\":\"Saznajemo ko je usmrtio dje\u010daka u Kozarcu: Nakon nesre\u0107e osumnji\u010deni se krio u Lakta\u0161ima - FOTO - PrijedorDanas.com - Prijedorski gradski portal\",\"isPartOf\":{\"@id\":\"https:\/\/www.prijedordanas.com\/#website\"},\"datePublished\":\"2021-06-15T11:38:32+00:00\",\"dateModified\":\"2021-06-15T11:38:32+00:00\",\"breadcrumb\":{\"@id\":\"https:\/\/www.prijedordanas.com\/?p=168440#breadcrumb\"},\"inLanguage\":\"en-US\",\"potentialAction\":[{\"@type\":\"ReadAction\",\"target\":[\"https:\/\/www.prijedordanas.com\/?p=168440\"]}]},{\"@type\":\"BreadcrumbList\",\"@id\":\"https:\/\/www.prijedordanas.com\/?p=168440#breadcrumb\",\"itemListElement\":[{\"@type\":\"ListItem\",\"position\":1,\"name\":\"Home\",\"item\":\"https:\/\/www.prijedordanas.com\/\"},{\"@type\":\"ListItem\",\"position\":2,\"name\":\"Saznajemo ko je usmrtio dje\u010daka u Kozarcu: Nakon nesre\u0107e osumnji\u010deni se krio u Lakta\u0161ima &#8211; FOTO\"}]},{\"@type\":\"WebSite\",\"@id\":\"https:\/\/www.prijedordanas.com\/#website\",\"url\":\"https:\/\/www.prijedordanas.com\/\",\"name\":\"PrijedorDanas.com - Prijedorski gradski portal\",\"description\":\"Portal o doga\u0111anjima u gradu Prijedoru\",\"publisher\":{\"@id\":\"https:\/\/www.prijedordanas.com\/#organization\"},\"potentialAction\":[{\"@type\":\"SearchAction\",\"target\":{\"@type\":\"EntryPoint\",\"urlTemplate\":\"https:\/\/www.prijedordanas.com\/?s={search_term_string}\"},\"query-input\":\"required name=search_term_string\"}],\"inLanguage\":\"en-US\"},{\"@type\":\"Organization\",\"@id\":\"https:\/\/www.prijedordanas.com\/#organization\",\"name\":\"PrijedorDanas.com\",\"url\":\"https:\/\/www.prijedordanas.com\/\",\"logo\":{\"@type\":\"ImageObject\",\"inLanguage\":\"en-US\",\"@id\":\"https:\/\/www.prijedordanas.com\/#\/schema\/logo\/image\/\",\"url\":\"http:\/\/www.prijedordanas.com\/wp-content\/uploads\/2021\/12\/logopng.png\",\"contentUrl\":\"http:\/\/www.prijedordanas.com\/wp-content\/uploads\/2021\/12\/logopng.png\",\"width\":1019,\"height\":776,\"caption\":\"PrijedorDanas.com\"},\"image\":{\"@id\":\"https:\/\/www.prijedordanas.com\/#\/schema\/logo\/image\/\"},\"sameAs\":[\"https:\/\/www.facebook.com\/PrijedorDanasCom\/\"]},{\"@type\":\"Person\",\"@id\":\"https:\/\/www.prijedordanas.com\/#\/schema\/person\/4e08ccf29b506ca916ff86d46bb700e6\",\"name\":\"admin\",\"image\":{\"@type\":\"ImageObject\",\"inLanguage\":\"en-US\",\"@id\":\"https:\/\/www.prijedordanas.com\/#\/schema\/person\/image\/\",\"url\":\"https:\/\/secure.gravatar.com\/avatar\/1d3fc949d550f0b53a5f0d51e06dfd79?s=96&d=mm&r=g\",\"contentUrl\":\"https:\/\/secure.gravatar.com\/avatar\/1d3fc949d550f0b53a5f0d51e06dfd79?s=96&d=mm&r=g\",\"caption\":\"admin\"},\"url\":\"https:\/\/www.prijedordanas.com\/?author=1\"}]}<\/script>\n<!-- \/ Yoast SEO plugin. -->","yoast_head_json":{"title":"Saznajemo ko je usmrtio dje\u010daka u Kozarcu: Nakon nesre\u0107e osumnji\u010deni se krio u Lakta\u0161ima - FOTO - PrijedorDanas.com - Prijedorski gradski portal","robots":{"index":"index","follow":"follow","max-snippet":"max-snippet:-1","max-image-preview":"max-image-preview:large","max-video-preview":"max-video-preview:-1"},"canonical":"https:\/\/www.prijedordanas.com\/?p=168440","og_locale":"en_US","og_type":"article","og_title":"Saznajemo ko je usmrtio dje\u010daka u Kozarcu: Nakon nesre\u0107e osumnji\u010deni se krio u Lakta\u0161ima - FOTO - PrijedorDanas.com - Prijedorski gradski portal","og_description":"Nikola \u0110ur\u0111evi\u0107 iz Prijedora, nakon \u0161to je automobilom usmrtio dje\u010daka u Kozarcu, pobjegao je i sakrio se na podru\u010dju Lakta\u0161a, ali je prona\u0111en i uhap\u0161en, saznaje Srpskainfo. Otkrivamo: Uhap\u0161en voza\u010d [&hellip;]","og_url":"https:\/\/www.prijedordanas.com\/?p=168440","og_site_name":"PrijedorDanas.com - Prijedorski gradski portal","article_publisher":"https:\/\/www.facebook.com\/PrijedorDanasCom\/","article_published_time":"2021-06-15T11:38:32+00:00","og_image":[{"url":"https:\/\/www.prijedordanas.com\/wp-content\/uploads\/2021\/06\/automobil-koji-je-udario-djecaka-1-273x300.jpg"}],"author":"admin","twitter_card":"summary_large_image","twitter_misc":{"Written by":"admin","Est. reading time":"2 minutes"},"schema":{"@context":"https:\/\/schema.org","@graph":[{"@type":"Article","@id":"https:\/\/www.prijedordanas.com\/?p=168440#article","isPartOf":{"@id":"https:\/\/www.prijedordanas.com\/?p=168440"},"author":{"name":"admin","@id":"https:\/\/www.prijedordanas.com\/#\/schema\/person\/4e08ccf29b506ca916ff86d46bb700e6"},"headline":"Saznajemo ko je usmrtio dje\u010daka u Kozarcu: Nakon nesre\u0107e osumnji\u010deni se krio u Lakta\u0161ima &#8211; FOTO","datePublished":"2021-06-15T11:38:32+00:00","dateModified":"2021-06-15T11:38:32+00:00","mainEntityOfPage":{"@id":"https:\/\/www.prijedordanas.com\/?p=168440"},"wordCount":286,"publisher":{"@id":"https:\/\/www.prijedordanas.com\/#organization"},"articleSection":["Hronika"],"inLanguage":"en-US"},{"@type":"WebPage","@id":"https:\/\/www.prijedordanas.com\/?p=168440","url":"https:\/\/www.prijedordanas.com\/?p=168440","name":"Saznajemo ko je usmrtio dje\u010daka u Kozarcu: Nakon nesre\u0107e osumnji\u010deni se krio u Lakta\u0161ima - FOTO - PrijedorDanas.com - Prijedorski gradski portal","isPartOf":{"@id":"https:\/\/www.prijedordanas.com\/#website"},"datePublished":"2021-06-15T11:38:32+00:00","dateModified":"2021-06-15T11:38:32+00:00","breadcrumb":{"@id":"https:\/\/www.prijedordanas.com\/?p=168440#breadcrumb"},"inLanguage":"en-US","potentialAction":[{"@type":"ReadAction","target":["https:\/\/www.prijedordanas.com\/?p=168440"]}]},{"@type":"BreadcrumbList","@id":"https:\/\/www.prijedordanas.com\/?p=168440#breadcrumb","itemListElement":[{"@type":"ListItem","position":1,"name":"Home","item":"https:\/\/www.prijedordanas.com\/"},{"@type":"ListItem","position":2,"name":"Saznajemo ko je usmrtio dje\u010daka u Kozarcu: Nakon nesre\u0107e osumnji\u010deni se krio u Lakta\u0161ima &#8211; FOTO"}]},{"@type":"WebSite","@id":"https:\/\/www.prijedordanas.com\/#website","url":"https:\/\/www.prijedordanas.com\/","name":"PrijedorDanas.com - Prijedorski gradski portal","description":"Portal o doga\u0111anjima u gradu Prijedoru","publisher":{"@id":"https:\/\/www.prijedordanas.com\/#organization"},"potentialAction":[{"@type":"SearchAction","target":{"@type":"EntryPoint","urlTemplate":"https:\/\/www.prijedordanas.com\/?s={search_term_string}"},"query-input":"required name=search_term_string"}],"inLanguage":"en-US"},{"@type":"Organization","@id":"https:\/\/www.prijedordanas.com\/#organization","name":"PrijedorDanas.com","url":"https:\/\/www.prijedordanas.com\/","logo":{"@type":"ImageObject","inLanguage":"en-US","@id":"https:\/\/www.prijedordanas.com\/#\/schema\/logo\/image\/","url":"http:\/\/www.prijedordanas.com\/wp-content\/uploads\/2021\/12\/logopng.png","contentUrl":"http:\/\/www.prijedordanas.com\/wp-content\/uploads\/2021\/12\/logopng.png","width":1019,"height":776,"caption":"PrijedorDanas.com"},"image":{"@id":"https:\/\/www.prijedordanas.com\/#\/schema\/logo\/image\/"},"sameAs":["https:\/\/www.facebook.com\/PrijedorDanasCom\/"]},{"@type":"Person","@id":"https:\/\/www.prijedordanas.com\/#\/schema\/person\/4e08ccf29b506ca916ff86d46bb700e6","name":"admin","image":{"@type":"ImageObject","inLanguage":"en-US","@id":"https:\/\/www.prijedordanas.com\/#\/schema\/person\/image\/","url":"https:\/\/secure.gravatar.com\/avatar\/1d3fc949d550f0b53a5f0d51e06dfd79?s=96&d=mm&r=g","contentUrl":"https:\/\/secure.gravatar.com\/avatar\/1d3fc949d550f0b53a5f0d51e06dfd79?s=96&d=mm&r=g","caption":"admin"},"url":"https:\/\/www.prijedordanas.com\/?author=1"}]}},"_links":{"self":[{"href":"https:\/\/www.prijedordanas.com\/index.php?rest_route=\/wp\/v2\/posts\/168440"}],"collection":[{"href":"https:\/\/www.prijedordanas.com\/index.php?rest_route=\/wp\/v2\/posts"}],"about":[{"href":"https:\/\/www.prijedordanas.com\/index.php?rest_route=\/wp\/v2\/types\/post"}],"author":[{"embeddable":true,"href":"https:\/\/www.prijedordanas.com\/index.php?rest_route=\/wp\/v2\/users\/1"}],"replies":[{"embeddable":true,"href":"https:\/\/www.prijedordanas.com\/index.php?rest_route=%2Fwp%2Fv2%2Fcomments&post=168440"}],"version-history":[{"count":2,"href":"https:\/\/www.prijedordanas.com\/index.php?rest_route=\/wp\/v2\/posts\/168440\/revisions"}],"predecessor-version":[{"id":168488,"href":"https:\/\/www.prijedordanas.com\/index.php?rest_route=\/wp\/v2\/posts\/168440\/revisions\/168488"}],"wp:attachment":[{"href":"https:\/\/www.prijedordanas.com\/index.php?rest_route=%2Fwp%2Fv2%2Fmedia&parent=168440"}],"wp:term":[{"taxonomy":"category","embeddable":true,"href":"https:\/\/www.prijedordanas.com\/index.php?rest_route=%2Fwp%2Fv2%2Fcategories&post=168440"},{"taxonomy":"post_tag","embeddable":true,"href":"https:\/\/www.prijedordanas.com\/index.php?rest_route=%2Fwp%2Fv2%2Ftags&post=168440"}],"curies":[{"name":"wp","href":"https:\/\/api.w.org\/{rel}","templated":true}]}}