{"id":168436,"date":"2021-06-15T13:22:02","date_gmt":"2021-06-15T11:22:02","guid":{"rendered":"https:\/\/www.prijedordanas.com\/?p=168436"},"modified":"2021-06-15T13:22:02","modified_gmt":"2021-06-15T11:22:02","slug":"pored-puta-naden-prepolovljen-bicikl-nesrecnog-djecaka-mjestanin-odvezao-u-bolnicu-ali-zbog-povreda-je-ubrzo-preminuo-foto","status":"publish","type":"post","link":"https:\/\/www.prijedordanas.com\/?p=168436","title":{"rendered":"Pored puta na\u0111en prepolovljen bicikl: Nesre\u0107nog dje\u010daka mje\u0161tanin odvezao u bolnicu, ali zbog povreda je ubrzo preminuo &#8211; FOTO"},"content":{"rendered":"<p><a href=\"https:\/\/www.prijedordanas.com\/wp-content\/uploads\/2021\/06\/saobracajka-kozarac-15juni-4.jpg\"><img loading=\"lazy\" decoding=\"async\" class=\"alignleft size-medium wp-image-168395\" src=\"https:\/\/www.prijedordanas.com\/wp-content\/uploads\/2021\/06\/saobracajka-kozarac-15juni-4-300x225.jpg\" alt=\"\" width=\"300\" height=\"225\" srcset=\"https:\/\/www.prijedordanas.com\/wp-content\/uploads\/2021\/06\/saobracajka-kozarac-15juni-4-300x225.jpg 300w, https:\/\/www.prijedordanas.com\/wp-content\/uploads\/2021\/06\/saobracajka-kozarac-15juni-4-640x480.jpg 640w, https:\/\/www.prijedordanas.com\/wp-content\/uploads\/2021\/06\/saobracajka-kozarac-15juni-4.jpg 667w\" sizes=\"(max-width: 300px) 100vw, 300px\" \/><\/a>Nakon \u0161to je dje\u010daka u Prijedoru udario automobil, a voza\u010d pobjegao, mje\u0161tanin koji se tu zatekao stavio je maloljetnika u svoj autmobil i odvezao u bolnicu.<\/p>\n<p>Kako je Srpskainfo ranije objavila, voza\u010d je nedavno uhap\u0161en i trenutno se nalazi na kriminalisti\u010dkoj obradi u policiji.<\/p>\n<p><strong><a href=\"https:\/\/www.prijedordanas.com\/?p=168431\" target=\"_blank\" rel=\"noopener\">Otkrivamo: Uhap\u0161en voza\u010d koji je usmrtio maloljetnog Prijedor\u010danina pa pobjegao<\/a><\/strong><\/p>\n<p>Nesre\u0107a se desila sino\u0107 oko pono\u0107i, dok je se nesretni dje\u010dak sa bratom i drugom \u0161etao kraj puta u mjestu Kozarac kod Prijedora.<\/p>\n<p><a href=\"https:\/\/www.prijedordanas.com\/wp-content\/uploads\/2021\/06\/saobracajka-kozarac-15juni-5.jpg\"><img loading=\"lazy\" decoding=\"async\" class=\"alignleft size-medium wp-image-168396\" src=\"https:\/\/www.prijedordanas.com\/wp-content\/uploads\/2021\/06\/saobracajka-kozarac-15juni-5-300x225.jpg\" alt=\"\" width=\"300\" height=\"225\" srcset=\"https:\/\/www.prijedordanas.com\/wp-content\/uploads\/2021\/06\/saobracajka-kozarac-15juni-5-300x225.jpg 300w, https:\/\/www.prijedordanas.com\/wp-content\/uploads\/2021\/06\/saobracajka-kozarac-15juni-5-640x480.jpg 640w, https:\/\/www.prijedordanas.com\/wp-content\/uploads\/2021\/06\/saobracajka-kozarac-15juni-5.jpg 667w\" sizes=\"(max-width: 300px) 100vw, 300px\" \/><\/a>Oni su i\u0161li ivicom putom kada je dje\u010daka udario automobil, a njegovog brata zaka\u010dio retrovizorom.<\/p>\n<p><strong><a href=\"https:\/\/www.prijedordanas.com\/?p=168406\" target=\"_blank\" rel=\"noopener\">Poginuo maloljetni Prijedor\u010danin: Policija traga za voza\u010dem koji ga je udario i pobjegao \u2013 FOTO<\/a><\/strong><\/p>\n<p>Koliko je bio jak udar govori i podatak da je u kanalu pored puta prona\u0111en i bicikl, koji su koristili dje\u010daci, a koji je od udraca prepolovljen.<\/p>\n<p>Na mjestu nesre\u0107e na\u0111eno je i vi\u0161e dijelova automobila, pa se pretpostavljalo da je bahati voza\u010d vozio \u201eaudi\u201c.<\/p>\n<p><strong><a href=\"https:\/\/www.prijedordanas.com\/?p=168390\" target=\"_blank\" rel=\"noopener\">Te\u0161ka saobra\u0107ajka kod Prijedora: Poginulo jedno lice \u2013 FOTO<\/a><\/strong><\/p>\n<p>Od zadobijenih povreda, dje\u010dak je isto ve\u010de preminuo u bolnici.<\/p>\n<p><a href=\"https:\/\/srpskainfo.com\/pored-puta-pronaden-prepolovljen-bicikl-nesrecnog-djecaka-mjestanin-odvezao-u-bolnicu-ali-zbog-povreda-je-ubrzo-preminuo-foto\/\" target=\"_blank\" rel=\"noopener\">srpskainfo.com<\/a><\/p>\n<p><a href=\"https:\/\/www.prijedordanas.com\/wp-content\/uploads\/2021\/06\/saobracajka-kozarac-15juni-1.jpg\"><img loading=\"lazy\" decoding=\"async\" class=\"alignleft size-medium wp-image-168393\" src=\"https:\/\/www.prijedordanas.com\/wp-content\/uploads\/2021\/06\/saobracajka-kozarac-15juni-1-300x225.jpg\" alt=\"\" width=\"300\" height=\"225\" srcset=\"https:\/\/www.prijedordanas.com\/wp-content\/uploads\/2021\/06\/saobracajka-kozarac-15juni-1-300x225.jpg 300w, https:\/\/www.prijedordanas.com\/wp-content\/uploads\/2021\/06\/saobracajka-kozarac-15juni-1-640x480.jpg 640w, https:\/\/www.prijedordanas.com\/wp-content\/uploads\/2021\/06\/saobracajka-kozarac-15juni-1.jpg 667w\" sizes=\"(max-width: 300px) 100vw, 300px\" \/><\/a> <a href=\"https:\/\/www.prijedordanas.com\/wp-content\/uploads\/2021\/06\/saobracajka-kozarac-15juni-3.jpg\"><img loading=\"lazy\" decoding=\"async\" class=\"alignleft size-medium wp-image-168394\" src=\"https:\/\/www.prijedordanas.com\/wp-content\/uploads\/2021\/06\/saobracajka-kozarac-15juni-3-300x225.jpg\" alt=\"\" width=\"300\" height=\"225\" srcset=\"https:\/\/www.prijedordanas.com\/wp-content\/uploads\/2021\/06\/saobracajka-kozarac-15juni-3-300x225.jpg 300w, https:\/\/www.prijedordanas.com\/wp-content\/uploads\/2021\/06\/saobracajka-kozarac-15juni-3-640x480.jpg 640w, https:\/\/www.prijedordanas.com\/wp-content\/uploads\/2021\/06\/saobracajka-kozarac-15juni-3.jpg 667w\" sizes=\"(max-width: 300px) 100vw, 300px\" \/><\/a><\/p>\n","protected":false},"excerpt":{"rendered":"<p>Nakon \u0161to je dje\u010daka u Prijedoru udario automobil, a voza\u010d pobjegao, mje\u0161tanin koji se tu zatekao stavio je maloljetnika u svoj autmobil i odvezao u bolnicu. Kako je Srpskainfo ranije [&hellip;]<\/p>\n","protected":false},"author":1,"featured_media":0,"comment_status":"closed","ping_status":"open","sticky":false,"template":"","format":"standard","meta":{"_monsterinsights_skip_tracking":false,"_monsterinsights_sitenote_active":false,"_monsterinsights_sitenote_note":"","_monsterinsights_sitenote_category":0,"footnotes":""},"categories":[5],"tags":[],"yoast_head":"<!-- This site is optimized with the Yoast SEO plugin v21.6 - https:\/\/yoast.com\/wordpress\/plugins\/seo\/ -->\n<title>Pored puta na\u0111en prepolovljen bicikl: Nesre\u0107nog dje\u010daka mje\u0161tanin odvezao u bolnicu, ali zbog povreda je ubrzo preminuo - FOTO - PrijedorDanas.com - Prijedorski gradski portal<\/title>\n<meta name=\"robots\" content=\"index, follow, max-snippet:-1, max-image-preview:large, max-video-preview:-1\" \/>\n<link rel=\"canonical\" href=\"https:\/\/www.prijedordanas.com\/?p=168436\" \/>\n<meta property=\"og:locale\" content=\"en_US\" \/>\n<meta property=\"og:type\" content=\"article\" \/>\n<meta property=\"og:title\" content=\"Pored puta na\u0111en prepolovljen bicikl: Nesre\u0107nog dje\u010daka mje\u0161tanin odvezao u bolnicu, ali zbog povreda je ubrzo preminuo - FOTO - PrijedorDanas.com - Prijedorski gradski portal\" \/>\n<meta property=\"og:description\" content=\"Nakon \u0161to je dje\u010daka u Prijedoru udario automobil, a voza\u010d pobjegao, mje\u0161tanin koji se tu zatekao stavio je maloljetnika u svoj autmobil i odvezao u bolnicu. Kako je Srpskainfo ranije [&hellip;]\" \/>\n<meta property=\"og:url\" content=\"https:\/\/www.prijedordanas.com\/?p=168436\" \/>\n<meta property=\"og:site_name\" content=\"PrijedorDanas.com - Prijedorski gradski portal\" \/>\n<meta property=\"article:publisher\" content=\"https:\/\/www.facebook.com\/PrijedorDanasCom\/\" \/>\n<meta property=\"article:published_time\" content=\"2021-06-15T11:22:02+00:00\" \/>\n<meta property=\"og:image\" content=\"https:\/\/www.prijedordanas.com\/wp-content\/uploads\/2021\/06\/saobracajka-kozarac-15juni-4-300x225.jpg\" \/>\n<meta name=\"author\" content=\"admin\" \/>\n<meta name=\"twitter:card\" content=\"summary_large_image\" \/>\n<meta name=\"twitter:label1\" content=\"Written by\" \/>\n\t<meta name=\"twitter:data1\" content=\"admin\" \/>\n\t<meta name=\"twitter:label2\" content=\"Est. reading time\" \/>\n\t<meta name=\"twitter:data2\" content=\"2 minutes\" \/>\n<script type=\"application\/ld+json\" class=\"yoast-schema-graph\">{\"@context\":\"https:\/\/schema.org\",\"@graph\":[{\"@type\":\"Article\",\"@id\":\"https:\/\/www.prijedordanas.com\/?p=168436#article\",\"isPartOf\":{\"@id\":\"https:\/\/www.prijedordanas.com\/?p=168436\"},\"author\":{\"name\":\"admin\",\"@id\":\"https:\/\/www.prijedordanas.com\/#\/schema\/person\/4e08ccf29b506ca916ff86d46bb700e6\"},\"headline\":\"Pored puta na\u0111en prepolovljen bicikl: Nesre\u0107nog dje\u010daka mje\u0161tanin odvezao u bolnicu, ali zbog povreda je ubrzo preminuo &#8211; FOTO\",\"datePublished\":\"2021-06-15T11:22:02+00:00\",\"dateModified\":\"2021-06-15T11:22:02+00:00\",\"mainEntityOfPage\":{\"@id\":\"https:\/\/www.prijedordanas.com\/?p=168436\"},\"wordCount\":217,\"publisher\":{\"@id\":\"https:\/\/www.prijedordanas.com\/#organization\"},\"articleSection\":[\"Hronika\"],\"inLanguage\":\"en-US\"},{\"@type\":\"WebPage\",\"@id\":\"https:\/\/www.prijedordanas.com\/?p=168436\",\"url\":\"https:\/\/www.prijedordanas.com\/?p=168436\",\"name\":\"Pored puta na\u0111en prepolovljen bicikl: Nesre\u0107nog dje\u010daka mje\u0161tanin odvezao u bolnicu, ali zbog povreda je ubrzo preminuo - FOTO - PrijedorDanas.com - Prijedorski gradski portal\",\"isPartOf\":{\"@id\":\"https:\/\/www.prijedordanas.com\/#website\"},\"datePublished\":\"2021-06-15T11:22:02+00:00\",\"dateModified\":\"2021-06-15T11:22:02+00:00\",\"breadcrumb\":{\"@id\":\"https:\/\/www.prijedordanas.com\/?p=168436#breadcrumb\"},\"inLanguage\":\"en-US\",\"potentialAction\":[{\"@type\":\"ReadAction\",\"target\":[\"https:\/\/www.prijedordanas.com\/?p=168436\"]}]},{\"@type\":\"BreadcrumbList\",\"@id\":\"https:\/\/www.prijedordanas.com\/?p=168436#breadcrumb\",\"itemListElement\":[{\"@type\":\"ListItem\",\"position\":1,\"name\":\"Home\",\"item\":\"https:\/\/www.prijedordanas.com\/\"},{\"@type\":\"ListItem\",\"position\":2,\"name\":\"Pored puta na\u0111en prepolovljen bicikl: Nesre\u0107nog dje\u010daka mje\u0161tanin odvezao u bolnicu, ali zbog povreda je ubrzo preminuo &#8211; FOTO\"}]},{\"@type\":\"WebSite\",\"@id\":\"https:\/\/www.prijedordanas.com\/#website\",\"url\":\"https:\/\/www.prijedordanas.com\/\",\"name\":\"PrijedorDanas.com - Prijedorski gradski portal\",\"description\":\"Portal o doga\u0111anjima u gradu Prijedoru\",\"publisher\":{\"@id\":\"https:\/\/www.prijedordanas.com\/#organization\"},\"potentialAction\":[{\"@type\":\"SearchAction\",\"target\":{\"@type\":\"EntryPoint\",\"urlTemplate\":\"https:\/\/www.prijedordanas.com\/?s={search_term_string}\"},\"query-input\":\"required name=search_term_string\"}],\"inLanguage\":\"en-US\"},{\"@type\":\"Organization\",\"@id\":\"https:\/\/www.prijedordanas.com\/#organization\",\"name\":\"PrijedorDanas.com\",\"url\":\"https:\/\/www.prijedordanas.com\/\",\"logo\":{\"@type\":\"ImageObject\",\"inLanguage\":\"en-US\",\"@id\":\"https:\/\/www.prijedordanas.com\/#\/schema\/logo\/image\/\",\"url\":\"http:\/\/www.prijedordanas.com\/wp-content\/uploads\/2021\/12\/logopng.png\",\"contentUrl\":\"http:\/\/www.prijedordanas.com\/wp-content\/uploads\/2021\/12\/logopng.png\",\"width\":1019,\"height\":776,\"caption\":\"PrijedorDanas.com\"},\"image\":{\"@id\":\"https:\/\/www.prijedordanas.com\/#\/schema\/logo\/image\/\"},\"sameAs\":[\"https:\/\/www.facebook.com\/PrijedorDanasCom\/\"]},{\"@type\":\"Person\",\"@id\":\"https:\/\/www.prijedordanas.com\/#\/schema\/person\/4e08ccf29b506ca916ff86d46bb700e6\",\"name\":\"admin\",\"image\":{\"@type\":\"ImageObject\",\"inLanguage\":\"en-US\",\"@id\":\"https:\/\/www.prijedordanas.com\/#\/schema\/person\/image\/\",\"url\":\"https:\/\/secure.gravatar.com\/avatar\/1d3fc949d550f0b53a5f0d51e06dfd79?s=96&d=mm&r=g\",\"contentUrl\":\"https:\/\/secure.gravatar.com\/avatar\/1d3fc949d550f0b53a5f0d51e06dfd79?s=96&d=mm&r=g\",\"caption\":\"admin\"},\"url\":\"https:\/\/www.prijedordanas.com\/?author=1\"}]}<\/script>\n<!-- \/ Yoast SEO plugin. -->","yoast_head_json":{"title":"Pored puta na\u0111en prepolovljen bicikl: Nesre\u0107nog dje\u010daka mje\u0161tanin odvezao u bolnicu, ali zbog povreda je ubrzo preminuo - FOTO - PrijedorDanas.com - Prijedorski gradski portal","robots":{"index":"index","follow":"follow","max-snippet":"max-snippet:-1","max-image-preview":"max-image-preview:large","max-video-preview":"max-video-preview:-1"},"canonical":"https:\/\/www.prijedordanas.com\/?p=168436","og_locale":"en_US","og_type":"article","og_title":"Pored puta na\u0111en prepolovljen bicikl: Nesre\u0107nog dje\u010daka mje\u0161tanin odvezao u bolnicu, ali zbog povreda je ubrzo preminuo - FOTO - PrijedorDanas.com - Prijedorski gradski portal","og_description":"Nakon \u0161to je dje\u010daka u Prijedoru udario automobil, a voza\u010d pobjegao, mje\u0161tanin koji se tu zatekao stavio je maloljetnika u svoj autmobil i odvezao u bolnicu. Kako je Srpskainfo ranije [&hellip;]","og_url":"https:\/\/www.prijedordanas.com\/?p=168436","og_site_name":"PrijedorDanas.com - Prijedorski gradski portal","article_publisher":"https:\/\/www.facebook.com\/PrijedorDanasCom\/","article_published_time":"2021-06-15T11:22:02+00:00","og_image":[{"url":"https:\/\/www.prijedordanas.com\/wp-content\/uploads\/2021\/06\/saobracajka-kozarac-15juni-4-300x225.jpg"}],"author":"admin","twitter_card":"summary_large_image","twitter_misc":{"Written by":"admin","Est. reading time":"2 minutes"},"schema":{"@context":"https:\/\/schema.org","@graph":[{"@type":"Article","@id":"https:\/\/www.prijedordanas.com\/?p=168436#article","isPartOf":{"@id":"https:\/\/www.prijedordanas.com\/?p=168436"},"author":{"name":"admin","@id":"https:\/\/www.prijedordanas.com\/#\/schema\/person\/4e08ccf29b506ca916ff86d46bb700e6"},"headline":"Pored puta na\u0111en prepolovljen bicikl: Nesre\u0107nog dje\u010daka mje\u0161tanin odvezao u bolnicu, ali zbog povreda je ubrzo preminuo &#8211; FOTO","datePublished":"2021-06-15T11:22:02+00:00","dateModified":"2021-06-15T11:22:02+00:00","mainEntityOfPage":{"@id":"https:\/\/www.prijedordanas.com\/?p=168436"},"wordCount":217,"publisher":{"@id":"https:\/\/www.prijedordanas.com\/#organization"},"articleSection":["Hronika"],"inLanguage":"en-US"},{"@type":"WebPage","@id":"https:\/\/www.prijedordanas.com\/?p=168436","url":"https:\/\/www.prijedordanas.com\/?p=168436","name":"Pored puta na\u0111en prepolovljen bicikl: Nesre\u0107nog dje\u010daka mje\u0161tanin odvezao u bolnicu, ali zbog povreda je ubrzo preminuo - FOTO - PrijedorDanas.com - Prijedorski gradski portal","isPartOf":{"@id":"https:\/\/www.prijedordanas.com\/#website"},"datePublished":"2021-06-15T11:22:02+00:00","dateModified":"2021-06-15T11:22:02+00:00","breadcrumb":{"@id":"https:\/\/www.prijedordanas.com\/?p=168436#breadcrumb"},"inLanguage":"en-US","potentialAction":[{"@type":"ReadAction","target":["https:\/\/www.prijedordanas.com\/?p=168436"]}]},{"@type":"BreadcrumbList","@id":"https:\/\/www.prijedordanas.com\/?p=168436#breadcrumb","itemListElement":[{"@type":"ListItem","position":1,"name":"Home","item":"https:\/\/www.prijedordanas.com\/"},{"@type":"ListItem","position":2,"name":"Pored puta na\u0111en prepolovljen bicikl: Nesre\u0107nog dje\u010daka mje\u0161tanin odvezao u bolnicu, ali zbog povreda je ubrzo preminuo &#8211; FOTO"}]},{"@type":"WebSite","@id":"https:\/\/www.prijedordanas.com\/#website","url":"https:\/\/www.prijedordanas.com\/","name":"PrijedorDanas.com - Prijedorski gradski portal","description":"Portal o doga\u0111anjima u gradu Prijedoru","publisher":{"@id":"https:\/\/www.prijedordanas.com\/#organization"},"potentialAction":[{"@type":"SearchAction","target":{"@type":"EntryPoint","urlTemplate":"https:\/\/www.prijedordanas.com\/?s={search_term_string}"},"query-input":"required name=search_term_string"}],"inLanguage":"en-US"},{"@type":"Organization","@id":"https:\/\/www.prijedordanas.com\/#organization","name":"PrijedorDanas.com","url":"https:\/\/www.prijedordanas.com\/","logo":{"@type":"ImageObject","inLanguage":"en-US","@id":"https:\/\/www.prijedordanas.com\/#\/schema\/logo\/image\/","url":"http:\/\/www.prijedordanas.com\/wp-content\/uploads\/2021\/12\/logopng.png","contentUrl":"http:\/\/www.prijedordanas.com\/wp-content\/uploads\/2021\/12\/logopng.png","width":1019,"height":776,"caption":"PrijedorDanas.com"},"image":{"@id":"https:\/\/www.prijedordanas.com\/#\/schema\/logo\/image\/"},"sameAs":["https:\/\/www.facebook.com\/PrijedorDanasCom\/"]},{"@type":"Person","@id":"https:\/\/www.prijedordanas.com\/#\/schema\/person\/4e08ccf29b506ca916ff86d46bb700e6","name":"admin","image":{"@type":"ImageObject","inLanguage":"en-US","@id":"https:\/\/www.prijedordanas.com\/#\/schema\/person\/image\/","url":"https:\/\/secure.gravatar.com\/avatar\/1d3fc949d550f0b53a5f0d51e06dfd79?s=96&d=mm&r=g","contentUrl":"https:\/\/secure.gravatar.com\/avatar\/1d3fc949d550f0b53a5f0d51e06dfd79?s=96&d=mm&r=g","caption":"admin"},"url":"https:\/\/www.prijedordanas.com\/?author=1"}]}},"_links":{"self":[{"href":"https:\/\/www.prijedordanas.com\/index.php?rest_route=\/wp\/v2\/posts\/168436"}],"collection":[{"href":"https:\/\/www.prijedordanas.com\/index.php?rest_route=\/wp\/v2\/posts"}],"about":[{"href":"https:\/\/www.prijedordanas.com\/index.php?rest_route=\/wp\/v2\/types\/post"}],"author":[{"embeddable":true,"href":"https:\/\/www.prijedordanas.com\/index.php?rest_route=\/wp\/v2\/users\/1"}],"replies":[{"embeddable":true,"href":"https:\/\/www.prijedordanas.com\/index.php?rest_route=%2Fwp%2Fv2%2Fcomments&post=168436"}],"version-history":[{"count":1,"href":"https:\/\/www.prijedordanas.com\/index.php?rest_route=\/wp\/v2\/posts\/168436\/revisions"}],"predecessor-version":[{"id":168437,"href":"https:\/\/www.prijedordanas.com\/index.php?rest_route=\/wp\/v2\/posts\/168436\/revisions\/168437"}],"wp:attachment":[{"href":"https:\/\/www.prijedordanas.com\/index.php?rest_route=%2Fwp%2Fv2%2Fmedia&parent=168436"}],"wp:term":[{"taxonomy":"category","embeddable":true,"href":"https:\/\/www.prijedordanas.com\/index.php?rest_route=%2Fwp%2Fv2%2Fcategories&post=168436"},{"taxonomy":"post_tag","embeddable":true,"href":"https:\/\/www.prijedordanas.com\/index.php?rest_route=%2Fwp%2Fv2%2Ftags&post=168436"}],"curies":[{"name":"wp","href":"https:\/\/api.w.org\/{rel}","templated":true}]}}