{"id":168406,"date":"2021-06-15T08:39:49","date_gmt":"2021-06-15T06:39:49","guid":{"rendered":"https:\/\/www.prijedordanas.com\/?p=168406"},"modified":"2021-06-15T08:39:49","modified_gmt":"2021-06-15T06:39:49","slug":"poginuo-maloljetni-prijedorcanin-policija-traga-za-vozacem-koji-ga-je-udario-i-pobjegao-foto","status":"publish","type":"post","link":"https:\/\/www.prijedordanas.com\/?p=168406","title":{"rendered":"Poginuo maloljetni Prijedor\u010danin: Policija traga za voza\u010dem koji ga je udario i pobjegao &#8211; FOTO"},"content":{"rendered":"<p><a href=\"https:\/\/www.prijedordanas.com\/wp-content\/uploads\/2021\/06\/saobracajka-kozarac-15juni-2.jpg\"><img loading=\"lazy\" decoding=\"async\" class=\"alignleft size-medium wp-image-168407\" src=\"https:\/\/www.prijedordanas.com\/wp-content\/uploads\/2021\/06\/saobracajka-kozarac-15juni-2-300x225.jpg\" alt=\"\" width=\"300\" height=\"225\" srcset=\"https:\/\/www.prijedordanas.com\/wp-content\/uploads\/2021\/06\/saobracajka-kozarac-15juni-2-300x225.jpg 300w, https:\/\/www.prijedordanas.com\/wp-content\/uploads\/2021\/06\/saobracajka-kozarac-15juni-2-640x480.jpg 640w, https:\/\/www.prijedordanas.com\/wp-content\/uploads\/2021\/06\/saobracajka-kozarac-15juni-2.jpg 667w\" sizes=\"(max-width: 300px) 100vw, 300px\" \/><\/a>Tokom protekle no\u0107i na podru\u010dju Prijedora dogodila se saobra\u0107ajna nezgoda u kojoj je jedno lice smrtno stradalo.<\/p>\n<p>Kako saznajemo, nastradao je maloljetni Prijedor\u010danin koji se sa bratom i jo\u0161 jednim drugom kretao ivicom kolovoza na magistralnom putu Prijedor-Banjaluka.<\/p>\n<p><strong><a href=\"https:\/\/www.prijedordanas.com\/?p=168390\" target=\"_blank\" rel=\"noopener\">Te\u0161ka saobra\u0107ajka kod Prijedora: Poginulo jedno lice \u2013 FOTO<\/a><\/strong><\/p>\n<p>Oko 00:50 \u010dasova, u mjestu Kozarac nedaleko od skretanja za Guti\u0107e, na njih je naletio putni\u010dki automobil koji se kretao ve\u0107om brzinom.<\/p>\n<p>On je tom prilikom udario nesretnog momka, a zaka\u010dio je retrovizorom i njegovog ro\u0111enog brata.<\/p>\n<p>U kanalu pored puta ostao je prepolovljen bicikl koji je jedan od pje\u0161aka gurao.<\/p>\n<p><a href=\"https:\/\/www.prijedordanas.com\/wp-content\/uploads\/2021\/06\/saobracajka-kozarac-15juni-11.jpg\"><img loading=\"lazy\" decoding=\"async\" class=\"alignleft size-medium wp-image-168408\" src=\"https:\/\/www.prijedordanas.com\/wp-content\/uploads\/2021\/06\/saobracajka-kozarac-15juni-11-300x225.jpg\" alt=\"\" width=\"300\" height=\"225\" srcset=\"https:\/\/www.prijedordanas.com\/wp-content\/uploads\/2021\/06\/saobracajka-kozarac-15juni-11-300x225.jpg 300w, https:\/\/www.prijedordanas.com\/wp-content\/uploads\/2021\/06\/saobracajka-kozarac-15juni-11-640x480.jpg 640w, https:\/\/www.prijedordanas.com\/wp-content\/uploads\/2021\/06\/saobracajka-kozarac-15juni-11.jpg 667w\" sizes=\"(max-width: 300px) 100vw, 300px\" \/><\/a>Zatim je, ne obaziru\u0107i se na saobra\u0107ajku koju je napravio, pobjegao sa lica mjesta.<\/p>\n<p>Te\u0161ko povrije\u0111enog maloljetnika i njegovog brata u bolnicu je odvezao na\u0161 sugra\u0111anin koji je nai\u0161ao iz suprotnog pravca.<\/p>\n<p>Prema nezvani\u010dnim informacijama na mjestu saobra\u0107ajke ostalo je vi\u0161e dijelova putni\u010dkog automobila na osnovu kojih se opravdano sumnja da je u pitanju &#8220;Audi&#8221;.<\/p>\n<p>Kako smo mogli \u010duti na licu mjesta, nesretni mladi\u0107 je zbog te\u0161kih tjelesnih povreda preminuo u bolnici.<\/p>\n<p>Uvi\u0111aj su u prisustvu de\u017eurnog tu\u017eioca obavili policijski slu\u017ebenici PS za bezbjednost saobra\u0107aja Prijedor.<\/p>\n<p>Ina\u010de, nedugo nakon \u0161to se desila ova te\u0161ka saobra\u0107ajka, zapo\u010dela je intenzivna potraga za vinovnikom ove nezgode.<\/p>\n<p>Tekst i foto \u2013 <a href=\"https:\/\/www.prijedordanas.com\" target=\"_blank\" rel=\"noopener noreferrer\">www.prijedordanas.com<\/a><\/p>\n<p><a href=\"https:\/\/www.prijedordanas.com\/wp-content\/uploads\/2021\/06\/saobracajka-kozarac-15juni-3.jpg\"><img loading=\"lazy\" decoding=\"async\" class=\"alignleft size-medium wp-image-168394\" src=\"https:\/\/www.prijedordanas.com\/wp-content\/uploads\/2021\/06\/saobracajka-kozarac-15juni-3-300x225.jpg\" alt=\"\" width=\"300\" height=\"225\" srcset=\"https:\/\/www.prijedordanas.com\/wp-content\/uploads\/2021\/06\/saobracajka-kozarac-15juni-3-300x225.jpg 300w, https:\/\/www.prijedordanas.com\/wp-content\/uploads\/2021\/06\/saobracajka-kozarac-15juni-3-640x480.jpg 640w, https:\/\/www.prijedordanas.com\/wp-content\/uploads\/2021\/06\/saobracajka-kozarac-15juni-3.jpg 667w\" sizes=\"(max-width: 300px) 100vw, 300px\" \/><\/a> <a href=\"https:\/\/www.prijedordanas.com\/wp-content\/uploads\/2021\/06\/saobracajka-kozarac-15juni-4.jpg\"><img loading=\"lazy\" decoding=\"async\" class=\"alignleft size-medium wp-image-168395\" src=\"https:\/\/www.prijedordanas.com\/wp-content\/uploads\/2021\/06\/saobracajka-kozarac-15juni-4-300x225.jpg\" alt=\"\" width=\"300\" height=\"225\" srcset=\"https:\/\/www.prijedordanas.com\/wp-content\/uploads\/2021\/06\/saobracajka-kozarac-15juni-4-300x225.jpg 300w, https:\/\/www.prijedordanas.com\/wp-content\/uploads\/2021\/06\/saobracajka-kozarac-15juni-4-640x480.jpg 640w, https:\/\/www.prijedordanas.com\/wp-content\/uploads\/2021\/06\/saobracajka-kozarac-15juni-4.jpg 667w\" sizes=\"(max-width: 300px) 100vw, 300px\" \/><\/a> <a href=\"https:\/\/www.prijedordanas.com\/wp-content\/uploads\/2021\/06\/saobracajka-kozarac-15juni-5.jpg\"><img loading=\"lazy\" decoding=\"async\" class=\"alignleft size-medium wp-image-168396\" src=\"https:\/\/www.prijedordanas.com\/wp-content\/uploads\/2021\/06\/saobracajka-kozarac-15juni-5-300x225.jpg\" alt=\"\" width=\"300\" height=\"225\" srcset=\"https:\/\/www.prijedordanas.com\/wp-content\/uploads\/2021\/06\/saobracajka-kozarac-15juni-5-300x225.jpg 300w, https:\/\/www.prijedordanas.com\/wp-content\/uploads\/2021\/06\/saobracajka-kozarac-15juni-5-640x480.jpg 640w, https:\/\/www.prijedordanas.com\/wp-content\/uploads\/2021\/06\/saobracajka-kozarac-15juni-5.jpg 667w\" sizes=\"(max-width: 300px) 100vw, 300px\" \/><\/a><\/p>\n","protected":false},"excerpt":{"rendered":"<p>Tokom protekle no\u0107i na podru\u010dju Prijedora dogodila se saobra\u0107ajna nezgoda u kojoj je jedno lice smrtno stradalo. Kako saznajemo, nastradao je maloljetni Prijedor\u010danin koji se sa bratom i jo\u0161 jednim [&hellip;]<\/p>\n","protected":false},"author":1,"featured_media":0,"comment_status":"closed","ping_status":"open","sticky":false,"template":"","format":"standard","meta":{"_monsterinsights_skip_tracking":false,"_monsterinsights_sitenote_active":false,"_monsterinsights_sitenote_note":"","_monsterinsights_sitenote_category":0,"footnotes":""},"categories":[5],"tags":[],"yoast_head":"<!-- This site is optimized with the Yoast SEO plugin v21.6 - https:\/\/yoast.com\/wordpress\/plugins\/seo\/ -->\n<title>Poginuo maloljetni Prijedor\u010danin: Policija traga za voza\u010dem koji ga je udario i pobjegao - FOTO - PrijedorDanas.com - Prijedorski gradski portal<\/title>\n<meta name=\"robots\" content=\"index, follow, max-snippet:-1, max-image-preview:large, max-video-preview:-1\" \/>\n<link rel=\"canonical\" href=\"https:\/\/www.prijedordanas.com\/?p=168406\" \/>\n<meta property=\"og:locale\" content=\"en_US\" \/>\n<meta property=\"og:type\" content=\"article\" \/>\n<meta property=\"og:title\" content=\"Poginuo maloljetni Prijedor\u010danin: Policija traga za voza\u010dem koji ga je udario i pobjegao - FOTO - PrijedorDanas.com - Prijedorski gradski portal\" \/>\n<meta property=\"og:description\" content=\"Tokom protekle no\u0107i na podru\u010dju Prijedora dogodila se saobra\u0107ajna nezgoda u kojoj je jedno lice smrtno stradalo. Kako saznajemo, nastradao je maloljetni Prijedor\u010danin koji se sa bratom i jo\u0161 jednim [&hellip;]\" \/>\n<meta property=\"og:url\" content=\"https:\/\/www.prijedordanas.com\/?p=168406\" \/>\n<meta property=\"og:site_name\" content=\"PrijedorDanas.com - Prijedorski gradski portal\" \/>\n<meta property=\"article:publisher\" content=\"https:\/\/www.facebook.com\/PrijedorDanasCom\/\" \/>\n<meta property=\"article:published_time\" content=\"2021-06-15T06:39:49+00:00\" \/>\n<meta property=\"og:image\" content=\"https:\/\/www.prijedordanas.com\/wp-content\/uploads\/2021\/06\/saobracajka-kozarac-15juni-2-300x225.jpg\" \/>\n<meta name=\"author\" content=\"admin\" \/>\n<meta name=\"twitter:card\" content=\"summary_large_image\" \/>\n<meta name=\"twitter:label1\" content=\"Written by\" \/>\n\t<meta name=\"twitter:data1\" content=\"admin\" \/>\n\t<meta name=\"twitter:label2\" content=\"Est. reading time\" \/>\n\t<meta name=\"twitter:data2\" content=\"2 minutes\" \/>\n<script type=\"application\/ld+json\" class=\"yoast-schema-graph\">{\"@context\":\"https:\/\/schema.org\",\"@graph\":[{\"@type\":\"Article\",\"@id\":\"https:\/\/www.prijedordanas.com\/?p=168406#article\",\"isPartOf\":{\"@id\":\"https:\/\/www.prijedordanas.com\/?p=168406\"},\"author\":{\"name\":\"admin\",\"@id\":\"https:\/\/www.prijedordanas.com\/#\/schema\/person\/4e08ccf29b506ca916ff86d46bb700e6\"},\"headline\":\"Poginuo maloljetni Prijedor\u010danin: Policija traga za voza\u010dem koji ga je udario i pobjegao &#8211; FOTO\",\"datePublished\":\"2021-06-15T06:39:49+00:00\",\"dateModified\":\"2021-06-15T06:39:49+00:00\",\"mainEntityOfPage\":{\"@id\":\"https:\/\/www.prijedordanas.com\/?p=168406\"},\"wordCount\":254,\"publisher\":{\"@id\":\"https:\/\/www.prijedordanas.com\/#organization\"},\"articleSection\":[\"Hronika\"],\"inLanguage\":\"en-US\"},{\"@type\":\"WebPage\",\"@id\":\"https:\/\/www.prijedordanas.com\/?p=168406\",\"url\":\"https:\/\/www.prijedordanas.com\/?p=168406\",\"name\":\"Poginuo maloljetni Prijedor\u010danin: Policija traga za voza\u010dem koji ga je udario i pobjegao - FOTO - PrijedorDanas.com - Prijedorski gradski portal\",\"isPartOf\":{\"@id\":\"https:\/\/www.prijedordanas.com\/#website\"},\"datePublished\":\"2021-06-15T06:39:49+00:00\",\"dateModified\":\"2021-06-15T06:39:49+00:00\",\"breadcrumb\":{\"@id\":\"https:\/\/www.prijedordanas.com\/?p=168406#breadcrumb\"},\"inLanguage\":\"en-US\",\"potentialAction\":[{\"@type\":\"ReadAction\",\"target\":[\"https:\/\/www.prijedordanas.com\/?p=168406\"]}]},{\"@type\":\"BreadcrumbList\",\"@id\":\"https:\/\/www.prijedordanas.com\/?p=168406#breadcrumb\",\"itemListElement\":[{\"@type\":\"ListItem\",\"position\":1,\"name\":\"Home\",\"item\":\"https:\/\/www.prijedordanas.com\/\"},{\"@type\":\"ListItem\",\"position\":2,\"name\":\"Poginuo maloljetni Prijedor\u010danin: Policija traga za voza\u010dem koji ga je udario i pobjegao &#8211; FOTO\"}]},{\"@type\":\"WebSite\",\"@id\":\"https:\/\/www.prijedordanas.com\/#website\",\"url\":\"https:\/\/www.prijedordanas.com\/\",\"name\":\"PrijedorDanas.com - Prijedorski gradski portal\",\"description\":\"Portal o doga\u0111anjima u gradu Prijedoru\",\"publisher\":{\"@id\":\"https:\/\/www.prijedordanas.com\/#organization\"},\"potentialAction\":[{\"@type\":\"SearchAction\",\"target\":{\"@type\":\"EntryPoint\",\"urlTemplate\":\"https:\/\/www.prijedordanas.com\/?s={search_term_string}\"},\"query-input\":\"required name=search_term_string\"}],\"inLanguage\":\"en-US\"},{\"@type\":\"Organization\",\"@id\":\"https:\/\/www.prijedordanas.com\/#organization\",\"name\":\"PrijedorDanas.com\",\"url\":\"https:\/\/www.prijedordanas.com\/\",\"logo\":{\"@type\":\"ImageObject\",\"inLanguage\":\"en-US\",\"@id\":\"https:\/\/www.prijedordanas.com\/#\/schema\/logo\/image\/\",\"url\":\"http:\/\/www.prijedordanas.com\/wp-content\/uploads\/2021\/12\/logopng.png\",\"contentUrl\":\"http:\/\/www.prijedordanas.com\/wp-content\/uploads\/2021\/12\/logopng.png\",\"width\":1019,\"height\":776,\"caption\":\"PrijedorDanas.com\"},\"image\":{\"@id\":\"https:\/\/www.prijedordanas.com\/#\/schema\/logo\/image\/\"},\"sameAs\":[\"https:\/\/www.facebook.com\/PrijedorDanasCom\/\"]},{\"@type\":\"Person\",\"@id\":\"https:\/\/www.prijedordanas.com\/#\/schema\/person\/4e08ccf29b506ca916ff86d46bb700e6\",\"name\":\"admin\",\"image\":{\"@type\":\"ImageObject\",\"inLanguage\":\"en-US\",\"@id\":\"https:\/\/www.prijedordanas.com\/#\/schema\/person\/image\/\",\"url\":\"https:\/\/secure.gravatar.com\/avatar\/1d3fc949d550f0b53a5f0d51e06dfd79?s=96&d=mm&r=g\",\"contentUrl\":\"https:\/\/secure.gravatar.com\/avatar\/1d3fc949d550f0b53a5f0d51e06dfd79?s=96&d=mm&r=g\",\"caption\":\"admin\"},\"url\":\"https:\/\/www.prijedordanas.com\/?author=1\"}]}<\/script>\n<!-- \/ Yoast SEO plugin. -->","yoast_head_json":{"title":"Poginuo maloljetni Prijedor\u010danin: Policija traga za voza\u010dem koji ga je udario i pobjegao - FOTO - PrijedorDanas.com - Prijedorski gradski portal","robots":{"index":"index","follow":"follow","max-snippet":"max-snippet:-1","max-image-preview":"max-image-preview:large","max-video-preview":"max-video-preview:-1"},"canonical":"https:\/\/www.prijedordanas.com\/?p=168406","og_locale":"en_US","og_type":"article","og_title":"Poginuo maloljetni Prijedor\u010danin: Policija traga za voza\u010dem koji ga je udario i pobjegao - FOTO - PrijedorDanas.com - Prijedorski gradski portal","og_description":"Tokom protekle no\u0107i na podru\u010dju Prijedora dogodila se saobra\u0107ajna nezgoda u kojoj je jedno lice smrtno stradalo. Kako saznajemo, nastradao je maloljetni Prijedor\u010danin koji se sa bratom i jo\u0161 jednim [&hellip;]","og_url":"https:\/\/www.prijedordanas.com\/?p=168406","og_site_name":"PrijedorDanas.com - Prijedorski gradski portal","article_publisher":"https:\/\/www.facebook.com\/PrijedorDanasCom\/","article_published_time":"2021-06-15T06:39:49+00:00","og_image":[{"url":"https:\/\/www.prijedordanas.com\/wp-content\/uploads\/2021\/06\/saobracajka-kozarac-15juni-2-300x225.jpg"}],"author":"admin","twitter_card":"summary_large_image","twitter_misc":{"Written by":"admin","Est. reading time":"2 minutes"},"schema":{"@context":"https:\/\/schema.org","@graph":[{"@type":"Article","@id":"https:\/\/www.prijedordanas.com\/?p=168406#article","isPartOf":{"@id":"https:\/\/www.prijedordanas.com\/?p=168406"},"author":{"name":"admin","@id":"https:\/\/www.prijedordanas.com\/#\/schema\/person\/4e08ccf29b506ca916ff86d46bb700e6"},"headline":"Poginuo maloljetni Prijedor\u010danin: Policija traga za voza\u010dem koji ga je udario i pobjegao &#8211; FOTO","datePublished":"2021-06-15T06:39:49+00:00","dateModified":"2021-06-15T06:39:49+00:00","mainEntityOfPage":{"@id":"https:\/\/www.prijedordanas.com\/?p=168406"},"wordCount":254,"publisher":{"@id":"https:\/\/www.prijedordanas.com\/#organization"},"articleSection":["Hronika"],"inLanguage":"en-US"},{"@type":"WebPage","@id":"https:\/\/www.prijedordanas.com\/?p=168406","url":"https:\/\/www.prijedordanas.com\/?p=168406","name":"Poginuo maloljetni Prijedor\u010danin: Policija traga za voza\u010dem koji ga je udario i pobjegao - FOTO - PrijedorDanas.com - Prijedorski gradski portal","isPartOf":{"@id":"https:\/\/www.prijedordanas.com\/#website"},"datePublished":"2021-06-15T06:39:49+00:00","dateModified":"2021-06-15T06:39:49+00:00","breadcrumb":{"@id":"https:\/\/www.prijedordanas.com\/?p=168406#breadcrumb"},"inLanguage":"en-US","potentialAction":[{"@type":"ReadAction","target":["https:\/\/www.prijedordanas.com\/?p=168406"]}]},{"@type":"BreadcrumbList","@id":"https:\/\/www.prijedordanas.com\/?p=168406#breadcrumb","itemListElement":[{"@type":"ListItem","position":1,"name":"Home","item":"https:\/\/www.prijedordanas.com\/"},{"@type":"ListItem","position":2,"name":"Poginuo maloljetni Prijedor\u010danin: Policija traga za voza\u010dem koji ga je udario i pobjegao &#8211; FOTO"}]},{"@type":"WebSite","@id":"https:\/\/www.prijedordanas.com\/#website","url":"https:\/\/www.prijedordanas.com\/","name":"PrijedorDanas.com - Prijedorski gradski portal","description":"Portal o doga\u0111anjima u gradu Prijedoru","publisher":{"@id":"https:\/\/www.prijedordanas.com\/#organization"},"potentialAction":[{"@type":"SearchAction","target":{"@type":"EntryPoint","urlTemplate":"https:\/\/www.prijedordanas.com\/?s={search_term_string}"},"query-input":"required name=search_term_string"}],"inLanguage":"en-US"},{"@type":"Organization","@id":"https:\/\/www.prijedordanas.com\/#organization","name":"PrijedorDanas.com","url":"https:\/\/www.prijedordanas.com\/","logo":{"@type":"ImageObject","inLanguage":"en-US","@id":"https:\/\/www.prijedordanas.com\/#\/schema\/logo\/image\/","url":"http:\/\/www.prijedordanas.com\/wp-content\/uploads\/2021\/12\/logopng.png","contentUrl":"http:\/\/www.prijedordanas.com\/wp-content\/uploads\/2021\/12\/logopng.png","width":1019,"height":776,"caption":"PrijedorDanas.com"},"image":{"@id":"https:\/\/www.prijedordanas.com\/#\/schema\/logo\/image\/"},"sameAs":["https:\/\/www.facebook.com\/PrijedorDanasCom\/"]},{"@type":"Person","@id":"https:\/\/www.prijedordanas.com\/#\/schema\/person\/4e08ccf29b506ca916ff86d46bb700e6","name":"admin","image":{"@type":"ImageObject","inLanguage":"en-US","@id":"https:\/\/www.prijedordanas.com\/#\/schema\/person\/image\/","url":"https:\/\/secure.gravatar.com\/avatar\/1d3fc949d550f0b53a5f0d51e06dfd79?s=96&d=mm&r=g","contentUrl":"https:\/\/secure.gravatar.com\/avatar\/1d3fc949d550f0b53a5f0d51e06dfd79?s=96&d=mm&r=g","caption":"admin"},"url":"https:\/\/www.prijedordanas.com\/?author=1"}]}},"_links":{"self":[{"href":"https:\/\/www.prijedordanas.com\/index.php?rest_route=\/wp\/v2\/posts\/168406"}],"collection":[{"href":"https:\/\/www.prijedordanas.com\/index.php?rest_route=\/wp\/v2\/posts"}],"about":[{"href":"https:\/\/www.prijedordanas.com\/index.php?rest_route=\/wp\/v2\/types\/post"}],"author":[{"embeddable":true,"href":"https:\/\/www.prijedordanas.com\/index.php?rest_route=\/wp\/v2\/users\/1"}],"replies":[{"embeddable":true,"href":"https:\/\/www.prijedordanas.com\/index.php?rest_route=%2Fwp%2Fv2%2Fcomments&post=168406"}],"version-history":[{"count":1,"href":"https:\/\/www.prijedordanas.com\/index.php?rest_route=\/wp\/v2\/posts\/168406\/revisions"}],"predecessor-version":[{"id":168409,"href":"https:\/\/www.prijedordanas.com\/index.php?rest_route=\/wp\/v2\/posts\/168406\/revisions\/168409"}],"wp:attachment":[{"href":"https:\/\/www.prijedordanas.com\/index.php?rest_route=%2Fwp%2Fv2%2Fmedia&parent=168406"}],"wp:term":[{"taxonomy":"category","embeddable":true,"href":"https:\/\/www.prijedordanas.com\/index.php?rest_route=%2Fwp%2Fv2%2Fcategories&post=168406"},{"taxonomy":"post_tag","embeddable":true,"href":"https:\/\/www.prijedordanas.com\/index.php?rest_route=%2Fwp%2Fv2%2Ftags&post=168406"}],"curies":[{"name":"wp","href":"https:\/\/api.w.org\/{rel}","templated":true}]}}