{"id":168216,"date":"2021-06-11T21:03:04","date_gmt":"2021-06-11T19:03:04","guid":{"rendered":"https:\/\/www.prijedordanas.com\/?p=168216"},"modified":"2021-06-11T21:03:04","modified_gmt":"2021-06-11T19:03:04","slug":"fudbaleri-rudar-prijedora-poceli-pripreme-za-premijer-ligu-bih-foto","status":"publish","type":"post","link":"https:\/\/www.prijedordanas.com\/?p=168216","title":{"rendered":"Fudbaleri &#8220;Rudar-Prijedora&#8221; po\u010deli pripreme za Premijer ligu BiH &#8211; FOTO"},"content":{"rendered":"<p><a href=\"https:\/\/www.prijedordanas.com\/wp-content\/uploads\/2021\/06\/rudar-prijedor-pocetak-ljetnih-priprema-2021-2.jpg\"><img loading=\"lazy\" decoding=\"async\" class=\"alignleft size-medium wp-image-168219\" src=\"https:\/\/www.prijedordanas.com\/wp-content\/uploads\/2021\/06\/rudar-prijedor-pocetak-ljetnih-priprema-2021-2-300x225.jpg\" alt=\"\" width=\"300\" height=\"225\" srcset=\"https:\/\/www.prijedordanas.com\/wp-content\/uploads\/2021\/06\/rudar-prijedor-pocetak-ljetnih-priprema-2021-2-300x225.jpg 300w, https:\/\/www.prijedordanas.com\/wp-content\/uploads\/2021\/06\/rudar-prijedor-pocetak-ljetnih-priprema-2021-2-640x480.jpg 640w, https:\/\/www.prijedordanas.com\/wp-content\/uploads\/2021\/06\/rudar-prijedor-pocetak-ljetnih-priprema-2021-2.jpg 667w\" sizes=\"(max-width: 300px) 100vw, 300px\" \/><\/a>Fudbaleri &#8220;Rudar-Prijedora&#8221; po\u010deli su pripreme za povratni\u010dku sezonu u Premijer ligi BiH.<\/p>\n<p>Prozivku je obavio novi \u0161ef stru\u010dnog \u0161taba Nikica Milenkovi\u0107 sa svojim prvim saradnikom Markom Milo\u0161evi\u0107em.<\/p>\n<p>Nakon toga odr\u017ean je i prvi trening na Gradskom stadionu u Prijedoru.<\/p>\n<p>U stru\u010dnom \u0161tabu je i Marko Te\u0161i\u0107 kao i trener golmana Perica Topi\u0107.<\/p>\n<p>Na prozivci i prvom treningu pojavili su se svi igra\u010di koji su zavr\u0161ili \u0161ampionat Prve lige RS u kojem su se Prijedor\u010dani okitili titulom te nekoliko juniora.<\/p>\n<p><a href=\"https:\/\/www.prijedordanas.com\/wp-content\/uploads\/2021\/06\/rudar-prijedor-pocetak-ljetnih-priprema-2021-1.jpg\"><img loading=\"lazy\" decoding=\"async\" class=\"alignleft size-medium wp-image-168220\" src=\"https:\/\/www.prijedordanas.com\/wp-content\/uploads\/2021\/06\/rudar-prijedor-pocetak-ljetnih-priprema-2021-1-300x225.jpg\" alt=\"\" width=\"300\" height=\"225\" srcset=\"https:\/\/www.prijedordanas.com\/wp-content\/uploads\/2021\/06\/rudar-prijedor-pocetak-ljetnih-priprema-2021-1-300x225.jpg 300w, https:\/\/www.prijedordanas.com\/wp-content\/uploads\/2021\/06\/rudar-prijedor-pocetak-ljetnih-priprema-2021-1-640x480.jpg 640w, https:\/\/www.prijedordanas.com\/wp-content\/uploads\/2021\/06\/rudar-prijedor-pocetak-ljetnih-priprema-2021-1.jpg 667w\" sizes=\"(max-width: 300px) 100vw, 300px\" \/><\/a>Opravdano odsutni su bili Nemanja Pekija i Nemanja Matovi\u0107, dok se Milo\u0161 Sad\u017eak jo\u0161 oporavlja od povrede pa nije trenirao.<\/p>\n<p>Tu su bili i Mile Kova\u010devi\u0107 i Sergej Doj\u010dinovi\u0107 koji su se vratili sa pozajmica te Ilija Danilovi\u0107 koji se oporavio od povrede zbog koje je propustio proljetni dio prvenstva.<\/p>\n<p>&#8220;Rudari sa Sane&#8221; \u0107e prvi dio priprema obaviti u Prijedoru nakon \u010dega slijedi odlazak na Zlatibor.<\/p>\n<p>Prilikom samog odlaska bi\u0107e odigrana prijateljska utakmica, za sada je u opticaju duel sa &#8220;Slobodom&#8221; iz Tuzle.<\/p>\n<p><a href=\"https:\/\/www.prijedordanas.com\/wp-content\/uploads\/2021\/06\/rudar-prijedor-pocetak-ljetnih-priprema-2021-3.jpg\"><img loading=\"lazy\" decoding=\"async\" src=\"https:\/\/www.prijedordanas.com\/wp-content\/uploads\/2021\/06\/rudar-prijedor-pocetak-ljetnih-priprema-2021-3-300x225.jpg\" alt=\"\" width=\"300\" height=\"225\" class=\"alignleft size-medium wp-image-168221\" srcset=\"https:\/\/www.prijedordanas.com\/wp-content\/uploads\/2021\/06\/rudar-prijedor-pocetak-ljetnih-priprema-2021-3-300x225.jpg 300w, https:\/\/www.prijedordanas.com\/wp-content\/uploads\/2021\/06\/rudar-prijedor-pocetak-ljetnih-priprema-2021-3-640x480.jpg 640w, https:\/\/www.prijedordanas.com\/wp-content\/uploads\/2021\/06\/rudar-prijedor-pocetak-ljetnih-priprema-2021-3.jpg 667w\" sizes=\"(max-width: 300px) 100vw, 300px\" \/><\/a>Na Zlatiboru \u0107e biti odigrana \u010detiri pripremna me\u010da, dva sa srpskim superliga\u0161ima, te dva sa prvoliga\u0161ima Crne Gore, dok je generalna proba zakazana za posljednji vikend uo\u010di starta Premijer lige BiH koje je zakazano za 17. juli.<\/p>\n<p>Prije same prozivke i prvog treninga odr\u017eana je i pres konfeerencija na kojoj je o planovima kluba govorio predsjednik Darko Milunovi\u0107 a nakon toga je predstavljen i novi \u0161ef stru\u010dnog \u0161taba Nikica Milenkovi\u0107 kao i njegov pomo\u0107nik Marko Milo\u0161evi\u0107.<\/p>\n<p>I prvi \u010dovjek kluba i novi trener su istakli da je prevashodni cilj &#8220;Rudar-Prijedora&#8221; u novoj sezoni Premijer lige BiH opstanak u dru\u0161tvu najboljih.<\/p>\n<p>Ina\u010de prvi trening sa zanimanjem su iz sve\u010dane lo\u017ee pratili Mladen Parhamov i Du\u0161ko Pekija, dva biv\u0161a igra\u010da koja su u zeleno-crnom dresu ostavila neizbrisiv trag.<\/p>\n<p>Tekst i foto &#8211; <a href=\"https:\/\/www.prijedordanas.com\" target=\"_blank\" rel=\"noopener noreferrer\">www.prijedordanas.com<\/a><\/p>\n<p><a href=\"https:\/\/www.prijedordanas.com\/wp-content\/uploads\/2021\/06\/rudar-prijedor-pocetak-ljetnih-priprema-2021-5.jpg\"><img loading=\"lazy\" decoding=\"async\" src=\"https:\/\/www.prijedordanas.com\/wp-content\/uploads\/2021\/06\/rudar-prijedor-pocetak-ljetnih-priprema-2021-5-300x200.jpg\" alt=\"\" width=\"300\" height=\"200\" class=\"alignleft size-medium wp-image-168222\" srcset=\"https:\/\/www.prijedordanas.com\/wp-content\/uploads\/2021\/06\/rudar-prijedor-pocetak-ljetnih-priprema-2021-5-300x200.jpg 300w, https:\/\/www.prijedordanas.com\/wp-content\/uploads\/2021\/06\/rudar-prijedor-pocetak-ljetnih-priprema-2021-5-480x320.jpg 480w, https:\/\/www.prijedordanas.com\/wp-content\/uploads\/2021\/06\/rudar-prijedor-pocetak-ljetnih-priprema-2021-5.jpg 600w\" sizes=\"(max-width: 300px) 100vw, 300px\" \/><\/a> <a href=\"https:\/\/www.prijedordanas.com\/wp-content\/uploads\/2021\/06\/rudar-prijedor-pocetak-ljetnih-priprema-2021-6.jpg\"><img loading=\"lazy\" decoding=\"async\" src=\"https:\/\/www.prijedordanas.com\/wp-content\/uploads\/2021\/06\/rudar-prijedor-pocetak-ljetnih-priprema-2021-6-300x200.jpg\" alt=\"\" width=\"300\" height=\"200\" class=\"alignleft size-medium wp-image-168223\" srcset=\"https:\/\/www.prijedordanas.com\/wp-content\/uploads\/2021\/06\/rudar-prijedor-pocetak-ljetnih-priprema-2021-6-300x200.jpg 300w, https:\/\/www.prijedordanas.com\/wp-content\/uploads\/2021\/06\/rudar-prijedor-pocetak-ljetnih-priprema-2021-6-480x320.jpg 480w, https:\/\/www.prijedordanas.com\/wp-content\/uploads\/2021\/06\/rudar-prijedor-pocetak-ljetnih-priprema-2021-6.jpg 600w\" sizes=\"(max-width: 300px) 100vw, 300px\" \/><\/a> <a href=\"https:\/\/www.prijedordanas.com\/wp-content\/uploads\/2021\/06\/rudar-prijedor-pocetak-ljetnih-priprema-2021-4.jpg\"><img loading=\"lazy\" decoding=\"async\" src=\"https:\/\/www.prijedordanas.com\/wp-content\/uploads\/2021\/06\/rudar-prijedor-pocetak-ljetnih-priprema-2021-4-300x225.jpg\" alt=\"\" width=\"300\" height=\"225\" class=\"alignleft size-medium wp-image-168224\" srcset=\"https:\/\/www.prijedordanas.com\/wp-content\/uploads\/2021\/06\/rudar-prijedor-pocetak-ljetnih-priprema-2021-4-300x225.jpg 300w, https:\/\/www.prijedordanas.com\/wp-content\/uploads\/2021\/06\/rudar-prijedor-pocetak-ljetnih-priprema-2021-4-640x480.jpg 640w, https:\/\/www.prijedordanas.com\/wp-content\/uploads\/2021\/06\/rudar-prijedor-pocetak-ljetnih-priprema-2021-4.jpg 667w\" sizes=\"(max-width: 300px) 100vw, 300px\" \/><\/a> <a href=\"https:\/\/www.prijedordanas.com\/wp-content\/uploads\/2021\/06\/milunovic-milenkovic.jpg\"><img loading=\"lazy\" decoding=\"async\" src=\"https:\/\/www.prijedordanas.com\/wp-content\/uploads\/2021\/06\/milunovic-milenkovic-300x225.jpg\" alt=\"\" width=\"300\" height=\"225\" class=\"alignleft size-medium wp-image-168225\" srcset=\"https:\/\/www.prijedordanas.com\/wp-content\/uploads\/2021\/06\/milunovic-milenkovic-300x225.jpg 300w, https:\/\/www.prijedordanas.com\/wp-content\/uploads\/2021\/06\/milunovic-milenkovic-640x480.jpg 640w, https:\/\/www.prijedordanas.com\/wp-content\/uploads\/2021\/06\/milunovic-milenkovic.jpg 667w\" sizes=\"(max-width: 300px) 100vw, 300px\" \/><\/a> <a href=\"https:\/\/www.prijedordanas.com\/wp-content\/uploads\/2021\/06\/rudar-prijedor-pocetak-ljetnih-priprema-2021-8.jpg\"><img loading=\"lazy\" decoding=\"async\" src=\"https:\/\/www.prijedordanas.com\/wp-content\/uploads\/2021\/06\/rudar-prijedor-pocetak-ljetnih-priprema-2021-8-300x200.jpg\" alt=\"\" width=\"300\" height=\"200\" class=\"alignleft size-medium wp-image-168226\" srcset=\"https:\/\/www.prijedordanas.com\/wp-content\/uploads\/2021\/06\/rudar-prijedor-pocetak-ljetnih-priprema-2021-8-300x200.jpg 300w, https:\/\/www.prijedordanas.com\/wp-content\/uploads\/2021\/06\/rudar-prijedor-pocetak-ljetnih-priprema-2021-8-480x320.jpg 480w, https:\/\/www.prijedordanas.com\/wp-content\/uploads\/2021\/06\/rudar-prijedor-pocetak-ljetnih-priprema-2021-8.jpg 600w\" sizes=\"(max-width: 300px) 100vw, 300px\" \/><\/a> <a href=\"https:\/\/www.prijedordanas.com\/wp-content\/uploads\/2021\/06\/rudar-prijedor-pocetak-ljetnih-priprema-2021-7.jpg\"><img loading=\"lazy\" decoding=\"async\" src=\"https:\/\/www.prijedordanas.com\/wp-content\/uploads\/2021\/06\/rudar-prijedor-pocetak-ljetnih-priprema-2021-7-300x200.jpg\" alt=\"\" width=\"300\" height=\"200\" class=\"alignleft size-medium wp-image-168227\" srcset=\"https:\/\/www.prijedordanas.com\/wp-content\/uploads\/2021\/06\/rudar-prijedor-pocetak-ljetnih-priprema-2021-7-300x200.jpg 300w, https:\/\/www.prijedordanas.com\/wp-content\/uploads\/2021\/06\/rudar-prijedor-pocetak-ljetnih-priprema-2021-7-480x320.jpg 480w, https:\/\/www.prijedordanas.com\/wp-content\/uploads\/2021\/06\/rudar-prijedor-pocetak-ljetnih-priprema-2021-7.jpg 600w\" sizes=\"(max-width: 300px) 100vw, 300px\" \/><\/a> <a href=\"https:\/\/www.prijedordanas.com\/wp-content\/uploads\/2021\/06\/rudar-prijedor-pocetak-ljetnih-priprema-2021-9.jpg\"><img loading=\"lazy\" decoding=\"async\" src=\"https:\/\/www.prijedordanas.com\/wp-content\/uploads\/2021\/06\/rudar-prijedor-pocetak-ljetnih-priprema-2021-9-300x200.jpg\" alt=\"\" width=\"300\" height=\"200\" class=\"alignleft size-medium wp-image-168228\" srcset=\"https:\/\/www.prijedordanas.com\/wp-content\/uploads\/2021\/06\/rudar-prijedor-pocetak-ljetnih-priprema-2021-9-300x200.jpg 300w, https:\/\/www.prijedordanas.com\/wp-content\/uploads\/2021\/06\/rudar-prijedor-pocetak-ljetnih-priprema-2021-9-480x320.jpg 480w, https:\/\/www.prijedordanas.com\/wp-content\/uploads\/2021\/06\/rudar-prijedor-pocetak-ljetnih-priprema-2021-9.jpg 600w\" sizes=\"(max-width: 300px) 100vw, 300px\" \/><\/a> <a href=\"https:\/\/www.prijedordanas.com\/wp-content\/uploads\/2021\/06\/rudar-prijedor-pocetak-ljetnih-priprema-2021-10.jpg\"><img loading=\"lazy\" decoding=\"async\" src=\"https:\/\/www.prijedordanas.com\/wp-content\/uploads\/2021\/06\/rudar-prijedor-pocetak-ljetnih-priprema-2021-10-300x200.jpg\" alt=\"\" width=\"300\" height=\"200\" class=\"alignleft size-medium wp-image-168229\" srcset=\"https:\/\/www.prijedordanas.com\/wp-content\/uploads\/2021\/06\/rudar-prijedor-pocetak-ljetnih-priprema-2021-10-300x200.jpg 300w, https:\/\/www.prijedordanas.com\/wp-content\/uploads\/2021\/06\/rudar-prijedor-pocetak-ljetnih-priprema-2021-10-480x320.jpg 480w, https:\/\/www.prijedordanas.com\/wp-content\/uploads\/2021\/06\/rudar-prijedor-pocetak-ljetnih-priprema-2021-10.jpg 600w\" sizes=\"(max-width: 300px) 100vw, 300px\" \/><\/a> <a href=\"https:\/\/www.prijedordanas.com\/wp-content\/uploads\/2021\/06\/rudar-prijedor-pocetak-ljetnih-priprema-2021-11.jpg\"><img loading=\"lazy\" decoding=\"async\" src=\"https:\/\/www.prijedordanas.com\/wp-content\/uploads\/2021\/06\/rudar-prijedor-pocetak-ljetnih-priprema-2021-11-300x200.jpg\" alt=\"\" width=\"300\" height=\"200\" class=\"alignleft size-medium wp-image-168230\" srcset=\"https:\/\/www.prijedordanas.com\/wp-content\/uploads\/2021\/06\/rudar-prijedor-pocetak-ljetnih-priprema-2021-11-300x200.jpg 300w, https:\/\/www.prijedordanas.com\/wp-content\/uploads\/2021\/06\/rudar-prijedor-pocetak-ljetnih-priprema-2021-11-480x320.jpg 480w, https:\/\/www.prijedordanas.com\/wp-content\/uploads\/2021\/06\/rudar-prijedor-pocetak-ljetnih-priprema-2021-11.jpg 600w\" sizes=\"(max-width: 300px) 100vw, 300px\" \/><\/a> <a href=\"https:\/\/www.prijedordanas.com\/wp-content\/uploads\/2021\/06\/rudar-prijedor-pocetak-ljetnih-priprema-2021-12.jpg\"><img loading=\"lazy\" decoding=\"async\" src=\"https:\/\/www.prijedordanas.com\/wp-content\/uploads\/2021\/06\/rudar-prijedor-pocetak-ljetnih-priprema-2021-12-300x200.jpg\" alt=\"\" width=\"300\" height=\"200\" class=\"alignleft size-medium wp-image-168231\" srcset=\"https:\/\/www.prijedordanas.com\/wp-content\/uploads\/2021\/06\/rudar-prijedor-pocetak-ljetnih-priprema-2021-12-300x200.jpg 300w, https:\/\/www.prijedordanas.com\/wp-content\/uploads\/2021\/06\/rudar-prijedor-pocetak-ljetnih-priprema-2021-12-480x320.jpg 480w, https:\/\/www.prijedordanas.com\/wp-content\/uploads\/2021\/06\/rudar-prijedor-pocetak-ljetnih-priprema-2021-12.jpg 600w\" sizes=\"(max-width: 300px) 100vw, 300px\" \/><\/a><\/p>\n","protected":false},"excerpt":{"rendered":"<p>Fudbaleri &#8220;Rudar-Prijedora&#8221; po\u010deli su pripreme za povratni\u010dku sezonu u Premijer ligi BiH. Prozivku je obavio novi \u0161ef stru\u010dnog \u0161taba Nikica Milenkovi\u0107 sa svojim prvim saradnikom Markom Milo\u0161evi\u0107em. Nakon toga odr\u017ean [&hellip;]<\/p>\n","protected":false},"author":1,"featured_media":0,"comment_status":"closed","ping_status":"open","sticky":false,"template":"","format":"standard","meta":{"_monsterinsights_skip_tracking":false,"_monsterinsights_sitenote_active":false,"_monsterinsights_sitenote_note":"","_monsterinsights_sitenote_category":0,"footnotes":""},"categories":[7515,7],"tags":[],"yoast_head":"<!-- This site is optimized with the Yoast SEO plugin v21.6 - https:\/\/yoast.com\/wordpress\/plugins\/seo\/ -->\n<title>Fudbaleri &quot;Rudar-Prijedora&quot; po\u010deli pripreme za Premijer ligu BiH - FOTO - PrijedorDanas.com - Prijedorski gradski portal<\/title>\n<meta name=\"robots\" content=\"index, follow, max-snippet:-1, max-image-preview:large, max-video-preview:-1\" \/>\n<link rel=\"canonical\" href=\"https:\/\/www.prijedordanas.com\/?p=168216\" \/>\n<meta property=\"og:locale\" content=\"en_US\" \/>\n<meta property=\"og:type\" content=\"article\" \/>\n<meta property=\"og:title\" content=\"Fudbaleri &quot;Rudar-Prijedora&quot; po\u010deli pripreme za Premijer ligu BiH - FOTO - PrijedorDanas.com - Prijedorski gradski portal\" \/>\n<meta property=\"og:description\" content=\"Fudbaleri &#8220;Rudar-Prijedora&#8221; po\u010deli su pripreme za povratni\u010dku sezonu u Premijer ligi BiH. Prozivku je obavio novi \u0161ef stru\u010dnog \u0161taba Nikica Milenkovi\u0107 sa svojim prvim saradnikom Markom Milo\u0161evi\u0107em. Nakon toga odr\u017ean [&hellip;]\" \/>\n<meta property=\"og:url\" content=\"https:\/\/www.prijedordanas.com\/?p=168216\" \/>\n<meta property=\"og:site_name\" content=\"PrijedorDanas.com - Prijedorski gradski portal\" \/>\n<meta property=\"article:publisher\" content=\"https:\/\/www.facebook.com\/PrijedorDanasCom\/\" \/>\n<meta property=\"article:published_time\" content=\"2021-06-11T19:03:04+00:00\" \/>\n<meta property=\"og:image\" content=\"https:\/\/www.prijedordanas.com\/wp-content\/uploads\/2021\/06\/rudar-prijedor-pocetak-ljetnih-priprema-2021-2-300x225.jpg\" \/>\n<meta name=\"author\" content=\"admin\" \/>\n<meta name=\"twitter:card\" content=\"summary_large_image\" \/>\n<meta name=\"twitter:label1\" content=\"Written by\" \/>\n\t<meta name=\"twitter:data1\" content=\"admin\" \/>\n\t<meta name=\"twitter:label2\" content=\"Est. reading time\" \/>\n\t<meta name=\"twitter:data2\" content=\"2 minutes\" \/>\n<script type=\"application\/ld+json\" class=\"yoast-schema-graph\">{\"@context\":\"https:\/\/schema.org\",\"@graph\":[{\"@type\":\"Article\",\"@id\":\"https:\/\/www.prijedordanas.com\/?p=168216#article\",\"isPartOf\":{\"@id\":\"https:\/\/www.prijedordanas.com\/?p=168216\"},\"author\":{\"name\":\"admin\",\"@id\":\"https:\/\/www.prijedordanas.com\/#\/schema\/person\/4e08ccf29b506ca916ff86d46bb700e6\"},\"headline\":\"Fudbaleri &#8220;Rudar-Prijedora&#8221; po\u010deli pripreme za Premijer ligu BiH &#8211; FOTO\",\"datePublished\":\"2021-06-11T19:03:04+00:00\",\"dateModified\":\"2021-06-11T19:03:04+00:00\",\"mainEntityOfPage\":{\"@id\":\"https:\/\/www.prijedordanas.com\/?p=168216\"},\"wordCount\":335,\"publisher\":{\"@id\":\"https:\/\/www.prijedordanas.com\/#organization\"},\"articleSection\":[\"Foto dana\",\"Sport\"],\"inLanguage\":\"en-US\"},{\"@type\":\"WebPage\",\"@id\":\"https:\/\/www.prijedordanas.com\/?p=168216\",\"url\":\"https:\/\/www.prijedordanas.com\/?p=168216\",\"name\":\"Fudbaleri \\\"Rudar-Prijedora\\\" po\u010deli pripreme za Premijer ligu BiH - FOTO - PrijedorDanas.com - Prijedorski gradski portal\",\"isPartOf\":{\"@id\":\"https:\/\/www.prijedordanas.com\/#website\"},\"datePublished\":\"2021-06-11T19:03:04+00:00\",\"dateModified\":\"2021-06-11T19:03:04+00:00\",\"breadcrumb\":{\"@id\":\"https:\/\/www.prijedordanas.com\/?p=168216#breadcrumb\"},\"inLanguage\":\"en-US\",\"potentialAction\":[{\"@type\":\"ReadAction\",\"target\":[\"https:\/\/www.prijedordanas.com\/?p=168216\"]}]},{\"@type\":\"BreadcrumbList\",\"@id\":\"https:\/\/www.prijedordanas.com\/?p=168216#breadcrumb\",\"itemListElement\":[{\"@type\":\"ListItem\",\"position\":1,\"name\":\"Home\",\"item\":\"https:\/\/www.prijedordanas.com\/\"},{\"@type\":\"ListItem\",\"position\":2,\"name\":\"Fudbaleri &#8220;Rudar-Prijedora&#8221; po\u010deli pripreme za Premijer ligu BiH &#8211; FOTO\"}]},{\"@type\":\"WebSite\",\"@id\":\"https:\/\/www.prijedordanas.com\/#website\",\"url\":\"https:\/\/www.prijedordanas.com\/\",\"name\":\"PrijedorDanas.com - Prijedorski gradski portal\",\"description\":\"Portal o doga\u0111anjima u gradu Prijedoru\",\"publisher\":{\"@id\":\"https:\/\/www.prijedordanas.com\/#organization\"},\"potentialAction\":[{\"@type\":\"SearchAction\",\"target\":{\"@type\":\"EntryPoint\",\"urlTemplate\":\"https:\/\/www.prijedordanas.com\/?s={search_term_string}\"},\"query-input\":\"required name=search_term_string\"}],\"inLanguage\":\"en-US\"},{\"@type\":\"Organization\",\"@id\":\"https:\/\/www.prijedordanas.com\/#organization\",\"name\":\"PrijedorDanas.com\",\"url\":\"https:\/\/www.prijedordanas.com\/\",\"logo\":{\"@type\":\"ImageObject\",\"inLanguage\":\"en-US\",\"@id\":\"https:\/\/www.prijedordanas.com\/#\/schema\/logo\/image\/\",\"url\":\"http:\/\/www.prijedordanas.com\/wp-content\/uploads\/2021\/12\/logopng.png\",\"contentUrl\":\"http:\/\/www.prijedordanas.com\/wp-content\/uploads\/2021\/12\/logopng.png\",\"width\":1019,\"height\":776,\"caption\":\"PrijedorDanas.com\"},\"image\":{\"@id\":\"https:\/\/www.prijedordanas.com\/#\/schema\/logo\/image\/\"},\"sameAs\":[\"https:\/\/www.facebook.com\/PrijedorDanasCom\/\"]},{\"@type\":\"Person\",\"@id\":\"https:\/\/www.prijedordanas.com\/#\/schema\/person\/4e08ccf29b506ca916ff86d46bb700e6\",\"name\":\"admin\",\"image\":{\"@type\":\"ImageObject\",\"inLanguage\":\"en-US\",\"@id\":\"https:\/\/www.prijedordanas.com\/#\/schema\/person\/image\/\",\"url\":\"https:\/\/secure.gravatar.com\/avatar\/1d3fc949d550f0b53a5f0d51e06dfd79?s=96&d=mm&r=g\",\"contentUrl\":\"https:\/\/secure.gravatar.com\/avatar\/1d3fc949d550f0b53a5f0d51e06dfd79?s=96&d=mm&r=g\",\"caption\":\"admin\"},\"url\":\"https:\/\/www.prijedordanas.com\/?author=1\"}]}<\/script>\n<!-- \/ Yoast SEO plugin. -->","yoast_head_json":{"title":"Fudbaleri \"Rudar-Prijedora\" po\u010deli pripreme za Premijer ligu BiH - FOTO - PrijedorDanas.com - Prijedorski gradski portal","robots":{"index":"index","follow":"follow","max-snippet":"max-snippet:-1","max-image-preview":"max-image-preview:large","max-video-preview":"max-video-preview:-1"},"canonical":"https:\/\/www.prijedordanas.com\/?p=168216","og_locale":"en_US","og_type":"article","og_title":"Fudbaleri \"Rudar-Prijedora\" po\u010deli pripreme za Premijer ligu BiH - FOTO - PrijedorDanas.com - Prijedorski gradski portal","og_description":"Fudbaleri &#8220;Rudar-Prijedora&#8221; po\u010deli su pripreme za povratni\u010dku sezonu u Premijer ligi BiH. Prozivku je obavio novi \u0161ef stru\u010dnog \u0161taba Nikica Milenkovi\u0107 sa svojim prvim saradnikom Markom Milo\u0161evi\u0107em. Nakon toga odr\u017ean [&hellip;]","og_url":"https:\/\/www.prijedordanas.com\/?p=168216","og_site_name":"PrijedorDanas.com - Prijedorski gradski portal","article_publisher":"https:\/\/www.facebook.com\/PrijedorDanasCom\/","article_published_time":"2021-06-11T19:03:04+00:00","og_image":[{"url":"https:\/\/www.prijedordanas.com\/wp-content\/uploads\/2021\/06\/rudar-prijedor-pocetak-ljetnih-priprema-2021-2-300x225.jpg"}],"author":"admin","twitter_card":"summary_large_image","twitter_misc":{"Written by":"admin","Est. reading time":"2 minutes"},"schema":{"@context":"https:\/\/schema.org","@graph":[{"@type":"Article","@id":"https:\/\/www.prijedordanas.com\/?p=168216#article","isPartOf":{"@id":"https:\/\/www.prijedordanas.com\/?p=168216"},"author":{"name":"admin","@id":"https:\/\/www.prijedordanas.com\/#\/schema\/person\/4e08ccf29b506ca916ff86d46bb700e6"},"headline":"Fudbaleri &#8220;Rudar-Prijedora&#8221; po\u010deli pripreme za Premijer ligu BiH &#8211; FOTO","datePublished":"2021-06-11T19:03:04+00:00","dateModified":"2021-06-11T19:03:04+00:00","mainEntityOfPage":{"@id":"https:\/\/www.prijedordanas.com\/?p=168216"},"wordCount":335,"publisher":{"@id":"https:\/\/www.prijedordanas.com\/#organization"},"articleSection":["Foto dana","Sport"],"inLanguage":"en-US"},{"@type":"WebPage","@id":"https:\/\/www.prijedordanas.com\/?p=168216","url":"https:\/\/www.prijedordanas.com\/?p=168216","name":"Fudbaleri \"Rudar-Prijedora\" po\u010deli pripreme za Premijer ligu BiH - FOTO - PrijedorDanas.com - Prijedorski gradski portal","isPartOf":{"@id":"https:\/\/www.prijedordanas.com\/#website"},"datePublished":"2021-06-11T19:03:04+00:00","dateModified":"2021-06-11T19:03:04+00:00","breadcrumb":{"@id":"https:\/\/www.prijedordanas.com\/?p=168216#breadcrumb"},"inLanguage":"en-US","potentialAction":[{"@type":"ReadAction","target":["https:\/\/www.prijedordanas.com\/?p=168216"]}]},{"@type":"BreadcrumbList","@id":"https:\/\/www.prijedordanas.com\/?p=168216#breadcrumb","itemListElement":[{"@type":"ListItem","position":1,"name":"Home","item":"https:\/\/www.prijedordanas.com\/"},{"@type":"ListItem","position":2,"name":"Fudbaleri &#8220;Rudar-Prijedora&#8221; po\u010deli pripreme za Premijer ligu BiH &#8211; FOTO"}]},{"@type":"WebSite","@id":"https:\/\/www.prijedordanas.com\/#website","url":"https:\/\/www.prijedordanas.com\/","name":"PrijedorDanas.com - Prijedorski gradski portal","description":"Portal o doga\u0111anjima u gradu Prijedoru","publisher":{"@id":"https:\/\/www.prijedordanas.com\/#organization"},"potentialAction":[{"@type":"SearchAction","target":{"@type":"EntryPoint","urlTemplate":"https:\/\/www.prijedordanas.com\/?s={search_term_string}"},"query-input":"required name=search_term_string"}],"inLanguage":"en-US"},{"@type":"Organization","@id":"https:\/\/www.prijedordanas.com\/#organization","name":"PrijedorDanas.com","url":"https:\/\/www.prijedordanas.com\/","logo":{"@type":"ImageObject","inLanguage":"en-US","@id":"https:\/\/www.prijedordanas.com\/#\/schema\/logo\/image\/","url":"http:\/\/www.prijedordanas.com\/wp-content\/uploads\/2021\/12\/logopng.png","contentUrl":"http:\/\/www.prijedordanas.com\/wp-content\/uploads\/2021\/12\/logopng.png","width":1019,"height":776,"caption":"PrijedorDanas.com"},"image":{"@id":"https:\/\/www.prijedordanas.com\/#\/schema\/logo\/image\/"},"sameAs":["https:\/\/www.facebook.com\/PrijedorDanasCom\/"]},{"@type":"Person","@id":"https:\/\/www.prijedordanas.com\/#\/schema\/person\/4e08ccf29b506ca916ff86d46bb700e6","name":"admin","image":{"@type":"ImageObject","inLanguage":"en-US","@id":"https:\/\/www.prijedordanas.com\/#\/schema\/person\/image\/","url":"https:\/\/secure.gravatar.com\/avatar\/1d3fc949d550f0b53a5f0d51e06dfd79?s=96&d=mm&r=g","contentUrl":"https:\/\/secure.gravatar.com\/avatar\/1d3fc949d550f0b53a5f0d51e06dfd79?s=96&d=mm&r=g","caption":"admin"},"url":"https:\/\/www.prijedordanas.com\/?author=1"}]}},"_links":{"self":[{"href":"https:\/\/www.prijedordanas.com\/index.php?rest_route=\/wp\/v2\/posts\/168216"}],"collection":[{"href":"https:\/\/www.prijedordanas.com\/index.php?rest_route=\/wp\/v2\/posts"}],"about":[{"href":"https:\/\/www.prijedordanas.com\/index.php?rest_route=\/wp\/v2\/types\/post"}],"author":[{"embeddable":true,"href":"https:\/\/www.prijedordanas.com\/index.php?rest_route=\/wp\/v2\/users\/1"}],"replies":[{"embeddable":true,"href":"https:\/\/www.prijedordanas.com\/index.php?rest_route=%2Fwp%2Fv2%2Fcomments&post=168216"}],"version-history":[{"count":2,"href":"https:\/\/www.prijedordanas.com\/index.php?rest_route=\/wp\/v2\/posts\/168216\/revisions"}],"predecessor-version":[{"id":168232,"href":"https:\/\/www.prijedordanas.com\/index.php?rest_route=\/wp\/v2\/posts\/168216\/revisions\/168232"}],"wp:attachment":[{"href":"https:\/\/www.prijedordanas.com\/index.php?rest_route=%2Fwp%2Fv2%2Fmedia&parent=168216"}],"wp:term":[{"taxonomy":"category","embeddable":true,"href":"https:\/\/www.prijedordanas.com\/index.php?rest_route=%2Fwp%2Fv2%2Fcategories&post=168216"},{"taxonomy":"post_tag","embeddable":true,"href":"https:\/\/www.prijedordanas.com\/index.php?rest_route=%2Fwp%2Fv2%2Ftags&post=168216"}],"curies":[{"name":"wp","href":"https:\/\/api.w.org\/{rel}","templated":true}]}}