{"id":168212,"date":"2021-06-11T19:09:07","date_gmt":"2021-06-11T17:09:07","guid":{"rendered":"https:\/\/www.prijedordanas.com\/?p=168212"},"modified":"2021-06-11T19:09:07","modified_gmt":"2021-06-11T17:09:07","slug":"mislimo-da-imaju-leglo-u-blizini-mjestani-prijedorskog-naselja-svale-u-strahu-zbog-zmija-foto","status":"publish","type":"post","link":"https:\/\/www.prijedordanas.com\/?p=168212","title":{"rendered":"\u201cMislimo da imaju leglo u blizini\u201d: Mje\u0161tani prijedorskog naselja Svale u strahu zbog zmija &#8211; FOTO"},"content":{"rendered":"<p><a href=\"https:\/\/www.prijedordanas.com\/wp-content\/uploads\/2021\/06\/zmija-svale-prijedor-1.jpg\"><img loading=\"lazy\" decoding=\"async\" class=\"alignleft size-medium wp-image-168213\" src=\"https:\/\/www.prijedordanas.com\/wp-content\/uploads\/2021\/06\/zmija-svale-prijedor-1-300x225.jpg\" alt=\"\" width=\"300\" height=\"225\" srcset=\"https:\/\/www.prijedordanas.com\/wp-content\/uploads\/2021\/06\/zmija-svale-prijedor-1-300x225.jpg 300w, https:\/\/www.prijedordanas.com\/wp-content\/uploads\/2021\/06\/zmija-svale-prijedor-1-640x480.jpg 640w, https:\/\/www.prijedordanas.com\/wp-content\/uploads\/2021\/06\/zmija-svale-prijedor-1.jpg 667w\" sizes=\"(max-width: 300px) 100vw, 300px\" \/><\/a>Mje\u0161tani prijedorskog naselja Svale su u strahu zbog zmija koje su se pojavile u njihovom mjestu.<\/p>\n<p>Oni za Srpskainfo pri\u010daju da zmije sve \u010de\u0161\u0107e dolaze do njihovih ku\u0107a i da sumnjaju da su u pitanju otrovnice.<\/p>\n<p>\u2013 Vidjela sam ispred ulaznih vrata zmiju i ba\u0161 sam se upla\u0161ila. Neki dan kom\u0161inica je u svom dvori\u0161tu isto vidjela zmiju. Ranije smo vi\u0111ali bjelou\u0161ke, ali ove su \u0161arene i bojimo se da su opasne. Mislimo da imaju leglo u blizini \u2013 ka\u017ee ona.<\/p>\n<p>Mje\u0161tani tvrde da u ovom naselju ima zapu\u0161tenih imanja i sumnjaju da je tu skrovi\u0161te zmija koje ih sve \u010de\u0161\u0107e posje\u0107uju.<\/p>\n<p>Apeluju na nadle\u017ene da preduzmu neophodne korake sa ciljem ure\u0111enja zapu\u0161tenih imanja.<\/p>\n<p><a href=\"https:\/\/srpskainfo.com\/mislimo-da-imaju-leglo-u-blizini-mjestani-prijedorskog-naselja-svale-u-strahu-zbog-zmija-foto\/\" target=\"_blank\" rel=\"noopener\">srpskainfo.com<\/a><\/p>\n<p><a href=\"https:\/\/www.prijedordanas.com\/wp-content\/uploads\/2021\/06\/zmija-svale-prijedor-2.jpg\"><img loading=\"lazy\" decoding=\"async\" src=\"https:\/\/www.prijedordanas.com\/wp-content\/uploads\/2021\/06\/zmija-svale-prijedor-2-146x300.jpg\" alt=\"\" width=\"146\" height=\"300\" class=\"alignleft size-medium wp-image-168214\" srcset=\"https:\/\/www.prijedordanas.com\/wp-content\/uploads\/2021\/06\/zmija-svale-prijedor-2-146x300.jpg 146w, https:\/\/www.prijedordanas.com\/wp-content\/uploads\/2021\/06\/zmija-svale-prijedor-2.jpg 291w\" sizes=\"(max-width: 146px) 100vw, 146px\" \/><\/a><\/p>\n","protected":false},"excerpt":{"rendered":"<p>Mje\u0161tani prijedorskog naselja Svale su u strahu zbog zmija koje su se pojavile u njihovom mjestu. Oni za Srpskainfo pri\u010daju da zmije sve \u010de\u0161\u0107e dolaze do njihovih ku\u0107a i da [&hellip;]<\/p>\n","protected":false},"author":1,"featured_media":0,"comment_status":"closed","ping_status":"open","sticky":false,"template":"","format":"standard","meta":{"_monsterinsights_skip_tracking":false,"_monsterinsights_sitenote_active":false,"_monsterinsights_sitenote_note":"","_monsterinsights_sitenote_category":0,"footnotes":""},"categories":[8],"tags":[],"yoast_head":"<!-- This site is optimized with the Yoast SEO plugin v21.6 - https:\/\/yoast.com\/wordpress\/plugins\/seo\/ -->\n<title>\u201cMislimo da imaju leglo u blizini\u201d: Mje\u0161tani prijedorskog naselja Svale u strahu zbog zmija - FOTO - PrijedorDanas.com - Prijedorski gradski portal<\/title>\n<meta name=\"robots\" content=\"index, follow, max-snippet:-1, max-image-preview:large, max-video-preview:-1\" \/>\n<link rel=\"canonical\" href=\"https:\/\/www.prijedordanas.com\/?p=168212\" \/>\n<meta property=\"og:locale\" content=\"en_US\" \/>\n<meta property=\"og:type\" content=\"article\" \/>\n<meta property=\"og:title\" content=\"\u201cMislimo da imaju leglo u blizini\u201d: Mje\u0161tani prijedorskog naselja Svale u strahu zbog zmija - FOTO - PrijedorDanas.com - Prijedorski gradski portal\" \/>\n<meta property=\"og:description\" content=\"Mje\u0161tani prijedorskog naselja Svale su u strahu zbog zmija koje su se pojavile u njihovom mjestu. Oni za Srpskainfo pri\u010daju da zmije sve \u010de\u0161\u0107e dolaze do njihovih ku\u0107a i da [&hellip;]\" \/>\n<meta property=\"og:url\" content=\"https:\/\/www.prijedordanas.com\/?p=168212\" \/>\n<meta property=\"og:site_name\" content=\"PrijedorDanas.com - Prijedorski gradski portal\" \/>\n<meta property=\"article:publisher\" content=\"https:\/\/www.facebook.com\/PrijedorDanasCom\/\" \/>\n<meta property=\"article:published_time\" content=\"2021-06-11T17:09:07+00:00\" \/>\n<meta property=\"og:image\" content=\"https:\/\/www.prijedordanas.com\/wp-content\/uploads\/2021\/06\/zmija-svale-prijedor-1-300x225.jpg\" \/>\n<meta name=\"author\" content=\"admin\" \/>\n<meta name=\"twitter:card\" content=\"summary_large_image\" \/>\n<meta name=\"twitter:label1\" content=\"Written by\" \/>\n\t<meta name=\"twitter:data1\" content=\"admin\" \/>\n\t<meta name=\"twitter:label2\" content=\"Est. reading time\" \/>\n\t<meta name=\"twitter:data2\" content=\"1 minute\" \/>\n<script type=\"application\/ld+json\" class=\"yoast-schema-graph\">{\"@context\":\"https:\/\/schema.org\",\"@graph\":[{\"@type\":\"Article\",\"@id\":\"https:\/\/www.prijedordanas.com\/?p=168212#article\",\"isPartOf\":{\"@id\":\"https:\/\/www.prijedordanas.com\/?p=168212\"},\"author\":{\"name\":\"admin\",\"@id\":\"https:\/\/www.prijedordanas.com\/#\/schema\/person\/4e08ccf29b506ca916ff86d46bb700e6\"},\"headline\":\"\u201cMislimo da imaju leglo u blizini\u201d: Mje\u0161tani prijedorskog naselja Svale u strahu zbog zmija &#8211; FOTO\",\"datePublished\":\"2021-06-11T17:09:07+00:00\",\"dateModified\":\"2021-06-11T17:09:07+00:00\",\"mainEntityOfPage\":{\"@id\":\"https:\/\/www.prijedordanas.com\/?p=168212\"},\"wordCount\":149,\"publisher\":{\"@id\":\"https:\/\/www.prijedordanas.com\/#organization\"},\"articleSection\":[\"Svakodnevno\"],\"inLanguage\":\"en-US\"},{\"@type\":\"WebPage\",\"@id\":\"https:\/\/www.prijedordanas.com\/?p=168212\",\"url\":\"https:\/\/www.prijedordanas.com\/?p=168212\",\"name\":\"\u201cMislimo da imaju leglo u blizini\u201d: Mje\u0161tani prijedorskog naselja Svale u strahu zbog zmija - FOTO - PrijedorDanas.com - Prijedorski gradski portal\",\"isPartOf\":{\"@id\":\"https:\/\/www.prijedordanas.com\/#website\"},\"datePublished\":\"2021-06-11T17:09:07+00:00\",\"dateModified\":\"2021-06-11T17:09:07+00:00\",\"breadcrumb\":{\"@id\":\"https:\/\/www.prijedordanas.com\/?p=168212#breadcrumb\"},\"inLanguage\":\"en-US\",\"potentialAction\":[{\"@type\":\"ReadAction\",\"target\":[\"https:\/\/www.prijedordanas.com\/?p=168212\"]}]},{\"@type\":\"BreadcrumbList\",\"@id\":\"https:\/\/www.prijedordanas.com\/?p=168212#breadcrumb\",\"itemListElement\":[{\"@type\":\"ListItem\",\"position\":1,\"name\":\"Home\",\"item\":\"https:\/\/www.prijedordanas.com\/\"},{\"@type\":\"ListItem\",\"position\":2,\"name\":\"\u201cMislimo da imaju leglo u blizini\u201d: Mje\u0161tani prijedorskog naselja Svale u strahu zbog zmija &#8211; FOTO\"}]},{\"@type\":\"WebSite\",\"@id\":\"https:\/\/www.prijedordanas.com\/#website\",\"url\":\"https:\/\/www.prijedordanas.com\/\",\"name\":\"PrijedorDanas.com - Prijedorski gradski portal\",\"description\":\"Portal o doga\u0111anjima u gradu Prijedoru\",\"publisher\":{\"@id\":\"https:\/\/www.prijedordanas.com\/#organization\"},\"potentialAction\":[{\"@type\":\"SearchAction\",\"target\":{\"@type\":\"EntryPoint\",\"urlTemplate\":\"https:\/\/www.prijedordanas.com\/?s={search_term_string}\"},\"query-input\":\"required name=search_term_string\"}],\"inLanguage\":\"en-US\"},{\"@type\":\"Organization\",\"@id\":\"https:\/\/www.prijedordanas.com\/#organization\",\"name\":\"PrijedorDanas.com\",\"url\":\"https:\/\/www.prijedordanas.com\/\",\"logo\":{\"@type\":\"ImageObject\",\"inLanguage\":\"en-US\",\"@id\":\"https:\/\/www.prijedordanas.com\/#\/schema\/logo\/image\/\",\"url\":\"http:\/\/www.prijedordanas.com\/wp-content\/uploads\/2021\/12\/logopng.png\",\"contentUrl\":\"http:\/\/www.prijedordanas.com\/wp-content\/uploads\/2021\/12\/logopng.png\",\"width\":1019,\"height\":776,\"caption\":\"PrijedorDanas.com\"},\"image\":{\"@id\":\"https:\/\/www.prijedordanas.com\/#\/schema\/logo\/image\/\"},\"sameAs\":[\"https:\/\/www.facebook.com\/PrijedorDanasCom\/\"]},{\"@type\":\"Person\",\"@id\":\"https:\/\/www.prijedordanas.com\/#\/schema\/person\/4e08ccf29b506ca916ff86d46bb700e6\",\"name\":\"admin\",\"image\":{\"@type\":\"ImageObject\",\"inLanguage\":\"en-US\",\"@id\":\"https:\/\/www.prijedordanas.com\/#\/schema\/person\/image\/\",\"url\":\"https:\/\/secure.gravatar.com\/avatar\/1d3fc949d550f0b53a5f0d51e06dfd79?s=96&d=mm&r=g\",\"contentUrl\":\"https:\/\/secure.gravatar.com\/avatar\/1d3fc949d550f0b53a5f0d51e06dfd79?s=96&d=mm&r=g\",\"caption\":\"admin\"},\"url\":\"https:\/\/www.prijedordanas.com\/?author=1\"}]}<\/script>\n<!-- \/ Yoast SEO plugin. -->","yoast_head_json":{"title":"\u201cMislimo da imaju leglo u blizini\u201d: Mje\u0161tani prijedorskog naselja Svale u strahu zbog zmija - FOTO - PrijedorDanas.com - Prijedorski gradski portal","robots":{"index":"index","follow":"follow","max-snippet":"max-snippet:-1","max-image-preview":"max-image-preview:large","max-video-preview":"max-video-preview:-1"},"canonical":"https:\/\/www.prijedordanas.com\/?p=168212","og_locale":"en_US","og_type":"article","og_title":"\u201cMislimo da imaju leglo u blizini\u201d: Mje\u0161tani prijedorskog naselja Svale u strahu zbog zmija - FOTO - PrijedorDanas.com - Prijedorski gradski portal","og_description":"Mje\u0161tani prijedorskog naselja Svale su u strahu zbog zmija koje su se pojavile u njihovom mjestu. Oni za Srpskainfo pri\u010daju da zmije sve \u010de\u0161\u0107e dolaze do njihovih ku\u0107a i da [&hellip;]","og_url":"https:\/\/www.prijedordanas.com\/?p=168212","og_site_name":"PrijedorDanas.com - Prijedorski gradski portal","article_publisher":"https:\/\/www.facebook.com\/PrijedorDanasCom\/","article_published_time":"2021-06-11T17:09:07+00:00","og_image":[{"url":"https:\/\/www.prijedordanas.com\/wp-content\/uploads\/2021\/06\/zmija-svale-prijedor-1-300x225.jpg"}],"author":"admin","twitter_card":"summary_large_image","twitter_misc":{"Written by":"admin","Est. reading time":"1 minute"},"schema":{"@context":"https:\/\/schema.org","@graph":[{"@type":"Article","@id":"https:\/\/www.prijedordanas.com\/?p=168212#article","isPartOf":{"@id":"https:\/\/www.prijedordanas.com\/?p=168212"},"author":{"name":"admin","@id":"https:\/\/www.prijedordanas.com\/#\/schema\/person\/4e08ccf29b506ca916ff86d46bb700e6"},"headline":"\u201cMislimo da imaju leglo u blizini\u201d: Mje\u0161tani prijedorskog naselja Svale u strahu zbog zmija &#8211; FOTO","datePublished":"2021-06-11T17:09:07+00:00","dateModified":"2021-06-11T17:09:07+00:00","mainEntityOfPage":{"@id":"https:\/\/www.prijedordanas.com\/?p=168212"},"wordCount":149,"publisher":{"@id":"https:\/\/www.prijedordanas.com\/#organization"},"articleSection":["Svakodnevno"],"inLanguage":"en-US"},{"@type":"WebPage","@id":"https:\/\/www.prijedordanas.com\/?p=168212","url":"https:\/\/www.prijedordanas.com\/?p=168212","name":"\u201cMislimo da imaju leglo u blizini\u201d: Mje\u0161tani prijedorskog naselja Svale u strahu zbog zmija - FOTO - PrijedorDanas.com - Prijedorski gradski portal","isPartOf":{"@id":"https:\/\/www.prijedordanas.com\/#website"},"datePublished":"2021-06-11T17:09:07+00:00","dateModified":"2021-06-11T17:09:07+00:00","breadcrumb":{"@id":"https:\/\/www.prijedordanas.com\/?p=168212#breadcrumb"},"inLanguage":"en-US","potentialAction":[{"@type":"ReadAction","target":["https:\/\/www.prijedordanas.com\/?p=168212"]}]},{"@type":"BreadcrumbList","@id":"https:\/\/www.prijedordanas.com\/?p=168212#breadcrumb","itemListElement":[{"@type":"ListItem","position":1,"name":"Home","item":"https:\/\/www.prijedordanas.com\/"},{"@type":"ListItem","position":2,"name":"\u201cMislimo da imaju leglo u blizini\u201d: Mje\u0161tani prijedorskog naselja Svale u strahu zbog zmija &#8211; FOTO"}]},{"@type":"WebSite","@id":"https:\/\/www.prijedordanas.com\/#website","url":"https:\/\/www.prijedordanas.com\/","name":"PrijedorDanas.com - Prijedorski gradski portal","description":"Portal o doga\u0111anjima u gradu Prijedoru","publisher":{"@id":"https:\/\/www.prijedordanas.com\/#organization"},"potentialAction":[{"@type":"SearchAction","target":{"@type":"EntryPoint","urlTemplate":"https:\/\/www.prijedordanas.com\/?s={search_term_string}"},"query-input":"required name=search_term_string"}],"inLanguage":"en-US"},{"@type":"Organization","@id":"https:\/\/www.prijedordanas.com\/#organization","name":"PrijedorDanas.com","url":"https:\/\/www.prijedordanas.com\/","logo":{"@type":"ImageObject","inLanguage":"en-US","@id":"https:\/\/www.prijedordanas.com\/#\/schema\/logo\/image\/","url":"http:\/\/www.prijedordanas.com\/wp-content\/uploads\/2021\/12\/logopng.png","contentUrl":"http:\/\/www.prijedordanas.com\/wp-content\/uploads\/2021\/12\/logopng.png","width":1019,"height":776,"caption":"PrijedorDanas.com"},"image":{"@id":"https:\/\/www.prijedordanas.com\/#\/schema\/logo\/image\/"},"sameAs":["https:\/\/www.facebook.com\/PrijedorDanasCom\/"]},{"@type":"Person","@id":"https:\/\/www.prijedordanas.com\/#\/schema\/person\/4e08ccf29b506ca916ff86d46bb700e6","name":"admin","image":{"@type":"ImageObject","inLanguage":"en-US","@id":"https:\/\/www.prijedordanas.com\/#\/schema\/person\/image\/","url":"https:\/\/secure.gravatar.com\/avatar\/1d3fc949d550f0b53a5f0d51e06dfd79?s=96&d=mm&r=g","contentUrl":"https:\/\/secure.gravatar.com\/avatar\/1d3fc949d550f0b53a5f0d51e06dfd79?s=96&d=mm&r=g","caption":"admin"},"url":"https:\/\/www.prijedordanas.com\/?author=1"}]}},"_links":{"self":[{"href":"https:\/\/www.prijedordanas.com\/index.php?rest_route=\/wp\/v2\/posts\/168212"}],"collection":[{"href":"https:\/\/www.prijedordanas.com\/index.php?rest_route=\/wp\/v2\/posts"}],"about":[{"href":"https:\/\/www.prijedordanas.com\/index.php?rest_route=\/wp\/v2\/types\/post"}],"author":[{"embeddable":true,"href":"https:\/\/www.prijedordanas.com\/index.php?rest_route=\/wp\/v2\/users\/1"}],"replies":[{"embeddable":true,"href":"https:\/\/www.prijedordanas.com\/index.php?rest_route=%2Fwp%2Fv2%2Fcomments&post=168212"}],"version-history":[{"count":1,"href":"https:\/\/www.prijedordanas.com\/index.php?rest_route=\/wp\/v2\/posts\/168212\/revisions"}],"predecessor-version":[{"id":168215,"href":"https:\/\/www.prijedordanas.com\/index.php?rest_route=\/wp\/v2\/posts\/168212\/revisions\/168215"}],"wp:attachment":[{"href":"https:\/\/www.prijedordanas.com\/index.php?rest_route=%2Fwp%2Fv2%2Fmedia&parent=168212"}],"wp:term":[{"taxonomy":"category","embeddable":true,"href":"https:\/\/www.prijedordanas.com\/index.php?rest_route=%2Fwp%2Fv2%2Fcategories&post=168212"},{"taxonomy":"post_tag","embeddable":true,"href":"https:\/\/www.prijedordanas.com\/index.php?rest_route=%2Fwp%2Fv2%2Ftags&post=168212"}],"curies":[{"name":"wp","href":"https:\/\/api.w.org\/{rel}","templated":true}]}}