{"id":167882,"date":"2021-06-04T20:53:05","date_gmt":"2021-06-04T18:53:05","guid":{"rendered":"https:\/\/www.prijedordanas.com\/?p=167882"},"modified":"2021-06-04T20:53:05","modified_gmt":"2021-06-04T18:53:05","slug":"oko-200-prijedorcana-danas-primilo-vakcinu-astrazeneca-video","status":"publish","type":"post","link":"https:\/\/www.prijedordanas.com\/?p=167882","title":{"rendered":"Oko 200 Prijedor\u010dana danas primilo vakcinu AstraZeneca &#8211; VIDEO"},"content":{"rendered":"<p><a href=\"https:\/\/www.prijedordanas.com\/wp-content\/uploads\/2021\/06\/kozarski-vakcinacija-4juni.jpg\"><img loading=\"lazy\" decoding=\"async\" src=\"https:\/\/www.prijedordanas.com\/wp-content\/uploads\/2021\/06\/kozarski-vakcinacija-4juni-300x225.jpg\" alt=\"\" width=\"300\" height=\"225\" class=\"alignleft size-medium wp-image-167889\" srcset=\"https:\/\/www.prijedordanas.com\/wp-content\/uploads\/2021\/06\/kozarski-vakcinacija-4juni-300x225.jpg 300w, https:\/\/www.prijedordanas.com\/wp-content\/uploads\/2021\/06\/kozarski-vakcinacija-4juni-640x480.jpg 640w, https:\/\/www.prijedordanas.com\/wp-content\/uploads\/2021\/06\/kozarski-vakcinacija-4juni.jpg 667w\" sizes=\"(max-width: 300px) 100vw, 300px\" \/><\/a>Na vakcinalnom punktu na Urijama danas je zabilje\u017een odli\u010dan odziv za vakcinaciju AstraZenecom. Do 14 \u010dasova ovu vakcinu primilo je oko 200 Prijedor\u010dana. Iz Doma zdravlja najavljuju da \u0107e sli\u010dnih vakcinacija, bez prethodne najave i za sve starosne dobi, biti i ubudu\u0107e.<\/p>\n<p>\u201cDanas je Dom zdravlja Prijedor otvorio vrata za sve koji su \u017eeljeli da se vakcini\u0161u vakcinom AstraZeneca. Odziv je bio fantasti\u010dan, kao i pro\u0161li put, tako da smo dali oko 200 vakcina. Gra\u0111ani su zadovoljni ovim na\u010dinom rada, bez naru\u010divanja, tako da se nadam da \u0107e ova praksa vakcinisanja stanovni\u0161ta biti nastavljena\u201d, rekla je dr Dijana \u0110eri\u0107, pomo\u0107nik direktora Doma zdravlja za medicinska pitanja.<\/p>\n<p>Vakcinacija Prijedor\u010dana starijih od 65 godina je pri kraju, a na redu su hroni\u010dni pacijenti. U Prijedoru je do danas prvom dozom vakcinisano oko 4.500 gra\u0111ana. Drugu dozu vakcine protiv Covida-19 primilo je oko 2.000 Prijedor\u010dana.<\/p>\n<p>kozarski.com<\/p>\n<p><iframe loading=\"lazy\" title=\"Prijedor danas 4  6  2021\" width=\"500\" height=\"281\" src=\"https:\/\/www.youtube.com\/embed\/qDXylOoDNog?start=98&#038;feature=oembed\" frameborder=\"0\" allow=\"accelerometer; autoplay; clipboard-write; encrypted-media; gyroscope; picture-in-picture\" allowfullscreen><\/iframe><\/p>\n","protected":false},"excerpt":{"rendered":"<p>Na vakcinalnom punktu na Urijama danas je zabilje\u017een odli\u010dan odziv za vakcinaciju AstraZenecom. Do 14 \u010dasova ovu vakcinu primilo je oko 200 Prijedor\u010dana. Iz Doma zdravlja najavljuju da \u0107e sli\u010dnih [&hellip;]<\/p>\n","protected":false},"author":1,"featured_media":0,"comment_status":"closed","ping_status":"open","sticky":false,"template":"","format":"standard","meta":{"_monsterinsights_skip_tracking":false,"_monsterinsights_sitenote_active":false,"_monsterinsights_sitenote_note":"","_monsterinsights_sitenote_category":0,"footnotes":""},"categories":[4],"tags":[],"yoast_head":"<!-- This site is optimized with the Yoast SEO plugin v21.6 - https:\/\/yoast.com\/wordpress\/plugins\/seo\/ -->\n<title>Oko 200 Prijedor\u010dana danas primilo vakcinu AstraZeneca - VIDEO - PrijedorDanas.com - Prijedorski gradski portal<\/title>\n<meta name=\"robots\" content=\"index, follow, max-snippet:-1, max-image-preview:large, max-video-preview:-1\" \/>\n<link rel=\"canonical\" href=\"https:\/\/www.prijedordanas.com\/?p=167882\" \/>\n<meta property=\"og:locale\" content=\"en_US\" \/>\n<meta property=\"og:type\" content=\"article\" \/>\n<meta property=\"og:title\" content=\"Oko 200 Prijedor\u010dana danas primilo vakcinu AstraZeneca - VIDEO - PrijedorDanas.com - Prijedorski gradski portal\" \/>\n<meta property=\"og:description\" content=\"Na vakcinalnom punktu na Urijama danas je zabilje\u017een odli\u010dan odziv za vakcinaciju AstraZenecom. Do 14 \u010dasova ovu vakcinu primilo je oko 200 Prijedor\u010dana. Iz Doma zdravlja najavljuju da \u0107e sli\u010dnih [&hellip;]\" \/>\n<meta property=\"og:url\" content=\"https:\/\/www.prijedordanas.com\/?p=167882\" \/>\n<meta property=\"og:site_name\" content=\"PrijedorDanas.com - Prijedorski gradski portal\" \/>\n<meta property=\"article:publisher\" content=\"https:\/\/www.facebook.com\/PrijedorDanasCom\/\" \/>\n<meta property=\"article:published_time\" content=\"2021-06-04T18:53:05+00:00\" \/>\n<meta property=\"og:image\" content=\"https:\/\/www.prijedordanas.com\/wp-content\/uploads\/2021\/06\/kozarski-vakcinacija-4juni-300x225.jpg\" \/>\n<meta name=\"author\" content=\"admin\" \/>\n<meta name=\"twitter:card\" content=\"summary_large_image\" \/>\n<meta name=\"twitter:label1\" content=\"Written by\" \/>\n\t<meta name=\"twitter:data1\" content=\"admin\" \/>\n\t<meta name=\"twitter:label2\" content=\"Est. reading time\" \/>\n\t<meta name=\"twitter:data2\" content=\"1 minute\" \/>\n<script type=\"application\/ld+json\" class=\"yoast-schema-graph\">{\"@context\":\"https:\/\/schema.org\",\"@graph\":[{\"@type\":\"Article\",\"@id\":\"https:\/\/www.prijedordanas.com\/?p=167882#article\",\"isPartOf\":{\"@id\":\"https:\/\/www.prijedordanas.com\/?p=167882\"},\"author\":{\"name\":\"admin\",\"@id\":\"https:\/\/www.prijedordanas.com\/#\/schema\/person\/4e08ccf29b506ca916ff86d46bb700e6\"},\"headline\":\"Oko 200 Prijedor\u010dana danas primilo vakcinu AstraZeneca &#8211; VIDEO\",\"datePublished\":\"2021-06-04T18:53:05+00:00\",\"dateModified\":\"2021-06-04T18:53:05+00:00\",\"mainEntityOfPage\":{\"@id\":\"https:\/\/www.prijedordanas.com\/?p=167882\"},\"wordCount\":169,\"publisher\":{\"@id\":\"https:\/\/www.prijedordanas.com\/#organization\"},\"articleSection\":[\"Dru\u0161tvo\"],\"inLanguage\":\"en-US\"},{\"@type\":\"WebPage\",\"@id\":\"https:\/\/www.prijedordanas.com\/?p=167882\",\"url\":\"https:\/\/www.prijedordanas.com\/?p=167882\",\"name\":\"Oko 200 Prijedor\u010dana danas primilo vakcinu AstraZeneca - VIDEO - PrijedorDanas.com - Prijedorski gradski portal\",\"isPartOf\":{\"@id\":\"https:\/\/www.prijedordanas.com\/#website\"},\"datePublished\":\"2021-06-04T18:53:05+00:00\",\"dateModified\":\"2021-06-04T18:53:05+00:00\",\"breadcrumb\":{\"@id\":\"https:\/\/www.prijedordanas.com\/?p=167882#breadcrumb\"},\"inLanguage\":\"en-US\",\"potentialAction\":[{\"@type\":\"ReadAction\",\"target\":[\"https:\/\/www.prijedordanas.com\/?p=167882\"]}]},{\"@type\":\"BreadcrumbList\",\"@id\":\"https:\/\/www.prijedordanas.com\/?p=167882#breadcrumb\",\"itemListElement\":[{\"@type\":\"ListItem\",\"position\":1,\"name\":\"Home\",\"item\":\"https:\/\/www.prijedordanas.com\/\"},{\"@type\":\"ListItem\",\"position\":2,\"name\":\"Oko 200 Prijedor\u010dana danas primilo vakcinu AstraZeneca &#8211; VIDEO\"}]},{\"@type\":\"WebSite\",\"@id\":\"https:\/\/www.prijedordanas.com\/#website\",\"url\":\"https:\/\/www.prijedordanas.com\/\",\"name\":\"PrijedorDanas.com - Prijedorski gradski portal\",\"description\":\"Portal o doga\u0111anjima u gradu Prijedoru\",\"publisher\":{\"@id\":\"https:\/\/www.prijedordanas.com\/#organization\"},\"potentialAction\":[{\"@type\":\"SearchAction\",\"target\":{\"@type\":\"EntryPoint\",\"urlTemplate\":\"https:\/\/www.prijedordanas.com\/?s={search_term_string}\"},\"query-input\":\"required name=search_term_string\"}],\"inLanguage\":\"en-US\"},{\"@type\":\"Organization\",\"@id\":\"https:\/\/www.prijedordanas.com\/#organization\",\"name\":\"PrijedorDanas.com\",\"url\":\"https:\/\/www.prijedordanas.com\/\",\"logo\":{\"@type\":\"ImageObject\",\"inLanguage\":\"en-US\",\"@id\":\"https:\/\/www.prijedordanas.com\/#\/schema\/logo\/image\/\",\"url\":\"http:\/\/www.prijedordanas.com\/wp-content\/uploads\/2021\/12\/logopng.png\",\"contentUrl\":\"http:\/\/www.prijedordanas.com\/wp-content\/uploads\/2021\/12\/logopng.png\",\"width\":1019,\"height\":776,\"caption\":\"PrijedorDanas.com\"},\"image\":{\"@id\":\"https:\/\/www.prijedordanas.com\/#\/schema\/logo\/image\/\"},\"sameAs\":[\"https:\/\/www.facebook.com\/PrijedorDanasCom\/\"]},{\"@type\":\"Person\",\"@id\":\"https:\/\/www.prijedordanas.com\/#\/schema\/person\/4e08ccf29b506ca916ff86d46bb700e6\",\"name\":\"admin\",\"image\":{\"@type\":\"ImageObject\",\"inLanguage\":\"en-US\",\"@id\":\"https:\/\/www.prijedordanas.com\/#\/schema\/person\/image\/\",\"url\":\"https:\/\/secure.gravatar.com\/avatar\/1d3fc949d550f0b53a5f0d51e06dfd79?s=96&d=mm&r=g\",\"contentUrl\":\"https:\/\/secure.gravatar.com\/avatar\/1d3fc949d550f0b53a5f0d51e06dfd79?s=96&d=mm&r=g\",\"caption\":\"admin\"},\"url\":\"https:\/\/www.prijedordanas.com\/?author=1\"}]}<\/script>\n<!-- \/ Yoast SEO plugin. -->","yoast_head_json":{"title":"Oko 200 Prijedor\u010dana danas primilo vakcinu AstraZeneca - VIDEO - PrijedorDanas.com - Prijedorski gradski portal","robots":{"index":"index","follow":"follow","max-snippet":"max-snippet:-1","max-image-preview":"max-image-preview:large","max-video-preview":"max-video-preview:-1"},"canonical":"https:\/\/www.prijedordanas.com\/?p=167882","og_locale":"en_US","og_type":"article","og_title":"Oko 200 Prijedor\u010dana danas primilo vakcinu AstraZeneca - VIDEO - PrijedorDanas.com - Prijedorski gradski portal","og_description":"Na vakcinalnom punktu na Urijama danas je zabilje\u017een odli\u010dan odziv za vakcinaciju AstraZenecom. Do 14 \u010dasova ovu vakcinu primilo je oko 200 Prijedor\u010dana. Iz Doma zdravlja najavljuju da \u0107e sli\u010dnih [&hellip;]","og_url":"https:\/\/www.prijedordanas.com\/?p=167882","og_site_name":"PrijedorDanas.com - Prijedorski gradski portal","article_publisher":"https:\/\/www.facebook.com\/PrijedorDanasCom\/","article_published_time":"2021-06-04T18:53:05+00:00","og_image":[{"url":"https:\/\/www.prijedordanas.com\/wp-content\/uploads\/2021\/06\/kozarski-vakcinacija-4juni-300x225.jpg"}],"author":"admin","twitter_card":"summary_large_image","twitter_misc":{"Written by":"admin","Est. reading time":"1 minute"},"schema":{"@context":"https:\/\/schema.org","@graph":[{"@type":"Article","@id":"https:\/\/www.prijedordanas.com\/?p=167882#article","isPartOf":{"@id":"https:\/\/www.prijedordanas.com\/?p=167882"},"author":{"name":"admin","@id":"https:\/\/www.prijedordanas.com\/#\/schema\/person\/4e08ccf29b506ca916ff86d46bb700e6"},"headline":"Oko 200 Prijedor\u010dana danas primilo vakcinu AstraZeneca &#8211; VIDEO","datePublished":"2021-06-04T18:53:05+00:00","dateModified":"2021-06-04T18:53:05+00:00","mainEntityOfPage":{"@id":"https:\/\/www.prijedordanas.com\/?p=167882"},"wordCount":169,"publisher":{"@id":"https:\/\/www.prijedordanas.com\/#organization"},"articleSection":["Dru\u0161tvo"],"inLanguage":"en-US"},{"@type":"WebPage","@id":"https:\/\/www.prijedordanas.com\/?p=167882","url":"https:\/\/www.prijedordanas.com\/?p=167882","name":"Oko 200 Prijedor\u010dana danas primilo vakcinu AstraZeneca - VIDEO - PrijedorDanas.com - Prijedorski gradski portal","isPartOf":{"@id":"https:\/\/www.prijedordanas.com\/#website"},"datePublished":"2021-06-04T18:53:05+00:00","dateModified":"2021-06-04T18:53:05+00:00","breadcrumb":{"@id":"https:\/\/www.prijedordanas.com\/?p=167882#breadcrumb"},"inLanguage":"en-US","potentialAction":[{"@type":"ReadAction","target":["https:\/\/www.prijedordanas.com\/?p=167882"]}]},{"@type":"BreadcrumbList","@id":"https:\/\/www.prijedordanas.com\/?p=167882#breadcrumb","itemListElement":[{"@type":"ListItem","position":1,"name":"Home","item":"https:\/\/www.prijedordanas.com\/"},{"@type":"ListItem","position":2,"name":"Oko 200 Prijedor\u010dana danas primilo vakcinu AstraZeneca &#8211; VIDEO"}]},{"@type":"WebSite","@id":"https:\/\/www.prijedordanas.com\/#website","url":"https:\/\/www.prijedordanas.com\/","name":"PrijedorDanas.com - Prijedorski gradski portal","description":"Portal o doga\u0111anjima u gradu Prijedoru","publisher":{"@id":"https:\/\/www.prijedordanas.com\/#organization"},"potentialAction":[{"@type":"SearchAction","target":{"@type":"EntryPoint","urlTemplate":"https:\/\/www.prijedordanas.com\/?s={search_term_string}"},"query-input":"required name=search_term_string"}],"inLanguage":"en-US"},{"@type":"Organization","@id":"https:\/\/www.prijedordanas.com\/#organization","name":"PrijedorDanas.com","url":"https:\/\/www.prijedordanas.com\/","logo":{"@type":"ImageObject","inLanguage":"en-US","@id":"https:\/\/www.prijedordanas.com\/#\/schema\/logo\/image\/","url":"http:\/\/www.prijedordanas.com\/wp-content\/uploads\/2021\/12\/logopng.png","contentUrl":"http:\/\/www.prijedordanas.com\/wp-content\/uploads\/2021\/12\/logopng.png","width":1019,"height":776,"caption":"PrijedorDanas.com"},"image":{"@id":"https:\/\/www.prijedordanas.com\/#\/schema\/logo\/image\/"},"sameAs":["https:\/\/www.facebook.com\/PrijedorDanasCom\/"]},{"@type":"Person","@id":"https:\/\/www.prijedordanas.com\/#\/schema\/person\/4e08ccf29b506ca916ff86d46bb700e6","name":"admin","image":{"@type":"ImageObject","inLanguage":"en-US","@id":"https:\/\/www.prijedordanas.com\/#\/schema\/person\/image\/","url":"https:\/\/secure.gravatar.com\/avatar\/1d3fc949d550f0b53a5f0d51e06dfd79?s=96&d=mm&r=g","contentUrl":"https:\/\/secure.gravatar.com\/avatar\/1d3fc949d550f0b53a5f0d51e06dfd79?s=96&d=mm&r=g","caption":"admin"},"url":"https:\/\/www.prijedordanas.com\/?author=1"}]}},"_links":{"self":[{"href":"https:\/\/www.prijedordanas.com\/index.php?rest_route=\/wp\/v2\/posts\/167882"}],"collection":[{"href":"https:\/\/www.prijedordanas.com\/index.php?rest_route=\/wp\/v2\/posts"}],"about":[{"href":"https:\/\/www.prijedordanas.com\/index.php?rest_route=\/wp\/v2\/types\/post"}],"author":[{"embeddable":true,"href":"https:\/\/www.prijedordanas.com\/index.php?rest_route=\/wp\/v2\/users\/1"}],"replies":[{"embeddable":true,"href":"https:\/\/www.prijedordanas.com\/index.php?rest_route=%2Fwp%2Fv2%2Fcomments&post=167882"}],"version-history":[{"count":2,"href":"https:\/\/www.prijedordanas.com\/index.php?rest_route=\/wp\/v2\/posts\/167882\/revisions"}],"predecessor-version":[{"id":167890,"href":"https:\/\/www.prijedordanas.com\/index.php?rest_route=\/wp\/v2\/posts\/167882\/revisions\/167890"}],"wp:attachment":[{"href":"https:\/\/www.prijedordanas.com\/index.php?rest_route=%2Fwp%2Fv2%2Fmedia&parent=167882"}],"wp:term":[{"taxonomy":"category","embeddable":true,"href":"https:\/\/www.prijedordanas.com\/index.php?rest_route=%2Fwp%2Fv2%2Fcategories&post=167882"},{"taxonomy":"post_tag","embeddable":true,"href":"https:\/\/www.prijedordanas.com\/index.php?rest_route=%2Fwp%2Fv2%2Ftags&post=167882"}],"curies":[{"name":"wp","href":"https:\/\/api.w.org\/{rel}","templated":true}]}}