{"id":167788,"date":"2021-06-02T19:36:15","date_gmt":"2021-06-02T17:36:15","guid":{"rendered":"https:\/\/www.prijedordanas.com\/?p=167788"},"modified":"2021-06-02T19:36:15","modified_gmt":"2021-06-02T17:36:15","slug":"prijedor-obilazak-firme-agro-plus-investitora-u-oblasti-vocarstva-foto","status":"publish","type":"post","link":"https:\/\/www.prijedordanas.com\/?p=167788","title":{"rendered":"Prijedor: Obilazak firme &#8220;Agro plus&#8221;- investitora u oblasti vo\u0107arstva &#8211; FOTO"},"content":{"rendered":"<p><a href=\"https:\/\/www.prijedordanas.com\/wp-content\/uploads\/2021\/06\/prijedorgradorg-agroplus-posjeta-1.jpg\"><img loading=\"lazy\" decoding=\"async\" class=\"alignleft size-medium wp-image-167789\" src=\"https:\/\/www.prijedordanas.com\/wp-content\/uploads\/2021\/06\/prijedorgradorg-agroplus-posjeta-1-300x225.jpg\" alt=\"\" width=\"300\" height=\"225\" srcset=\"https:\/\/www.prijedordanas.com\/wp-content\/uploads\/2021\/06\/prijedorgradorg-agroplus-posjeta-1-300x225.jpg 300w, https:\/\/www.prijedordanas.com\/wp-content\/uploads\/2021\/06\/prijedorgradorg-agroplus-posjeta-1-640x480.jpg 640w, https:\/\/www.prijedordanas.com\/wp-content\/uploads\/2021\/06\/prijedorgradorg-agroplus-posjeta-1.jpg 667w\" sizes=\"(max-width: 300px) 100vw, 300px\" \/><\/a>Gradona\u010delnik Prijedora Dalibor Pavlovi\u0107 danas je obi\u0161ao firmu &#8220;Agro plus&#8221; u \u010cejrecima \u010dija je primarna aktivnost vo\u0107arstvo i distribucija sto\u010dne hrane.<\/p>\n<p>Investitor i vlasnik firme Enisa Larson izjavila je da firma ima vo\u0107njak na povr\u0161ini od dva hektara koji je ra\u0111en po savremenim metodama sadnje vo\u0107a i gdje se uzgaja \u0161est sorti jabuka.<\/p>\n<p>&#8220;Mi smo jako zadovoljni jer smo postigli stabilnost na tr\u017ei\u0161tu, sve vi\u0161e se kre\u0107emo u pozitivnom smjeru i na\u0161 je cilj da opstanemo u ovom izazovnom vremenu i da nakon pandemije krenemo jo\u0161 intenzivnije sa radom&#8221;, istaskla je Larsonova.<\/p>\n<p><a href=\"https:\/\/www.prijedordanas.com\/wp-content\/uploads\/2021\/06\/prijedorgradorg-agroplus-posjeta-2.jpg\"><img loading=\"lazy\" decoding=\"async\" class=\"alignleft size-medium wp-image-167790\" src=\"https:\/\/www.prijedordanas.com\/wp-content\/uploads\/2021\/06\/prijedorgradorg-agroplus-posjeta-2-300x200.jpg\" alt=\"\" width=\"300\" height=\"200\" srcset=\"https:\/\/www.prijedordanas.com\/wp-content\/uploads\/2021\/06\/prijedorgradorg-agroplus-posjeta-2-300x200.jpg 300w, https:\/\/www.prijedordanas.com\/wp-content\/uploads\/2021\/06\/prijedorgradorg-agroplus-posjeta-2-480x320.jpg 480w, https:\/\/www.prijedordanas.com\/wp-content\/uploads\/2021\/06\/prijedorgradorg-agroplus-posjeta-2.jpg 600w\" sizes=\"(max-width: 300px) 100vw, 300px\" \/><\/a>Ona je dodala da je vo\u0107njak star osam godina sa prinosom od 100 tona jabuke godi\u0161nje mada trenutno nemaju dovoljne koli\u010dine koje bi podmirile doma\u0107e ,a pogotovo evropsko tr\u017ei\u0161te gdje imaju osmi\u0161ljen plan kako da ga osvoje.<\/p>\n<p>&#8220;Vo\u0107njak je savremeno ura\u0111en \u0161to je osnovni uslovi za izlazak u Evropu, konkretno recimo \u0160vedsku odakle sam ja i gdje bih \u017eeljela da plasiramo svoje proizvode&#8221;, istakla je Larsonova isti\u010du\u0107i da ova firma ima svoju hladnja\u010du kapaciteta 200 tona te da \u017eele saradnju sa drugim vo\u0107arima na podru\u010dju Prijedora koji bi morali da ispunjavaju evropske uslove u proizvodnji kada je u pitanje tretiranje vo\u0107a, prije svega.<\/p>\n<p><a href=\"https:\/\/www.prijedordanas.com\/wp-content\/uploads\/2021\/06\/prijedorgradorg-agroplus-posjeta-4.jpg\"><img loading=\"lazy\" decoding=\"async\" class=\"alignleft size-medium wp-image-167791\" src=\"https:\/\/www.prijedordanas.com\/wp-content\/uploads\/2021\/06\/prijedorgradorg-agroplus-posjeta-4-300x200.jpg\" alt=\"\" width=\"300\" height=\"200\" srcset=\"https:\/\/www.prijedordanas.com\/wp-content\/uploads\/2021\/06\/prijedorgradorg-agroplus-posjeta-4-300x200.jpg 300w, https:\/\/www.prijedordanas.com\/wp-content\/uploads\/2021\/06\/prijedorgradorg-agroplus-posjeta-4-480x320.jpg 480w, https:\/\/www.prijedordanas.com\/wp-content\/uploads\/2021\/06\/prijedorgradorg-agroplus-posjeta-4.jpg 600w\" sizes=\"(max-width: 300px) 100vw, 300px\" \/><\/a>Dragan Zori\u0107, direktor firme &#8221; Agro plus&#8221; izjavio je da je ovdje rije\u010d o visoko intenzivnom vo\u0107njaku, uglavnom jabuke razli\u010ditog sortimenta podignutom po savremenim sistemima gajenja kada govorimo o gustini sadnje, uzgojnim formama, podignutoj protivgradnoj mre\u017ei i sistemu zalivanja, a u planu je priprema za izradu antifrost sistema.<\/p>\n<p>&#8220;\u017delimo da pove\u0107amo vlastitu proizvodnju, da pro\u0161irimo skladi\u0161ni kapacitet i da radimo na kooperantskim odnosima sa drugim proizvo\u0111a\u010dima vo\u0107a i to je neki dio plana razvoja koji bi se trebao zavr\u0161iti za tri godine&#8221;, istakao je Zori\u0107.<\/p>\n<p><a href=\"https:\/\/www.prijedordanas.com\/wp-content\/uploads\/2021\/06\/prijedorgradorg-agroplus-posjeta-3.jpg\"><img loading=\"lazy\" decoding=\"async\" class=\"alignleft size-medium wp-image-167792\" src=\"https:\/\/www.prijedordanas.com\/wp-content\/uploads\/2021\/06\/prijedorgradorg-agroplus-posjeta-3-300x200.jpg\" alt=\"\" width=\"300\" height=\"200\" srcset=\"https:\/\/www.prijedordanas.com\/wp-content\/uploads\/2021\/06\/prijedorgradorg-agroplus-posjeta-3-300x200.jpg 300w, https:\/\/www.prijedordanas.com\/wp-content\/uploads\/2021\/06\/prijedorgradorg-agroplus-posjeta-3-480x320.jpg 480w, https:\/\/www.prijedordanas.com\/wp-content\/uploads\/2021\/06\/prijedorgradorg-agroplus-posjeta-3.jpg 600w\" sizes=\"(max-width: 300px) 100vw, 300px\" \/><\/a>Dodao je da drugi segment poslovanja ove firme obuhvata distribuciju sto\u010dne hrane.<\/p>\n<p>&#8220;Mi smo ekskluzivni zastupnici Sanderssto\u010dne hrane za BiH i tu isto dosta ra\u010dunamo na veliku mogu\u0107nost razvoja i veliki potencijal u smislu samog plasmana tog proizvoda jer imamo veliki broj proizvo\u0111a\u010da, a u dugoro\u010dlnim planovima je i neka vlastita proizvodnja&#8221;, rekao je Zori\u0107.<\/p>\n<p>Gradona\u010delnik Dalibor Pavlovi\u0107 je izjavio da je ovo bila posjeta jednoj porodi\u010dnoj firmi koja ima ozbiljne ambicije da postane i jedna od vode\u0107ih firmi kada je u pitanju vo\u0107arstvo na podru\u010dju grada Prijedora.<\/p>\n<p><a href=\"https:\/\/www.prijedordanas.com\/wp-content\/uploads\/2021\/06\/prijedorgradorg-agroplus-posjeta-5.jpg\"><img loading=\"lazy\" decoding=\"async\" class=\"alignleft size-medium wp-image-167793\" src=\"https:\/\/www.prijedordanas.com\/wp-content\/uploads\/2021\/06\/prijedorgradorg-agroplus-posjeta-5-300x200.jpg\" alt=\"\" width=\"300\" height=\"200\" srcset=\"https:\/\/www.prijedordanas.com\/wp-content\/uploads\/2021\/06\/prijedorgradorg-agroplus-posjeta-5-300x200.jpg 300w, https:\/\/www.prijedordanas.com\/wp-content\/uploads\/2021\/06\/prijedorgradorg-agroplus-posjeta-5-480x320.jpg 480w, https:\/\/www.prijedordanas.com\/wp-content\/uploads\/2021\/06\/prijedorgradorg-agroplus-posjeta-5.jpg 600w\" sizes=\"(max-width: 300px) 100vw, 300px\" \/><\/a>&#8220;Tu su firmu osnovali ljudi koji su se vratili iz dijaspore i \u017eele da ostvare ne\u0161to u svom gradu. Mi smo sre\u0107ni kada ljudi \u017eele da u na\u0161em gradu otvaraju svoje porodi\u010dne firme i da razvijaju biznise na dobrobit i njih samih i grada i ovom posjetom smo pru\u017eili podr\u0161ku ovoj firmi i ljudima koji su je osnovali i koji je vode, kako bi nastavili da rade na onom \u0161to \u017eele i \u0161to su zacrtali i da se dalje razvijaju&#8221;, rekao je Pavlovi\u0107.<\/p>\n<p>On je dodao da je upoznat sa njihovim problemom nedovoljne koli\u010dine zemlji\u0161ta radi pro\u0161irenja kapaciteta.<\/p>\n<p>&#8220;Mi \u0107emo vidjeti da li postoje neke parcele koje bi se dale u koncesiju jer je grad opredijeljen da pomogne svima onima koji \u017eele u na\u0161em gradu da rade, ula\u017eu i investiraju. Ovo je jedan pozitivan i dobar primjer i koji \u0107e biti na ponos kako u Prijedoru tako i Evropi jer planiraju da se u narednom periodu probijaju na evropsko tr\u017ei\u0161te&#8221;rekao je Pavlovi\u0107.<\/p>\n<p><a href=\"https:\/\/www.prijedordanas.com\/wp-content\/uploads\/2021\/06\/prijedorgradorg-agroplus-posjeta-6.jpg\"><img loading=\"lazy\" decoding=\"async\" src=\"https:\/\/www.prijedordanas.com\/wp-content\/uploads\/2021\/06\/prijedorgradorg-agroplus-posjeta-6-300x200.jpg\" alt=\"\" width=\"300\" height=\"200\" class=\"alignleft size-medium wp-image-167794\" srcset=\"https:\/\/www.prijedordanas.com\/wp-content\/uploads\/2021\/06\/prijedorgradorg-agroplus-posjeta-6-300x200.jpg 300w, https:\/\/www.prijedordanas.com\/wp-content\/uploads\/2021\/06\/prijedorgradorg-agroplus-posjeta-6-480x320.jpg 480w, https:\/\/www.prijedordanas.com\/wp-content\/uploads\/2021\/06\/prijedorgradorg-agroplus-posjeta-6.jpg 600w\" sizes=\"(max-width: 300px) 100vw, 300px\" \/><\/a>On je dodao da ima u planu obilazak ovakvih i sli\u010dnih investitora jer grad mora da ih prepozna i podr\u017eava koliko je to u mogu\u0107nosti.<\/p>\n<p>U obilasku ove firme sa gradona\u010delnikom su bili i predsjednik Skup\u0161tine grada Mirsad Duratovi\u0107 i vr\u0161ilac du\u017enosti na\u010delnika Odjeljenja za poljoprivredu i ruralni razvoj Danijel Egi\u0107.<\/p>\n<p>&#8220;Smatram ovo zna\u010dajnim korakom u saradnji i sa postoje\u0107im i budu\u0107im investitorima da obilaskom i razgovorom sagledamo potrebe i mogu\u0107nosti saradnje i podr\u0161ke \u0161to mo\u017ee biti pozitivno u daljem privla\u010denju doma\u0107ih i stranih investitora&#8221;, izjavio je Duratovi\u0107.<\/p>\n<p><a href=\"http:\/\/prijedorgrad.org\/sr-EU\/vijesti-sadrzaj.html?vid=11914\" target=\"_blank\" rel=\"noopener\">prijedorgrad.org<\/a><\/p>\n<p><a href=\"https:\/\/www.prijedordanas.com\/wp-content\/uploads\/2021\/06\/prijedorgradorg-agroplus-posjeta-8.jpg\"><img loading=\"lazy\" decoding=\"async\" src=\"https:\/\/www.prijedordanas.com\/wp-content\/uploads\/2021\/06\/prijedorgradorg-agroplus-posjeta-8-300x200.jpg\" alt=\"\" width=\"300\" height=\"200\" class=\"alignleft size-medium wp-image-167795\" srcset=\"https:\/\/www.prijedordanas.com\/wp-content\/uploads\/2021\/06\/prijedorgradorg-agroplus-posjeta-8-300x200.jpg 300w, https:\/\/www.prijedordanas.com\/wp-content\/uploads\/2021\/06\/prijedorgradorg-agroplus-posjeta-8-480x320.jpg 480w, https:\/\/www.prijedordanas.com\/wp-content\/uploads\/2021\/06\/prijedorgradorg-agroplus-posjeta-8.jpg 600w\" sizes=\"(max-width: 300px) 100vw, 300px\" \/><\/a> <a href=\"https:\/\/www.prijedordanas.com\/wp-content\/uploads\/2021\/06\/prijedorgradorg-agroplus-posjeta-7.jpg\"><img loading=\"lazy\" decoding=\"async\" src=\"https:\/\/www.prijedordanas.com\/wp-content\/uploads\/2021\/06\/prijedorgradorg-agroplus-posjeta-7-300x200.jpg\" alt=\"\" width=\"300\" height=\"200\" class=\"alignleft size-medium wp-image-167796\" srcset=\"https:\/\/www.prijedordanas.com\/wp-content\/uploads\/2021\/06\/prijedorgradorg-agroplus-posjeta-7-300x200.jpg 300w, https:\/\/www.prijedordanas.com\/wp-content\/uploads\/2021\/06\/prijedorgradorg-agroplus-posjeta-7-480x320.jpg 480w, https:\/\/www.prijedordanas.com\/wp-content\/uploads\/2021\/06\/prijedorgradorg-agroplus-posjeta-7.jpg 600w\" sizes=\"(max-width: 300px) 100vw, 300px\" \/><\/a><\/p>\n","protected":false},"excerpt":{"rendered":"<p>Gradona\u010delnik Prijedora Dalibor Pavlovi\u0107 danas je obi\u0161ao firmu &#8220;Agro plus&#8221; u \u010cejrecima \u010dija je primarna aktivnost vo\u0107arstvo i distribucija sto\u010dne hrane. Investitor i vlasnik firme Enisa Larson izjavila je da [&hellip;]<\/p>\n","protected":false},"author":1,"featured_media":0,"comment_status":"closed","ping_status":"open","sticky":false,"template":"","format":"standard","meta":{"_monsterinsights_skip_tracking":false,"_monsterinsights_sitenote_active":false,"_monsterinsights_sitenote_note":"","_monsterinsights_sitenote_category":0,"footnotes":""},"categories":[8],"tags":[],"yoast_head":"<!-- This site is optimized with the Yoast SEO plugin v21.6 - https:\/\/yoast.com\/wordpress\/plugins\/seo\/ -->\n<title>Prijedor: Obilazak firme &quot;Agro plus&quot;- investitora u oblasti vo\u0107arstva - FOTO - PrijedorDanas.com - Prijedorski gradski portal<\/title>\n<meta name=\"robots\" content=\"index, follow, max-snippet:-1, max-image-preview:large, max-video-preview:-1\" \/>\n<link rel=\"canonical\" href=\"https:\/\/www.prijedordanas.com\/?p=167788\" \/>\n<meta property=\"og:locale\" content=\"en_US\" \/>\n<meta property=\"og:type\" content=\"article\" \/>\n<meta property=\"og:title\" content=\"Prijedor: Obilazak firme &quot;Agro plus&quot;- investitora u oblasti vo\u0107arstva - FOTO - PrijedorDanas.com - Prijedorski gradski portal\" \/>\n<meta property=\"og:description\" content=\"Gradona\u010delnik Prijedora Dalibor Pavlovi\u0107 danas je obi\u0161ao firmu &#8220;Agro plus&#8221; u \u010cejrecima \u010dija je primarna aktivnost vo\u0107arstvo i distribucija sto\u010dne hrane. Investitor i vlasnik firme Enisa Larson izjavila je da [&hellip;]\" \/>\n<meta property=\"og:url\" content=\"https:\/\/www.prijedordanas.com\/?p=167788\" \/>\n<meta property=\"og:site_name\" content=\"PrijedorDanas.com - Prijedorski gradski portal\" \/>\n<meta property=\"article:publisher\" content=\"https:\/\/www.facebook.com\/PrijedorDanasCom\/\" \/>\n<meta property=\"article:published_time\" content=\"2021-06-02T17:36:15+00:00\" \/>\n<meta property=\"og:image\" content=\"https:\/\/www.prijedordanas.com\/wp-content\/uploads\/2021\/06\/prijedorgradorg-agroplus-posjeta-1-300x225.jpg\" \/>\n<meta name=\"author\" content=\"admin\" \/>\n<meta name=\"twitter:card\" content=\"summary_large_image\" \/>\n<meta name=\"twitter:label1\" content=\"Written by\" \/>\n\t<meta name=\"twitter:data1\" content=\"admin\" \/>\n\t<meta name=\"twitter:label2\" content=\"Est. reading time\" \/>\n\t<meta name=\"twitter:data2\" content=\"4 minutes\" \/>\n<script type=\"application\/ld+json\" class=\"yoast-schema-graph\">{\"@context\":\"https:\/\/schema.org\",\"@graph\":[{\"@type\":\"Article\",\"@id\":\"https:\/\/www.prijedordanas.com\/?p=167788#article\",\"isPartOf\":{\"@id\":\"https:\/\/www.prijedordanas.com\/?p=167788\"},\"author\":{\"name\":\"admin\",\"@id\":\"https:\/\/www.prijedordanas.com\/#\/schema\/person\/4e08ccf29b506ca916ff86d46bb700e6\"},\"headline\":\"Prijedor: Obilazak firme &#8220;Agro plus&#8221;- investitora u oblasti vo\u0107arstva &#8211; FOTO\",\"datePublished\":\"2021-06-02T17:36:15+00:00\",\"dateModified\":\"2021-06-02T17:36:15+00:00\",\"mainEntityOfPage\":{\"@id\":\"https:\/\/www.prijedordanas.com\/?p=167788\"},\"wordCount\":709,\"publisher\":{\"@id\":\"https:\/\/www.prijedordanas.com\/#organization\"},\"articleSection\":[\"Svakodnevno\"],\"inLanguage\":\"en-US\"},{\"@type\":\"WebPage\",\"@id\":\"https:\/\/www.prijedordanas.com\/?p=167788\",\"url\":\"https:\/\/www.prijedordanas.com\/?p=167788\",\"name\":\"Prijedor: Obilazak firme \\\"Agro plus\\\"- investitora u oblasti vo\u0107arstva - FOTO - PrijedorDanas.com - Prijedorski gradski portal\",\"isPartOf\":{\"@id\":\"https:\/\/www.prijedordanas.com\/#website\"},\"datePublished\":\"2021-06-02T17:36:15+00:00\",\"dateModified\":\"2021-06-02T17:36:15+00:00\",\"breadcrumb\":{\"@id\":\"https:\/\/www.prijedordanas.com\/?p=167788#breadcrumb\"},\"inLanguage\":\"en-US\",\"potentialAction\":[{\"@type\":\"ReadAction\",\"target\":[\"https:\/\/www.prijedordanas.com\/?p=167788\"]}]},{\"@type\":\"BreadcrumbList\",\"@id\":\"https:\/\/www.prijedordanas.com\/?p=167788#breadcrumb\",\"itemListElement\":[{\"@type\":\"ListItem\",\"position\":1,\"name\":\"Home\",\"item\":\"https:\/\/www.prijedordanas.com\/\"},{\"@type\":\"ListItem\",\"position\":2,\"name\":\"Prijedor: Obilazak firme &#8220;Agro plus&#8221;- investitora u oblasti vo\u0107arstva &#8211; FOTO\"}]},{\"@type\":\"WebSite\",\"@id\":\"https:\/\/www.prijedordanas.com\/#website\",\"url\":\"https:\/\/www.prijedordanas.com\/\",\"name\":\"PrijedorDanas.com - Prijedorski gradski portal\",\"description\":\"Portal o doga\u0111anjima u gradu Prijedoru\",\"publisher\":{\"@id\":\"https:\/\/www.prijedordanas.com\/#organization\"},\"potentialAction\":[{\"@type\":\"SearchAction\",\"target\":{\"@type\":\"EntryPoint\",\"urlTemplate\":\"https:\/\/www.prijedordanas.com\/?s={search_term_string}\"},\"query-input\":\"required name=search_term_string\"}],\"inLanguage\":\"en-US\"},{\"@type\":\"Organization\",\"@id\":\"https:\/\/www.prijedordanas.com\/#organization\",\"name\":\"PrijedorDanas.com\",\"url\":\"https:\/\/www.prijedordanas.com\/\",\"logo\":{\"@type\":\"ImageObject\",\"inLanguage\":\"en-US\",\"@id\":\"https:\/\/www.prijedordanas.com\/#\/schema\/logo\/image\/\",\"url\":\"http:\/\/www.prijedordanas.com\/wp-content\/uploads\/2021\/12\/logopng.png\",\"contentUrl\":\"http:\/\/www.prijedordanas.com\/wp-content\/uploads\/2021\/12\/logopng.png\",\"width\":1019,\"height\":776,\"caption\":\"PrijedorDanas.com\"},\"image\":{\"@id\":\"https:\/\/www.prijedordanas.com\/#\/schema\/logo\/image\/\"},\"sameAs\":[\"https:\/\/www.facebook.com\/PrijedorDanasCom\/\"]},{\"@type\":\"Person\",\"@id\":\"https:\/\/www.prijedordanas.com\/#\/schema\/person\/4e08ccf29b506ca916ff86d46bb700e6\",\"name\":\"admin\",\"image\":{\"@type\":\"ImageObject\",\"inLanguage\":\"en-US\",\"@id\":\"https:\/\/www.prijedordanas.com\/#\/schema\/person\/image\/\",\"url\":\"https:\/\/secure.gravatar.com\/avatar\/1d3fc949d550f0b53a5f0d51e06dfd79?s=96&d=mm&r=g\",\"contentUrl\":\"https:\/\/secure.gravatar.com\/avatar\/1d3fc949d550f0b53a5f0d51e06dfd79?s=96&d=mm&r=g\",\"caption\":\"admin\"},\"url\":\"https:\/\/www.prijedordanas.com\/?author=1\"}]}<\/script>\n<!-- \/ Yoast SEO plugin. -->","yoast_head_json":{"title":"Prijedor: Obilazak firme \"Agro plus\"- investitora u oblasti vo\u0107arstva - FOTO - PrijedorDanas.com - Prijedorski gradski portal","robots":{"index":"index","follow":"follow","max-snippet":"max-snippet:-1","max-image-preview":"max-image-preview:large","max-video-preview":"max-video-preview:-1"},"canonical":"https:\/\/www.prijedordanas.com\/?p=167788","og_locale":"en_US","og_type":"article","og_title":"Prijedor: Obilazak firme \"Agro plus\"- investitora u oblasti vo\u0107arstva - FOTO - PrijedorDanas.com - Prijedorski gradski portal","og_description":"Gradona\u010delnik Prijedora Dalibor Pavlovi\u0107 danas je obi\u0161ao firmu &#8220;Agro plus&#8221; u \u010cejrecima \u010dija je primarna aktivnost vo\u0107arstvo i distribucija sto\u010dne hrane. Investitor i vlasnik firme Enisa Larson izjavila je da [&hellip;]","og_url":"https:\/\/www.prijedordanas.com\/?p=167788","og_site_name":"PrijedorDanas.com - Prijedorski gradski portal","article_publisher":"https:\/\/www.facebook.com\/PrijedorDanasCom\/","article_published_time":"2021-06-02T17:36:15+00:00","og_image":[{"url":"https:\/\/www.prijedordanas.com\/wp-content\/uploads\/2021\/06\/prijedorgradorg-agroplus-posjeta-1-300x225.jpg"}],"author":"admin","twitter_card":"summary_large_image","twitter_misc":{"Written by":"admin","Est. reading time":"4 minutes"},"schema":{"@context":"https:\/\/schema.org","@graph":[{"@type":"Article","@id":"https:\/\/www.prijedordanas.com\/?p=167788#article","isPartOf":{"@id":"https:\/\/www.prijedordanas.com\/?p=167788"},"author":{"name":"admin","@id":"https:\/\/www.prijedordanas.com\/#\/schema\/person\/4e08ccf29b506ca916ff86d46bb700e6"},"headline":"Prijedor: Obilazak firme &#8220;Agro plus&#8221;- investitora u oblasti vo\u0107arstva &#8211; FOTO","datePublished":"2021-06-02T17:36:15+00:00","dateModified":"2021-06-02T17:36:15+00:00","mainEntityOfPage":{"@id":"https:\/\/www.prijedordanas.com\/?p=167788"},"wordCount":709,"publisher":{"@id":"https:\/\/www.prijedordanas.com\/#organization"},"articleSection":["Svakodnevno"],"inLanguage":"en-US"},{"@type":"WebPage","@id":"https:\/\/www.prijedordanas.com\/?p=167788","url":"https:\/\/www.prijedordanas.com\/?p=167788","name":"Prijedor: Obilazak firme \"Agro plus\"- investitora u oblasti vo\u0107arstva - FOTO - PrijedorDanas.com - Prijedorski gradski portal","isPartOf":{"@id":"https:\/\/www.prijedordanas.com\/#website"},"datePublished":"2021-06-02T17:36:15+00:00","dateModified":"2021-06-02T17:36:15+00:00","breadcrumb":{"@id":"https:\/\/www.prijedordanas.com\/?p=167788#breadcrumb"},"inLanguage":"en-US","potentialAction":[{"@type":"ReadAction","target":["https:\/\/www.prijedordanas.com\/?p=167788"]}]},{"@type":"BreadcrumbList","@id":"https:\/\/www.prijedordanas.com\/?p=167788#breadcrumb","itemListElement":[{"@type":"ListItem","position":1,"name":"Home","item":"https:\/\/www.prijedordanas.com\/"},{"@type":"ListItem","position":2,"name":"Prijedor: Obilazak firme &#8220;Agro plus&#8221;- investitora u oblasti vo\u0107arstva &#8211; FOTO"}]},{"@type":"WebSite","@id":"https:\/\/www.prijedordanas.com\/#website","url":"https:\/\/www.prijedordanas.com\/","name":"PrijedorDanas.com - Prijedorski gradski portal","description":"Portal o doga\u0111anjima u gradu Prijedoru","publisher":{"@id":"https:\/\/www.prijedordanas.com\/#organization"},"potentialAction":[{"@type":"SearchAction","target":{"@type":"EntryPoint","urlTemplate":"https:\/\/www.prijedordanas.com\/?s={search_term_string}"},"query-input":"required name=search_term_string"}],"inLanguage":"en-US"},{"@type":"Organization","@id":"https:\/\/www.prijedordanas.com\/#organization","name":"PrijedorDanas.com","url":"https:\/\/www.prijedordanas.com\/","logo":{"@type":"ImageObject","inLanguage":"en-US","@id":"https:\/\/www.prijedordanas.com\/#\/schema\/logo\/image\/","url":"http:\/\/www.prijedordanas.com\/wp-content\/uploads\/2021\/12\/logopng.png","contentUrl":"http:\/\/www.prijedordanas.com\/wp-content\/uploads\/2021\/12\/logopng.png","width":1019,"height":776,"caption":"PrijedorDanas.com"},"image":{"@id":"https:\/\/www.prijedordanas.com\/#\/schema\/logo\/image\/"},"sameAs":["https:\/\/www.facebook.com\/PrijedorDanasCom\/"]},{"@type":"Person","@id":"https:\/\/www.prijedordanas.com\/#\/schema\/person\/4e08ccf29b506ca916ff86d46bb700e6","name":"admin","image":{"@type":"ImageObject","inLanguage":"en-US","@id":"https:\/\/www.prijedordanas.com\/#\/schema\/person\/image\/","url":"https:\/\/secure.gravatar.com\/avatar\/1d3fc949d550f0b53a5f0d51e06dfd79?s=96&d=mm&r=g","contentUrl":"https:\/\/secure.gravatar.com\/avatar\/1d3fc949d550f0b53a5f0d51e06dfd79?s=96&d=mm&r=g","caption":"admin"},"url":"https:\/\/www.prijedordanas.com\/?author=1"}]}},"_links":{"self":[{"href":"https:\/\/www.prijedordanas.com\/index.php?rest_route=\/wp\/v2\/posts\/167788"}],"collection":[{"href":"https:\/\/www.prijedordanas.com\/index.php?rest_route=\/wp\/v2\/posts"}],"about":[{"href":"https:\/\/www.prijedordanas.com\/index.php?rest_route=\/wp\/v2\/types\/post"}],"author":[{"embeddable":true,"href":"https:\/\/www.prijedordanas.com\/index.php?rest_route=\/wp\/v2\/users\/1"}],"replies":[{"embeddable":true,"href":"https:\/\/www.prijedordanas.com\/index.php?rest_route=%2Fwp%2Fv2%2Fcomments&post=167788"}],"version-history":[{"count":1,"href":"https:\/\/www.prijedordanas.com\/index.php?rest_route=\/wp\/v2\/posts\/167788\/revisions"}],"predecessor-version":[{"id":167797,"href":"https:\/\/www.prijedordanas.com\/index.php?rest_route=\/wp\/v2\/posts\/167788\/revisions\/167797"}],"wp:attachment":[{"href":"https:\/\/www.prijedordanas.com\/index.php?rest_route=%2Fwp%2Fv2%2Fmedia&parent=167788"}],"wp:term":[{"taxonomy":"category","embeddable":true,"href":"https:\/\/www.prijedordanas.com\/index.php?rest_route=%2Fwp%2Fv2%2Fcategories&post=167788"},{"taxonomy":"post_tag","embeddable":true,"href":"https:\/\/www.prijedordanas.com\/index.php?rest_route=%2Fwp%2Fv2%2Ftags&post=167788"}],"curies":[{"name":"wp","href":"https:\/\/api.w.org\/{rel}","templated":true}]}}