{"id":167528,"date":"2021-05-29T13:14:32","date_gmt":"2021-05-29T11:14:32","guid":{"rendered":"https:\/\/www.prijedordanas.com\/?p=167528"},"modified":"2021-05-29T13:14:32","modified_gmt":"2021-05-29T11:14:32","slug":"celni-ljudi-rudar-prijedora-vec-razmisljaju-o-novoj-sezoni-milion-maraka-za-premijer-ligu","status":"publish","type":"post","link":"https:\/\/www.prijedordanas.com\/?p=167528","title":{"rendered":"\u010celni ljudi Rudar-Prijedora ve\u0107 razmi\u0161ljaju o novoj sezoni: Milion maraka za Premijer ligu"},"content":{"rendered":"<p><a href=\"https:\/\/www.prijedordanas.com\/wp-content\/uploads\/2021\/05\/rudar-prijedor-sampion-rs-2020-21-1.jpg\"><img loading=\"lazy\" decoding=\"async\" class=\"alignleft size-medium wp-image-167529\" src=\"https:\/\/www.prijedordanas.com\/wp-content\/uploads\/2021\/05\/rudar-prijedor-sampion-rs-2020-21-1-300x222.jpg\" alt=\"\" width=\"300\" height=\"222\" srcset=\"https:\/\/www.prijedordanas.com\/wp-content\/uploads\/2021\/05\/rudar-prijedor-sampion-rs-2020-21-1-300x222.jpg 300w, https:\/\/www.prijedordanas.com\/wp-content\/uploads\/2021\/05\/rudar-prijedor-sampion-rs-2020-21-1.jpg 675w\" sizes=\"(max-width: 300px) 100vw, 300px\" \/><\/a>Ekipa Rudar-Prijedora opravdala je ulogu favorita osvajanjem prvog mjesta u Prvoj ligi Republike Srpske i izborila povratak u Premijer ligu.<\/p>\n<p>Dok je ve\u0107ina prvotimaca ve\u0107 na odmoru pred \u010delnicima je period isku\u0161enja jer za kratko vrijeme moraju da obezbijede sredstva i uslove za normalno takmi\u010denje sa najboljim klubovima u BiH.<\/p>\n<p>&#8211; Tek nas o\u010dekuje veliki posao jer moramo da obezbijedimo najmanje milion maraka za narednu sezonu \u0161to je skoro 40 odsto vi\u0161e nego u prethodnoj. To nije iznos sa kojim bismo napali vrh tabele ve\u0107 za koliko-toliko normalnu egzistenciju i izbjegavanje borbe za opstanak. Redovno odr\u017eavamo sastanke u gradskoj upravi i vjerujem da \u0107emo sa njima i dalje imati korektnu i plodonosnu saradnju &#8211; istakao je predsjednik Rudar-Prijedora Darko Milunovi\u0107 za \u201cGlas Srpske\u201d.<\/p>\n<p>Nakon pet godina Rudar-Prijedor izborio je povratak u Premijer ligu, a u tom periodu uveliko su se poo\u0161trili kriterijumi za igranje u najvi\u0161em fudbalskom rangu.<\/p>\n<p><a href=\"https:\/\/www.prijedordanas.com\/wp-content\/uploads\/2021\/05\/darko-milunovic-pehar.jpg\"><img loading=\"lazy\" decoding=\"async\" class=\"alignleft size-medium wp-image-167530\" src=\"https:\/\/www.prijedordanas.com\/wp-content\/uploads\/2021\/05\/darko-milunovic-pehar-222x300.jpg\" alt=\"\" width=\"222\" height=\"300\" srcset=\"https:\/\/www.prijedordanas.com\/wp-content\/uploads\/2021\/05\/darko-milunovic-pehar-222x300.jpg 222w, https:\/\/www.prijedordanas.com\/wp-content\/uploads\/2021\/05\/darko-milunovic-pehar.jpg 459w\" sizes=\"(max-width: 222px) 100vw, 222px\" \/><\/a>&#8211; U narednom periodu o\u010dekujemo inspekciju na stadionu, a pozvani smo da dostavimo sva dokumenta potrebna za nastup u Premijer ligi kao i dokaze da smo zapo\u010deli radove na i oko stadiona. U pitanju je instaliranje elektronskog semafora koji je sada obavezan kao i monta\u017ea reflektora. Zapo\u010de\u0107emo sve radove kako bismo uop\u0161te mogli da dobijemo licencu za nastup u Premijer ligi &#8211; dodao je Milunovi\u0107.<\/p>\n<p>Me\u0111utim, to je tek jedan dio posla koji o\u010dekuje upravu ovog kolektiva, a drugi je svakako kompletiranje igra\u010dkog kadra.<\/p>\n<p>&#8211; Prema trenutnim kalkulacijama treba nam sedam kvalitetnih fudbalera kako bismo uz postoje\u0107i igra\u010dki kadar mogli da ravnopravno konkuri\u0161emo ostalim klubovima. Po razli\u010ditim osnovama razi\u0107i \u0107emo se sa deset igra\u010da. Nekima su istekli ugovori, neki od mla\u0111ih \u0107e na pozajmice, a neki nisu opravdali o\u010dekivanja. Pripreme \u0107e po\u010deti 10. juna, potom bismo 26. juna oti\u0161li 12 dana na Zlatibor. Sezona po\u010dinje prili\u010dno rano, 17. jula i ima\u0107emo veoma malo vremena za odmor &#8211; pojasnio je Milunovi\u0107.<\/p>\n<p>Jedno od najinteresantnijih pitanja koje mu\u010di navija\u010de Rudar-Prijedora je i ime novog \u0161efa stru\u010dnog \u0161taba odnosno ho\u0107e li ostati Marko Te\u0161i\u0107 ili \u0107e na klupu sjesti neko novo lice.<\/p>\n<p>&#8211; Znam da to sve interesuje i otvoreno ka\u017eem da \u0107emo to pitanje rije\u0161iti do 31. maja. U svakom slu\u010daju Te\u0161i\u0107 je veoma va\u017ean \u010dovjek u svim na\u0161im planovima i zajedno \u0107emo donijeti odluku o tome \u0161ta je najbolje za njega i za klub &#8211; zaklju\u010dio je Milunovi\u0107.<\/p>\n<p>Prijedor\u010dani su ve\u0107 zavr\u0161ili sezonu nakon \u0161to su u premijernom me\u010du posljednjeg 30. kola, savladali Slobodu u Novom Gradu sa 2:0.<\/p>\n<p><a href=\"https:\/\/www.prijedordanas.com\/wp-content\/uploads\/2021\/05\/rudar-prijedor-sampion-rs-2020-21-2.jpg\"><img loading=\"lazy\" decoding=\"async\" src=\"https:\/\/www.prijedordanas.com\/wp-content\/uploads\/2021\/05\/rudar-prijedor-sampion-rs-2020-21-2-300x222.jpg\" alt=\"\" width=\"300\" height=\"222\" class=\"alignleft size-medium wp-image-167531\" srcset=\"https:\/\/www.prijedordanas.com\/wp-content\/uploads\/2021\/05\/rudar-prijedor-sampion-rs-2020-21-2-300x222.jpg 300w, https:\/\/www.prijedordanas.com\/wp-content\/uploads\/2021\/05\/rudar-prijedor-sampion-rs-2020-21-2.jpg 675w\" sizes=\"(max-width: 300px) 100vw, 300px\" \/><\/a>Rudar u Evropi<\/p>\n<p>Svojevremeno je Darko Milunovi\u0107 bio \u010dlan uprave banjalu\u010dkog Borca i tada je napravio detaljno razra\u0111enu studiju \u201cBorac prvak BiH\u201d u kojoj je do detalja opisao sve ovo \u0161to se sada doga\u0111a na Gradskom stadionu.<\/p>\n<p>&#8211; Projektovao sam tada da \u0107e Borac 2021. godine biti \u0161ampion BiH \u0161to se obistinilo. Ne\u0161to sli\u010dno napravio sam po dolasku u Rudar-Prijedor, 2019. godine i u studiji \u201cRudar u Evropi\u201d gdje sam naveo da \u0107emo u naredne dvije godine raditi na stabilizaciji kluba, a onda, u tre\u0107oj sezoni, poku\u0161ati da izborimo plasman u Evropu, kroz prvenstvo ili Kup BiH. Titula bi bila nerealan plan jer smo ipak mala sredina &#8211; pojasnio je Milunovi\u0107.<\/p>\n<p>Glas Srpske<\/p>\n","protected":false},"excerpt":{"rendered":"<p>Ekipa Rudar-Prijedora opravdala je ulogu favorita osvajanjem prvog mjesta u Prvoj ligi Republike Srpske i izborila povratak u Premijer ligu. Dok je ve\u0107ina prvotimaca ve\u0107 na odmoru pred \u010delnicima je [&hellip;]<\/p>\n","protected":false},"author":1,"featured_media":0,"comment_status":"closed","ping_status":"open","sticky":false,"template":"","format":"standard","meta":{"_monsterinsights_skip_tracking":false,"_monsterinsights_sitenote_active":false,"_monsterinsights_sitenote_note":"","_monsterinsights_sitenote_category":0,"footnotes":""},"categories":[7],"tags":[],"yoast_head":"<!-- This site is optimized with the Yoast SEO plugin v21.6 - https:\/\/yoast.com\/wordpress\/plugins\/seo\/ -->\n<title>\u010celni ljudi Rudar-Prijedora ve\u0107 razmi\u0161ljaju o novoj sezoni: Milion maraka za Premijer ligu - PrijedorDanas.com - Prijedorski gradski portal<\/title>\n<meta name=\"robots\" content=\"index, follow, max-snippet:-1, max-image-preview:large, max-video-preview:-1\" \/>\n<link rel=\"canonical\" href=\"https:\/\/www.prijedordanas.com\/?p=167528\" \/>\n<meta property=\"og:locale\" content=\"en_US\" \/>\n<meta property=\"og:type\" content=\"article\" \/>\n<meta property=\"og:title\" content=\"\u010celni ljudi Rudar-Prijedora ve\u0107 razmi\u0161ljaju o novoj sezoni: Milion maraka za Premijer ligu - PrijedorDanas.com - Prijedorski gradski portal\" \/>\n<meta property=\"og:description\" content=\"Ekipa Rudar-Prijedora opravdala je ulogu favorita osvajanjem prvog mjesta u Prvoj ligi Republike Srpske i izborila povratak u Premijer ligu. Dok je ve\u0107ina prvotimaca ve\u0107 na odmoru pred \u010delnicima je [&hellip;]\" \/>\n<meta property=\"og:url\" content=\"https:\/\/www.prijedordanas.com\/?p=167528\" \/>\n<meta property=\"og:site_name\" content=\"PrijedorDanas.com - Prijedorski gradski portal\" \/>\n<meta property=\"article:publisher\" content=\"https:\/\/www.facebook.com\/PrijedorDanasCom\/\" \/>\n<meta property=\"article:published_time\" content=\"2021-05-29T11:14:32+00:00\" \/>\n<meta property=\"og:image\" content=\"https:\/\/www.prijedordanas.com\/wp-content\/uploads\/2021\/05\/rudar-prijedor-sampion-rs-2020-21-1-300x222.jpg\" \/>\n<meta name=\"author\" content=\"admin\" \/>\n<meta name=\"twitter:card\" content=\"summary_large_image\" \/>\n<meta name=\"twitter:label1\" content=\"Written by\" \/>\n\t<meta name=\"twitter:data1\" content=\"admin\" \/>\n\t<meta name=\"twitter:label2\" content=\"Est. reading time\" \/>\n\t<meta name=\"twitter:data2\" content=\"3 minutes\" \/>\n<script type=\"application\/ld+json\" class=\"yoast-schema-graph\">{\"@context\":\"https:\/\/schema.org\",\"@graph\":[{\"@type\":\"Article\",\"@id\":\"https:\/\/www.prijedordanas.com\/?p=167528#article\",\"isPartOf\":{\"@id\":\"https:\/\/www.prijedordanas.com\/?p=167528\"},\"author\":{\"name\":\"admin\",\"@id\":\"https:\/\/www.prijedordanas.com\/#\/schema\/person\/4e08ccf29b506ca916ff86d46bb700e6\"},\"headline\":\"\u010celni ljudi Rudar-Prijedora ve\u0107 razmi\u0161ljaju o novoj sezoni: Milion maraka za Premijer ligu\",\"datePublished\":\"2021-05-29T11:14:32+00:00\",\"dateModified\":\"2021-05-29T11:14:32+00:00\",\"mainEntityOfPage\":{\"@id\":\"https:\/\/www.prijedordanas.com\/?p=167528\"},\"wordCount\":575,\"publisher\":{\"@id\":\"https:\/\/www.prijedordanas.com\/#organization\"},\"articleSection\":[\"Sport\"],\"inLanguage\":\"en-US\"},{\"@type\":\"WebPage\",\"@id\":\"https:\/\/www.prijedordanas.com\/?p=167528\",\"url\":\"https:\/\/www.prijedordanas.com\/?p=167528\",\"name\":\"\u010celni ljudi Rudar-Prijedora ve\u0107 razmi\u0161ljaju o novoj sezoni: Milion maraka za Premijer ligu - PrijedorDanas.com - Prijedorski gradski portal\",\"isPartOf\":{\"@id\":\"https:\/\/www.prijedordanas.com\/#website\"},\"datePublished\":\"2021-05-29T11:14:32+00:00\",\"dateModified\":\"2021-05-29T11:14:32+00:00\",\"breadcrumb\":{\"@id\":\"https:\/\/www.prijedordanas.com\/?p=167528#breadcrumb\"},\"inLanguage\":\"en-US\",\"potentialAction\":[{\"@type\":\"ReadAction\",\"target\":[\"https:\/\/www.prijedordanas.com\/?p=167528\"]}]},{\"@type\":\"BreadcrumbList\",\"@id\":\"https:\/\/www.prijedordanas.com\/?p=167528#breadcrumb\",\"itemListElement\":[{\"@type\":\"ListItem\",\"position\":1,\"name\":\"Home\",\"item\":\"https:\/\/www.prijedordanas.com\/\"},{\"@type\":\"ListItem\",\"position\":2,\"name\":\"\u010celni ljudi Rudar-Prijedora ve\u0107 razmi\u0161ljaju o novoj sezoni: Milion maraka za Premijer ligu\"}]},{\"@type\":\"WebSite\",\"@id\":\"https:\/\/www.prijedordanas.com\/#website\",\"url\":\"https:\/\/www.prijedordanas.com\/\",\"name\":\"PrijedorDanas.com - Prijedorski gradski portal\",\"description\":\"Portal o doga\u0111anjima u gradu Prijedoru\",\"publisher\":{\"@id\":\"https:\/\/www.prijedordanas.com\/#organization\"},\"potentialAction\":[{\"@type\":\"SearchAction\",\"target\":{\"@type\":\"EntryPoint\",\"urlTemplate\":\"https:\/\/www.prijedordanas.com\/?s={search_term_string}\"},\"query-input\":\"required name=search_term_string\"}],\"inLanguage\":\"en-US\"},{\"@type\":\"Organization\",\"@id\":\"https:\/\/www.prijedordanas.com\/#organization\",\"name\":\"PrijedorDanas.com\",\"url\":\"https:\/\/www.prijedordanas.com\/\",\"logo\":{\"@type\":\"ImageObject\",\"inLanguage\":\"en-US\",\"@id\":\"https:\/\/www.prijedordanas.com\/#\/schema\/logo\/image\/\",\"url\":\"http:\/\/www.prijedordanas.com\/wp-content\/uploads\/2021\/12\/logopng.png\",\"contentUrl\":\"http:\/\/www.prijedordanas.com\/wp-content\/uploads\/2021\/12\/logopng.png\",\"width\":1019,\"height\":776,\"caption\":\"PrijedorDanas.com\"},\"image\":{\"@id\":\"https:\/\/www.prijedordanas.com\/#\/schema\/logo\/image\/\"},\"sameAs\":[\"https:\/\/www.facebook.com\/PrijedorDanasCom\/\"]},{\"@type\":\"Person\",\"@id\":\"https:\/\/www.prijedordanas.com\/#\/schema\/person\/4e08ccf29b506ca916ff86d46bb700e6\",\"name\":\"admin\",\"image\":{\"@type\":\"ImageObject\",\"inLanguage\":\"en-US\",\"@id\":\"https:\/\/www.prijedordanas.com\/#\/schema\/person\/image\/\",\"url\":\"https:\/\/secure.gravatar.com\/avatar\/1d3fc949d550f0b53a5f0d51e06dfd79?s=96&d=mm&r=g\",\"contentUrl\":\"https:\/\/secure.gravatar.com\/avatar\/1d3fc949d550f0b53a5f0d51e06dfd79?s=96&d=mm&r=g\",\"caption\":\"admin\"},\"url\":\"https:\/\/www.prijedordanas.com\/?author=1\"}]}<\/script>\n<!-- \/ Yoast SEO plugin. -->","yoast_head_json":{"title":"\u010celni ljudi Rudar-Prijedora ve\u0107 razmi\u0161ljaju o novoj sezoni: Milion maraka za Premijer ligu - PrijedorDanas.com - Prijedorski gradski portal","robots":{"index":"index","follow":"follow","max-snippet":"max-snippet:-1","max-image-preview":"max-image-preview:large","max-video-preview":"max-video-preview:-1"},"canonical":"https:\/\/www.prijedordanas.com\/?p=167528","og_locale":"en_US","og_type":"article","og_title":"\u010celni ljudi Rudar-Prijedora ve\u0107 razmi\u0161ljaju o novoj sezoni: Milion maraka za Premijer ligu - PrijedorDanas.com - Prijedorski gradski portal","og_description":"Ekipa Rudar-Prijedora opravdala je ulogu favorita osvajanjem prvog mjesta u Prvoj ligi Republike Srpske i izborila povratak u Premijer ligu. Dok je ve\u0107ina prvotimaca ve\u0107 na odmoru pred \u010delnicima je [&hellip;]","og_url":"https:\/\/www.prijedordanas.com\/?p=167528","og_site_name":"PrijedorDanas.com - Prijedorski gradski portal","article_publisher":"https:\/\/www.facebook.com\/PrijedorDanasCom\/","article_published_time":"2021-05-29T11:14:32+00:00","og_image":[{"url":"https:\/\/www.prijedordanas.com\/wp-content\/uploads\/2021\/05\/rudar-prijedor-sampion-rs-2020-21-1-300x222.jpg"}],"author":"admin","twitter_card":"summary_large_image","twitter_misc":{"Written by":"admin","Est. reading time":"3 minutes"},"schema":{"@context":"https:\/\/schema.org","@graph":[{"@type":"Article","@id":"https:\/\/www.prijedordanas.com\/?p=167528#article","isPartOf":{"@id":"https:\/\/www.prijedordanas.com\/?p=167528"},"author":{"name":"admin","@id":"https:\/\/www.prijedordanas.com\/#\/schema\/person\/4e08ccf29b506ca916ff86d46bb700e6"},"headline":"\u010celni ljudi Rudar-Prijedora ve\u0107 razmi\u0161ljaju o novoj sezoni: Milion maraka za Premijer ligu","datePublished":"2021-05-29T11:14:32+00:00","dateModified":"2021-05-29T11:14:32+00:00","mainEntityOfPage":{"@id":"https:\/\/www.prijedordanas.com\/?p=167528"},"wordCount":575,"publisher":{"@id":"https:\/\/www.prijedordanas.com\/#organization"},"articleSection":["Sport"],"inLanguage":"en-US"},{"@type":"WebPage","@id":"https:\/\/www.prijedordanas.com\/?p=167528","url":"https:\/\/www.prijedordanas.com\/?p=167528","name":"\u010celni ljudi Rudar-Prijedora ve\u0107 razmi\u0161ljaju o novoj sezoni: Milion maraka za Premijer ligu - PrijedorDanas.com - Prijedorski gradski portal","isPartOf":{"@id":"https:\/\/www.prijedordanas.com\/#website"},"datePublished":"2021-05-29T11:14:32+00:00","dateModified":"2021-05-29T11:14:32+00:00","breadcrumb":{"@id":"https:\/\/www.prijedordanas.com\/?p=167528#breadcrumb"},"inLanguage":"en-US","potentialAction":[{"@type":"ReadAction","target":["https:\/\/www.prijedordanas.com\/?p=167528"]}]},{"@type":"BreadcrumbList","@id":"https:\/\/www.prijedordanas.com\/?p=167528#breadcrumb","itemListElement":[{"@type":"ListItem","position":1,"name":"Home","item":"https:\/\/www.prijedordanas.com\/"},{"@type":"ListItem","position":2,"name":"\u010celni ljudi Rudar-Prijedora ve\u0107 razmi\u0161ljaju o novoj sezoni: Milion maraka za Premijer ligu"}]},{"@type":"WebSite","@id":"https:\/\/www.prijedordanas.com\/#website","url":"https:\/\/www.prijedordanas.com\/","name":"PrijedorDanas.com - Prijedorski gradski portal","description":"Portal o doga\u0111anjima u gradu Prijedoru","publisher":{"@id":"https:\/\/www.prijedordanas.com\/#organization"},"potentialAction":[{"@type":"SearchAction","target":{"@type":"EntryPoint","urlTemplate":"https:\/\/www.prijedordanas.com\/?s={search_term_string}"},"query-input":"required name=search_term_string"}],"inLanguage":"en-US"},{"@type":"Organization","@id":"https:\/\/www.prijedordanas.com\/#organization","name":"PrijedorDanas.com","url":"https:\/\/www.prijedordanas.com\/","logo":{"@type":"ImageObject","inLanguage":"en-US","@id":"https:\/\/www.prijedordanas.com\/#\/schema\/logo\/image\/","url":"http:\/\/www.prijedordanas.com\/wp-content\/uploads\/2021\/12\/logopng.png","contentUrl":"http:\/\/www.prijedordanas.com\/wp-content\/uploads\/2021\/12\/logopng.png","width":1019,"height":776,"caption":"PrijedorDanas.com"},"image":{"@id":"https:\/\/www.prijedordanas.com\/#\/schema\/logo\/image\/"},"sameAs":["https:\/\/www.facebook.com\/PrijedorDanasCom\/"]},{"@type":"Person","@id":"https:\/\/www.prijedordanas.com\/#\/schema\/person\/4e08ccf29b506ca916ff86d46bb700e6","name":"admin","image":{"@type":"ImageObject","inLanguage":"en-US","@id":"https:\/\/www.prijedordanas.com\/#\/schema\/person\/image\/","url":"https:\/\/secure.gravatar.com\/avatar\/1d3fc949d550f0b53a5f0d51e06dfd79?s=96&d=mm&r=g","contentUrl":"https:\/\/secure.gravatar.com\/avatar\/1d3fc949d550f0b53a5f0d51e06dfd79?s=96&d=mm&r=g","caption":"admin"},"url":"https:\/\/www.prijedordanas.com\/?author=1"}]}},"_links":{"self":[{"href":"https:\/\/www.prijedordanas.com\/index.php?rest_route=\/wp\/v2\/posts\/167528"}],"collection":[{"href":"https:\/\/www.prijedordanas.com\/index.php?rest_route=\/wp\/v2\/posts"}],"about":[{"href":"https:\/\/www.prijedordanas.com\/index.php?rest_route=\/wp\/v2\/types\/post"}],"author":[{"embeddable":true,"href":"https:\/\/www.prijedordanas.com\/index.php?rest_route=\/wp\/v2\/users\/1"}],"replies":[{"embeddable":true,"href":"https:\/\/www.prijedordanas.com\/index.php?rest_route=%2Fwp%2Fv2%2Fcomments&post=167528"}],"version-history":[{"count":1,"href":"https:\/\/www.prijedordanas.com\/index.php?rest_route=\/wp\/v2\/posts\/167528\/revisions"}],"predecessor-version":[{"id":167532,"href":"https:\/\/www.prijedordanas.com\/index.php?rest_route=\/wp\/v2\/posts\/167528\/revisions\/167532"}],"wp:attachment":[{"href":"https:\/\/www.prijedordanas.com\/index.php?rest_route=%2Fwp%2Fv2%2Fmedia&parent=167528"}],"wp:term":[{"taxonomy":"category","embeddable":true,"href":"https:\/\/www.prijedordanas.com\/index.php?rest_route=%2Fwp%2Fv2%2Fcategories&post=167528"},{"taxonomy":"post_tag","embeddable":true,"href":"https:\/\/www.prijedordanas.com\/index.php?rest_route=%2Fwp%2Fv2%2Ftags&post=167528"}],"curies":[{"name":"wp","href":"https:\/\/api.w.org\/{rel}","templated":true}]}}