{"id":167030,"date":"2021-05-19T19:36:21","date_gmt":"2021-05-19T17:36:21","guid":{"rendered":"https:\/\/www.prijedordanas.com\/?p=167030"},"modified":"2021-05-19T19:36:21","modified_gmt":"2021-05-19T17:36:21","slug":"cekaju-da-dodik-ispuni-obecanje-da-li-ce-omarska-postati-opstina","status":"publish","type":"post","link":"https:\/\/www.prijedordanas.com\/?p=167030","title":{"rendered":"\u010cekaju da Dodik ispuni obe\u0107anje: Da li \u0107e Omarska postati op\u0161tina?"},"content":{"rendered":"<p><a href=\"https:\/\/www.prijedordanas.com\/wp-content\/uploads\/2020\/05\/blic-omarska.jpg\"><img loading=\"lazy\" decoding=\"async\" class=\"alignleft size-medium wp-image-148371\" src=\"https:\/\/www.prijedordanas.com\/wp-content\/uploads\/2020\/05\/blic-omarska-300x217.jpg\" alt=\"\" width=\"300\" height=\"217\" srcset=\"https:\/\/www.prijedordanas.com\/wp-content\/uploads\/2020\/05\/blic-omarska-300x217.jpg 300w, https:\/\/www.prijedordanas.com\/wp-content\/uploads\/2020\/05\/blic-omarska.jpg 690w\" sizes=\"(max-width: 300px) 100vw, 300px\" \/><\/a>Jo\u0161 nije poznato da li \u0107e mjesna zajednica Omarska kod Prijedora dobiti status op\u0161tine, za koji su mje\u0161tani pokrenuli inicijativu prije nekoliko godina.<\/p>\n<p>Ovo pitanje postavio je na dana\u0161njem zasjedanju Skup\u0161tine grada Prijedora odbornik Igor Javori\u0107 (DNS). On je naveo da mje\u0161tane Omarske interesuje da li \u0107e i kada biti formirana op\u0161tina.<\/p>\n<p>Zanimljivo je da na ove pitanje nije mogao usmeno da odgovori tokom aktuelnog \u010dasa gradona\u010delnik Prijedora Dalibor Pavlovi\u0107 koji je rodom iz Babi\u0107a, mjesta koje bi trebalo da u\u0111e u sastav op\u0161tine Omarska, ukoliko se naravno osnuje.<\/p>\n<p><a href=\"https:\/\/www.prijedordanas.com\/wp-content\/uploads\/2021\/05\/skupstina-grada-19maj-7.jpg\"><img loading=\"lazy\" decoding=\"async\" class=\"alignleft size-medium wp-image-167031\" src=\"https:\/\/www.prijedordanas.com\/wp-content\/uploads\/2021\/05\/skupstina-grada-19maj-7-300x199.jpg\" alt=\"\" width=\"300\" height=\"199\" srcset=\"https:\/\/www.prijedordanas.com\/wp-content\/uploads\/2021\/05\/skupstina-grada-19maj-7-300x199.jpg 300w, https:\/\/www.prijedordanas.com\/wp-content\/uploads\/2021\/05\/skupstina-grada-19maj-7-480x320.jpg 480w, https:\/\/www.prijedordanas.com\/wp-content\/uploads\/2021\/05\/skupstina-grada-19maj-7.jpg 600w\" sizes=\"(max-width: 300px) 100vw, 300px\" \/><\/a>Pavlovi\u0107 je odgovor na ovo pitanje Javori\u0107u obe\u0107ao u pisanoj formi.<\/p>\n<p>U oktobru pro\u0161le godine, uo\u010di po\u010detka izborne kampanje u javnosti je objavljen snimak razgovora predsjednika SNSD Milorada Dodika sa mje\u0161tanima Omarske.<\/p>\n<p>Na tom snimku se \u010duje da Dodok mje\u0161tanima poru\u010duje da \u0107e u narednih mjesec dana biti pokrenuta procedura da se Omarska proglasi op\u0161tinom, te da \u0107e u narednih \u0161est mjeseci, dok pro\u0111u zakosnke procedure, biti donesen zakon o formiranju op\u0161tine Omarska.<\/p>\n<p>Podsje\u0107amo, inicijative da se od Prijedora kao samostalne op\u0161tine odvoje Omarska i Kozarac pokrenute su 2019. godine.<\/p>\n<p>Inicijativu za formiranje op\u0161tine Omarska usvojili su odbornici u Skup\u0161tini grada Prijedora okupljeni oko SNSD, a potom je uputili u Vladu RS i NS RS.<\/p>\n<p>U lokalnoj Skup\u0161tini nije se raspravljalo o inicijativi za formiranje op\u0161tine Kozarac, iako je nekoliko puta bila na predlo\u017eenom dnevnom redu.<\/p>\n<p><a href=\"https:\/\/srpskainfo.com\/cekaju-da-dodik-ispuni-obecanje-da-li-ce-omarska-postati-opstina\/\" target=\"_blank\" rel=\"noopener\">srpskainfo.com<\/a><\/p>\n","protected":false},"excerpt":{"rendered":"<p>Jo\u0161 nije poznato da li \u0107e mjesna zajednica Omarska kod Prijedora dobiti status op\u0161tine, za koji su mje\u0161tani pokrenuli inicijativu prije nekoliko godina. Ovo pitanje postavio je na dana\u0161njem zasjedanju [&hellip;]<\/p>\n","protected":false},"author":1,"featured_media":0,"comment_status":"closed","ping_status":"open","sticky":false,"template":"","format":"standard","meta":{"_monsterinsights_skip_tracking":false,"_monsterinsights_sitenote_active":false,"_monsterinsights_sitenote_note":"","_monsterinsights_sitenote_category":0,"footnotes":""},"categories":[4],"tags":[],"yoast_head":"<!-- This site is optimized with the Yoast SEO plugin v21.6 - https:\/\/yoast.com\/wordpress\/plugins\/seo\/ -->\n<title>\u010cekaju da Dodik ispuni obe\u0107anje: Da li \u0107e Omarska postati op\u0161tina? - PrijedorDanas.com - Prijedorski gradski portal<\/title>\n<meta name=\"robots\" content=\"index, follow, max-snippet:-1, max-image-preview:large, max-video-preview:-1\" \/>\n<link rel=\"canonical\" href=\"https:\/\/www.prijedordanas.com\/?p=167030\" \/>\n<meta property=\"og:locale\" content=\"en_US\" \/>\n<meta property=\"og:type\" content=\"article\" \/>\n<meta property=\"og:title\" content=\"\u010cekaju da Dodik ispuni obe\u0107anje: Da li \u0107e Omarska postati op\u0161tina? - PrijedorDanas.com - Prijedorski gradski portal\" \/>\n<meta property=\"og:description\" content=\"Jo\u0161 nije poznato da li \u0107e mjesna zajednica Omarska kod Prijedora dobiti status op\u0161tine, za koji su mje\u0161tani pokrenuli inicijativu prije nekoliko godina. Ovo pitanje postavio je na dana\u0161njem zasjedanju [&hellip;]\" \/>\n<meta property=\"og:url\" content=\"https:\/\/www.prijedordanas.com\/?p=167030\" \/>\n<meta property=\"og:site_name\" content=\"PrijedorDanas.com - Prijedorski gradski portal\" \/>\n<meta property=\"article:publisher\" content=\"https:\/\/www.facebook.com\/PrijedorDanasCom\/\" \/>\n<meta property=\"article:published_time\" content=\"2021-05-19T17:36:21+00:00\" \/>\n<meta property=\"og:image\" content=\"https:\/\/www.prijedordanas.com\/wp-content\/uploads\/2020\/05\/blic-omarska-300x217.jpg\" \/>\n<meta name=\"author\" content=\"admin\" \/>\n<meta name=\"twitter:card\" content=\"summary_large_image\" \/>\n<meta name=\"twitter:label1\" content=\"Written by\" \/>\n\t<meta name=\"twitter:data1\" content=\"admin\" \/>\n\t<meta name=\"twitter:label2\" content=\"Est. reading time\" \/>\n\t<meta name=\"twitter:data2\" content=\"2 minutes\" \/>\n<script type=\"application\/ld+json\" class=\"yoast-schema-graph\">{\"@context\":\"https:\/\/schema.org\",\"@graph\":[{\"@type\":\"Article\",\"@id\":\"https:\/\/www.prijedordanas.com\/?p=167030#article\",\"isPartOf\":{\"@id\":\"https:\/\/www.prijedordanas.com\/?p=167030\"},\"author\":{\"name\":\"admin\",\"@id\":\"https:\/\/www.prijedordanas.com\/#\/schema\/person\/4e08ccf29b506ca916ff86d46bb700e6\"},\"headline\":\"\u010cekaju da Dodik ispuni obe\u0107anje: Da li \u0107e Omarska postati op\u0161tina?\",\"datePublished\":\"2021-05-19T17:36:21+00:00\",\"dateModified\":\"2021-05-19T17:36:21+00:00\",\"mainEntityOfPage\":{\"@id\":\"https:\/\/www.prijedordanas.com\/?p=167030\"},\"wordCount\":267,\"publisher\":{\"@id\":\"https:\/\/www.prijedordanas.com\/#organization\"},\"articleSection\":[\"Dru\u0161tvo\"],\"inLanguage\":\"en-US\"},{\"@type\":\"WebPage\",\"@id\":\"https:\/\/www.prijedordanas.com\/?p=167030\",\"url\":\"https:\/\/www.prijedordanas.com\/?p=167030\",\"name\":\"\u010cekaju da Dodik ispuni obe\u0107anje: Da li \u0107e Omarska postati op\u0161tina? - PrijedorDanas.com - Prijedorski gradski portal\",\"isPartOf\":{\"@id\":\"https:\/\/www.prijedordanas.com\/#website\"},\"datePublished\":\"2021-05-19T17:36:21+00:00\",\"dateModified\":\"2021-05-19T17:36:21+00:00\",\"breadcrumb\":{\"@id\":\"https:\/\/www.prijedordanas.com\/?p=167030#breadcrumb\"},\"inLanguage\":\"en-US\",\"potentialAction\":[{\"@type\":\"ReadAction\",\"target\":[\"https:\/\/www.prijedordanas.com\/?p=167030\"]}]},{\"@type\":\"BreadcrumbList\",\"@id\":\"https:\/\/www.prijedordanas.com\/?p=167030#breadcrumb\",\"itemListElement\":[{\"@type\":\"ListItem\",\"position\":1,\"name\":\"Home\",\"item\":\"https:\/\/www.prijedordanas.com\/\"},{\"@type\":\"ListItem\",\"position\":2,\"name\":\"\u010cekaju da Dodik ispuni obe\u0107anje: Da li \u0107e Omarska postati op\u0161tina?\"}]},{\"@type\":\"WebSite\",\"@id\":\"https:\/\/www.prijedordanas.com\/#website\",\"url\":\"https:\/\/www.prijedordanas.com\/\",\"name\":\"PrijedorDanas.com - Prijedorski gradski portal\",\"description\":\"Portal o doga\u0111anjima u gradu Prijedoru\",\"publisher\":{\"@id\":\"https:\/\/www.prijedordanas.com\/#organization\"},\"potentialAction\":[{\"@type\":\"SearchAction\",\"target\":{\"@type\":\"EntryPoint\",\"urlTemplate\":\"https:\/\/www.prijedordanas.com\/?s={search_term_string}\"},\"query-input\":\"required name=search_term_string\"}],\"inLanguage\":\"en-US\"},{\"@type\":\"Organization\",\"@id\":\"https:\/\/www.prijedordanas.com\/#organization\",\"name\":\"PrijedorDanas.com\",\"url\":\"https:\/\/www.prijedordanas.com\/\",\"logo\":{\"@type\":\"ImageObject\",\"inLanguage\":\"en-US\",\"@id\":\"https:\/\/www.prijedordanas.com\/#\/schema\/logo\/image\/\",\"url\":\"http:\/\/www.prijedordanas.com\/wp-content\/uploads\/2021\/12\/logopng.png\",\"contentUrl\":\"http:\/\/www.prijedordanas.com\/wp-content\/uploads\/2021\/12\/logopng.png\",\"width\":1019,\"height\":776,\"caption\":\"PrijedorDanas.com\"},\"image\":{\"@id\":\"https:\/\/www.prijedordanas.com\/#\/schema\/logo\/image\/\"},\"sameAs\":[\"https:\/\/www.facebook.com\/PrijedorDanasCom\/\"]},{\"@type\":\"Person\",\"@id\":\"https:\/\/www.prijedordanas.com\/#\/schema\/person\/4e08ccf29b506ca916ff86d46bb700e6\",\"name\":\"admin\",\"image\":{\"@type\":\"ImageObject\",\"inLanguage\":\"en-US\",\"@id\":\"https:\/\/www.prijedordanas.com\/#\/schema\/person\/image\/\",\"url\":\"https:\/\/secure.gravatar.com\/avatar\/1d3fc949d550f0b53a5f0d51e06dfd79?s=96&d=mm&r=g\",\"contentUrl\":\"https:\/\/secure.gravatar.com\/avatar\/1d3fc949d550f0b53a5f0d51e06dfd79?s=96&d=mm&r=g\",\"caption\":\"admin\"},\"url\":\"https:\/\/www.prijedordanas.com\/?author=1\"}]}<\/script>\n<!-- \/ Yoast SEO plugin. -->","yoast_head_json":{"title":"\u010cekaju da Dodik ispuni obe\u0107anje: Da li \u0107e Omarska postati op\u0161tina? - PrijedorDanas.com - Prijedorski gradski portal","robots":{"index":"index","follow":"follow","max-snippet":"max-snippet:-1","max-image-preview":"max-image-preview:large","max-video-preview":"max-video-preview:-1"},"canonical":"https:\/\/www.prijedordanas.com\/?p=167030","og_locale":"en_US","og_type":"article","og_title":"\u010cekaju da Dodik ispuni obe\u0107anje: Da li \u0107e Omarska postati op\u0161tina? - PrijedorDanas.com - Prijedorski gradski portal","og_description":"Jo\u0161 nije poznato da li \u0107e mjesna zajednica Omarska kod Prijedora dobiti status op\u0161tine, za koji su mje\u0161tani pokrenuli inicijativu prije nekoliko godina. Ovo pitanje postavio je na dana\u0161njem zasjedanju [&hellip;]","og_url":"https:\/\/www.prijedordanas.com\/?p=167030","og_site_name":"PrijedorDanas.com - Prijedorski gradski portal","article_publisher":"https:\/\/www.facebook.com\/PrijedorDanasCom\/","article_published_time":"2021-05-19T17:36:21+00:00","og_image":[{"url":"https:\/\/www.prijedordanas.com\/wp-content\/uploads\/2020\/05\/blic-omarska-300x217.jpg"}],"author":"admin","twitter_card":"summary_large_image","twitter_misc":{"Written by":"admin","Est. reading time":"2 minutes"},"schema":{"@context":"https:\/\/schema.org","@graph":[{"@type":"Article","@id":"https:\/\/www.prijedordanas.com\/?p=167030#article","isPartOf":{"@id":"https:\/\/www.prijedordanas.com\/?p=167030"},"author":{"name":"admin","@id":"https:\/\/www.prijedordanas.com\/#\/schema\/person\/4e08ccf29b506ca916ff86d46bb700e6"},"headline":"\u010cekaju da Dodik ispuni obe\u0107anje: Da li \u0107e Omarska postati op\u0161tina?","datePublished":"2021-05-19T17:36:21+00:00","dateModified":"2021-05-19T17:36:21+00:00","mainEntityOfPage":{"@id":"https:\/\/www.prijedordanas.com\/?p=167030"},"wordCount":267,"publisher":{"@id":"https:\/\/www.prijedordanas.com\/#organization"},"articleSection":["Dru\u0161tvo"],"inLanguage":"en-US"},{"@type":"WebPage","@id":"https:\/\/www.prijedordanas.com\/?p=167030","url":"https:\/\/www.prijedordanas.com\/?p=167030","name":"\u010cekaju da Dodik ispuni obe\u0107anje: Da li \u0107e Omarska postati op\u0161tina? - PrijedorDanas.com - Prijedorski gradski portal","isPartOf":{"@id":"https:\/\/www.prijedordanas.com\/#website"},"datePublished":"2021-05-19T17:36:21+00:00","dateModified":"2021-05-19T17:36:21+00:00","breadcrumb":{"@id":"https:\/\/www.prijedordanas.com\/?p=167030#breadcrumb"},"inLanguage":"en-US","potentialAction":[{"@type":"ReadAction","target":["https:\/\/www.prijedordanas.com\/?p=167030"]}]},{"@type":"BreadcrumbList","@id":"https:\/\/www.prijedordanas.com\/?p=167030#breadcrumb","itemListElement":[{"@type":"ListItem","position":1,"name":"Home","item":"https:\/\/www.prijedordanas.com\/"},{"@type":"ListItem","position":2,"name":"\u010cekaju da Dodik ispuni obe\u0107anje: Da li \u0107e Omarska postati op\u0161tina?"}]},{"@type":"WebSite","@id":"https:\/\/www.prijedordanas.com\/#website","url":"https:\/\/www.prijedordanas.com\/","name":"PrijedorDanas.com - Prijedorski gradski portal","description":"Portal o doga\u0111anjima u gradu Prijedoru","publisher":{"@id":"https:\/\/www.prijedordanas.com\/#organization"},"potentialAction":[{"@type":"SearchAction","target":{"@type":"EntryPoint","urlTemplate":"https:\/\/www.prijedordanas.com\/?s={search_term_string}"},"query-input":"required name=search_term_string"}],"inLanguage":"en-US"},{"@type":"Organization","@id":"https:\/\/www.prijedordanas.com\/#organization","name":"PrijedorDanas.com","url":"https:\/\/www.prijedordanas.com\/","logo":{"@type":"ImageObject","inLanguage":"en-US","@id":"https:\/\/www.prijedordanas.com\/#\/schema\/logo\/image\/","url":"http:\/\/www.prijedordanas.com\/wp-content\/uploads\/2021\/12\/logopng.png","contentUrl":"http:\/\/www.prijedordanas.com\/wp-content\/uploads\/2021\/12\/logopng.png","width":1019,"height":776,"caption":"PrijedorDanas.com"},"image":{"@id":"https:\/\/www.prijedordanas.com\/#\/schema\/logo\/image\/"},"sameAs":["https:\/\/www.facebook.com\/PrijedorDanasCom\/"]},{"@type":"Person","@id":"https:\/\/www.prijedordanas.com\/#\/schema\/person\/4e08ccf29b506ca916ff86d46bb700e6","name":"admin","image":{"@type":"ImageObject","inLanguage":"en-US","@id":"https:\/\/www.prijedordanas.com\/#\/schema\/person\/image\/","url":"https:\/\/secure.gravatar.com\/avatar\/1d3fc949d550f0b53a5f0d51e06dfd79?s=96&d=mm&r=g","contentUrl":"https:\/\/secure.gravatar.com\/avatar\/1d3fc949d550f0b53a5f0d51e06dfd79?s=96&d=mm&r=g","caption":"admin"},"url":"https:\/\/www.prijedordanas.com\/?author=1"}]}},"_links":{"self":[{"href":"https:\/\/www.prijedordanas.com\/index.php?rest_route=\/wp\/v2\/posts\/167030"}],"collection":[{"href":"https:\/\/www.prijedordanas.com\/index.php?rest_route=\/wp\/v2\/posts"}],"about":[{"href":"https:\/\/www.prijedordanas.com\/index.php?rest_route=\/wp\/v2\/types\/post"}],"author":[{"embeddable":true,"href":"https:\/\/www.prijedordanas.com\/index.php?rest_route=\/wp\/v2\/users\/1"}],"replies":[{"embeddable":true,"href":"https:\/\/www.prijedordanas.com\/index.php?rest_route=%2Fwp%2Fv2%2Fcomments&post=167030"}],"version-history":[{"count":1,"href":"https:\/\/www.prijedordanas.com\/index.php?rest_route=\/wp\/v2\/posts\/167030\/revisions"}],"predecessor-version":[{"id":167032,"href":"https:\/\/www.prijedordanas.com\/index.php?rest_route=\/wp\/v2\/posts\/167030\/revisions\/167032"}],"wp:attachment":[{"href":"https:\/\/www.prijedordanas.com\/index.php?rest_route=%2Fwp%2Fv2%2Fmedia&parent=167030"}],"wp:term":[{"taxonomy":"category","embeddable":true,"href":"https:\/\/www.prijedordanas.com\/index.php?rest_route=%2Fwp%2Fv2%2Fcategories&post=167030"},{"taxonomy":"post_tag","embeddable":true,"href":"https:\/\/www.prijedordanas.com\/index.php?rest_route=%2Fwp%2Fv2%2Ftags&post=167030"}],"curies":[{"name":"wp","href":"https:\/\/api.w.org\/{rel}","templated":true}]}}