{"id":166970,"date":"2021-05-18T10:19:15","date_gmt":"2021-05-18T08:19:15","guid":{"rendered":"https:\/\/www.prijedordanas.com\/?p=166970"},"modified":"2021-05-18T10:19:15","modified_gmt":"2021-05-18T08:19:15","slug":"dnevnice-od-40-do-80-km-ali-sezonaca-nema","status":"publish","type":"post","link":"https:\/\/www.prijedordanas.com\/?p=166970","title":{"rendered":"Dnevnice od 40 do 80 KM, ali sezonaca nema"},"content":{"rendered":"<p><a href=\"https:\/\/www.prijedordanas.com\/wp-content\/uploads\/2021\/05\/nezavisne-berba-jagoda.jpg\"><img loading=\"lazy\" decoding=\"async\" src=\"https:\/\/www.prijedordanas.com\/wp-content\/uploads\/2021\/05\/nezavisne-berba-jagoda-300x225.jpg\" alt=\"\" width=\"300\" height=\"225\" class=\"alignleft size-medium wp-image-166971\" srcset=\"https:\/\/www.prijedordanas.com\/wp-content\/uploads\/2021\/05\/nezavisne-berba-jagoda-300x225.jpg 300w, https:\/\/www.prijedordanas.com\/wp-content\/uploads\/2021\/05\/nezavisne-berba-jagoda-640x480.jpg 640w, https:\/\/www.prijedordanas.com\/wp-content\/uploads\/2021\/05\/nezavisne-berba-jagoda.jpg 667w\" sizes=\"(max-width: 300px) 100vw, 300px\" \/><\/a>Sezonski radovi na njivama i u vo\u0107njacima u BiH se polako zahuktavaju, ali postoji problem sa sezonskim radnicima, ka\u017eu poljoprivredni proizvo\u0111a\u010di i navode da uprkos dnevnici od 40 do 80 maraka te poslove ne\u0107e niko da radi, zbog \u010dega strahuju da ih ne\u0107e obaviti na vrijeme.<\/p>\n<p>Naime, kako tvrde poljoprivrednici, osim dnevnice, imaju i obrok, pi\u0107e i prevoz, ali ipak manjka radne snage.<\/p>\n<p>Branko Mastalo, predsjednik Udru\u017eenja povrtara RS, o\u010dajan je zbog manjka radne snage, jer se, kako ka\u017ee, ne mo\u017ee na\u0107i potreban broj radnika koji su im sada potrebni u povrtarstvu.<\/p>\n<p>&#8220;Gori nam pod nogama, sti\u017ee nam luk, kupus treba kopati, ali nema ko. Tako je i drugim danima, mladi se stide posla na njivi, ka\u017eu da im je te\u0161ko&#8221;, pri\u010da Mastalo za &#8220;Nezavisne&#8221;.<\/p>\n<p>Isti\u010de da poslovi u povrtarstvu nisu te\u0161ki i da ne iziskuju mnogo fizi\u010dke snage, jer se dosta radi ma\u0161inski i sjede\u0107i.<\/p>\n<p>&#8220;Za nekoliko dana treba da sadim lubenicu, ali ne mogu na\u0107i potreban broj radnika. Dvoje-troje i na\u0111em, ali preko toga veoma te\u0161ko&#8221;, ka\u017ee Mastalo.<\/p>\n<p>Da je sve manje i onih koji su spremni da se uhvate makaza i orezuju vo\u0107e, iako dnevnica za ove poslove prelazi i 80 KM, tvrdi Dragoja Doj\u010dinovi\u0107, predsjednik Udru\u017eenja vo\u0107ara RS.<\/p>\n<p>&#8220;Malo je ljudi koji dolaze da rade i to su mahom penzioneri, koji nikada nisu radili u vo\u0107njaku i nestru\u010dni su. Nadamo se da kad krene berba ne\u0107emo imati problema, jer mogu brati i \u017eene, srednjo\u0161kolci i studenti&#8221;, kazao je Doj\u010dinovi\u0107.<\/p>\n<p>On smatra da sezonci na podru\u010dju Gradi\u0161ke tokom berbe vo\u0107a mogu da zarade finu svotu novca.<\/p>\n<p>&#8220;Najvi\u0161e sezonskih radnika imamo iz Doboja, ali dolaze i iz cijele BiH i Srbije&#8221;, kazao je Doj\u010dinovi\u0107.<\/p>\n<p>Mladen Marjanovi\u0107, predsjednik Udru\u017eenja vo\u0107ara Prijedor, isti\u010de da uskoro o\u010dekuje berbu jagoda, ali da sezonaca nema ni za lijeka.<\/p>\n<p>&#8220;Radnu snagu je te\u0161ko na\u0107i i taj problem imamo ve\u0107 nekoliko godina unazad. \u0160to se ti\u010de satnice za berbu jagoda, ona je od tri do pet KM, a bera\u010d dnevno mo\u017ee da ubere i oko 80 kilograma jagoda&#8221;, kazao je Marjanovi\u0107.<\/p>\n<p>Isti\u010de da i pored solidne zarade opet imaju problem s manjkom sezonskih radnika, jer oni ljudi koji bi radili ili su ve\u0107 zaposleni ili su oti\u0161li raditi u inostranstvo.<\/p>\n<p>&#8220;Mi ve\u0107 godinama znamo kako nam dolaze poslovi u vo\u0107anjacima da \u0107emo imati manjak radnika&#8221;, kazao je Marjanovi\u0107.<\/p>\n<p>\u0160to se ti\u010de profila radne snage, isti\u010de da su to uglavnom ljudi koji su ve\u0107 u penziji.<\/p>\n<p> &#8220;Mladih ljudi poput srednjo\u0161kolca i studenta nema uop\u0161te&#8221;, dodao je Marjanovi\u0107.<\/p>\n<p>Stevo Filipovi\u0107, direktor bijeljinske Prehrambene industrije &#8220;Sava Semberija&#8221;, isti\u010de da imaju radnu snagu koja zadovoljava potrebe koje imaju prema klijentima.<\/p>\n<p>&#8220;Tome je doprinelo \u0161to su zatvorene granice pa radna snaga nije i\u0161la put Evropske unije&#8221;, kazao je Filipovi\u0107.<\/p>\n<p>\u0160to se ti\u010de potra\u017eenje za ostalim sezonskim radnicima iz BiH, Adisa Fazlovi\u0107, menad\u017eerka marketinga portala za zapo\u0161ljavanje Mojposao.ba, kazala je za &#8220;Nezavisne&#8221; da je na njihovom portalu nedavno objavljeno vi\u0161e oglasa za sezonske poslove, a najvi\u0161e su ih davali poslodavci iz Hrvatske.<\/p>\n<p>&#8220;Naj\u010de\u0161\u0107e tra\u017ee razli\u010dite profile radnika iz ugostiteljstva i turizma&#8221;, kazala je ona.<\/p>\n<p><a href=\"https:\/\/www.nezavisne.com\/ekonomija\/agrar\/Dnevnice-od-40-do-80-KM-ali-sezonaca-nema\/661911\" rel=\"noopener\" target=\"_blank\">nezavisne.com<\/a><\/p>\n","protected":false},"excerpt":{"rendered":"<p>Sezonski radovi na njivama i u vo\u0107njacima u BiH se polako zahuktavaju, ali postoji problem sa sezonskim radnicima, ka\u017eu poljoprivredni proizvo\u0111a\u010di i navode da uprkos dnevnici od 40 do 80 [&hellip;]<\/p>\n","protected":false},"author":1,"featured_media":0,"comment_status":"closed","ping_status":"open","sticky":false,"template":"","format":"standard","meta":{"_monsterinsights_skip_tracking":false,"_monsterinsights_sitenote_active":false,"_monsterinsights_sitenote_note":"","_monsterinsights_sitenote_category":0,"footnotes":""},"categories":[8],"tags":[],"yoast_head":"<!-- This site is optimized with the Yoast SEO plugin v21.6 - https:\/\/yoast.com\/wordpress\/plugins\/seo\/ -->\n<title>Dnevnice od 40 do 80 KM, ali sezonaca nema - PrijedorDanas.com - Prijedorski gradski portal<\/title>\n<meta name=\"robots\" content=\"index, follow, max-snippet:-1, max-image-preview:large, max-video-preview:-1\" \/>\n<link rel=\"canonical\" href=\"https:\/\/www.prijedordanas.com\/?p=166970\" \/>\n<meta property=\"og:locale\" content=\"en_US\" \/>\n<meta property=\"og:type\" content=\"article\" \/>\n<meta property=\"og:title\" content=\"Dnevnice od 40 do 80 KM, ali sezonaca nema - PrijedorDanas.com - Prijedorski gradski portal\" \/>\n<meta property=\"og:description\" content=\"Sezonski radovi na njivama i u vo\u0107njacima u BiH se polako zahuktavaju, ali postoji problem sa sezonskim radnicima, ka\u017eu poljoprivredni proizvo\u0111a\u010di i navode da uprkos dnevnici od 40 do 80 [&hellip;]\" \/>\n<meta property=\"og:url\" content=\"https:\/\/www.prijedordanas.com\/?p=166970\" \/>\n<meta property=\"og:site_name\" content=\"PrijedorDanas.com - Prijedorski gradski portal\" \/>\n<meta property=\"article:publisher\" content=\"https:\/\/www.facebook.com\/PrijedorDanasCom\/\" \/>\n<meta property=\"article:published_time\" content=\"2021-05-18T08:19:15+00:00\" \/>\n<meta property=\"og:image\" content=\"https:\/\/www.prijedordanas.com\/wp-content\/uploads\/2021\/05\/nezavisne-berba-jagoda-300x225.jpg\" \/>\n<meta name=\"author\" content=\"admin\" \/>\n<meta name=\"twitter:card\" content=\"summary_large_image\" \/>\n<meta name=\"twitter:label1\" content=\"Written by\" \/>\n\t<meta name=\"twitter:data1\" content=\"admin\" \/>\n\t<meta name=\"twitter:label2\" content=\"Est. reading time\" \/>\n\t<meta name=\"twitter:data2\" content=\"3 minutes\" \/>\n<script type=\"application\/ld+json\" class=\"yoast-schema-graph\">{\"@context\":\"https:\/\/schema.org\",\"@graph\":[{\"@type\":\"Article\",\"@id\":\"https:\/\/www.prijedordanas.com\/?p=166970#article\",\"isPartOf\":{\"@id\":\"https:\/\/www.prijedordanas.com\/?p=166970\"},\"author\":{\"name\":\"admin\",\"@id\":\"https:\/\/www.prijedordanas.com\/#\/schema\/person\/4e08ccf29b506ca916ff86d46bb700e6\"},\"headline\":\"Dnevnice od 40 do 80 KM, ali sezonaca nema\",\"datePublished\":\"2021-05-18T08:19:15+00:00\",\"dateModified\":\"2021-05-18T08:19:15+00:00\",\"mainEntityOfPage\":{\"@id\":\"https:\/\/www.prijedordanas.com\/?p=166970\"},\"wordCount\":575,\"publisher\":{\"@id\":\"https:\/\/www.prijedordanas.com\/#organization\"},\"articleSection\":[\"Svakodnevno\"],\"inLanguage\":\"en-US\"},{\"@type\":\"WebPage\",\"@id\":\"https:\/\/www.prijedordanas.com\/?p=166970\",\"url\":\"https:\/\/www.prijedordanas.com\/?p=166970\",\"name\":\"Dnevnice od 40 do 80 KM, ali sezonaca nema - PrijedorDanas.com - Prijedorski gradski portal\",\"isPartOf\":{\"@id\":\"https:\/\/www.prijedordanas.com\/#website\"},\"datePublished\":\"2021-05-18T08:19:15+00:00\",\"dateModified\":\"2021-05-18T08:19:15+00:00\",\"breadcrumb\":{\"@id\":\"https:\/\/www.prijedordanas.com\/?p=166970#breadcrumb\"},\"inLanguage\":\"en-US\",\"potentialAction\":[{\"@type\":\"ReadAction\",\"target\":[\"https:\/\/www.prijedordanas.com\/?p=166970\"]}]},{\"@type\":\"BreadcrumbList\",\"@id\":\"https:\/\/www.prijedordanas.com\/?p=166970#breadcrumb\",\"itemListElement\":[{\"@type\":\"ListItem\",\"position\":1,\"name\":\"Home\",\"item\":\"https:\/\/www.prijedordanas.com\/\"},{\"@type\":\"ListItem\",\"position\":2,\"name\":\"Dnevnice od 40 do 80 KM, ali sezonaca nema\"}]},{\"@type\":\"WebSite\",\"@id\":\"https:\/\/www.prijedordanas.com\/#website\",\"url\":\"https:\/\/www.prijedordanas.com\/\",\"name\":\"PrijedorDanas.com - Prijedorski gradski portal\",\"description\":\"Portal o doga\u0111anjima u gradu Prijedoru\",\"publisher\":{\"@id\":\"https:\/\/www.prijedordanas.com\/#organization\"},\"potentialAction\":[{\"@type\":\"SearchAction\",\"target\":{\"@type\":\"EntryPoint\",\"urlTemplate\":\"https:\/\/www.prijedordanas.com\/?s={search_term_string}\"},\"query-input\":\"required name=search_term_string\"}],\"inLanguage\":\"en-US\"},{\"@type\":\"Organization\",\"@id\":\"https:\/\/www.prijedordanas.com\/#organization\",\"name\":\"PrijedorDanas.com\",\"url\":\"https:\/\/www.prijedordanas.com\/\",\"logo\":{\"@type\":\"ImageObject\",\"inLanguage\":\"en-US\",\"@id\":\"https:\/\/www.prijedordanas.com\/#\/schema\/logo\/image\/\",\"url\":\"http:\/\/www.prijedordanas.com\/wp-content\/uploads\/2021\/12\/logopng.png\",\"contentUrl\":\"http:\/\/www.prijedordanas.com\/wp-content\/uploads\/2021\/12\/logopng.png\",\"width\":1019,\"height\":776,\"caption\":\"PrijedorDanas.com\"},\"image\":{\"@id\":\"https:\/\/www.prijedordanas.com\/#\/schema\/logo\/image\/\"},\"sameAs\":[\"https:\/\/www.facebook.com\/PrijedorDanasCom\/\"]},{\"@type\":\"Person\",\"@id\":\"https:\/\/www.prijedordanas.com\/#\/schema\/person\/4e08ccf29b506ca916ff86d46bb700e6\",\"name\":\"admin\",\"image\":{\"@type\":\"ImageObject\",\"inLanguage\":\"en-US\",\"@id\":\"https:\/\/www.prijedordanas.com\/#\/schema\/person\/image\/\",\"url\":\"https:\/\/secure.gravatar.com\/avatar\/1d3fc949d550f0b53a5f0d51e06dfd79?s=96&d=mm&r=g\",\"contentUrl\":\"https:\/\/secure.gravatar.com\/avatar\/1d3fc949d550f0b53a5f0d51e06dfd79?s=96&d=mm&r=g\",\"caption\":\"admin\"},\"url\":\"https:\/\/www.prijedordanas.com\/?author=1\"}]}<\/script>\n<!-- \/ Yoast SEO plugin. -->","yoast_head_json":{"title":"Dnevnice od 40 do 80 KM, ali sezonaca nema - PrijedorDanas.com - Prijedorski gradski portal","robots":{"index":"index","follow":"follow","max-snippet":"max-snippet:-1","max-image-preview":"max-image-preview:large","max-video-preview":"max-video-preview:-1"},"canonical":"https:\/\/www.prijedordanas.com\/?p=166970","og_locale":"en_US","og_type":"article","og_title":"Dnevnice od 40 do 80 KM, ali sezonaca nema - PrijedorDanas.com - Prijedorski gradski portal","og_description":"Sezonski radovi na njivama i u vo\u0107njacima u BiH se polako zahuktavaju, ali postoji problem sa sezonskim radnicima, ka\u017eu poljoprivredni proizvo\u0111a\u010di i navode da uprkos dnevnici od 40 do 80 [&hellip;]","og_url":"https:\/\/www.prijedordanas.com\/?p=166970","og_site_name":"PrijedorDanas.com - Prijedorski gradski portal","article_publisher":"https:\/\/www.facebook.com\/PrijedorDanasCom\/","article_published_time":"2021-05-18T08:19:15+00:00","og_image":[{"url":"https:\/\/www.prijedordanas.com\/wp-content\/uploads\/2021\/05\/nezavisne-berba-jagoda-300x225.jpg"}],"author":"admin","twitter_card":"summary_large_image","twitter_misc":{"Written by":"admin","Est. reading time":"3 minutes"},"schema":{"@context":"https:\/\/schema.org","@graph":[{"@type":"Article","@id":"https:\/\/www.prijedordanas.com\/?p=166970#article","isPartOf":{"@id":"https:\/\/www.prijedordanas.com\/?p=166970"},"author":{"name":"admin","@id":"https:\/\/www.prijedordanas.com\/#\/schema\/person\/4e08ccf29b506ca916ff86d46bb700e6"},"headline":"Dnevnice od 40 do 80 KM, ali sezonaca nema","datePublished":"2021-05-18T08:19:15+00:00","dateModified":"2021-05-18T08:19:15+00:00","mainEntityOfPage":{"@id":"https:\/\/www.prijedordanas.com\/?p=166970"},"wordCount":575,"publisher":{"@id":"https:\/\/www.prijedordanas.com\/#organization"},"articleSection":["Svakodnevno"],"inLanguage":"en-US"},{"@type":"WebPage","@id":"https:\/\/www.prijedordanas.com\/?p=166970","url":"https:\/\/www.prijedordanas.com\/?p=166970","name":"Dnevnice od 40 do 80 KM, ali sezonaca nema - PrijedorDanas.com - Prijedorski gradski portal","isPartOf":{"@id":"https:\/\/www.prijedordanas.com\/#website"},"datePublished":"2021-05-18T08:19:15+00:00","dateModified":"2021-05-18T08:19:15+00:00","breadcrumb":{"@id":"https:\/\/www.prijedordanas.com\/?p=166970#breadcrumb"},"inLanguage":"en-US","potentialAction":[{"@type":"ReadAction","target":["https:\/\/www.prijedordanas.com\/?p=166970"]}]},{"@type":"BreadcrumbList","@id":"https:\/\/www.prijedordanas.com\/?p=166970#breadcrumb","itemListElement":[{"@type":"ListItem","position":1,"name":"Home","item":"https:\/\/www.prijedordanas.com\/"},{"@type":"ListItem","position":2,"name":"Dnevnice od 40 do 80 KM, ali sezonaca nema"}]},{"@type":"WebSite","@id":"https:\/\/www.prijedordanas.com\/#website","url":"https:\/\/www.prijedordanas.com\/","name":"PrijedorDanas.com - Prijedorski gradski portal","description":"Portal o doga\u0111anjima u gradu Prijedoru","publisher":{"@id":"https:\/\/www.prijedordanas.com\/#organization"},"potentialAction":[{"@type":"SearchAction","target":{"@type":"EntryPoint","urlTemplate":"https:\/\/www.prijedordanas.com\/?s={search_term_string}"},"query-input":"required name=search_term_string"}],"inLanguage":"en-US"},{"@type":"Organization","@id":"https:\/\/www.prijedordanas.com\/#organization","name":"PrijedorDanas.com","url":"https:\/\/www.prijedordanas.com\/","logo":{"@type":"ImageObject","inLanguage":"en-US","@id":"https:\/\/www.prijedordanas.com\/#\/schema\/logo\/image\/","url":"http:\/\/www.prijedordanas.com\/wp-content\/uploads\/2021\/12\/logopng.png","contentUrl":"http:\/\/www.prijedordanas.com\/wp-content\/uploads\/2021\/12\/logopng.png","width":1019,"height":776,"caption":"PrijedorDanas.com"},"image":{"@id":"https:\/\/www.prijedordanas.com\/#\/schema\/logo\/image\/"},"sameAs":["https:\/\/www.facebook.com\/PrijedorDanasCom\/"]},{"@type":"Person","@id":"https:\/\/www.prijedordanas.com\/#\/schema\/person\/4e08ccf29b506ca916ff86d46bb700e6","name":"admin","image":{"@type":"ImageObject","inLanguage":"en-US","@id":"https:\/\/www.prijedordanas.com\/#\/schema\/person\/image\/","url":"https:\/\/secure.gravatar.com\/avatar\/1d3fc949d550f0b53a5f0d51e06dfd79?s=96&d=mm&r=g","contentUrl":"https:\/\/secure.gravatar.com\/avatar\/1d3fc949d550f0b53a5f0d51e06dfd79?s=96&d=mm&r=g","caption":"admin"},"url":"https:\/\/www.prijedordanas.com\/?author=1"}]}},"_links":{"self":[{"href":"https:\/\/www.prijedordanas.com\/index.php?rest_route=\/wp\/v2\/posts\/166970"}],"collection":[{"href":"https:\/\/www.prijedordanas.com\/index.php?rest_route=\/wp\/v2\/posts"}],"about":[{"href":"https:\/\/www.prijedordanas.com\/index.php?rest_route=\/wp\/v2\/types\/post"}],"author":[{"embeddable":true,"href":"https:\/\/www.prijedordanas.com\/index.php?rest_route=\/wp\/v2\/users\/1"}],"replies":[{"embeddable":true,"href":"https:\/\/www.prijedordanas.com\/index.php?rest_route=%2Fwp%2Fv2%2Fcomments&post=166970"}],"version-history":[{"count":1,"href":"https:\/\/www.prijedordanas.com\/index.php?rest_route=\/wp\/v2\/posts\/166970\/revisions"}],"predecessor-version":[{"id":166972,"href":"https:\/\/www.prijedordanas.com\/index.php?rest_route=\/wp\/v2\/posts\/166970\/revisions\/166972"}],"wp:attachment":[{"href":"https:\/\/www.prijedordanas.com\/index.php?rest_route=%2Fwp%2Fv2%2Fmedia&parent=166970"}],"wp:term":[{"taxonomy":"category","embeddable":true,"href":"https:\/\/www.prijedordanas.com\/index.php?rest_route=%2Fwp%2Fv2%2Fcategories&post=166970"},{"taxonomy":"post_tag","embeddable":true,"href":"https:\/\/www.prijedordanas.com\/index.php?rest_route=%2Fwp%2Fv2%2Ftags&post=166970"}],"curies":[{"name":"wp","href":"https:\/\/api.w.org\/{rel}","templated":true}]}}