{"id":166280,"date":"2021-05-04T12:55:20","date_gmt":"2021-05-04T10:55:20","guid":{"rendered":"https:\/\/www.prijedordanas.com\/?p=166280"},"modified":"2021-05-04T12:55:20","modified_gmt":"2021-05-04T10:55:20","slug":"mjestanima-ce-vratiti-asfalt-vlast-u-prijedoru-ove-sedmice-raspisuje-tender","status":"publish","type":"post","link":"https:\/\/www.prijedordanas.com\/?p=166280","title":{"rendered":"Mje\u0161tanima \u0107e vratiti asfalt: Vlast u Prijedoru ove sedmice raspisuje tender"},"content":{"rendered":"<p><a href=\"https:\/\/www.prijedordanas.com\/wp-content\/uploads\/2021\/05\/gradska-uprava-pavlovic-ulica-nikole-luketica.jpg\"><img loading=\"lazy\" decoding=\"async\" class=\"alignleft size-medium wp-image-166281\" src=\"https:\/\/www.prijedordanas.com\/wp-content\/uploads\/2021\/05\/gradska-uprava-pavlovic-ulica-nikole-luketica-300x225.jpg\" alt=\"\" width=\"300\" height=\"225\" srcset=\"https:\/\/www.prijedordanas.com\/wp-content\/uploads\/2021\/05\/gradska-uprava-pavlovic-ulica-nikole-luketica-300x225.jpg 300w, https:\/\/www.prijedordanas.com\/wp-content\/uploads\/2021\/05\/gradska-uprava-pavlovic-ulica-nikole-luketica-640x480.jpg 640w, https:\/\/www.prijedordanas.com\/wp-content\/uploads\/2021\/05\/gradska-uprava-pavlovic-ulica-nikole-luketica.jpg 667w\" sizes=\"(max-width: 300px) 100vw, 300px\" \/><\/a>Gradska uprava u Prijedoru \u0107e tokom ove sedmice raspisati tender za izbor izvo\u0111a\u010da radova koji \u0107e asfaltirati Ulicu Nikole Luketi\u0107a i gra\u0111anima ponovo vratiti asfalt bez kojeg su ostali par dana pred lokalne izbore.<\/p>\n<p>Ovu ulicu u naselju \u010cirkin Polje danas je posjetio gradona\u010delnik Prijedora Dalibor Pavlovi\u0107. On je razgovarao sa mje\u0161tanima koji su mu potvrdili da su sami pla\u0107ali postavljanje asfalta prije 30 godina.<\/p>\n<p>-Prije izbora prethodna vlast je odlu\u010dila da rekonstrui\u0161e ovu ulicu, ali nikada je nisu zavr\u0161ili. Vidio sam da je ulica makadamska, da trenutno nema asfalta, i ve\u0107 ove sedmice raspisa\u0107emo tender za zavr\u0161etak ove ulice, da je asfaltiramo i vratimo u stanje u kojem je bila prije izbora i toga \u0161to su uradili sa ovom ulicom- izjavio je on.<\/p>\n<p><a href=\"https:\/\/www.prijedordanas.com\/wp-content\/uploads\/2021\/03\/blic-ulica-nikole-luketica-4.jpg\"><img loading=\"lazy\" decoding=\"async\" class=\"alignleft size-medium wp-image-164031\" src=\"https:\/\/www.prijedordanas.com\/wp-content\/uploads\/2021\/03\/blic-ulica-nikole-luketica-4-300x225.jpg\" alt=\"\" width=\"300\" height=\"225\" srcset=\"https:\/\/www.prijedordanas.com\/wp-content\/uploads\/2021\/03\/blic-ulica-nikole-luketica-4-300x225.jpg 300w, https:\/\/www.prijedordanas.com\/wp-content\/uploads\/2021\/03\/blic-ulica-nikole-luketica-4-640x480.jpg 640w, https:\/\/www.prijedordanas.com\/wp-content\/uploads\/2021\/03\/blic-ulica-nikole-luketica-4.jpg 667w\" sizes=\"(max-width: 300px) 100vw, 300px\" \/><\/a>Dodao je da je nova Gradska uprava opredjeljena da radi prioritetno ono \u0161to je neophodno gra\u0111anima.<\/p>\n<p>-Smatramo da nije bilo korektno prije izbora uraditi ovo od ulice i nakon toga je ostaviti gra\u0111anima u milost i nemilost. Nije uredu da trpe pra\u0161inu zbog nekoga ko je ne\u0161to zapo\u010deo, a nije zavr\u0161io-zaklju\u010dio je prvi \u010dovjek Prijedora.<\/p>\n<p>Vr\u0161ilac du\u017enosti na\u010delnika Odjeljenja za saobra\u0107aj i komunalne poslove grada Prijedora Dragoslav Kabi\u0107 potvrdio je da \u0107e Ulica Nikole Luketi\u0107a u du\u017eini od 350 metara biti asfaltirana \u010dim se izabere izvo\u0111a\u010d radova.<\/p>\n<p><a href=\"https:\/\/www.prijedordanas.com\/wp-content\/uploads\/2021\/05\/blic-ulica-nikole-luketica-asfalt-rupe-2.jpg\"><img loading=\"lazy\" decoding=\"async\" class=\"alignleft size-medium wp-image-166249\" src=\"https:\/\/www.prijedordanas.com\/wp-content\/uploads\/2021\/05\/blic-ulica-nikole-luketica-asfalt-rupe-2-300x225.jpg\" alt=\"\" width=\"300\" height=\"225\" srcset=\"https:\/\/www.prijedordanas.com\/wp-content\/uploads\/2021\/05\/blic-ulica-nikole-luketica-asfalt-rupe-2-300x225.jpg 300w, https:\/\/www.prijedordanas.com\/wp-content\/uploads\/2021\/05\/blic-ulica-nikole-luketica-asfalt-rupe-2.jpg 600w\" sizes=\"(max-width: 300px) 100vw, 300px\" \/><\/a>\u2013 Jutros smo dali nalog za raspisivanje tendera, \u010dekali smo da se usvoji plan javnih nabavki i zavr\u0161i procedura oko usvajanja bud\u017eeta. Po predra\u010dunu radova to \u0107e ko\u0161tati 46.000 KM, mi smo obezbijedili novac u bud\u017eetu -rekao je Kabi\u0107.<\/p>\n<p>On je podsjetio da je asfalt u Ulici Nikole Luketi\u0107a prethodno o\u0161te\u0107en tokom pro\u0161logodi\u0161njih radova na rekonstrukciji vodovodne mre\u017ee koja je ra\u0111ena ispod saobra\u0107ajnice.<\/p>\n<p>\u2013 Bilo je planirano tada\u0161njim ugovorom da se asfaltira ovaj dio. Prema mojim saznanjima usljed o\u0161te\u0107enje kompletne Ulice Zmaj Jove Jovanovi\u0107a sav novac je preusmjeren da se zavr\u0161i tamo taj dio i ovaj je ostao nezavr\u0161en \u2013 ka\u017ee Kabi\u0107.<\/p>\n<p><a href=\"https:\/\/www.prijedordanas.com\/wp-content\/uploads\/2021\/03\/blic-ulica-nikole-luketica-3.jpg\"><img loading=\"lazy\" decoding=\"async\" src=\"https:\/\/www.prijedordanas.com\/wp-content\/uploads\/2021\/03\/blic-ulica-nikole-luketica-3-300x210.jpg\" alt=\"\" width=\"300\" height=\"210\" class=\"alignleft size-medium wp-image-164029\" srcset=\"https:\/\/www.prijedordanas.com\/wp-content\/uploads\/2021\/03\/blic-ulica-nikole-luketica-3-300x210.jpg 300w, https:\/\/www.prijedordanas.com\/wp-content\/uploads\/2021\/03\/blic-ulica-nikole-luketica-3.jpg 600w\" sizes=\"(max-width: 300px) 100vw, 300px\" \/><\/a>On je dodao da je rekonstrukcija vodovoda zavr\u0161ena i da se o\u010dekuje da u narednih par dana \u201eVodovod\u201c betonira i \u0161aht na kraju Ulice Nikole Luketi\u0107a.<\/p>\n<p>Podsje\u0107amo, nekoliko dana pred izbore u novembru, lokalna vlast na \u010delu sa DNS skinula je asfalt u Ulici Nikole Luketi\u0107a uz najavu da \u0107e biti \u010ditava asfaltirana zbog o\u0161te\u0107enja koja su uzrokovana radovima na rekonstrukciji vodovodne mre\u017ee,<\/p>\n<p>Me\u0111utim, asfaltirana je Ulica Zmaj Jove Jovanovi\u0107a koja se spaja sa ovom ulicom, dok mje\u0161tani Ulice Nikole Luketi\u0107a \u0161est mjeseci hodaju pa makadamu i rupama i \u010dekaju da im nadle\u017eni vrate asfalt za koji tvrde da im je ukraden.<\/p>\n<p><a href=\"https:\/\/srpskainfo.com\/mjestanima-ce-vratiti-asfalt-vlast-u-prijedoru-ove-sedmice-raspisuje-tender\/\" target=\"_blank\" rel=\"noopener\">srpskainfo.com<\/a><\/p>\n","protected":false},"excerpt":{"rendered":"<p>Gradska uprava u Prijedoru \u0107e tokom ove sedmice raspisati tender za izbor izvo\u0111a\u010da radova koji \u0107e asfaltirati Ulicu Nikole Luketi\u0107a i gra\u0111anima ponovo vratiti asfalt bez kojeg su ostali par [&hellip;]<\/p>\n","protected":false},"author":1,"featured_media":0,"comment_status":"closed","ping_status":"open","sticky":false,"template":"","format":"standard","meta":{"_monsterinsights_skip_tracking":false,"_monsterinsights_sitenote_active":false,"_monsterinsights_sitenote_note":"","_monsterinsights_sitenote_category":0,"footnotes":""},"categories":[8],"tags":[],"yoast_head":"<!-- This site is optimized with the Yoast SEO plugin v21.6 - https:\/\/yoast.com\/wordpress\/plugins\/seo\/ -->\n<title>Mje\u0161tanima \u0107e vratiti asfalt: Vlast u Prijedoru ove sedmice raspisuje tender - PrijedorDanas.com - Prijedorski gradski portal<\/title>\n<meta name=\"robots\" content=\"index, follow, max-snippet:-1, max-image-preview:large, max-video-preview:-1\" \/>\n<link rel=\"canonical\" href=\"https:\/\/www.prijedordanas.com\/?p=166280\" \/>\n<meta property=\"og:locale\" content=\"en_US\" \/>\n<meta property=\"og:type\" content=\"article\" \/>\n<meta property=\"og:title\" content=\"Mje\u0161tanima \u0107e vratiti asfalt: Vlast u Prijedoru ove sedmice raspisuje tender - PrijedorDanas.com - Prijedorski gradski portal\" \/>\n<meta property=\"og:description\" content=\"Gradska uprava u Prijedoru \u0107e tokom ove sedmice raspisati tender za izbor izvo\u0111a\u010da radova koji \u0107e asfaltirati Ulicu Nikole Luketi\u0107a i gra\u0111anima ponovo vratiti asfalt bez kojeg su ostali par [&hellip;]\" \/>\n<meta property=\"og:url\" content=\"https:\/\/www.prijedordanas.com\/?p=166280\" \/>\n<meta property=\"og:site_name\" content=\"PrijedorDanas.com - Prijedorski gradski portal\" \/>\n<meta property=\"article:publisher\" content=\"https:\/\/www.facebook.com\/PrijedorDanasCom\/\" \/>\n<meta property=\"article:published_time\" content=\"2021-05-04T10:55:20+00:00\" \/>\n<meta property=\"og:image\" content=\"https:\/\/www.prijedordanas.com\/wp-content\/uploads\/2021\/05\/gradska-uprava-pavlovic-ulica-nikole-luketica-300x225.jpg\" \/>\n<meta name=\"author\" content=\"admin\" \/>\n<meta name=\"twitter:card\" content=\"summary_large_image\" \/>\n<meta name=\"twitter:label1\" content=\"Written by\" \/>\n\t<meta name=\"twitter:data1\" content=\"admin\" \/>\n\t<meta name=\"twitter:label2\" content=\"Est. reading time\" \/>\n\t<meta name=\"twitter:data2\" content=\"3 minutes\" \/>\n<script type=\"application\/ld+json\" class=\"yoast-schema-graph\">{\"@context\":\"https:\/\/schema.org\",\"@graph\":[{\"@type\":\"Article\",\"@id\":\"https:\/\/www.prijedordanas.com\/?p=166280#article\",\"isPartOf\":{\"@id\":\"https:\/\/www.prijedordanas.com\/?p=166280\"},\"author\":{\"name\":\"admin\",\"@id\":\"https:\/\/www.prijedordanas.com\/#\/schema\/person\/4e08ccf29b506ca916ff86d46bb700e6\"},\"headline\":\"Mje\u0161tanima \u0107e vratiti asfalt: Vlast u Prijedoru ove sedmice raspisuje tender\",\"datePublished\":\"2021-05-04T10:55:20+00:00\",\"dateModified\":\"2021-05-04T10:55:20+00:00\",\"mainEntityOfPage\":{\"@id\":\"https:\/\/www.prijedordanas.com\/?p=166280\"},\"wordCount\":482,\"publisher\":{\"@id\":\"https:\/\/www.prijedordanas.com\/#organization\"},\"articleSection\":[\"Svakodnevno\"],\"inLanguage\":\"en-US\"},{\"@type\":\"WebPage\",\"@id\":\"https:\/\/www.prijedordanas.com\/?p=166280\",\"url\":\"https:\/\/www.prijedordanas.com\/?p=166280\",\"name\":\"Mje\u0161tanima \u0107e vratiti asfalt: Vlast u Prijedoru ove sedmice raspisuje tender - PrijedorDanas.com - Prijedorski gradski portal\",\"isPartOf\":{\"@id\":\"https:\/\/www.prijedordanas.com\/#website\"},\"datePublished\":\"2021-05-04T10:55:20+00:00\",\"dateModified\":\"2021-05-04T10:55:20+00:00\",\"breadcrumb\":{\"@id\":\"https:\/\/www.prijedordanas.com\/?p=166280#breadcrumb\"},\"inLanguage\":\"en-US\",\"potentialAction\":[{\"@type\":\"ReadAction\",\"target\":[\"https:\/\/www.prijedordanas.com\/?p=166280\"]}]},{\"@type\":\"BreadcrumbList\",\"@id\":\"https:\/\/www.prijedordanas.com\/?p=166280#breadcrumb\",\"itemListElement\":[{\"@type\":\"ListItem\",\"position\":1,\"name\":\"Home\",\"item\":\"https:\/\/www.prijedordanas.com\/\"},{\"@type\":\"ListItem\",\"position\":2,\"name\":\"Mje\u0161tanima \u0107e vratiti asfalt: Vlast u Prijedoru ove sedmice raspisuje tender\"}]},{\"@type\":\"WebSite\",\"@id\":\"https:\/\/www.prijedordanas.com\/#website\",\"url\":\"https:\/\/www.prijedordanas.com\/\",\"name\":\"PrijedorDanas.com - Prijedorski gradski portal\",\"description\":\"Portal o doga\u0111anjima u gradu Prijedoru\",\"publisher\":{\"@id\":\"https:\/\/www.prijedordanas.com\/#organization\"},\"potentialAction\":[{\"@type\":\"SearchAction\",\"target\":{\"@type\":\"EntryPoint\",\"urlTemplate\":\"https:\/\/www.prijedordanas.com\/?s={search_term_string}\"},\"query-input\":\"required name=search_term_string\"}],\"inLanguage\":\"en-US\"},{\"@type\":\"Organization\",\"@id\":\"https:\/\/www.prijedordanas.com\/#organization\",\"name\":\"PrijedorDanas.com\",\"url\":\"https:\/\/www.prijedordanas.com\/\",\"logo\":{\"@type\":\"ImageObject\",\"inLanguage\":\"en-US\",\"@id\":\"https:\/\/www.prijedordanas.com\/#\/schema\/logo\/image\/\",\"url\":\"http:\/\/www.prijedordanas.com\/wp-content\/uploads\/2021\/12\/logopng.png\",\"contentUrl\":\"http:\/\/www.prijedordanas.com\/wp-content\/uploads\/2021\/12\/logopng.png\",\"width\":1019,\"height\":776,\"caption\":\"PrijedorDanas.com\"},\"image\":{\"@id\":\"https:\/\/www.prijedordanas.com\/#\/schema\/logo\/image\/\"},\"sameAs\":[\"https:\/\/www.facebook.com\/PrijedorDanasCom\/\"]},{\"@type\":\"Person\",\"@id\":\"https:\/\/www.prijedordanas.com\/#\/schema\/person\/4e08ccf29b506ca916ff86d46bb700e6\",\"name\":\"admin\",\"image\":{\"@type\":\"ImageObject\",\"inLanguage\":\"en-US\",\"@id\":\"https:\/\/www.prijedordanas.com\/#\/schema\/person\/image\/\",\"url\":\"https:\/\/secure.gravatar.com\/avatar\/1d3fc949d550f0b53a5f0d51e06dfd79?s=96&d=mm&r=g\",\"contentUrl\":\"https:\/\/secure.gravatar.com\/avatar\/1d3fc949d550f0b53a5f0d51e06dfd79?s=96&d=mm&r=g\",\"caption\":\"admin\"},\"url\":\"https:\/\/www.prijedordanas.com\/?author=1\"}]}<\/script>\n<!-- \/ Yoast SEO plugin. -->","yoast_head_json":{"title":"Mje\u0161tanima \u0107e vratiti asfalt: Vlast u Prijedoru ove sedmice raspisuje tender - PrijedorDanas.com - Prijedorski gradski portal","robots":{"index":"index","follow":"follow","max-snippet":"max-snippet:-1","max-image-preview":"max-image-preview:large","max-video-preview":"max-video-preview:-1"},"canonical":"https:\/\/www.prijedordanas.com\/?p=166280","og_locale":"en_US","og_type":"article","og_title":"Mje\u0161tanima \u0107e vratiti asfalt: Vlast u Prijedoru ove sedmice raspisuje tender - PrijedorDanas.com - Prijedorski gradski portal","og_description":"Gradska uprava u Prijedoru \u0107e tokom ove sedmice raspisati tender za izbor izvo\u0111a\u010da radova koji \u0107e asfaltirati Ulicu Nikole Luketi\u0107a i gra\u0111anima ponovo vratiti asfalt bez kojeg su ostali par [&hellip;]","og_url":"https:\/\/www.prijedordanas.com\/?p=166280","og_site_name":"PrijedorDanas.com - Prijedorski gradski portal","article_publisher":"https:\/\/www.facebook.com\/PrijedorDanasCom\/","article_published_time":"2021-05-04T10:55:20+00:00","og_image":[{"url":"https:\/\/www.prijedordanas.com\/wp-content\/uploads\/2021\/05\/gradska-uprava-pavlovic-ulica-nikole-luketica-300x225.jpg"}],"author":"admin","twitter_card":"summary_large_image","twitter_misc":{"Written by":"admin","Est. reading time":"3 minutes"},"schema":{"@context":"https:\/\/schema.org","@graph":[{"@type":"Article","@id":"https:\/\/www.prijedordanas.com\/?p=166280#article","isPartOf":{"@id":"https:\/\/www.prijedordanas.com\/?p=166280"},"author":{"name":"admin","@id":"https:\/\/www.prijedordanas.com\/#\/schema\/person\/4e08ccf29b506ca916ff86d46bb700e6"},"headline":"Mje\u0161tanima \u0107e vratiti asfalt: Vlast u Prijedoru ove sedmice raspisuje tender","datePublished":"2021-05-04T10:55:20+00:00","dateModified":"2021-05-04T10:55:20+00:00","mainEntityOfPage":{"@id":"https:\/\/www.prijedordanas.com\/?p=166280"},"wordCount":482,"publisher":{"@id":"https:\/\/www.prijedordanas.com\/#organization"},"articleSection":["Svakodnevno"],"inLanguage":"en-US"},{"@type":"WebPage","@id":"https:\/\/www.prijedordanas.com\/?p=166280","url":"https:\/\/www.prijedordanas.com\/?p=166280","name":"Mje\u0161tanima \u0107e vratiti asfalt: Vlast u Prijedoru ove sedmice raspisuje tender - PrijedorDanas.com - Prijedorski gradski portal","isPartOf":{"@id":"https:\/\/www.prijedordanas.com\/#website"},"datePublished":"2021-05-04T10:55:20+00:00","dateModified":"2021-05-04T10:55:20+00:00","breadcrumb":{"@id":"https:\/\/www.prijedordanas.com\/?p=166280#breadcrumb"},"inLanguage":"en-US","potentialAction":[{"@type":"ReadAction","target":["https:\/\/www.prijedordanas.com\/?p=166280"]}]},{"@type":"BreadcrumbList","@id":"https:\/\/www.prijedordanas.com\/?p=166280#breadcrumb","itemListElement":[{"@type":"ListItem","position":1,"name":"Home","item":"https:\/\/www.prijedordanas.com\/"},{"@type":"ListItem","position":2,"name":"Mje\u0161tanima \u0107e vratiti asfalt: Vlast u Prijedoru ove sedmice raspisuje tender"}]},{"@type":"WebSite","@id":"https:\/\/www.prijedordanas.com\/#website","url":"https:\/\/www.prijedordanas.com\/","name":"PrijedorDanas.com - Prijedorski gradski portal","description":"Portal o doga\u0111anjima u gradu Prijedoru","publisher":{"@id":"https:\/\/www.prijedordanas.com\/#organization"},"potentialAction":[{"@type":"SearchAction","target":{"@type":"EntryPoint","urlTemplate":"https:\/\/www.prijedordanas.com\/?s={search_term_string}"},"query-input":"required name=search_term_string"}],"inLanguage":"en-US"},{"@type":"Organization","@id":"https:\/\/www.prijedordanas.com\/#organization","name":"PrijedorDanas.com","url":"https:\/\/www.prijedordanas.com\/","logo":{"@type":"ImageObject","inLanguage":"en-US","@id":"https:\/\/www.prijedordanas.com\/#\/schema\/logo\/image\/","url":"http:\/\/www.prijedordanas.com\/wp-content\/uploads\/2021\/12\/logopng.png","contentUrl":"http:\/\/www.prijedordanas.com\/wp-content\/uploads\/2021\/12\/logopng.png","width":1019,"height":776,"caption":"PrijedorDanas.com"},"image":{"@id":"https:\/\/www.prijedordanas.com\/#\/schema\/logo\/image\/"},"sameAs":["https:\/\/www.facebook.com\/PrijedorDanasCom\/"]},{"@type":"Person","@id":"https:\/\/www.prijedordanas.com\/#\/schema\/person\/4e08ccf29b506ca916ff86d46bb700e6","name":"admin","image":{"@type":"ImageObject","inLanguage":"en-US","@id":"https:\/\/www.prijedordanas.com\/#\/schema\/person\/image\/","url":"https:\/\/secure.gravatar.com\/avatar\/1d3fc949d550f0b53a5f0d51e06dfd79?s=96&d=mm&r=g","contentUrl":"https:\/\/secure.gravatar.com\/avatar\/1d3fc949d550f0b53a5f0d51e06dfd79?s=96&d=mm&r=g","caption":"admin"},"url":"https:\/\/www.prijedordanas.com\/?author=1"}]}},"_links":{"self":[{"href":"https:\/\/www.prijedordanas.com\/index.php?rest_route=\/wp\/v2\/posts\/166280"}],"collection":[{"href":"https:\/\/www.prijedordanas.com\/index.php?rest_route=\/wp\/v2\/posts"}],"about":[{"href":"https:\/\/www.prijedordanas.com\/index.php?rest_route=\/wp\/v2\/types\/post"}],"author":[{"embeddable":true,"href":"https:\/\/www.prijedordanas.com\/index.php?rest_route=\/wp\/v2\/users\/1"}],"replies":[{"embeddable":true,"href":"https:\/\/www.prijedordanas.com\/index.php?rest_route=%2Fwp%2Fv2%2Fcomments&post=166280"}],"version-history":[{"count":1,"href":"https:\/\/www.prijedordanas.com\/index.php?rest_route=\/wp\/v2\/posts\/166280\/revisions"}],"predecessor-version":[{"id":166282,"href":"https:\/\/www.prijedordanas.com\/index.php?rest_route=\/wp\/v2\/posts\/166280\/revisions\/166282"}],"wp:attachment":[{"href":"https:\/\/www.prijedordanas.com\/index.php?rest_route=%2Fwp%2Fv2%2Fmedia&parent=166280"}],"wp:term":[{"taxonomy":"category","embeddable":true,"href":"https:\/\/www.prijedordanas.com\/index.php?rest_route=%2Fwp%2Fv2%2Fcategories&post=166280"},{"taxonomy":"post_tag","embeddable":true,"href":"https:\/\/www.prijedordanas.com\/index.php?rest_route=%2Fwp%2Fv2%2Ftags&post=166280"}],"curies":[{"name":"wp","href":"https:\/\/api.w.org\/{rel}","templated":true}]}}