{"id":166206,"date":"2021-05-02T16:48:44","date_gmt":"2021-05-02T14:48:44","guid":{"rendered":"https:\/\/www.prijedordanas.com\/?p=166206"},"modified":"2021-05-02T16:48:44","modified_gmt":"2021-05-02T14:48:44","slug":"proslava-vaskrsa-u-prijedoru-foto","status":"publish","type":"post","link":"https:\/\/www.prijedordanas.com\/?p=166206","title":{"rendered":"Proslava Vaskrsa u Prijedoru &#8211; FOTO"},"content":{"rendered":"<p><a href=\"https:\/\/www.prijedordanas.com\/wp-content\/uploads\/2021\/05\/tucijada-2021-1.jpg\"><img loading=\"lazy\" decoding=\"async\" class=\"alignleft size-medium wp-image-166207\" src=\"https:\/\/www.prijedordanas.com\/wp-content\/uploads\/2021\/05\/tucijada-2021-1-300x225.jpg\" alt=\"\" width=\"300\" height=\"225\" srcset=\"https:\/\/www.prijedordanas.com\/wp-content\/uploads\/2021\/05\/tucijada-2021-1-300x225.jpg 300w, https:\/\/www.prijedordanas.com\/wp-content\/uploads\/2021\/05\/tucijada-2021-1-640x480.jpg 640w, https:\/\/www.prijedordanas.com\/wp-content\/uploads\/2021\/05\/tucijada-2021-1.jpg 667w\" sizes=\"(max-width: 300px) 100vw, 300px\" \/><\/a>Povodom najve\u0107eg hri\u0161\u0107anskog praznika Vaskrsa u crkvi Svete Trojice jutros je slu\u017eena vaskr\u0161nja liturgija na kojoj je pro\u010ditana poslanica patrijarha srpskog Porfirija.<\/p>\n<p>Protonamjesnik Dragan Hrva\u0107anin je svim parohijanima i pravoslavnim vjernicima po\u017eelio sre\u0107an i blagosloven ovaj veliki praznik uz radosni pozdrav &#8220;Hristos vaskrse&#8221;.<\/p>\n<p>Vaskr\u0161nju \u010destitku gra\u0111anima pravoslavne vjeroispovijesti i vjernicima uputio je i gradona\u010delnik Prijedora Dalibor Pavlovi\u0107 isti\u010du\u0107i da nam je mo\u017eda u ovo vrijeme velikih isku\u0161enja pred kojima se na\u0161lo \u010ditavo \u010dovje\u010danstvo, pra\u0161tanje ne\u0161to \u010demu se vra\u0107amo, a vaskr\u0161nje slavlje jo\u0161 jedno podsje\u0107anje na pravo zna\u010denje Hristovog vaskrsenja.<\/p>\n<p>&#8220;Neka sa nama na putu mnogih \u017eivotnih isku\u0161enja uvijek bude vjera u ljude i vjera u novi i bolji \u017eivot&#8221;, poru\u010dio je gradona\u010denik Pavlovi\u0107.<\/p>\n<p><a href=\"https:\/\/www.prijedordanas.com\/wp-content\/uploads\/2021\/05\/tucijada-2021-2.jpg\"><img loading=\"lazy\" decoding=\"async\" class=\"alignleft size-medium wp-image-166208\" src=\"https:\/\/www.prijedordanas.com\/wp-content\/uploads\/2021\/05\/tucijada-2021-2-300x225.jpg\" alt=\"\" width=\"300\" height=\"225\" srcset=\"https:\/\/www.prijedordanas.com\/wp-content\/uploads\/2021\/05\/tucijada-2021-2-300x225.jpg 300w, https:\/\/www.prijedordanas.com\/wp-content\/uploads\/2021\/05\/tucijada-2021-2-640x480.jpg 640w, https:\/\/www.prijedordanas.com\/wp-content\/uploads\/2021\/05\/tucijada-2021-2.jpg 667w\" sizes=\"(max-width: 300px) 100vw, 300px\" \/><\/a>Po prvi put u porti crkve danas je organizovana vaskr\u0161nja tucijada koja je okupila vi\u0161e stotina mali\u0161ana.<\/p>\n<p>Vjeru, tradiciju i obi\u010daje ne smijemo zaboraviti bila je jedinstvena poruka ovog dru\u017eenja najmla\u0111ih Prijedor\u010dana.<\/p>\n<p>Vi\u0161e od nagrada bili su va\u017eniji radost i osmjesi najmla\u0111ih Prijedor\u010dana, mada je bila i pokoja suza, kojom su samo pokazali da su se vrijedno pripremali i da im je bilo stalo da budu najbolji.<\/p>\n<p>A najbolji je mogao biti samo jedan-ovoga puta bio je to Lazar Kobas koji je za svoju pobjedu osvojio zlatnik koji mu je uru\u010dio gradona\u010delnik Prijedora.<\/p>\n<p>Tucijade su odr\u017eane i ispred manastira u izgradnji Milo\u0161evac, potom u Domu \u010cirkin Polje u organizaciji Kulturno-umjetni\u010dkog dru\u0161tva &#8220;Kozara&#8221; u \u010cirkin Polju i u portama mnogih pravoslavnih hramova na podru\u010dju grada.<\/p>\n<p><a href=\"http:\/\/prijedorgrad.org\/sr-EU\/vijesti-sadrzaj.html?vid=11546\" target=\"_blank\" rel=\"noopener\">prijedorgrad.org<\/a><\/p>\n<p><a href=\"https:\/\/www.prijedordanas.com\/wp-content\/uploads\/2021\/05\/tucijada-2021-3.jpg\"><img loading=\"lazy\" decoding=\"async\" class=\"alignleft size-medium wp-image-166209\" src=\"https:\/\/www.prijedordanas.com\/wp-content\/uploads\/2021\/05\/tucijada-2021-3-300x199.jpg\" alt=\"\" width=\"300\" height=\"199\" srcset=\"https:\/\/www.prijedordanas.com\/wp-content\/uploads\/2021\/05\/tucijada-2021-3-300x199.jpg 300w, https:\/\/www.prijedordanas.com\/wp-content\/uploads\/2021\/05\/tucijada-2021-3-480x320.jpg 480w, https:\/\/www.prijedordanas.com\/wp-content\/uploads\/2021\/05\/tucijada-2021-3.jpg 600w\" sizes=\"(max-width: 300px) 100vw, 300px\" \/><\/a> <a href=\"https:\/\/www.prijedordanas.com\/wp-content\/uploads\/2021\/05\/tucijada-2021-4.jpg\"><img loading=\"lazy\" decoding=\"async\" class=\"alignleft size-medium wp-image-166210\" src=\"https:\/\/www.prijedordanas.com\/wp-content\/uploads\/2021\/05\/tucijada-2021-4-300x199.jpg\" alt=\"\" width=\"300\" height=\"199\" srcset=\"https:\/\/www.prijedordanas.com\/wp-content\/uploads\/2021\/05\/tucijada-2021-4-300x199.jpg 300w, https:\/\/www.prijedordanas.com\/wp-content\/uploads\/2021\/05\/tucijada-2021-4-480x320.jpg 480w, https:\/\/www.prijedordanas.com\/wp-content\/uploads\/2021\/05\/tucijada-2021-4.jpg 600w\" sizes=\"(max-width: 300px) 100vw, 300px\" \/><\/a> <a href=\"https:\/\/www.prijedordanas.com\/wp-content\/uploads\/2021\/05\/tucijada-2021-5.jpg\"><img loading=\"lazy\" decoding=\"async\" class=\"alignleft size-medium wp-image-166211\" src=\"https:\/\/www.prijedordanas.com\/wp-content\/uploads\/2021\/05\/tucijada-2021-5-300x199.jpg\" alt=\"\" width=\"300\" height=\"199\" srcset=\"https:\/\/www.prijedordanas.com\/wp-content\/uploads\/2021\/05\/tucijada-2021-5-300x199.jpg 300w, https:\/\/www.prijedordanas.com\/wp-content\/uploads\/2021\/05\/tucijada-2021-5-480x320.jpg 480w, https:\/\/www.prijedordanas.com\/wp-content\/uploads\/2021\/05\/tucijada-2021-5.jpg 600w\" sizes=\"(max-width: 300px) 100vw, 300px\" \/><\/a> <a href=\"https:\/\/www.prijedordanas.com\/wp-content\/uploads\/2021\/05\/tucijada-2021-6.jpg\"><img loading=\"lazy\" decoding=\"async\" class=\"alignleft size-medium wp-image-166212\" src=\"https:\/\/www.prijedordanas.com\/wp-content\/uploads\/2021\/05\/tucijada-2021-6-300x199.jpg\" alt=\"\" width=\"300\" height=\"199\" srcset=\"https:\/\/www.prijedordanas.com\/wp-content\/uploads\/2021\/05\/tucijada-2021-6-300x199.jpg 300w, https:\/\/www.prijedordanas.com\/wp-content\/uploads\/2021\/05\/tucijada-2021-6-480x320.jpg 480w, https:\/\/www.prijedordanas.com\/wp-content\/uploads\/2021\/05\/tucijada-2021-6.jpg 600w\" sizes=\"(max-width: 300px) 100vw, 300px\" \/><\/a> <a href=\"https:\/\/www.prijedordanas.com\/wp-content\/uploads\/2021\/05\/tucijada-2021-7.jpg\"><img loading=\"lazy\" decoding=\"async\" class=\"alignleft size-medium wp-image-166213\" src=\"https:\/\/www.prijedordanas.com\/wp-content\/uploads\/2021\/05\/tucijada-2021-7-300x199.jpg\" alt=\"\" width=\"300\" height=\"199\" srcset=\"https:\/\/www.prijedordanas.com\/wp-content\/uploads\/2021\/05\/tucijada-2021-7-300x199.jpg 300w, https:\/\/www.prijedordanas.com\/wp-content\/uploads\/2021\/05\/tucijada-2021-7-480x320.jpg 480w, https:\/\/www.prijedordanas.com\/wp-content\/uploads\/2021\/05\/tucijada-2021-7.jpg 600w\" sizes=\"(max-width: 300px) 100vw, 300px\" \/><\/a> <a href=\"https:\/\/www.prijedordanas.com\/wp-content\/uploads\/2021\/05\/tucijada-2021-8.jpg\"><img loading=\"lazy\" decoding=\"async\" class=\"alignleft size-medium wp-image-166214\" src=\"https:\/\/www.prijedordanas.com\/wp-content\/uploads\/2021\/05\/tucijada-2021-8-300x199.jpg\" alt=\"\" width=\"300\" height=\"199\" srcset=\"https:\/\/www.prijedordanas.com\/wp-content\/uploads\/2021\/05\/tucijada-2021-8-300x199.jpg 300w, https:\/\/www.prijedordanas.com\/wp-content\/uploads\/2021\/05\/tucijada-2021-8-480x320.jpg 480w, https:\/\/www.prijedordanas.com\/wp-content\/uploads\/2021\/05\/tucijada-2021-8.jpg 600w\" sizes=\"(max-width: 300px) 100vw, 300px\" \/><\/a> <a href=\"https:\/\/www.prijedordanas.com\/wp-content\/uploads\/2021\/05\/tucijada-2021-9.jpg\"><img loading=\"lazy\" decoding=\"async\" class=\"alignleft size-medium wp-image-166215\" src=\"https:\/\/www.prijedordanas.com\/wp-content\/uploads\/2021\/05\/tucijada-2021-9-300x199.jpg\" alt=\"\" width=\"300\" height=\"199\" srcset=\"https:\/\/www.prijedordanas.com\/wp-content\/uploads\/2021\/05\/tucijada-2021-9-300x199.jpg 300w, https:\/\/www.prijedordanas.com\/wp-content\/uploads\/2021\/05\/tucijada-2021-9-480x320.jpg 480w, https:\/\/www.prijedordanas.com\/wp-content\/uploads\/2021\/05\/tucijada-2021-9.jpg 600w\" sizes=\"(max-width: 300px) 100vw, 300px\" \/><\/a> <a href=\"https:\/\/www.prijedordanas.com\/wp-content\/uploads\/2021\/05\/tucijada-2021-10.jpg\"><img loading=\"lazy\" decoding=\"async\" class=\"alignleft size-medium wp-image-166216\" src=\"https:\/\/www.prijedordanas.com\/wp-content\/uploads\/2021\/05\/tucijada-2021-10-300x199.jpg\" alt=\"\" width=\"300\" height=\"199\" srcset=\"https:\/\/www.prijedordanas.com\/wp-content\/uploads\/2021\/05\/tucijada-2021-10-300x199.jpg 300w, https:\/\/www.prijedordanas.com\/wp-content\/uploads\/2021\/05\/tucijada-2021-10-480x320.jpg 480w, https:\/\/www.prijedordanas.com\/wp-content\/uploads\/2021\/05\/tucijada-2021-10.jpg 600w\" sizes=\"(max-width: 300px) 100vw, 300px\" \/><\/a> <a href=\"https:\/\/www.prijedordanas.com\/wp-content\/uploads\/2021\/05\/tucijada-2021-11.jpg\"><img loading=\"lazy\" decoding=\"async\" class=\"alignleft size-medium wp-image-166217\" src=\"https:\/\/www.prijedordanas.com\/wp-content\/uploads\/2021\/05\/tucijada-2021-11-300x199.jpg\" alt=\"\" width=\"300\" height=\"199\" srcset=\"https:\/\/www.prijedordanas.com\/wp-content\/uploads\/2021\/05\/tucijada-2021-11-300x199.jpg 300w, https:\/\/www.prijedordanas.com\/wp-content\/uploads\/2021\/05\/tucijada-2021-11-480x320.jpg 480w, https:\/\/www.prijedordanas.com\/wp-content\/uploads\/2021\/05\/tucijada-2021-11.jpg 600w\" sizes=\"(max-width: 300px) 100vw, 300px\" \/><\/a> <a href=\"https:\/\/www.prijedordanas.com\/wp-content\/uploads\/2021\/05\/tucijada-2021-12.jpg\"><img loading=\"lazy\" decoding=\"async\" class=\"alignleft size-medium wp-image-166218\" src=\"https:\/\/www.prijedordanas.com\/wp-content\/uploads\/2021\/05\/tucijada-2021-12-300x199.jpg\" alt=\"\" width=\"300\" height=\"199\" srcset=\"https:\/\/www.prijedordanas.com\/wp-content\/uploads\/2021\/05\/tucijada-2021-12-300x199.jpg 300w, https:\/\/www.prijedordanas.com\/wp-content\/uploads\/2021\/05\/tucijada-2021-12-480x320.jpg 480w, https:\/\/www.prijedordanas.com\/wp-content\/uploads\/2021\/05\/tucijada-2021-12.jpg 600w\" sizes=\"(max-width: 300px) 100vw, 300px\" \/><\/a> <a href=\"https:\/\/www.prijedordanas.com\/wp-content\/uploads\/2021\/05\/tucijada-2021-13.jpg\"><img loading=\"lazy\" decoding=\"async\" class=\"alignleft size-medium wp-image-166219\" src=\"https:\/\/www.prijedordanas.com\/wp-content\/uploads\/2021\/05\/tucijada-2021-13-300x199.jpg\" alt=\"\" width=\"300\" height=\"199\" srcset=\"https:\/\/www.prijedordanas.com\/wp-content\/uploads\/2021\/05\/tucijada-2021-13-300x199.jpg 300w, https:\/\/www.prijedordanas.com\/wp-content\/uploads\/2021\/05\/tucijada-2021-13-480x320.jpg 480w, https:\/\/www.prijedordanas.com\/wp-content\/uploads\/2021\/05\/tucijada-2021-13.jpg 600w\" sizes=\"(max-width: 300px) 100vw, 300px\" \/><\/a> <a href=\"https:\/\/www.prijedordanas.com\/wp-content\/uploads\/2021\/05\/tucijada-2021-14.jpg\"><img loading=\"lazy\" decoding=\"async\" class=\"alignleft size-medium wp-image-166220\" src=\"https:\/\/www.prijedordanas.com\/wp-content\/uploads\/2021\/05\/tucijada-2021-14-300x199.jpg\" alt=\"\" width=\"300\" height=\"199\" srcset=\"https:\/\/www.prijedordanas.com\/wp-content\/uploads\/2021\/05\/tucijada-2021-14-300x199.jpg 300w, https:\/\/www.prijedordanas.com\/wp-content\/uploads\/2021\/05\/tucijada-2021-14-480x320.jpg 480w, https:\/\/www.prijedordanas.com\/wp-content\/uploads\/2021\/05\/tucijada-2021-14.jpg 600w\" sizes=\"(max-width: 300px) 100vw, 300px\" \/><\/a> <a href=\"https:\/\/www.prijedordanas.com\/wp-content\/uploads\/2021\/05\/tucijada-2021-15.jpg\"><img loading=\"lazy\" decoding=\"async\" class=\"alignleft size-medium wp-image-166221\" src=\"https:\/\/www.prijedordanas.com\/wp-content\/uploads\/2021\/05\/tucijada-2021-15-300x199.jpg\" alt=\"\" width=\"300\" height=\"199\" srcset=\"https:\/\/www.prijedordanas.com\/wp-content\/uploads\/2021\/05\/tucijada-2021-15-300x199.jpg 300w, https:\/\/www.prijedordanas.com\/wp-content\/uploads\/2021\/05\/tucijada-2021-15-480x320.jpg 480w, https:\/\/www.prijedordanas.com\/wp-content\/uploads\/2021\/05\/tucijada-2021-15.jpg 600w\" sizes=\"(max-width: 300px) 100vw, 300px\" \/><\/a> <a href=\"https:\/\/www.prijedordanas.com\/wp-content\/uploads\/2021\/05\/tucijada-2021-16.jpg\"><img loading=\"lazy\" decoding=\"async\" src=\"https:\/\/www.prijedordanas.com\/wp-content\/uploads\/2021\/05\/tucijada-2021-16-300x199.jpg\" alt=\"\" width=\"300\" height=\"199\" class=\"alignleft size-medium wp-image-166222\" srcset=\"https:\/\/www.prijedordanas.com\/wp-content\/uploads\/2021\/05\/tucijada-2021-16-300x199.jpg 300w, https:\/\/www.prijedordanas.com\/wp-content\/uploads\/2021\/05\/tucijada-2021-16-480x320.jpg 480w, https:\/\/www.prijedordanas.com\/wp-content\/uploads\/2021\/05\/tucijada-2021-16.jpg 600w\" sizes=\"(max-width: 300px) 100vw, 300px\" \/><\/a> <a href=\"https:\/\/www.prijedordanas.com\/wp-content\/uploads\/2021\/05\/tucijada-2021-17.jpg\"><img loading=\"lazy\" decoding=\"async\" src=\"https:\/\/www.prijedordanas.com\/wp-content\/uploads\/2021\/05\/tucijada-2021-17-199x300.jpg\" alt=\"\" width=\"199\" height=\"300\" class=\"alignleft size-medium wp-image-166223\" srcset=\"https:\/\/www.prijedordanas.com\/wp-content\/uploads\/2021\/05\/tucijada-2021-17-199x300.jpg 199w, https:\/\/www.prijedordanas.com\/wp-content\/uploads\/2021\/05\/tucijada-2021-17.jpg 397w\" sizes=\"(max-width: 199px) 100vw, 199px\" \/><\/a> <a href=\"https:\/\/www.prijedordanas.com\/wp-content\/uploads\/2021\/05\/tucijada-2021-18.jpg\"><img loading=\"lazy\" decoding=\"async\" src=\"https:\/\/www.prijedordanas.com\/wp-content\/uploads\/2021\/05\/tucijada-2021-18-199x300.jpg\" alt=\"\" width=\"199\" height=\"300\" class=\"alignleft size-medium wp-image-166224\" srcset=\"https:\/\/www.prijedordanas.com\/wp-content\/uploads\/2021\/05\/tucijada-2021-18-199x300.jpg 199w, https:\/\/www.prijedordanas.com\/wp-content\/uploads\/2021\/05\/tucijada-2021-18.jpg 397w\" sizes=\"(max-width: 199px) 100vw, 199px\" \/><\/a><\/p>\n","protected":false},"excerpt":{"rendered":"<p>Povodom najve\u0107eg hri\u0161\u0107anskog praznika Vaskrsa u crkvi Svete Trojice jutros je slu\u017eena vaskr\u0161nja liturgija na kojoj je pro\u010ditana poslanica patrijarha srpskog Porfirija. Protonamjesnik Dragan Hrva\u0107anin je svim parohijanima i pravoslavnim [&hellip;]<\/p>\n","protected":false},"author":1,"featured_media":0,"comment_status":"closed","ping_status":"open","sticky":false,"template":"","format":"standard","meta":{"_monsterinsights_skip_tracking":false,"_monsterinsights_sitenote_active":false,"_monsterinsights_sitenote_note":"","_monsterinsights_sitenote_category":0,"footnotes":""},"categories":[4,7515],"tags":[],"yoast_head":"<!-- This site is optimized with the Yoast SEO plugin v21.6 - https:\/\/yoast.com\/wordpress\/plugins\/seo\/ -->\n<title>Proslava Vaskrsa u Prijedoru - FOTO - PrijedorDanas.com - Prijedorski gradski portal<\/title>\n<meta name=\"robots\" content=\"index, follow, max-snippet:-1, max-image-preview:large, max-video-preview:-1\" \/>\n<link rel=\"canonical\" href=\"https:\/\/www.prijedordanas.com\/?p=166206\" \/>\n<meta property=\"og:locale\" content=\"en_US\" \/>\n<meta property=\"og:type\" content=\"article\" \/>\n<meta property=\"og:title\" content=\"Proslava Vaskrsa u Prijedoru - FOTO - PrijedorDanas.com - Prijedorski gradski portal\" \/>\n<meta property=\"og:description\" content=\"Povodom najve\u0107eg hri\u0161\u0107anskog praznika Vaskrsa u crkvi Svete Trojice jutros je slu\u017eena vaskr\u0161nja liturgija na kojoj je pro\u010ditana poslanica patrijarha srpskog Porfirija. Protonamjesnik Dragan Hrva\u0107anin je svim parohijanima i pravoslavnim [&hellip;]\" \/>\n<meta property=\"og:url\" content=\"https:\/\/www.prijedordanas.com\/?p=166206\" \/>\n<meta property=\"og:site_name\" content=\"PrijedorDanas.com - Prijedorski gradski portal\" \/>\n<meta property=\"article:publisher\" content=\"https:\/\/www.facebook.com\/PrijedorDanasCom\/\" \/>\n<meta property=\"article:published_time\" content=\"2021-05-02T14:48:44+00:00\" \/>\n<meta property=\"og:image\" content=\"https:\/\/www.prijedordanas.com\/wp-content\/uploads\/2021\/05\/tucijada-2021-1-300x225.jpg\" \/>\n<meta name=\"author\" content=\"admin\" \/>\n<meta name=\"twitter:card\" content=\"summary_large_image\" \/>\n<meta name=\"twitter:label1\" content=\"Written by\" \/>\n\t<meta name=\"twitter:data1\" content=\"admin\" \/>\n\t<meta name=\"twitter:label2\" content=\"Est. reading time\" \/>\n\t<meta name=\"twitter:data2\" content=\"5 minutes\" \/>\n<script type=\"application\/ld+json\" class=\"yoast-schema-graph\">{\"@context\":\"https:\/\/schema.org\",\"@graph\":[{\"@type\":\"Article\",\"@id\":\"https:\/\/www.prijedordanas.com\/?p=166206#article\",\"isPartOf\":{\"@id\":\"https:\/\/www.prijedordanas.com\/?p=166206\"},\"author\":{\"name\":\"admin\",\"@id\":\"https:\/\/www.prijedordanas.com\/#\/schema\/person\/4e08ccf29b506ca916ff86d46bb700e6\"},\"headline\":\"Proslava Vaskrsa u Prijedoru &#8211; FOTO\",\"datePublished\":\"2021-05-02T14:48:44+00:00\",\"dateModified\":\"2021-05-02T14:48:44+00:00\",\"mainEntityOfPage\":{\"@id\":\"https:\/\/www.prijedordanas.com\/?p=166206\"},\"wordCount\":289,\"publisher\":{\"@id\":\"https:\/\/www.prijedordanas.com\/#organization\"},\"articleSection\":[\"Dru\u0161tvo\",\"Foto dana\"],\"inLanguage\":\"en-US\"},{\"@type\":\"WebPage\",\"@id\":\"https:\/\/www.prijedordanas.com\/?p=166206\",\"url\":\"https:\/\/www.prijedordanas.com\/?p=166206\",\"name\":\"Proslava Vaskrsa u Prijedoru - FOTO - PrijedorDanas.com - Prijedorski gradski portal\",\"isPartOf\":{\"@id\":\"https:\/\/www.prijedordanas.com\/#website\"},\"datePublished\":\"2021-05-02T14:48:44+00:00\",\"dateModified\":\"2021-05-02T14:48:44+00:00\",\"breadcrumb\":{\"@id\":\"https:\/\/www.prijedordanas.com\/?p=166206#breadcrumb\"},\"inLanguage\":\"en-US\",\"potentialAction\":[{\"@type\":\"ReadAction\",\"target\":[\"https:\/\/www.prijedordanas.com\/?p=166206\"]}]},{\"@type\":\"BreadcrumbList\",\"@id\":\"https:\/\/www.prijedordanas.com\/?p=166206#breadcrumb\",\"itemListElement\":[{\"@type\":\"ListItem\",\"position\":1,\"name\":\"Home\",\"item\":\"https:\/\/www.prijedordanas.com\/\"},{\"@type\":\"ListItem\",\"position\":2,\"name\":\"Proslava Vaskrsa u Prijedoru &#8211; FOTO\"}]},{\"@type\":\"WebSite\",\"@id\":\"https:\/\/www.prijedordanas.com\/#website\",\"url\":\"https:\/\/www.prijedordanas.com\/\",\"name\":\"PrijedorDanas.com - Prijedorski gradski portal\",\"description\":\"Portal o doga\u0111anjima u gradu Prijedoru\",\"publisher\":{\"@id\":\"https:\/\/www.prijedordanas.com\/#organization\"},\"potentialAction\":[{\"@type\":\"SearchAction\",\"target\":{\"@type\":\"EntryPoint\",\"urlTemplate\":\"https:\/\/www.prijedordanas.com\/?s={search_term_string}\"},\"query-input\":\"required name=search_term_string\"}],\"inLanguage\":\"en-US\"},{\"@type\":\"Organization\",\"@id\":\"https:\/\/www.prijedordanas.com\/#organization\",\"name\":\"PrijedorDanas.com\",\"url\":\"https:\/\/www.prijedordanas.com\/\",\"logo\":{\"@type\":\"ImageObject\",\"inLanguage\":\"en-US\",\"@id\":\"https:\/\/www.prijedordanas.com\/#\/schema\/logo\/image\/\",\"url\":\"http:\/\/www.prijedordanas.com\/wp-content\/uploads\/2021\/12\/logopng.png\",\"contentUrl\":\"http:\/\/www.prijedordanas.com\/wp-content\/uploads\/2021\/12\/logopng.png\",\"width\":1019,\"height\":776,\"caption\":\"PrijedorDanas.com\"},\"image\":{\"@id\":\"https:\/\/www.prijedordanas.com\/#\/schema\/logo\/image\/\"},\"sameAs\":[\"https:\/\/www.facebook.com\/PrijedorDanasCom\/\"]},{\"@type\":\"Person\",\"@id\":\"https:\/\/www.prijedordanas.com\/#\/schema\/person\/4e08ccf29b506ca916ff86d46bb700e6\",\"name\":\"admin\",\"image\":{\"@type\":\"ImageObject\",\"inLanguage\":\"en-US\",\"@id\":\"https:\/\/www.prijedordanas.com\/#\/schema\/person\/image\/\",\"url\":\"https:\/\/secure.gravatar.com\/avatar\/1d3fc949d550f0b53a5f0d51e06dfd79?s=96&d=mm&r=g\",\"contentUrl\":\"https:\/\/secure.gravatar.com\/avatar\/1d3fc949d550f0b53a5f0d51e06dfd79?s=96&d=mm&r=g\",\"caption\":\"admin\"},\"url\":\"https:\/\/www.prijedordanas.com\/?author=1\"}]}<\/script>\n<!-- \/ Yoast SEO plugin. -->","yoast_head_json":{"title":"Proslava Vaskrsa u Prijedoru - FOTO - PrijedorDanas.com - Prijedorski gradski portal","robots":{"index":"index","follow":"follow","max-snippet":"max-snippet:-1","max-image-preview":"max-image-preview:large","max-video-preview":"max-video-preview:-1"},"canonical":"https:\/\/www.prijedordanas.com\/?p=166206","og_locale":"en_US","og_type":"article","og_title":"Proslava Vaskrsa u Prijedoru - FOTO - PrijedorDanas.com - Prijedorski gradski portal","og_description":"Povodom najve\u0107eg hri\u0161\u0107anskog praznika Vaskrsa u crkvi Svete Trojice jutros je slu\u017eena vaskr\u0161nja liturgija na kojoj je pro\u010ditana poslanica patrijarha srpskog Porfirija. Protonamjesnik Dragan Hrva\u0107anin je svim parohijanima i pravoslavnim [&hellip;]","og_url":"https:\/\/www.prijedordanas.com\/?p=166206","og_site_name":"PrijedorDanas.com - Prijedorski gradski portal","article_publisher":"https:\/\/www.facebook.com\/PrijedorDanasCom\/","article_published_time":"2021-05-02T14:48:44+00:00","og_image":[{"url":"https:\/\/www.prijedordanas.com\/wp-content\/uploads\/2021\/05\/tucijada-2021-1-300x225.jpg"}],"author":"admin","twitter_card":"summary_large_image","twitter_misc":{"Written by":"admin","Est. reading time":"5 minutes"},"schema":{"@context":"https:\/\/schema.org","@graph":[{"@type":"Article","@id":"https:\/\/www.prijedordanas.com\/?p=166206#article","isPartOf":{"@id":"https:\/\/www.prijedordanas.com\/?p=166206"},"author":{"name":"admin","@id":"https:\/\/www.prijedordanas.com\/#\/schema\/person\/4e08ccf29b506ca916ff86d46bb700e6"},"headline":"Proslava Vaskrsa u Prijedoru &#8211; FOTO","datePublished":"2021-05-02T14:48:44+00:00","dateModified":"2021-05-02T14:48:44+00:00","mainEntityOfPage":{"@id":"https:\/\/www.prijedordanas.com\/?p=166206"},"wordCount":289,"publisher":{"@id":"https:\/\/www.prijedordanas.com\/#organization"},"articleSection":["Dru\u0161tvo","Foto dana"],"inLanguage":"en-US"},{"@type":"WebPage","@id":"https:\/\/www.prijedordanas.com\/?p=166206","url":"https:\/\/www.prijedordanas.com\/?p=166206","name":"Proslava Vaskrsa u Prijedoru - FOTO - PrijedorDanas.com - Prijedorski gradski portal","isPartOf":{"@id":"https:\/\/www.prijedordanas.com\/#website"},"datePublished":"2021-05-02T14:48:44+00:00","dateModified":"2021-05-02T14:48:44+00:00","breadcrumb":{"@id":"https:\/\/www.prijedordanas.com\/?p=166206#breadcrumb"},"inLanguage":"en-US","potentialAction":[{"@type":"ReadAction","target":["https:\/\/www.prijedordanas.com\/?p=166206"]}]},{"@type":"BreadcrumbList","@id":"https:\/\/www.prijedordanas.com\/?p=166206#breadcrumb","itemListElement":[{"@type":"ListItem","position":1,"name":"Home","item":"https:\/\/www.prijedordanas.com\/"},{"@type":"ListItem","position":2,"name":"Proslava Vaskrsa u Prijedoru &#8211; FOTO"}]},{"@type":"WebSite","@id":"https:\/\/www.prijedordanas.com\/#website","url":"https:\/\/www.prijedordanas.com\/","name":"PrijedorDanas.com - Prijedorski gradski portal","description":"Portal o doga\u0111anjima u gradu Prijedoru","publisher":{"@id":"https:\/\/www.prijedordanas.com\/#organization"},"potentialAction":[{"@type":"SearchAction","target":{"@type":"EntryPoint","urlTemplate":"https:\/\/www.prijedordanas.com\/?s={search_term_string}"},"query-input":"required name=search_term_string"}],"inLanguage":"en-US"},{"@type":"Organization","@id":"https:\/\/www.prijedordanas.com\/#organization","name":"PrijedorDanas.com","url":"https:\/\/www.prijedordanas.com\/","logo":{"@type":"ImageObject","inLanguage":"en-US","@id":"https:\/\/www.prijedordanas.com\/#\/schema\/logo\/image\/","url":"http:\/\/www.prijedordanas.com\/wp-content\/uploads\/2021\/12\/logopng.png","contentUrl":"http:\/\/www.prijedordanas.com\/wp-content\/uploads\/2021\/12\/logopng.png","width":1019,"height":776,"caption":"PrijedorDanas.com"},"image":{"@id":"https:\/\/www.prijedordanas.com\/#\/schema\/logo\/image\/"},"sameAs":["https:\/\/www.facebook.com\/PrijedorDanasCom\/"]},{"@type":"Person","@id":"https:\/\/www.prijedordanas.com\/#\/schema\/person\/4e08ccf29b506ca916ff86d46bb700e6","name":"admin","image":{"@type":"ImageObject","inLanguage":"en-US","@id":"https:\/\/www.prijedordanas.com\/#\/schema\/person\/image\/","url":"https:\/\/secure.gravatar.com\/avatar\/1d3fc949d550f0b53a5f0d51e06dfd79?s=96&d=mm&r=g","contentUrl":"https:\/\/secure.gravatar.com\/avatar\/1d3fc949d550f0b53a5f0d51e06dfd79?s=96&d=mm&r=g","caption":"admin"},"url":"https:\/\/www.prijedordanas.com\/?author=1"}]}},"_links":{"self":[{"href":"https:\/\/www.prijedordanas.com\/index.php?rest_route=\/wp\/v2\/posts\/166206"}],"collection":[{"href":"https:\/\/www.prijedordanas.com\/index.php?rest_route=\/wp\/v2\/posts"}],"about":[{"href":"https:\/\/www.prijedordanas.com\/index.php?rest_route=\/wp\/v2\/types\/post"}],"author":[{"embeddable":true,"href":"https:\/\/www.prijedordanas.com\/index.php?rest_route=\/wp\/v2\/users\/1"}],"replies":[{"embeddable":true,"href":"https:\/\/www.prijedordanas.com\/index.php?rest_route=%2Fwp%2Fv2%2Fcomments&post=166206"}],"version-history":[{"count":1,"href":"https:\/\/www.prijedordanas.com\/index.php?rest_route=\/wp\/v2\/posts\/166206\/revisions"}],"predecessor-version":[{"id":166225,"href":"https:\/\/www.prijedordanas.com\/index.php?rest_route=\/wp\/v2\/posts\/166206\/revisions\/166225"}],"wp:attachment":[{"href":"https:\/\/www.prijedordanas.com\/index.php?rest_route=%2Fwp%2Fv2%2Fmedia&parent=166206"}],"wp:term":[{"taxonomy":"category","embeddable":true,"href":"https:\/\/www.prijedordanas.com\/index.php?rest_route=%2Fwp%2Fv2%2Fcategories&post=166206"},{"taxonomy":"post_tag","embeddable":true,"href":"https:\/\/www.prijedordanas.com\/index.php?rest_route=%2Fwp%2Fv2%2Ftags&post=166206"}],"curies":[{"name":"wp","href":"https:\/\/api.w.org\/{rel}","templated":true}]}}