{"id":166115,"date":"2021-04-30T13:04:42","date_gmt":"2021-04-30T11:04:42","guid":{"rendered":"https:\/\/www.prijedordanas.com\/?p=166115"},"modified":"2021-04-30T13:04:42","modified_gmt":"2021-04-30T11:04:42","slug":"obiljezeno-29-godina-od-stradanja-prve-prijedorske-zrtve-rata-policajca-radenka-dape-foto","status":"publish","type":"post","link":"https:\/\/www.prijedordanas.com\/?p=166115","title":{"rendered":"Obilje\u017eeno 29 godina od stradanja prve prijedorske \u017ertve rata, policajca Radenka \u0110ape \u2013 FOTO"},"content":{"rendered":"<p><a href=\"https:\/\/www.prijedordanas.com\/wp-content\/uploads\/2021\/04\/djapa-godisnjica-2021-1.jpg\"><img loading=\"lazy\" decoding=\"async\" class=\"alignleft size-medium wp-image-166117\" src=\"https:\/\/www.prijedordanas.com\/wp-content\/uploads\/2021\/04\/djapa-godisnjica-2021-1-244x300.jpg\" alt=\"\" width=\"244\" height=\"300\" srcset=\"https:\/\/www.prijedordanas.com\/wp-content\/uploads\/2021\/04\/djapa-godisnjica-2021-1-244x300.jpg 244w, https:\/\/www.prijedordanas.com\/wp-content\/uploads\/2021\/04\/djapa-godisnjica-2021-1.jpg 488w\" sizes=\"(max-width: 244px) 100vw, 244px\" \/><\/a>Pomenom i polaganjem vijenaca u Prijedoru je danas obilje\u017eeno 29 godina od pogibije dvadesetogodi\u0161njeg policajca Radenka \u0110ape iz Gornjeg Jelovca, prve \u017ertve u proteklom Odbrambeno-otad\u017ebinskom ratu.<\/p>\n<p>Vijence je kod spomen-plo\u010de u Kozarskoj ulici polo\u017eila majka Marija, a potom i \u010dlanovi Radenkove porodice, delegacije gradona\u010delnika Prijedora, Organizacije porodica zarobljenih i poginulih boraca i nestalih civila \u010dlanovi bora\u010dkih organizacija i drugih udru\u017eenja te prijatelja i mje\u0161tani Gornjeg Jelovca.<\/p>\n<p>Predsjednik Organizacije porodica zarobljenih i poginulih boraca i nestalih civila, Zdravka Karlica, i ovaj put je poru\u010dila da je naj\u017ealosnije to \u0161to za ovaj zlo\u010din niko nije odgovarao, te da je i vi\u0161e nego jasno da su prve \u017ertve u Prijedoru bili Srbi.<\/p>\n<p>&#8220;Kad ubiju policajca u nekim drugim zemljama onda se to zove terorizam. \u0110apa Radenko je bio policajac, krenuo na posao i svirepo ubijen, a do danas niko za to nije odgovarao. Godinama pri\u010damo istu pri\u010du i krivo mi je na sve ljude koji rade u tu\u017eila\u0161tvu jer sudi se Srbima, a Bo\u0161njaci ne odgovaraju&#8221;, istakla je Karlica.<\/p>\n<p><a href=\"https:\/\/www.prijedordanas.com\/wp-content\/uploads\/2021\/04\/djapa-godisnjica-2021-10.jpg\"><img loading=\"lazy\" decoding=\"async\" class=\"alignleft size-medium wp-image-166118\" src=\"https:\/\/www.prijedordanas.com\/wp-content\/uploads\/2021\/04\/djapa-godisnjica-2021-10-300x225.jpg\" alt=\"\" width=\"300\" height=\"225\" srcset=\"https:\/\/www.prijedordanas.com\/wp-content\/uploads\/2021\/04\/djapa-godisnjica-2021-10-300x225.jpg 300w, https:\/\/www.prijedordanas.com\/wp-content\/uploads\/2021\/04\/djapa-godisnjica-2021-10-640x480.jpg 640w, https:\/\/www.prijedordanas.com\/wp-content\/uploads\/2021\/04\/djapa-godisnjica-2021-10.jpg 667w\" sizes=\"(max-width: 300px) 100vw, 300px\" \/><\/a>Potpredsjednik gradske Organizacije porodica zarobljenih i poginulih boraca i nestalih civila Slavi\u0161a Knjeginji\u0107 je dodao da pravda nije zadovoljena i da je pucanj u \u0110apu bio pucanj u mir, jer je taj nemili doga\u0111aj ozna\u010dio po\u010detak rata u gradu na Sani.<\/p>\n<p>&#8220;Danas je 12 godina kako smo postavili ovu plo\u010du ovdje na\u0161em prvom poginulom sugra\u0111aninu grada Prijedora, a tu\u017eila\u0161tvo i sud nisu se pokrenuli s mjesta. Jednostavno srpske \u017ertve se ne pominju, kao i obi\u010dno, ali nema veze, mi \u0107emo spominjati, mi \u0107emo opominjati i valjda \u0107e jednom do\u0107i vrijeme kada \u0107e pravda sti\u0107i za ovo svirepo ubistvo koje se odigralo u gradu i koje je prouzrokovalo sve one nemile doga\u0111aje u na\u0161em gradu koje \u0107e uslijediti&#8221;, rekao je Kneginji\u0107.<\/p>\n<p><a href=\"https:\/\/www.prijedordanas.com\/wp-content\/uploads\/2021\/04\/djapa-godisnjica-2021-9.jpg\"><img loading=\"lazy\" decoding=\"async\" class=\"alignleft size-medium wp-image-166119\" src=\"https:\/\/www.prijedordanas.com\/wp-content\/uploads\/2021\/04\/djapa-godisnjica-2021-9-300x199.jpg\" alt=\"\" width=\"300\" height=\"199\" srcset=\"https:\/\/www.prijedordanas.com\/wp-content\/uploads\/2021\/04\/djapa-godisnjica-2021-9-300x199.jpg 300w, https:\/\/www.prijedordanas.com\/wp-content\/uploads\/2021\/04\/djapa-godisnjica-2021-9-480x320.jpg 480w, https:\/\/www.prijedordanas.com\/wp-content\/uploads\/2021\/04\/djapa-godisnjica-2021-9.jpg 600w\" sizes=\"(max-width: 300px) 100vw, 300px\" \/><\/a>Gradona\u010delnik Prijedora Dalibor Pavlovi\u0107 izjavio je da je na ovom mjestu prije 29 godina stradao jedan mladi \u010dovjek i da je obavljaju\u0107i svoj posao, nevino uga\u0161en jedan mladi \u017eivot.<\/p>\n<p>&#8220;Ovdje smo do\u0161li da odamo po\u010dast tom nevino stradalom mladom \u010dovjeku i da ne zaboravimo i opomenemo da se ovako ne\u0161to u na\u0161em gradu vi\u0161e nikad ne ponovi. Zadatak svih nas mladih ljudi koji nismo u\u010destvovali u ratu je da sve na\u0161e \u017ertve ne zaboravimo i da uka\u017eemo na zna\u010daj i pomen na datume kada su nastradali&#8221;, poru\u010dio je Pavlovi\u0107.<\/p>\n<p>Radenko \u0110apa ubijen je u no\u0107i izme\u0111u 30. aprila i 1. maja 1992. godine.<\/p>\n<p><a href=\"http:\/\/prijedorgrad.org\/sr-EU\/vijesti-sadrzaj.html?vid=11542\" target=\"_blank\" rel=\"noopener\">prijedorgrad.org<\/a><\/p>\n<p><a href=\"https:\/\/www.prijedordanas.com\/wp-content\/uploads\/2021\/04\/djapa-godisnjica-2021-2.jpg\"><img loading=\"lazy\" decoding=\"async\" class=\"alignleft size-medium wp-image-166120\" src=\"https:\/\/www.prijedordanas.com\/wp-content\/uploads\/2021\/04\/djapa-godisnjica-2021-2-300x225.jpg\" alt=\"\" width=\"300\" height=\"225\" srcset=\"https:\/\/www.prijedordanas.com\/wp-content\/uploads\/2021\/04\/djapa-godisnjica-2021-2-300x225.jpg 300w, https:\/\/www.prijedordanas.com\/wp-content\/uploads\/2021\/04\/djapa-godisnjica-2021-2.jpg 600w\" sizes=\"(max-width: 300px) 100vw, 300px\" \/><\/a> <a href=\"https:\/\/www.prijedordanas.com\/wp-content\/uploads\/2021\/04\/djapa-godisnjica-2021-3.jpg\"><img loading=\"lazy\" decoding=\"async\" class=\"alignleft size-medium wp-image-166121\" src=\"https:\/\/www.prijedordanas.com\/wp-content\/uploads\/2021\/04\/djapa-godisnjica-2021-3-300x225.jpg\" alt=\"\" width=\"300\" height=\"225\" srcset=\"https:\/\/www.prijedordanas.com\/wp-content\/uploads\/2021\/04\/djapa-godisnjica-2021-3-300x225.jpg 300w, https:\/\/www.prijedordanas.com\/wp-content\/uploads\/2021\/04\/djapa-godisnjica-2021-3.jpg 600w\" sizes=\"(max-width: 300px) 100vw, 300px\" \/><\/a> <a href=\"https:\/\/www.prijedordanas.com\/wp-content\/uploads\/2021\/04\/djapa-godisnjica-2021-4.jpg\"><img loading=\"lazy\" decoding=\"async\" class=\"alignleft size-medium wp-image-166122\" src=\"https:\/\/www.prijedordanas.com\/wp-content\/uploads\/2021\/04\/djapa-godisnjica-2021-4-300x225.jpg\" alt=\"\" width=\"300\" height=\"225\" srcset=\"https:\/\/www.prijedordanas.com\/wp-content\/uploads\/2021\/04\/djapa-godisnjica-2021-4-300x225.jpg 300w, https:\/\/www.prijedordanas.com\/wp-content\/uploads\/2021\/04\/djapa-godisnjica-2021-4.jpg 600w\" sizes=\"(max-width: 300px) 100vw, 300px\" \/><\/a> <a href=\"https:\/\/www.prijedordanas.com\/wp-content\/uploads\/2021\/04\/djapa-godisnjica-2021-5.jpg\"><img loading=\"lazy\" decoding=\"async\" class=\"alignleft size-medium wp-image-166123\" src=\"https:\/\/www.prijedordanas.com\/wp-content\/uploads\/2021\/04\/djapa-godisnjica-2021-5-300x225.jpg\" alt=\"\" width=\"300\" height=\"225\" srcset=\"https:\/\/www.prijedordanas.com\/wp-content\/uploads\/2021\/04\/djapa-godisnjica-2021-5-300x225.jpg 300w, https:\/\/www.prijedordanas.com\/wp-content\/uploads\/2021\/04\/djapa-godisnjica-2021-5.jpg 600w\" sizes=\"(max-width: 300px) 100vw, 300px\" \/><\/a> <a href=\"https:\/\/www.prijedordanas.com\/wp-content\/uploads\/2021\/04\/djapa-godisnjica-2021-6.jpg\"><img loading=\"lazy\" decoding=\"async\" class=\"alignleft size-medium wp-image-166124\" src=\"https:\/\/www.prijedordanas.com\/wp-content\/uploads\/2021\/04\/djapa-godisnjica-2021-6-300x225.jpg\" alt=\"\" width=\"300\" height=\"225\" srcset=\"https:\/\/www.prijedordanas.com\/wp-content\/uploads\/2021\/04\/djapa-godisnjica-2021-6-300x225.jpg 300w, https:\/\/www.prijedordanas.com\/wp-content\/uploads\/2021\/04\/djapa-godisnjica-2021-6.jpg 600w\" sizes=\"(max-width: 300px) 100vw, 300px\" \/><\/a> <a href=\"https:\/\/www.prijedordanas.com\/wp-content\/uploads\/2021\/04\/djapa-godisnjica-2021-7.jpg\"><img loading=\"lazy\" decoding=\"async\" class=\"alignleft size-medium wp-image-166125\" src=\"https:\/\/www.prijedordanas.com\/wp-content\/uploads\/2021\/04\/djapa-godisnjica-2021-7-300x225.jpg\" alt=\"\" width=\"300\" height=\"225\" srcset=\"https:\/\/www.prijedordanas.com\/wp-content\/uploads\/2021\/04\/djapa-godisnjica-2021-7-300x225.jpg 300w, https:\/\/www.prijedordanas.com\/wp-content\/uploads\/2021\/04\/djapa-godisnjica-2021-7.jpg 600w\" sizes=\"(max-width: 300px) 100vw, 300px\" \/><\/a><\/p>\n","protected":false},"excerpt":{"rendered":"<p>Pomenom i polaganjem vijenaca u Prijedoru je danas obilje\u017eeno 29 godina od pogibije dvadesetogodi\u0161njeg policajca Radenka \u0110ape iz Gornjeg Jelovca, prve \u017ertve u proteklom Odbrambeno-otad\u017ebinskom ratu. Vijence je kod spomen-plo\u010de [&hellip;]<\/p>\n","protected":false},"author":1,"featured_media":0,"comment_status":"closed","ping_status":"open","sticky":false,"template":"","format":"standard","meta":{"_monsterinsights_skip_tracking":false,"_monsterinsights_sitenote_active":false,"_monsterinsights_sitenote_note":"","_monsterinsights_sitenote_category":0,"footnotes":""},"categories":[4],"tags":[],"yoast_head":"<!-- This site is optimized with the Yoast SEO plugin v21.6 - https:\/\/yoast.com\/wordpress\/plugins\/seo\/ -->\n<title>Obilje\u017eeno 29 godina od stradanja prve prijedorske \u017ertve rata, policajca Radenka \u0110ape \u2013 FOTO - PrijedorDanas.com - Prijedorski gradski portal<\/title>\n<meta name=\"robots\" content=\"index, follow, max-snippet:-1, max-image-preview:large, max-video-preview:-1\" \/>\n<link rel=\"canonical\" href=\"https:\/\/www.prijedordanas.com\/?p=166115\" \/>\n<meta property=\"og:locale\" content=\"en_US\" \/>\n<meta property=\"og:type\" content=\"article\" \/>\n<meta property=\"og:title\" content=\"Obilje\u017eeno 29 godina od stradanja prve prijedorske \u017ertve rata, policajca Radenka \u0110ape \u2013 FOTO - PrijedorDanas.com - Prijedorski gradski portal\" \/>\n<meta property=\"og:description\" content=\"Pomenom i polaganjem vijenaca u Prijedoru je danas obilje\u017eeno 29 godina od pogibije dvadesetogodi\u0161njeg policajca Radenka \u0110ape iz Gornjeg Jelovca, prve \u017ertve u proteklom Odbrambeno-otad\u017ebinskom ratu. Vijence je kod spomen-plo\u010de [&hellip;]\" \/>\n<meta property=\"og:url\" content=\"https:\/\/www.prijedordanas.com\/?p=166115\" \/>\n<meta property=\"og:site_name\" content=\"PrijedorDanas.com - Prijedorski gradski portal\" \/>\n<meta property=\"article:publisher\" content=\"https:\/\/www.facebook.com\/PrijedorDanasCom\/\" \/>\n<meta property=\"article:published_time\" content=\"2021-04-30T11:04:42+00:00\" \/>\n<meta property=\"og:image\" content=\"https:\/\/www.prijedordanas.com\/wp-content\/uploads\/2021\/04\/djapa-godisnjica-2021-1-244x300.jpg\" \/>\n<meta name=\"author\" content=\"admin\" \/>\n<meta name=\"twitter:card\" content=\"summary_large_image\" \/>\n<meta name=\"twitter:label1\" content=\"Written by\" \/>\n\t<meta name=\"twitter:data1\" content=\"admin\" \/>\n\t<meta name=\"twitter:label2\" content=\"Est. reading time\" \/>\n\t<meta name=\"twitter:data2\" content=\"4 minutes\" \/>\n<script type=\"application\/ld+json\" class=\"yoast-schema-graph\">{\"@context\":\"https:\/\/schema.org\",\"@graph\":[{\"@type\":\"Article\",\"@id\":\"https:\/\/www.prijedordanas.com\/?p=166115#article\",\"isPartOf\":{\"@id\":\"https:\/\/www.prijedordanas.com\/?p=166115\"},\"author\":{\"name\":\"admin\",\"@id\":\"https:\/\/www.prijedordanas.com\/#\/schema\/person\/4e08ccf29b506ca916ff86d46bb700e6\"},\"headline\":\"Obilje\u017eeno 29 godina od stradanja prve prijedorske \u017ertve rata, policajca Radenka \u0110ape \u2013 FOTO\",\"datePublished\":\"2021-04-30T11:04:42+00:00\",\"dateModified\":\"2021-04-30T11:04:42+00:00\",\"mainEntityOfPage\":{\"@id\":\"https:\/\/www.prijedordanas.com\/?p=166115\"},\"wordCount\":445,\"publisher\":{\"@id\":\"https:\/\/www.prijedordanas.com\/#organization\"},\"articleSection\":[\"Dru\u0161tvo\"],\"inLanguage\":\"en-US\"},{\"@type\":\"WebPage\",\"@id\":\"https:\/\/www.prijedordanas.com\/?p=166115\",\"url\":\"https:\/\/www.prijedordanas.com\/?p=166115\",\"name\":\"Obilje\u017eeno 29 godina od stradanja prve prijedorske \u017ertve rata, policajca Radenka \u0110ape \u2013 FOTO - PrijedorDanas.com - Prijedorski gradski portal\",\"isPartOf\":{\"@id\":\"https:\/\/www.prijedordanas.com\/#website\"},\"datePublished\":\"2021-04-30T11:04:42+00:00\",\"dateModified\":\"2021-04-30T11:04:42+00:00\",\"breadcrumb\":{\"@id\":\"https:\/\/www.prijedordanas.com\/?p=166115#breadcrumb\"},\"inLanguage\":\"en-US\",\"potentialAction\":[{\"@type\":\"ReadAction\",\"target\":[\"https:\/\/www.prijedordanas.com\/?p=166115\"]}]},{\"@type\":\"BreadcrumbList\",\"@id\":\"https:\/\/www.prijedordanas.com\/?p=166115#breadcrumb\",\"itemListElement\":[{\"@type\":\"ListItem\",\"position\":1,\"name\":\"Home\",\"item\":\"https:\/\/www.prijedordanas.com\/\"},{\"@type\":\"ListItem\",\"position\":2,\"name\":\"Obilje\u017eeno 29 godina od stradanja prve prijedorske \u017ertve rata, policajca Radenka \u0110ape \u2013 FOTO\"}]},{\"@type\":\"WebSite\",\"@id\":\"https:\/\/www.prijedordanas.com\/#website\",\"url\":\"https:\/\/www.prijedordanas.com\/\",\"name\":\"PrijedorDanas.com - Prijedorski gradski portal\",\"description\":\"Portal o doga\u0111anjima u gradu Prijedoru\",\"publisher\":{\"@id\":\"https:\/\/www.prijedordanas.com\/#organization\"},\"potentialAction\":[{\"@type\":\"SearchAction\",\"target\":{\"@type\":\"EntryPoint\",\"urlTemplate\":\"https:\/\/www.prijedordanas.com\/?s={search_term_string}\"},\"query-input\":\"required name=search_term_string\"}],\"inLanguage\":\"en-US\"},{\"@type\":\"Organization\",\"@id\":\"https:\/\/www.prijedordanas.com\/#organization\",\"name\":\"PrijedorDanas.com\",\"url\":\"https:\/\/www.prijedordanas.com\/\",\"logo\":{\"@type\":\"ImageObject\",\"inLanguage\":\"en-US\",\"@id\":\"https:\/\/www.prijedordanas.com\/#\/schema\/logo\/image\/\",\"url\":\"http:\/\/www.prijedordanas.com\/wp-content\/uploads\/2021\/12\/logopng.png\",\"contentUrl\":\"http:\/\/www.prijedordanas.com\/wp-content\/uploads\/2021\/12\/logopng.png\",\"width\":1019,\"height\":776,\"caption\":\"PrijedorDanas.com\"},\"image\":{\"@id\":\"https:\/\/www.prijedordanas.com\/#\/schema\/logo\/image\/\"},\"sameAs\":[\"https:\/\/www.facebook.com\/PrijedorDanasCom\/\"]},{\"@type\":\"Person\",\"@id\":\"https:\/\/www.prijedordanas.com\/#\/schema\/person\/4e08ccf29b506ca916ff86d46bb700e6\",\"name\":\"admin\",\"image\":{\"@type\":\"ImageObject\",\"inLanguage\":\"en-US\",\"@id\":\"https:\/\/www.prijedordanas.com\/#\/schema\/person\/image\/\",\"url\":\"https:\/\/secure.gravatar.com\/avatar\/1d3fc949d550f0b53a5f0d51e06dfd79?s=96&d=mm&r=g\",\"contentUrl\":\"https:\/\/secure.gravatar.com\/avatar\/1d3fc949d550f0b53a5f0d51e06dfd79?s=96&d=mm&r=g\",\"caption\":\"admin\"},\"url\":\"https:\/\/www.prijedordanas.com\/?author=1\"}]}<\/script>\n<!-- \/ Yoast SEO plugin. -->","yoast_head_json":{"title":"Obilje\u017eeno 29 godina od stradanja prve prijedorske \u017ertve rata, policajca Radenka \u0110ape \u2013 FOTO - PrijedorDanas.com - Prijedorski gradski portal","robots":{"index":"index","follow":"follow","max-snippet":"max-snippet:-1","max-image-preview":"max-image-preview:large","max-video-preview":"max-video-preview:-1"},"canonical":"https:\/\/www.prijedordanas.com\/?p=166115","og_locale":"en_US","og_type":"article","og_title":"Obilje\u017eeno 29 godina od stradanja prve prijedorske \u017ertve rata, policajca Radenka \u0110ape \u2013 FOTO - PrijedorDanas.com - Prijedorski gradski portal","og_description":"Pomenom i polaganjem vijenaca u Prijedoru je danas obilje\u017eeno 29 godina od pogibije dvadesetogodi\u0161njeg policajca Radenka \u0110ape iz Gornjeg Jelovca, prve \u017ertve u proteklom Odbrambeno-otad\u017ebinskom ratu. Vijence je kod spomen-plo\u010de [&hellip;]","og_url":"https:\/\/www.prijedordanas.com\/?p=166115","og_site_name":"PrijedorDanas.com - Prijedorski gradski portal","article_publisher":"https:\/\/www.facebook.com\/PrijedorDanasCom\/","article_published_time":"2021-04-30T11:04:42+00:00","og_image":[{"url":"https:\/\/www.prijedordanas.com\/wp-content\/uploads\/2021\/04\/djapa-godisnjica-2021-1-244x300.jpg"}],"author":"admin","twitter_card":"summary_large_image","twitter_misc":{"Written by":"admin","Est. reading time":"4 minutes"},"schema":{"@context":"https:\/\/schema.org","@graph":[{"@type":"Article","@id":"https:\/\/www.prijedordanas.com\/?p=166115#article","isPartOf":{"@id":"https:\/\/www.prijedordanas.com\/?p=166115"},"author":{"name":"admin","@id":"https:\/\/www.prijedordanas.com\/#\/schema\/person\/4e08ccf29b506ca916ff86d46bb700e6"},"headline":"Obilje\u017eeno 29 godina od stradanja prve prijedorske \u017ertve rata, policajca Radenka \u0110ape \u2013 FOTO","datePublished":"2021-04-30T11:04:42+00:00","dateModified":"2021-04-30T11:04:42+00:00","mainEntityOfPage":{"@id":"https:\/\/www.prijedordanas.com\/?p=166115"},"wordCount":445,"publisher":{"@id":"https:\/\/www.prijedordanas.com\/#organization"},"articleSection":["Dru\u0161tvo"],"inLanguage":"en-US"},{"@type":"WebPage","@id":"https:\/\/www.prijedordanas.com\/?p=166115","url":"https:\/\/www.prijedordanas.com\/?p=166115","name":"Obilje\u017eeno 29 godina od stradanja prve prijedorske \u017ertve rata, policajca Radenka \u0110ape \u2013 FOTO - PrijedorDanas.com - Prijedorski gradski portal","isPartOf":{"@id":"https:\/\/www.prijedordanas.com\/#website"},"datePublished":"2021-04-30T11:04:42+00:00","dateModified":"2021-04-30T11:04:42+00:00","breadcrumb":{"@id":"https:\/\/www.prijedordanas.com\/?p=166115#breadcrumb"},"inLanguage":"en-US","potentialAction":[{"@type":"ReadAction","target":["https:\/\/www.prijedordanas.com\/?p=166115"]}]},{"@type":"BreadcrumbList","@id":"https:\/\/www.prijedordanas.com\/?p=166115#breadcrumb","itemListElement":[{"@type":"ListItem","position":1,"name":"Home","item":"https:\/\/www.prijedordanas.com\/"},{"@type":"ListItem","position":2,"name":"Obilje\u017eeno 29 godina od stradanja prve prijedorske \u017ertve rata, policajca Radenka \u0110ape \u2013 FOTO"}]},{"@type":"WebSite","@id":"https:\/\/www.prijedordanas.com\/#website","url":"https:\/\/www.prijedordanas.com\/","name":"PrijedorDanas.com - Prijedorski gradski portal","description":"Portal o doga\u0111anjima u gradu Prijedoru","publisher":{"@id":"https:\/\/www.prijedordanas.com\/#organization"},"potentialAction":[{"@type":"SearchAction","target":{"@type":"EntryPoint","urlTemplate":"https:\/\/www.prijedordanas.com\/?s={search_term_string}"},"query-input":"required name=search_term_string"}],"inLanguage":"en-US"},{"@type":"Organization","@id":"https:\/\/www.prijedordanas.com\/#organization","name":"PrijedorDanas.com","url":"https:\/\/www.prijedordanas.com\/","logo":{"@type":"ImageObject","inLanguage":"en-US","@id":"https:\/\/www.prijedordanas.com\/#\/schema\/logo\/image\/","url":"http:\/\/www.prijedordanas.com\/wp-content\/uploads\/2021\/12\/logopng.png","contentUrl":"http:\/\/www.prijedordanas.com\/wp-content\/uploads\/2021\/12\/logopng.png","width":1019,"height":776,"caption":"PrijedorDanas.com"},"image":{"@id":"https:\/\/www.prijedordanas.com\/#\/schema\/logo\/image\/"},"sameAs":["https:\/\/www.facebook.com\/PrijedorDanasCom\/"]},{"@type":"Person","@id":"https:\/\/www.prijedordanas.com\/#\/schema\/person\/4e08ccf29b506ca916ff86d46bb700e6","name":"admin","image":{"@type":"ImageObject","inLanguage":"en-US","@id":"https:\/\/www.prijedordanas.com\/#\/schema\/person\/image\/","url":"https:\/\/secure.gravatar.com\/avatar\/1d3fc949d550f0b53a5f0d51e06dfd79?s=96&d=mm&r=g","contentUrl":"https:\/\/secure.gravatar.com\/avatar\/1d3fc949d550f0b53a5f0d51e06dfd79?s=96&d=mm&r=g","caption":"admin"},"url":"https:\/\/www.prijedordanas.com\/?author=1"}]}},"_links":{"self":[{"href":"https:\/\/www.prijedordanas.com\/index.php?rest_route=\/wp\/v2\/posts\/166115"}],"collection":[{"href":"https:\/\/www.prijedordanas.com\/index.php?rest_route=\/wp\/v2\/posts"}],"about":[{"href":"https:\/\/www.prijedordanas.com\/index.php?rest_route=\/wp\/v2\/types\/post"}],"author":[{"embeddable":true,"href":"https:\/\/www.prijedordanas.com\/index.php?rest_route=\/wp\/v2\/users\/1"}],"replies":[{"embeddable":true,"href":"https:\/\/www.prijedordanas.com\/index.php?rest_route=%2Fwp%2Fv2%2Fcomments&post=166115"}],"version-history":[{"count":2,"href":"https:\/\/www.prijedordanas.com\/index.php?rest_route=\/wp\/v2\/posts\/166115\/revisions"}],"predecessor-version":[{"id":166126,"href":"https:\/\/www.prijedordanas.com\/index.php?rest_route=\/wp\/v2\/posts\/166115\/revisions\/166126"}],"wp:attachment":[{"href":"https:\/\/www.prijedordanas.com\/index.php?rest_route=%2Fwp%2Fv2%2Fmedia&parent=166115"}],"wp:term":[{"taxonomy":"category","embeddable":true,"href":"https:\/\/www.prijedordanas.com\/index.php?rest_route=%2Fwp%2Fv2%2Fcategories&post=166115"},{"taxonomy":"post_tag","embeddable":true,"href":"https:\/\/www.prijedordanas.com\/index.php?rest_route=%2Fwp%2Fv2%2Ftags&post=166115"}],"curies":[{"name":"wp","href":"https:\/\/api.w.org\/{rel}","templated":true}]}}