{"id":166098,"date":"2021-04-29T21:37:49","date_gmt":"2021-04-29T19:37:49","guid":{"rendered":"https:\/\/www.prijedordanas.com\/?p=166098"},"modified":"2021-04-29T21:37:49","modified_gmt":"2021-04-29T19:37:49","slug":"neradni-dani-u-republici-srpskoj-od-30-aprila-do-3-maja","status":"publish","type":"post","link":"https:\/\/www.prijedordanas.com\/?p=166098","title":{"rendered":"Neradni dani u Republici Srpskoj od 30. aprila do 3. maja"},"content":{"rendered":"<p><a href=\"https:\/\/www.prijedordanas.com\/wp-content\/uploads\/2021\/04\/neradni-dani.jpg\"><img loading=\"lazy\" decoding=\"async\" src=\"https:\/\/www.prijedordanas.com\/wp-content\/uploads\/2021\/04\/neradni-dani-241x300.jpg\" alt=\"\" width=\"241\" height=\"300\" class=\"alignleft size-medium wp-image-166099\" srcset=\"https:\/\/www.prijedordanas.com\/wp-content\/uploads\/2021\/04\/neradni-dani-241x300.jpg 241w, https:\/\/www.prijedordanas.com\/wp-content\/uploads\/2021\/04\/neradni-dani.jpg 481w\" sizes=\"(max-width: 241px) 100vw, 241px\" \/><\/a>U dane pravoslavnog Vaskrsa, koji je po Zakonu o praznicima Republike Srpske (\u201eSlu\u017ebeni glasnik Republike Srpske\u201c, broj 43\/07) vjerski praznik, za vjernike pravoslavne vjeroispovijesti neradni dani bi\u0107e:<br \/>\n -30.04. (Veliki petak),<br \/>\n -02.05. (dan Vaskrsa) i<br \/>\n -03.05.2021.godine (Vaskr\u0161nji ponedjeljak)<\/p>\n<p>Vjernici pravoslavne vjeroispovijesti imaju pravo na pla\u0107eni izostanak sa radnog mjesta u te dane.<\/p>\n<p>U skladu sa Zakonom o praznicima Republike Srpske (\u201eSl.Glasnik RS\u201c br.43\/07) neradni dani povodom Me\u0111unarodnog praznika rada su:  <\/p>\n<p>-01.i 02.05.2021.godine (subota i nedjelja) i<br \/>\n-09.05.2021.godine (nedjelja), kada se obilje\u017eava republi\u010dki praznik, Dan pobjede nad fa\u0161izmom.<\/p>\n<p>Kako drugi dan republi\u010dkog praznika (02.05.2021.) pada u nedjelju, to se, u skladu sa Zakonom o praznicima Republike Srpske, praznovanje ovoga datuma prenosi u ponedjeljak (03.05.2021.).<\/p>\n<p>U dane praznika Republike ne rade republi\u010dki organi i organizacije, organi jedinice lokalne samouprave, preduze\u0107a, ustanove i druge organizacije i lica koja profesionalno obavljaju uslu\u017ene i proizvodne djelatnosti.<\/p>\n<p>Jedinice lokalne samouprave su, u dane praznika du\u017ene postupati u skladu sa odlukama Republi\u010dkog \u0161taba za vanredne situacije odnosno u skladu sa odredbama gradskih\/op\u0161tinskih \u0161tabova za vanredne situacije. <\/p>\n<p><a href=\"https:\/\/vladars.net\/sr-SP-Cyrl\/Vlada\/Ministarstva\/muls\/media\/vijesti\/Pages\/neradni-dani-za-vaskrsnje-i-prvomaj.aspx\" rel=\"noopener\" target=\"_blank\">Ministarstvo uprave i lokalne samouprave RS<\/a><\/p>\n","protected":false},"excerpt":{"rendered":"<p>U dane pravoslavnog Vaskrsa, koji je po Zakonu o praznicima Republike Srpske (\u201eSlu\u017ebeni glasnik Republike Srpske\u201c, broj 43\/07) vjerski praznik, za vjernike pravoslavne vjeroispovijesti neradni dani bi\u0107e: -30.04. (Veliki petak), [&hellip;]<\/p>\n","protected":false},"author":1,"featured_media":0,"comment_status":"closed","ping_status":"open","sticky":false,"template":"","format":"standard","meta":{"_monsterinsights_skip_tracking":false,"_monsterinsights_sitenote_active":false,"_monsterinsights_sitenote_note":"","_monsterinsights_sitenote_category":0,"footnotes":""},"categories":[8],"tags":[],"yoast_head":"<!-- This site is optimized with the Yoast SEO plugin v21.6 - https:\/\/yoast.com\/wordpress\/plugins\/seo\/ -->\n<title>Neradni dani u Republici Srpskoj od 30. aprila do 3. maja - PrijedorDanas.com - Prijedorski gradski portal<\/title>\n<meta name=\"robots\" content=\"index, follow, max-snippet:-1, max-image-preview:large, max-video-preview:-1\" \/>\n<link rel=\"canonical\" href=\"https:\/\/www.prijedordanas.com\/?p=166098\" \/>\n<meta property=\"og:locale\" content=\"en_US\" \/>\n<meta property=\"og:type\" content=\"article\" \/>\n<meta property=\"og:title\" content=\"Neradni dani u Republici Srpskoj od 30. aprila do 3. maja - PrijedorDanas.com - Prijedorski gradski portal\" \/>\n<meta property=\"og:description\" content=\"U dane pravoslavnog Vaskrsa, koji je po Zakonu o praznicima Republike Srpske (\u201eSlu\u017ebeni glasnik Republike Srpske\u201c, broj 43\/07) vjerski praznik, za vjernike pravoslavne vjeroispovijesti neradni dani bi\u0107e: -30.04. (Veliki petak), [&hellip;]\" \/>\n<meta property=\"og:url\" content=\"https:\/\/www.prijedordanas.com\/?p=166098\" \/>\n<meta property=\"og:site_name\" content=\"PrijedorDanas.com - Prijedorski gradski portal\" \/>\n<meta property=\"article:publisher\" content=\"https:\/\/www.facebook.com\/PrijedorDanasCom\/\" \/>\n<meta property=\"article:published_time\" content=\"2021-04-29T19:37:49+00:00\" \/>\n<meta property=\"og:image\" content=\"https:\/\/www.prijedordanas.com\/wp-content\/uploads\/2021\/04\/neradni-dani-241x300.jpg\" \/>\n<meta name=\"author\" content=\"admin\" \/>\n<meta name=\"twitter:card\" content=\"summary_large_image\" \/>\n<meta name=\"twitter:label1\" content=\"Written by\" \/>\n\t<meta name=\"twitter:data1\" content=\"admin\" \/>\n\t<meta name=\"twitter:label2\" content=\"Est. reading time\" \/>\n\t<meta name=\"twitter:data2\" content=\"1 minute\" \/>\n<script type=\"application\/ld+json\" class=\"yoast-schema-graph\">{\"@context\":\"https:\/\/schema.org\",\"@graph\":[{\"@type\":\"Article\",\"@id\":\"https:\/\/www.prijedordanas.com\/?p=166098#article\",\"isPartOf\":{\"@id\":\"https:\/\/www.prijedordanas.com\/?p=166098\"},\"author\":{\"name\":\"admin\",\"@id\":\"https:\/\/www.prijedordanas.com\/#\/schema\/person\/4e08ccf29b506ca916ff86d46bb700e6\"},\"headline\":\"Neradni dani u Republici Srpskoj od 30. aprila do 3. maja\",\"datePublished\":\"2021-04-29T19:37:49+00:00\",\"dateModified\":\"2021-04-29T19:37:49+00:00\",\"mainEntityOfPage\":{\"@id\":\"https:\/\/www.prijedordanas.com\/?p=166098\"},\"wordCount\":200,\"publisher\":{\"@id\":\"https:\/\/www.prijedordanas.com\/#organization\"},\"articleSection\":[\"Svakodnevno\"],\"inLanguage\":\"en-US\"},{\"@type\":\"WebPage\",\"@id\":\"https:\/\/www.prijedordanas.com\/?p=166098\",\"url\":\"https:\/\/www.prijedordanas.com\/?p=166098\",\"name\":\"Neradni dani u Republici Srpskoj od 30. aprila do 3. maja - PrijedorDanas.com - Prijedorski gradski portal\",\"isPartOf\":{\"@id\":\"https:\/\/www.prijedordanas.com\/#website\"},\"datePublished\":\"2021-04-29T19:37:49+00:00\",\"dateModified\":\"2021-04-29T19:37:49+00:00\",\"breadcrumb\":{\"@id\":\"https:\/\/www.prijedordanas.com\/?p=166098#breadcrumb\"},\"inLanguage\":\"en-US\",\"potentialAction\":[{\"@type\":\"ReadAction\",\"target\":[\"https:\/\/www.prijedordanas.com\/?p=166098\"]}]},{\"@type\":\"BreadcrumbList\",\"@id\":\"https:\/\/www.prijedordanas.com\/?p=166098#breadcrumb\",\"itemListElement\":[{\"@type\":\"ListItem\",\"position\":1,\"name\":\"Home\",\"item\":\"https:\/\/www.prijedordanas.com\/\"},{\"@type\":\"ListItem\",\"position\":2,\"name\":\"Neradni dani u Republici Srpskoj od 30. aprila do 3. maja\"}]},{\"@type\":\"WebSite\",\"@id\":\"https:\/\/www.prijedordanas.com\/#website\",\"url\":\"https:\/\/www.prijedordanas.com\/\",\"name\":\"PrijedorDanas.com - Prijedorski gradski portal\",\"description\":\"Portal o doga\u0111anjima u gradu Prijedoru\",\"publisher\":{\"@id\":\"https:\/\/www.prijedordanas.com\/#organization\"},\"potentialAction\":[{\"@type\":\"SearchAction\",\"target\":{\"@type\":\"EntryPoint\",\"urlTemplate\":\"https:\/\/www.prijedordanas.com\/?s={search_term_string}\"},\"query-input\":\"required name=search_term_string\"}],\"inLanguage\":\"en-US\"},{\"@type\":\"Organization\",\"@id\":\"https:\/\/www.prijedordanas.com\/#organization\",\"name\":\"PrijedorDanas.com\",\"url\":\"https:\/\/www.prijedordanas.com\/\",\"logo\":{\"@type\":\"ImageObject\",\"inLanguage\":\"en-US\",\"@id\":\"https:\/\/www.prijedordanas.com\/#\/schema\/logo\/image\/\",\"url\":\"http:\/\/www.prijedordanas.com\/wp-content\/uploads\/2021\/12\/logopng.png\",\"contentUrl\":\"http:\/\/www.prijedordanas.com\/wp-content\/uploads\/2021\/12\/logopng.png\",\"width\":1019,\"height\":776,\"caption\":\"PrijedorDanas.com\"},\"image\":{\"@id\":\"https:\/\/www.prijedordanas.com\/#\/schema\/logo\/image\/\"},\"sameAs\":[\"https:\/\/www.facebook.com\/PrijedorDanasCom\/\"]},{\"@type\":\"Person\",\"@id\":\"https:\/\/www.prijedordanas.com\/#\/schema\/person\/4e08ccf29b506ca916ff86d46bb700e6\",\"name\":\"admin\",\"image\":{\"@type\":\"ImageObject\",\"inLanguage\":\"en-US\",\"@id\":\"https:\/\/www.prijedordanas.com\/#\/schema\/person\/image\/\",\"url\":\"https:\/\/secure.gravatar.com\/avatar\/1d3fc949d550f0b53a5f0d51e06dfd79?s=96&d=mm&r=g\",\"contentUrl\":\"https:\/\/secure.gravatar.com\/avatar\/1d3fc949d550f0b53a5f0d51e06dfd79?s=96&d=mm&r=g\",\"caption\":\"admin\"},\"url\":\"https:\/\/www.prijedordanas.com\/?author=1\"}]}<\/script>\n<!-- \/ Yoast SEO plugin. -->","yoast_head_json":{"title":"Neradni dani u Republici Srpskoj od 30. aprila do 3. maja - PrijedorDanas.com - Prijedorski gradski portal","robots":{"index":"index","follow":"follow","max-snippet":"max-snippet:-1","max-image-preview":"max-image-preview:large","max-video-preview":"max-video-preview:-1"},"canonical":"https:\/\/www.prijedordanas.com\/?p=166098","og_locale":"en_US","og_type":"article","og_title":"Neradni dani u Republici Srpskoj od 30. aprila do 3. maja - PrijedorDanas.com - Prijedorski gradski portal","og_description":"U dane pravoslavnog Vaskrsa, koji je po Zakonu o praznicima Republike Srpske (\u201eSlu\u017ebeni glasnik Republike Srpske\u201c, broj 43\/07) vjerski praznik, za vjernike pravoslavne vjeroispovijesti neradni dani bi\u0107e: -30.04. (Veliki petak), [&hellip;]","og_url":"https:\/\/www.prijedordanas.com\/?p=166098","og_site_name":"PrijedorDanas.com - Prijedorski gradski portal","article_publisher":"https:\/\/www.facebook.com\/PrijedorDanasCom\/","article_published_time":"2021-04-29T19:37:49+00:00","og_image":[{"url":"https:\/\/www.prijedordanas.com\/wp-content\/uploads\/2021\/04\/neradni-dani-241x300.jpg"}],"author":"admin","twitter_card":"summary_large_image","twitter_misc":{"Written by":"admin","Est. reading time":"1 minute"},"schema":{"@context":"https:\/\/schema.org","@graph":[{"@type":"Article","@id":"https:\/\/www.prijedordanas.com\/?p=166098#article","isPartOf":{"@id":"https:\/\/www.prijedordanas.com\/?p=166098"},"author":{"name":"admin","@id":"https:\/\/www.prijedordanas.com\/#\/schema\/person\/4e08ccf29b506ca916ff86d46bb700e6"},"headline":"Neradni dani u Republici Srpskoj od 30. aprila do 3. maja","datePublished":"2021-04-29T19:37:49+00:00","dateModified":"2021-04-29T19:37:49+00:00","mainEntityOfPage":{"@id":"https:\/\/www.prijedordanas.com\/?p=166098"},"wordCount":200,"publisher":{"@id":"https:\/\/www.prijedordanas.com\/#organization"},"articleSection":["Svakodnevno"],"inLanguage":"en-US"},{"@type":"WebPage","@id":"https:\/\/www.prijedordanas.com\/?p=166098","url":"https:\/\/www.prijedordanas.com\/?p=166098","name":"Neradni dani u Republici Srpskoj od 30. aprila do 3. maja - PrijedorDanas.com - Prijedorski gradski portal","isPartOf":{"@id":"https:\/\/www.prijedordanas.com\/#website"},"datePublished":"2021-04-29T19:37:49+00:00","dateModified":"2021-04-29T19:37:49+00:00","breadcrumb":{"@id":"https:\/\/www.prijedordanas.com\/?p=166098#breadcrumb"},"inLanguage":"en-US","potentialAction":[{"@type":"ReadAction","target":["https:\/\/www.prijedordanas.com\/?p=166098"]}]},{"@type":"BreadcrumbList","@id":"https:\/\/www.prijedordanas.com\/?p=166098#breadcrumb","itemListElement":[{"@type":"ListItem","position":1,"name":"Home","item":"https:\/\/www.prijedordanas.com\/"},{"@type":"ListItem","position":2,"name":"Neradni dani u Republici Srpskoj od 30. aprila do 3. maja"}]},{"@type":"WebSite","@id":"https:\/\/www.prijedordanas.com\/#website","url":"https:\/\/www.prijedordanas.com\/","name":"PrijedorDanas.com - Prijedorski gradski portal","description":"Portal o doga\u0111anjima u gradu Prijedoru","publisher":{"@id":"https:\/\/www.prijedordanas.com\/#organization"},"potentialAction":[{"@type":"SearchAction","target":{"@type":"EntryPoint","urlTemplate":"https:\/\/www.prijedordanas.com\/?s={search_term_string}"},"query-input":"required name=search_term_string"}],"inLanguage":"en-US"},{"@type":"Organization","@id":"https:\/\/www.prijedordanas.com\/#organization","name":"PrijedorDanas.com","url":"https:\/\/www.prijedordanas.com\/","logo":{"@type":"ImageObject","inLanguage":"en-US","@id":"https:\/\/www.prijedordanas.com\/#\/schema\/logo\/image\/","url":"http:\/\/www.prijedordanas.com\/wp-content\/uploads\/2021\/12\/logopng.png","contentUrl":"http:\/\/www.prijedordanas.com\/wp-content\/uploads\/2021\/12\/logopng.png","width":1019,"height":776,"caption":"PrijedorDanas.com"},"image":{"@id":"https:\/\/www.prijedordanas.com\/#\/schema\/logo\/image\/"},"sameAs":["https:\/\/www.facebook.com\/PrijedorDanasCom\/"]},{"@type":"Person","@id":"https:\/\/www.prijedordanas.com\/#\/schema\/person\/4e08ccf29b506ca916ff86d46bb700e6","name":"admin","image":{"@type":"ImageObject","inLanguage":"en-US","@id":"https:\/\/www.prijedordanas.com\/#\/schema\/person\/image\/","url":"https:\/\/secure.gravatar.com\/avatar\/1d3fc949d550f0b53a5f0d51e06dfd79?s=96&d=mm&r=g","contentUrl":"https:\/\/secure.gravatar.com\/avatar\/1d3fc949d550f0b53a5f0d51e06dfd79?s=96&d=mm&r=g","caption":"admin"},"url":"https:\/\/www.prijedordanas.com\/?author=1"}]}},"_links":{"self":[{"href":"https:\/\/www.prijedordanas.com\/index.php?rest_route=\/wp\/v2\/posts\/166098"}],"collection":[{"href":"https:\/\/www.prijedordanas.com\/index.php?rest_route=\/wp\/v2\/posts"}],"about":[{"href":"https:\/\/www.prijedordanas.com\/index.php?rest_route=\/wp\/v2\/types\/post"}],"author":[{"embeddable":true,"href":"https:\/\/www.prijedordanas.com\/index.php?rest_route=\/wp\/v2\/users\/1"}],"replies":[{"embeddable":true,"href":"https:\/\/www.prijedordanas.com\/index.php?rest_route=%2Fwp%2Fv2%2Fcomments&post=166098"}],"version-history":[{"count":1,"href":"https:\/\/www.prijedordanas.com\/index.php?rest_route=\/wp\/v2\/posts\/166098\/revisions"}],"predecessor-version":[{"id":166100,"href":"https:\/\/www.prijedordanas.com\/index.php?rest_route=\/wp\/v2\/posts\/166098\/revisions\/166100"}],"wp:attachment":[{"href":"https:\/\/www.prijedordanas.com\/index.php?rest_route=%2Fwp%2Fv2%2Fmedia&parent=166098"}],"wp:term":[{"taxonomy":"category","embeddable":true,"href":"https:\/\/www.prijedordanas.com\/index.php?rest_route=%2Fwp%2Fv2%2Fcategories&post=166098"},{"taxonomy":"post_tag","embeddable":true,"href":"https:\/\/www.prijedordanas.com\/index.php?rest_route=%2Fwp%2Fv2%2Ftags&post=166098"}],"curies":[{"name":"wp","href":"https:\/\/api.w.org\/{rel}","templated":true}]}}