{"id":16598,"date":"2015-02-22T12:08:08","date_gmt":"2015-02-22T11:08:08","guid":{"rendered":"https:\/\/www.prijedordanas.com\/?p=16598"},"modified":"2015-02-22T12:08:08","modified_gmt":"2015-02-22T11:08:08","slug":"kadeti-i-juniori-rudar-prijedora-otputovali-na-mini-pripreme-u-makarsku-2","status":"publish","type":"post","link":"https:\/\/www.prijedordanas.com\/?p=16598","title":{"rendered":"KADETI I JUNIORI RUDAR-PRIJEDORA OTPUTOVALI NA MINI PRIPREME U MAKARSKU"},"content":{"rendered":"<p><a href=\"https:\/\/www.prijedordanas.com\/wp-content\/uploads\/2015\/02\/podmladak-rudar-prijedora-odlazak-na-pripreme.jpg\"><img loading=\"lazy\" decoding=\"async\" class=\"alignleft size-medium wp-image-16596\" src=\"https:\/\/www.prijedordanas.com\/wp-content\/uploads\/2015\/02\/podmladak-rudar-prijedora-odlazak-na-pripreme-300x199.jpg\" alt=\"podmladak rudar prijedora-odlazak na pripreme\" width=\"300\" height=\"199\" srcset=\"https:\/\/www.prijedordanas.com\/wp-content\/uploads\/2015\/02\/podmladak-rudar-prijedora-odlazak-na-pripreme-300x199.jpg 300w, https:\/\/www.prijedordanas.com\/wp-content\/uploads\/2015\/02\/podmladak-rudar-prijedora-odlazak-na-pripreme-624x413.jpg 624w, https:\/\/www.prijedordanas.com\/wp-content\/uploads\/2015\/02\/podmladak-rudar-prijedora-odlazak-na-pripreme.jpg 1000w\" sizes=\"(max-width: 300px) 100vw, 300px\" \/><\/a>Kadeti i juniori Rudar-Prijedora otputovali su jutros na petodnevne mini pripreme u Makarsku.<\/p>\n<p>Podmladak zeleno-crnih sprema se za nastavak takmi\u010denja u Omladinskoj ligi BiH-grupa Zapad koji je predvi\u0111en za 14. mart.<\/p>\n<p>Treneri Sr\u0111an Marjanovi\u0107 (juniori) i Branko Ilin\u010di\u0107 (kadeti) koji od zimske pauze rade sa ovim selekcijama \u0107e boravak na obalama Jadrana iskoristiti da u kvalitetnim uslovima na treninzima uigraju svoje ekipe kako bi \u0161to spremnije do\u010dekale prvo proljetno kolo i gostovanje vr\u0161njacima iz biha\u0107kog Jedinstva.<\/p>\n<p>Prijedor\u010dani \u0107e pripreme u Makarskoj iskoristiti da odigraju i dvije prijateljske utakmice, jedan protivnik \u0107e gotovo sigurno biti kadeti i juniori sarajevskog \u017deljezni\u010dara, dok \u0107e ime drugog rivala saznati po dolasku.<\/p>\n<p>Na zimske mini pripreme otputovalo je po 16 kadeta i juniora a trinaestogodi\u0161nji golman Luka Ka\u010davenda koji je tako\u0111e bio na spisku kao najmla\u0111i \u010dlan ekspedicije mladih nada Rudar-Prijedora, ostao je kod ku\u0107e zbog gripe i visoke temperature.<\/p>\n<p>Juniori: Dejan In\u0111i\u0107, Predrag Kovljen, Mitar Unijat, Marko Mandi\u0107, Brane Granati\u0107, Lazar Zolak, Du\u0161an Milinkovi\u0107, Marko Kova\u010devi\u0107, Ahmet Pali\u0107, Igor Majstorovi\u0107, Vladimir Trkulja, Stefan Miki\u0107, Veljko Vujkovi\u0107, Mla\u0111en Dragi\u0107, Dragan Srdi\u0107, Mirnes Muhi\u0107.<\/p>\n<p>Kadeti: Milenko An\u0111eli\u0107, David Kurid\u017ea, Ivan Topalovi\u0107, Simeun Rokvi\u0107, Nikola Rau\u0161, Ognjen Davidovi\u0107, Petar Marin, Aleksa Krneta, Aleksa Teji\u0107, D\u017eevad Arnautovi\u0107, Miljan Pavlovi\u0107, Ivan Ti\u0161ma, Boban \u017divani\u0107, Ognjen Kragulj, Davor Polovina, Marko Janju\u0161i\u0107.<\/p>\n<p>Tekst i foto \u2013 Aleksandar Drakuli\u0107 \u2013 www.prijedordanas.com<\/p>\n","protected":false},"excerpt":{"rendered":"<p>Kadeti i juniori Rudar-Prijedora otputovali su jutros na petodnevne mini pripreme u Makarsku. Podmladak zeleno-crnih sprema se za nastavak takmi\u010denja u Omladinskoj ligi BiH-grupa Zapad koji je predvi\u0111en za 14. [&hellip;]<\/p>\n","protected":false},"author":1,"featured_media":0,"comment_status":"closed","ping_status":"open","sticky":false,"template":"","format":"standard","meta":{"_monsterinsights_skip_tracking":false,"_monsterinsights_sitenote_active":false,"_monsterinsights_sitenote_note":"","_monsterinsights_sitenote_category":0,"footnotes":""},"categories":[7],"tags":[],"yoast_head":"<!-- This site is optimized with the Yoast SEO plugin v21.6 - https:\/\/yoast.com\/wordpress\/plugins\/seo\/ -->\n<title>KADETI I JUNIORI RUDAR-PRIJEDORA OTPUTOVALI NA MINI PRIPREME U MAKARSKU - PrijedorDanas.com - Prijedorski gradski portal<\/title>\n<meta name=\"robots\" content=\"index, follow, max-snippet:-1, max-image-preview:large, max-video-preview:-1\" \/>\n<link rel=\"canonical\" href=\"https:\/\/www.prijedordanas.com\/?p=16598\" \/>\n<meta property=\"og:locale\" content=\"en_US\" \/>\n<meta property=\"og:type\" content=\"article\" \/>\n<meta property=\"og:title\" content=\"KADETI I JUNIORI RUDAR-PRIJEDORA OTPUTOVALI NA MINI PRIPREME U MAKARSKU - PrijedorDanas.com - Prijedorski gradski portal\" \/>\n<meta property=\"og:description\" content=\"Kadeti i juniori Rudar-Prijedora otputovali su jutros na petodnevne mini pripreme u Makarsku. Podmladak zeleno-crnih sprema se za nastavak takmi\u010denja u Omladinskoj ligi BiH-grupa Zapad koji je predvi\u0111en za 14. [&hellip;]\" \/>\n<meta property=\"og:url\" content=\"https:\/\/www.prijedordanas.com\/?p=16598\" \/>\n<meta property=\"og:site_name\" content=\"PrijedorDanas.com - Prijedorski gradski portal\" \/>\n<meta property=\"article:publisher\" content=\"https:\/\/www.facebook.com\/PrijedorDanasCom\/\" \/>\n<meta property=\"article:published_time\" content=\"2015-02-22T11:08:08+00:00\" \/>\n<meta property=\"og:image\" content=\"https:\/\/www.prijedordanas.com\/wp-content\/uploads\/2015\/02\/podmladak-rudar-prijedora-odlazak-na-pripreme-300x199.jpg\" \/>\n<meta name=\"author\" content=\"admin\" \/>\n<meta name=\"twitter:card\" content=\"summary_large_image\" \/>\n<meta name=\"twitter:label1\" content=\"Written by\" \/>\n\t<meta name=\"twitter:data1\" content=\"admin\" \/>\n\t<meta name=\"twitter:label2\" content=\"Est. reading time\" \/>\n\t<meta name=\"twitter:data2\" content=\"1 minute\" \/>\n<script type=\"application\/ld+json\" class=\"yoast-schema-graph\">{\"@context\":\"https:\/\/schema.org\",\"@graph\":[{\"@type\":\"Article\",\"@id\":\"https:\/\/www.prijedordanas.com\/?p=16598#article\",\"isPartOf\":{\"@id\":\"https:\/\/www.prijedordanas.com\/?p=16598\"},\"author\":{\"name\":\"admin\",\"@id\":\"https:\/\/www.prijedordanas.com\/#\/schema\/person\/4e08ccf29b506ca916ff86d46bb700e6\"},\"headline\":\"KADETI I JUNIORI RUDAR-PRIJEDORA OTPUTOVALI NA MINI PRIPREME U MAKARSKU\",\"datePublished\":\"2015-02-22T11:08:08+00:00\",\"dateModified\":\"2015-02-22T11:08:08+00:00\",\"mainEntityOfPage\":{\"@id\":\"https:\/\/www.prijedordanas.com\/?p=16598\"},\"wordCount\":250,\"publisher\":{\"@id\":\"https:\/\/www.prijedordanas.com\/#organization\"},\"articleSection\":[\"Sport\"],\"inLanguage\":\"en-US\"},{\"@type\":\"WebPage\",\"@id\":\"https:\/\/www.prijedordanas.com\/?p=16598\",\"url\":\"https:\/\/www.prijedordanas.com\/?p=16598\",\"name\":\"KADETI I JUNIORI RUDAR-PRIJEDORA OTPUTOVALI NA MINI PRIPREME U MAKARSKU - PrijedorDanas.com - Prijedorski gradski portal\",\"isPartOf\":{\"@id\":\"https:\/\/www.prijedordanas.com\/#website\"},\"datePublished\":\"2015-02-22T11:08:08+00:00\",\"dateModified\":\"2015-02-22T11:08:08+00:00\",\"breadcrumb\":{\"@id\":\"https:\/\/www.prijedordanas.com\/?p=16598#breadcrumb\"},\"inLanguage\":\"en-US\",\"potentialAction\":[{\"@type\":\"ReadAction\",\"target\":[\"https:\/\/www.prijedordanas.com\/?p=16598\"]}]},{\"@type\":\"BreadcrumbList\",\"@id\":\"https:\/\/www.prijedordanas.com\/?p=16598#breadcrumb\",\"itemListElement\":[{\"@type\":\"ListItem\",\"position\":1,\"name\":\"Home\",\"item\":\"https:\/\/www.prijedordanas.com\/\"},{\"@type\":\"ListItem\",\"position\":2,\"name\":\"KADETI I JUNIORI RUDAR-PRIJEDORA OTPUTOVALI NA MINI PRIPREME U MAKARSKU\"}]},{\"@type\":\"WebSite\",\"@id\":\"https:\/\/www.prijedordanas.com\/#website\",\"url\":\"https:\/\/www.prijedordanas.com\/\",\"name\":\"PrijedorDanas.com - Prijedorski gradski portal\",\"description\":\"Portal o doga\u0111anjima u gradu Prijedoru\",\"publisher\":{\"@id\":\"https:\/\/www.prijedordanas.com\/#organization\"},\"potentialAction\":[{\"@type\":\"SearchAction\",\"target\":{\"@type\":\"EntryPoint\",\"urlTemplate\":\"https:\/\/www.prijedordanas.com\/?s={search_term_string}\"},\"query-input\":\"required name=search_term_string\"}],\"inLanguage\":\"en-US\"},{\"@type\":\"Organization\",\"@id\":\"https:\/\/www.prijedordanas.com\/#organization\",\"name\":\"PrijedorDanas.com\",\"url\":\"https:\/\/www.prijedordanas.com\/\",\"logo\":{\"@type\":\"ImageObject\",\"inLanguage\":\"en-US\",\"@id\":\"https:\/\/www.prijedordanas.com\/#\/schema\/logo\/image\/\",\"url\":\"http:\/\/www.prijedordanas.com\/wp-content\/uploads\/2021\/12\/logopng.png\",\"contentUrl\":\"http:\/\/www.prijedordanas.com\/wp-content\/uploads\/2021\/12\/logopng.png\",\"width\":1019,\"height\":776,\"caption\":\"PrijedorDanas.com\"},\"image\":{\"@id\":\"https:\/\/www.prijedordanas.com\/#\/schema\/logo\/image\/\"},\"sameAs\":[\"https:\/\/www.facebook.com\/PrijedorDanasCom\/\"]},{\"@type\":\"Person\",\"@id\":\"https:\/\/www.prijedordanas.com\/#\/schema\/person\/4e08ccf29b506ca916ff86d46bb700e6\",\"name\":\"admin\",\"image\":{\"@type\":\"ImageObject\",\"inLanguage\":\"en-US\",\"@id\":\"https:\/\/www.prijedordanas.com\/#\/schema\/person\/image\/\",\"url\":\"https:\/\/secure.gravatar.com\/avatar\/1d3fc949d550f0b53a5f0d51e06dfd79?s=96&d=mm&r=g\",\"contentUrl\":\"https:\/\/secure.gravatar.com\/avatar\/1d3fc949d550f0b53a5f0d51e06dfd79?s=96&d=mm&r=g\",\"caption\":\"admin\"},\"url\":\"https:\/\/www.prijedordanas.com\/?author=1\"}]}<\/script>\n<!-- \/ Yoast SEO plugin. -->","yoast_head_json":{"title":"KADETI I JUNIORI RUDAR-PRIJEDORA OTPUTOVALI NA MINI PRIPREME U MAKARSKU - PrijedorDanas.com - Prijedorski gradski portal","robots":{"index":"index","follow":"follow","max-snippet":"max-snippet:-1","max-image-preview":"max-image-preview:large","max-video-preview":"max-video-preview:-1"},"canonical":"https:\/\/www.prijedordanas.com\/?p=16598","og_locale":"en_US","og_type":"article","og_title":"KADETI I JUNIORI RUDAR-PRIJEDORA OTPUTOVALI NA MINI PRIPREME U MAKARSKU - PrijedorDanas.com - Prijedorski gradski portal","og_description":"Kadeti i juniori Rudar-Prijedora otputovali su jutros na petodnevne mini pripreme u Makarsku. Podmladak zeleno-crnih sprema se za nastavak takmi\u010denja u Omladinskoj ligi BiH-grupa Zapad koji je predvi\u0111en za 14. [&hellip;]","og_url":"https:\/\/www.prijedordanas.com\/?p=16598","og_site_name":"PrijedorDanas.com - Prijedorski gradski portal","article_publisher":"https:\/\/www.facebook.com\/PrijedorDanasCom\/","article_published_time":"2015-02-22T11:08:08+00:00","og_image":[{"url":"https:\/\/www.prijedordanas.com\/wp-content\/uploads\/2015\/02\/podmladak-rudar-prijedora-odlazak-na-pripreme-300x199.jpg"}],"author":"admin","twitter_card":"summary_large_image","twitter_misc":{"Written by":"admin","Est. reading time":"1 minute"},"schema":{"@context":"https:\/\/schema.org","@graph":[{"@type":"Article","@id":"https:\/\/www.prijedordanas.com\/?p=16598#article","isPartOf":{"@id":"https:\/\/www.prijedordanas.com\/?p=16598"},"author":{"name":"admin","@id":"https:\/\/www.prijedordanas.com\/#\/schema\/person\/4e08ccf29b506ca916ff86d46bb700e6"},"headline":"KADETI I JUNIORI RUDAR-PRIJEDORA OTPUTOVALI NA MINI PRIPREME U MAKARSKU","datePublished":"2015-02-22T11:08:08+00:00","dateModified":"2015-02-22T11:08:08+00:00","mainEntityOfPage":{"@id":"https:\/\/www.prijedordanas.com\/?p=16598"},"wordCount":250,"publisher":{"@id":"https:\/\/www.prijedordanas.com\/#organization"},"articleSection":["Sport"],"inLanguage":"en-US"},{"@type":"WebPage","@id":"https:\/\/www.prijedordanas.com\/?p=16598","url":"https:\/\/www.prijedordanas.com\/?p=16598","name":"KADETI I JUNIORI RUDAR-PRIJEDORA OTPUTOVALI NA MINI PRIPREME U MAKARSKU - PrijedorDanas.com - Prijedorski gradski portal","isPartOf":{"@id":"https:\/\/www.prijedordanas.com\/#website"},"datePublished":"2015-02-22T11:08:08+00:00","dateModified":"2015-02-22T11:08:08+00:00","breadcrumb":{"@id":"https:\/\/www.prijedordanas.com\/?p=16598#breadcrumb"},"inLanguage":"en-US","potentialAction":[{"@type":"ReadAction","target":["https:\/\/www.prijedordanas.com\/?p=16598"]}]},{"@type":"BreadcrumbList","@id":"https:\/\/www.prijedordanas.com\/?p=16598#breadcrumb","itemListElement":[{"@type":"ListItem","position":1,"name":"Home","item":"https:\/\/www.prijedordanas.com\/"},{"@type":"ListItem","position":2,"name":"KADETI I JUNIORI RUDAR-PRIJEDORA OTPUTOVALI NA MINI PRIPREME U MAKARSKU"}]},{"@type":"WebSite","@id":"https:\/\/www.prijedordanas.com\/#website","url":"https:\/\/www.prijedordanas.com\/","name":"PrijedorDanas.com - Prijedorski gradski portal","description":"Portal o doga\u0111anjima u gradu Prijedoru","publisher":{"@id":"https:\/\/www.prijedordanas.com\/#organization"},"potentialAction":[{"@type":"SearchAction","target":{"@type":"EntryPoint","urlTemplate":"https:\/\/www.prijedordanas.com\/?s={search_term_string}"},"query-input":"required name=search_term_string"}],"inLanguage":"en-US"},{"@type":"Organization","@id":"https:\/\/www.prijedordanas.com\/#organization","name":"PrijedorDanas.com","url":"https:\/\/www.prijedordanas.com\/","logo":{"@type":"ImageObject","inLanguage":"en-US","@id":"https:\/\/www.prijedordanas.com\/#\/schema\/logo\/image\/","url":"http:\/\/www.prijedordanas.com\/wp-content\/uploads\/2021\/12\/logopng.png","contentUrl":"http:\/\/www.prijedordanas.com\/wp-content\/uploads\/2021\/12\/logopng.png","width":1019,"height":776,"caption":"PrijedorDanas.com"},"image":{"@id":"https:\/\/www.prijedordanas.com\/#\/schema\/logo\/image\/"},"sameAs":["https:\/\/www.facebook.com\/PrijedorDanasCom\/"]},{"@type":"Person","@id":"https:\/\/www.prijedordanas.com\/#\/schema\/person\/4e08ccf29b506ca916ff86d46bb700e6","name":"admin","image":{"@type":"ImageObject","inLanguage":"en-US","@id":"https:\/\/www.prijedordanas.com\/#\/schema\/person\/image\/","url":"https:\/\/secure.gravatar.com\/avatar\/1d3fc949d550f0b53a5f0d51e06dfd79?s=96&d=mm&r=g","contentUrl":"https:\/\/secure.gravatar.com\/avatar\/1d3fc949d550f0b53a5f0d51e06dfd79?s=96&d=mm&r=g","caption":"admin"},"url":"https:\/\/www.prijedordanas.com\/?author=1"}]}},"_links":{"self":[{"href":"https:\/\/www.prijedordanas.com\/index.php?rest_route=\/wp\/v2\/posts\/16598"}],"collection":[{"href":"https:\/\/www.prijedordanas.com\/index.php?rest_route=\/wp\/v2\/posts"}],"about":[{"href":"https:\/\/www.prijedordanas.com\/index.php?rest_route=\/wp\/v2\/types\/post"}],"author":[{"embeddable":true,"href":"https:\/\/www.prijedordanas.com\/index.php?rest_route=\/wp\/v2\/users\/1"}],"replies":[{"embeddable":true,"href":"https:\/\/www.prijedordanas.com\/index.php?rest_route=%2Fwp%2Fv2%2Fcomments&post=16598"}],"version-history":[{"count":1,"href":"https:\/\/www.prijedordanas.com\/index.php?rest_route=\/wp\/v2\/posts\/16598\/revisions"}],"predecessor-version":[{"id":16599,"href":"https:\/\/www.prijedordanas.com\/index.php?rest_route=\/wp\/v2\/posts\/16598\/revisions\/16599"}],"wp:attachment":[{"href":"https:\/\/www.prijedordanas.com\/index.php?rest_route=%2Fwp%2Fv2%2Fmedia&parent=16598"}],"wp:term":[{"taxonomy":"category","embeddable":true,"href":"https:\/\/www.prijedordanas.com\/index.php?rest_route=%2Fwp%2Fv2%2Fcategories&post=16598"},{"taxonomy":"post_tag","embeddable":true,"href":"https:\/\/www.prijedordanas.com\/index.php?rest_route=%2Fwp%2Fv2%2Ftags&post=16598"}],"curies":[{"name":"wp","href":"https:\/\/api.w.org\/{rel}","templated":true}]}}