{"id":165937,"date":"2021-04-27T09:46:50","date_gmt":"2021-04-27T07:46:50","guid":{"rendered":"https:\/\/www.prijedordanas.com\/?p=165937"},"modified":"2021-04-27T09:46:50","modified_gmt":"2021-04-27T07:46:50","slug":"prijedor-pokrenuta-akcija-za-zavrsetak-kuce-demobilisanog-borca-prve-kategorije-foto-video","status":"publish","type":"post","link":"https:\/\/www.prijedordanas.com\/?p=165937","title":{"rendered":"Prijedor: Pokrenuta akcija za zavr\u0161etak ku\u0107e demobilisanog borca prve kategorije &#8211; FOTO\/VIDEO"},"content":{"rendered":"<p><a href=\"https:\/\/www.prijedordanas.com\/wp-content\/uploads\/2021\/04\/prijedorgradorg-pomoc-slobodanu-djakovicu-1.jpg\"><img loading=\"lazy\" decoding=\"async\" class=\"alignleft size-medium wp-image-165944\" src=\"https:\/\/www.prijedordanas.com\/wp-content\/uploads\/2021\/04\/prijedorgradorg-pomoc-slobodanu-djakovicu-1-300x225.jpg\" alt=\"\" width=\"300\" height=\"225\" srcset=\"https:\/\/www.prijedordanas.com\/wp-content\/uploads\/2021\/04\/prijedorgradorg-pomoc-slobodanu-djakovicu-1-300x225.jpg 300w, https:\/\/www.prijedordanas.com\/wp-content\/uploads\/2021\/04\/prijedorgradorg-pomoc-slobodanu-djakovicu-1-640x480.jpg 640w, https:\/\/www.prijedordanas.com\/wp-content\/uploads\/2021\/04\/prijedorgradorg-pomoc-slobodanu-djakovicu-1.jpg 667w\" sizes=\"(max-width: 300px) 100vw, 300px\" \/><\/a>Gradona\u010delnik Prijedora Dalibor Pavlovi\u0107, Bora\u010dka organizacija grada Prijedora i ovda\u0161nji privrednici te grupa mladih Prijedor\u010dana, aktivista pozvali su sve koji mogu pomo\u0107i da se uklju\u010de u akciju rje\u0161avanja stambenog pitanja vi\u0161e\u010dlane porodice demobilisanog borca prve kategorije Slobodana \u0110akovi\u0107a.<\/p>\n<p>\u0110akovi\u0107u je Centar za socijalni rad Prijedor izgradio ku\u0107u od temelja do krova prije vi\u0161e godina, ali porodica i dalje \u017eivi u jednom izrazito neuslovnom objektu budu\u0107i da nema primanja kojima bi mogla finansirati unutra\u0161nje radove i useliti se u tu ku\u0107u.<\/p>\n<p>Aktivista Damjan Trkulja rekao je da iza inicijative ne stoji nikakva organizacija, nego je u pitanju grupa pojedinaca, da su preko mre\u017ea saznali za ovu porodicu i pokrenuli akciju prikupljanja obu\u0107e, hrane, odje\u0107e i higijene, a onda se pri\u010da pro\u0161irila.<\/p>\n<p><a href=\"https:\/\/www.prijedordanas.com\/wp-content\/uploads\/2021\/04\/prijedorgradorg-pomoc-slobodanu-djakovicu-2.jpg\"><img loading=\"lazy\" decoding=\"async\" class=\"alignleft size-medium wp-image-165945\" src=\"https:\/\/www.prijedordanas.com\/wp-content\/uploads\/2021\/04\/prijedorgradorg-pomoc-slobodanu-djakovicu-2-300x225.jpg\" alt=\"\" width=\"300\" height=\"225\" srcset=\"https:\/\/www.prijedordanas.com\/wp-content\/uploads\/2021\/04\/prijedorgradorg-pomoc-slobodanu-djakovicu-2-300x225.jpg 300w, https:\/\/www.prijedordanas.com\/wp-content\/uploads\/2021\/04\/prijedorgradorg-pomoc-slobodanu-djakovicu-2-640x480.jpg 640w, https:\/\/www.prijedordanas.com\/wp-content\/uploads\/2021\/04\/prijedorgradorg-pomoc-slobodanu-djakovicu-2.jpg 667w\" sizes=\"(max-width: 300px) 100vw, 300px\" \/><\/a>&#8220;Saznali smo i za ovu ku\u0107u, neki ljudi su se po\u010deli javljati, pro\u0161irilo se to putem mre\u0107a i sada pozivamo sve ljude koji mogu da se priklju\u010de pomo\u0107i&#8221;, rekao je Trkulja novinarima u Prijedoru.<\/p>\n<p>Gradona\u010delnik Prijedora Dalibor Pavlovi\u0107 rekao je da je vidio da su mladi ljudi bili zainteresovani da pomognu jednoj vi\u0161e\u010dlanoj porodici i da je za tu porodicu \u010duo i od Bora\u010dke organizacije, te je pozvao i privrednike da se zajedni\u010dki ku\u0107a koja je ranije oziidana sada dovede u stanje useljivosti.<\/p>\n<p>&#8220;Niko nije zaposlen, rije\u010d je o porodici demobilisanog borca i nemaju sredstava te je grad odlu\u010dio da pomogne da uspostave uslove za stanovanje i upotrebu kako bi iza\u0161li iz neuslovnog objekta u kojem trenutno \u017eive. Zahvalan sam mladima, borcima i privrednicima na anga\u017emanu i o\u010dekujemo da \u0107emo zajedni\u010dkim snagama rije\u0161iti problem koji ova porodica ima&#8221;, dodao je Pavlovi\u0107.<\/p>\n<p><a href=\"https:\/\/www.prijedordanas.com\/wp-content\/uploads\/2021\/04\/prijedorgradorg-pomoc-slobodanu-djakovicu-3.jpg\"><img loading=\"lazy\" decoding=\"async\" class=\"alignleft size-medium wp-image-165946\" src=\"https:\/\/www.prijedordanas.com\/wp-content\/uploads\/2021\/04\/prijedorgradorg-pomoc-slobodanu-djakovicu-3-300x200.jpg\" alt=\"\" width=\"300\" height=\"200\" srcset=\"https:\/\/www.prijedordanas.com\/wp-content\/uploads\/2021\/04\/prijedorgradorg-pomoc-slobodanu-djakovicu-3-300x200.jpg 300w, https:\/\/www.prijedordanas.com\/wp-content\/uploads\/2021\/04\/prijedorgradorg-pomoc-slobodanu-djakovicu-3-480x320.jpg 480w, https:\/\/www.prijedordanas.com\/wp-content\/uploads\/2021\/04\/prijedorgradorg-pomoc-slobodanu-djakovicu-3.jpg 600w\" sizes=\"(max-width: 300px) 100vw, 300px\" \/><\/a>Slobodan \u0110akovi\u0107 rekao je da ima socijalna primanja i da prikupljaju i prodaju \u017eeljezo, da u doma\u0107instvu \u017eive on i \u017eena i petero djece i \u010detvero unu\u010dadi.<br \/>\nPredsjednik Bora\u010dke organizacije grada Prijedora Zoran Predojevi\u0107 rekao je da je ovo jedan od projekata pomo\u0107i Gradske uprave i gradona\u010delnika demobilisanim boricma kojii nisu rije\u0161ili neke probleme.<\/p>\n<p>&#8220;Ovo je jedan od najve\u0107ih problema. Bodo, kako ga mi zovemo, \u0110akovi\u0107 borac je koji je od prvog dana, zna\u010di od Slavonije do kraja rata, bio u jedinicama Vojske Republike Srpske. Bora\u010dka je pomagala u nekoliko navrata i sad se uz pomo\u0107 dobre volje Gradske uprave i gradona\u010delnika pomo\u0107 nastavlja&#8221;, naglasio je Predojevi\u0107.<\/p>\n<p>Vlasnik firme &#8220;Unijat &#8211; M&#8221; Mladen Unijat rekao je da je njegova firma radila temelj ku\u0107e, te da se i sada odazvao kada je potrebno raditi unutra\u0161nje radove vrijedne, prema gruboj procjeni, oko 10.000 KM.<\/p>\n<p><a href=\"http:\/\/prijedorgrad.org\/sr-EU\/vijesti-sadrzaj.html?vid=11516\" target=\"_blank\" rel=\"noopener\">prijedorgrad.org<\/a><\/p>\n<p><iframe loading=\"lazy\" title=\"PORODICA DEMOBILISANOG BORCA  USKORO DOBIJA NOVI DOM\" width=\"500\" height=\"281\" src=\"https:\/\/www.youtube.com\/embed\/HSVWyGHdzKU?feature=oembed\" frameborder=\"0\" allow=\"accelerometer; autoplay; clipboard-write; encrypted-media; gyroscope; picture-in-picture\" allowfullscreen><\/iframe><\/p>\n<p><a href=\"https:\/\/www.prijedordanas.com\/wp-content\/uploads\/2021\/04\/prijedorgradorg-pomoc-slobodanu-djakovicu-4.jpg\"><img loading=\"lazy\" decoding=\"async\" src=\"https:\/\/www.prijedordanas.com\/wp-content\/uploads\/2021\/04\/prijedorgradorg-pomoc-slobodanu-djakovicu-4-300x200.jpg\" alt=\"\" width=\"300\" height=\"200\" class=\"alignleft size-medium wp-image-165947\" srcset=\"https:\/\/www.prijedordanas.com\/wp-content\/uploads\/2021\/04\/prijedorgradorg-pomoc-slobodanu-djakovicu-4-300x200.jpg 300w, https:\/\/www.prijedordanas.com\/wp-content\/uploads\/2021\/04\/prijedorgradorg-pomoc-slobodanu-djakovicu-4-480x320.jpg 480w, https:\/\/www.prijedordanas.com\/wp-content\/uploads\/2021\/04\/prijedorgradorg-pomoc-slobodanu-djakovicu-4.jpg 600w\" sizes=\"(max-width: 300px) 100vw, 300px\" \/><\/a> <a href=\"https:\/\/www.prijedordanas.com\/wp-content\/uploads\/2021\/04\/prijedorgradorg-pomoc-slobodanu-djakovicu-5.jpg\"><img loading=\"lazy\" decoding=\"async\" src=\"https:\/\/www.prijedordanas.com\/wp-content\/uploads\/2021\/04\/prijedorgradorg-pomoc-slobodanu-djakovicu-5-300x200.jpg\" alt=\"\" width=\"300\" height=\"200\" class=\"alignleft size-medium wp-image-165948\" srcset=\"https:\/\/www.prijedordanas.com\/wp-content\/uploads\/2021\/04\/prijedorgradorg-pomoc-slobodanu-djakovicu-5-300x200.jpg 300w, https:\/\/www.prijedordanas.com\/wp-content\/uploads\/2021\/04\/prijedorgradorg-pomoc-slobodanu-djakovicu-5-480x320.jpg 480w, https:\/\/www.prijedordanas.com\/wp-content\/uploads\/2021\/04\/prijedorgradorg-pomoc-slobodanu-djakovicu-5.jpg 600w\" sizes=\"(max-width: 300px) 100vw, 300px\" \/><\/a> <a href=\"https:\/\/www.prijedordanas.com\/wp-content\/uploads\/2021\/04\/prijedorgradorg-pomoc-slobodanu-djakovicu-6.jpg\"><img loading=\"lazy\" decoding=\"async\" src=\"https:\/\/www.prijedordanas.com\/wp-content\/uploads\/2021\/04\/prijedorgradorg-pomoc-slobodanu-djakovicu-6-300x200.jpg\" alt=\"\" width=\"300\" height=\"200\" class=\"alignleft size-medium wp-image-165949\" srcset=\"https:\/\/www.prijedordanas.com\/wp-content\/uploads\/2021\/04\/prijedorgradorg-pomoc-slobodanu-djakovicu-6-300x200.jpg 300w, https:\/\/www.prijedordanas.com\/wp-content\/uploads\/2021\/04\/prijedorgradorg-pomoc-slobodanu-djakovicu-6-480x320.jpg 480w, https:\/\/www.prijedordanas.com\/wp-content\/uploads\/2021\/04\/prijedorgradorg-pomoc-slobodanu-djakovicu-6.jpg 600w\" sizes=\"(max-width: 300px) 100vw, 300px\" \/><\/a> <a href=\"https:\/\/www.prijedordanas.com\/wp-content\/uploads\/2021\/04\/prijedorgradorg-pomoc-slobodanu-djakovicu-7.jpg\"><img loading=\"lazy\" decoding=\"async\" src=\"https:\/\/www.prijedordanas.com\/wp-content\/uploads\/2021\/04\/prijedorgradorg-pomoc-slobodanu-djakovicu-7-300x200.jpg\" alt=\"\" width=\"300\" height=\"200\" class=\"alignleft size-medium wp-image-165950\" srcset=\"https:\/\/www.prijedordanas.com\/wp-content\/uploads\/2021\/04\/prijedorgradorg-pomoc-slobodanu-djakovicu-7-300x200.jpg 300w, https:\/\/www.prijedordanas.com\/wp-content\/uploads\/2021\/04\/prijedorgradorg-pomoc-slobodanu-djakovicu-7-480x320.jpg 480w, https:\/\/www.prijedordanas.com\/wp-content\/uploads\/2021\/04\/prijedorgradorg-pomoc-slobodanu-djakovicu-7.jpg 600w\" sizes=\"(max-width: 300px) 100vw, 300px\" \/><\/a><\/p>\n","protected":false},"excerpt":{"rendered":"<p>Gradona\u010delnik Prijedora Dalibor Pavlovi\u0107, Bora\u010dka organizacija grada Prijedora i ovda\u0161nji privrednici te grupa mladih Prijedor\u010dana, aktivista pozvali su sve koji mogu pomo\u0107i da se uklju\u010de u akciju rje\u0161avanja stambenog pitanja [&hellip;]<\/p>\n","protected":false},"author":1,"featured_media":0,"comment_status":"closed","ping_status":"open","sticky":false,"template":"","format":"standard","meta":{"_monsterinsights_skip_tracking":false,"_monsterinsights_sitenote_active":false,"_monsterinsights_sitenote_note":"","_monsterinsights_sitenote_category":0,"footnotes":""},"categories":[3],"tags":[],"yoast_head":"<!-- This site is optimized with the Yoast SEO plugin v21.6 - https:\/\/yoast.com\/wordpress\/plugins\/seo\/ -->\n<title>Prijedor: Pokrenuta akcija za zavr\u0161etak ku\u0107e demobilisanog borca prve kategorije - FOTO\/VIDEO - PrijedorDanas.com - Prijedorski gradski portal<\/title>\n<meta name=\"robots\" content=\"index, follow, max-snippet:-1, max-image-preview:large, max-video-preview:-1\" \/>\n<link rel=\"canonical\" href=\"https:\/\/www.prijedordanas.com\/?p=165937\" \/>\n<meta property=\"og:locale\" content=\"en_US\" \/>\n<meta property=\"og:type\" content=\"article\" \/>\n<meta property=\"og:title\" content=\"Prijedor: Pokrenuta akcija za zavr\u0161etak ku\u0107e demobilisanog borca prve kategorije - FOTO\/VIDEO - PrijedorDanas.com - Prijedorski gradski portal\" \/>\n<meta property=\"og:description\" content=\"Gradona\u010delnik Prijedora Dalibor Pavlovi\u0107, Bora\u010dka organizacija grada Prijedora i ovda\u0161nji privrednici te grupa mladih Prijedor\u010dana, aktivista pozvali su sve koji mogu pomo\u0107i da se uklju\u010de u akciju rje\u0161avanja stambenog pitanja [&hellip;]\" \/>\n<meta property=\"og:url\" content=\"https:\/\/www.prijedordanas.com\/?p=165937\" \/>\n<meta property=\"og:site_name\" content=\"PrijedorDanas.com - Prijedorski gradski portal\" \/>\n<meta property=\"article:publisher\" content=\"https:\/\/www.facebook.com\/PrijedorDanasCom\/\" \/>\n<meta property=\"article:published_time\" content=\"2021-04-27T07:46:50+00:00\" \/>\n<meta property=\"og:image\" content=\"https:\/\/www.prijedordanas.com\/wp-content\/uploads\/2021\/04\/prijedorgradorg-pomoc-slobodanu-djakovicu-1-300x225.jpg\" \/>\n<meta name=\"author\" content=\"admin\" \/>\n<meta name=\"twitter:card\" content=\"summary_large_image\" \/>\n<meta name=\"twitter:label1\" content=\"Written by\" \/>\n\t<meta name=\"twitter:data1\" content=\"admin\" \/>\n\t<meta name=\"twitter:label2\" content=\"Est. reading time\" \/>\n\t<meta name=\"twitter:data2\" content=\"3 minutes\" \/>\n<script type=\"application\/ld+json\" class=\"yoast-schema-graph\">{\"@context\":\"https:\/\/schema.org\",\"@graph\":[{\"@type\":\"Article\",\"@id\":\"https:\/\/www.prijedordanas.com\/?p=165937#article\",\"isPartOf\":{\"@id\":\"https:\/\/www.prijedordanas.com\/?p=165937\"},\"author\":{\"name\":\"admin\",\"@id\":\"https:\/\/www.prijedordanas.com\/#\/schema\/person\/4e08ccf29b506ca916ff86d46bb700e6\"},\"headline\":\"Prijedor: Pokrenuta akcija za zavr\u0161etak ku\u0107e demobilisanog borca prve kategorije &#8211; FOTO\/VIDEO\",\"datePublished\":\"2021-04-27T07:46:50+00:00\",\"dateModified\":\"2021-04-27T07:46:50+00:00\",\"mainEntityOfPage\":{\"@id\":\"https:\/\/www.prijedordanas.com\/?p=165937\"},\"wordCount\":474,\"publisher\":{\"@id\":\"https:\/\/www.prijedordanas.com\/#organization\"},\"articleSection\":[\"\u017divot\"],\"inLanguage\":\"en-US\"},{\"@type\":\"WebPage\",\"@id\":\"https:\/\/www.prijedordanas.com\/?p=165937\",\"url\":\"https:\/\/www.prijedordanas.com\/?p=165937\",\"name\":\"Prijedor: Pokrenuta akcija za zavr\u0161etak ku\u0107e demobilisanog borca prve kategorije - FOTO\/VIDEO - PrijedorDanas.com - Prijedorski gradski portal\",\"isPartOf\":{\"@id\":\"https:\/\/www.prijedordanas.com\/#website\"},\"datePublished\":\"2021-04-27T07:46:50+00:00\",\"dateModified\":\"2021-04-27T07:46:50+00:00\",\"breadcrumb\":{\"@id\":\"https:\/\/www.prijedordanas.com\/?p=165937#breadcrumb\"},\"inLanguage\":\"en-US\",\"potentialAction\":[{\"@type\":\"ReadAction\",\"target\":[\"https:\/\/www.prijedordanas.com\/?p=165937\"]}]},{\"@type\":\"BreadcrumbList\",\"@id\":\"https:\/\/www.prijedordanas.com\/?p=165937#breadcrumb\",\"itemListElement\":[{\"@type\":\"ListItem\",\"position\":1,\"name\":\"Home\",\"item\":\"https:\/\/www.prijedordanas.com\/\"},{\"@type\":\"ListItem\",\"position\":2,\"name\":\"Prijedor: Pokrenuta akcija za zavr\u0161etak ku\u0107e demobilisanog borca prve kategorije &#8211; FOTO\/VIDEO\"}]},{\"@type\":\"WebSite\",\"@id\":\"https:\/\/www.prijedordanas.com\/#website\",\"url\":\"https:\/\/www.prijedordanas.com\/\",\"name\":\"PrijedorDanas.com - Prijedorski gradski portal\",\"description\":\"Portal o doga\u0111anjima u gradu Prijedoru\",\"publisher\":{\"@id\":\"https:\/\/www.prijedordanas.com\/#organization\"},\"potentialAction\":[{\"@type\":\"SearchAction\",\"target\":{\"@type\":\"EntryPoint\",\"urlTemplate\":\"https:\/\/www.prijedordanas.com\/?s={search_term_string}\"},\"query-input\":\"required name=search_term_string\"}],\"inLanguage\":\"en-US\"},{\"@type\":\"Organization\",\"@id\":\"https:\/\/www.prijedordanas.com\/#organization\",\"name\":\"PrijedorDanas.com\",\"url\":\"https:\/\/www.prijedordanas.com\/\",\"logo\":{\"@type\":\"ImageObject\",\"inLanguage\":\"en-US\",\"@id\":\"https:\/\/www.prijedordanas.com\/#\/schema\/logo\/image\/\",\"url\":\"http:\/\/www.prijedordanas.com\/wp-content\/uploads\/2021\/12\/logopng.png\",\"contentUrl\":\"http:\/\/www.prijedordanas.com\/wp-content\/uploads\/2021\/12\/logopng.png\",\"width\":1019,\"height\":776,\"caption\":\"PrijedorDanas.com\"},\"image\":{\"@id\":\"https:\/\/www.prijedordanas.com\/#\/schema\/logo\/image\/\"},\"sameAs\":[\"https:\/\/www.facebook.com\/PrijedorDanasCom\/\"]},{\"@type\":\"Person\",\"@id\":\"https:\/\/www.prijedordanas.com\/#\/schema\/person\/4e08ccf29b506ca916ff86d46bb700e6\",\"name\":\"admin\",\"image\":{\"@type\":\"ImageObject\",\"inLanguage\":\"en-US\",\"@id\":\"https:\/\/www.prijedordanas.com\/#\/schema\/person\/image\/\",\"url\":\"https:\/\/secure.gravatar.com\/avatar\/1d3fc949d550f0b53a5f0d51e06dfd79?s=96&d=mm&r=g\",\"contentUrl\":\"https:\/\/secure.gravatar.com\/avatar\/1d3fc949d550f0b53a5f0d51e06dfd79?s=96&d=mm&r=g\",\"caption\":\"admin\"},\"url\":\"https:\/\/www.prijedordanas.com\/?author=1\"}]}<\/script>\n<!-- \/ Yoast SEO plugin. -->","yoast_head_json":{"title":"Prijedor: Pokrenuta akcija za zavr\u0161etak ku\u0107e demobilisanog borca prve kategorije - FOTO\/VIDEO - PrijedorDanas.com - Prijedorski gradski portal","robots":{"index":"index","follow":"follow","max-snippet":"max-snippet:-1","max-image-preview":"max-image-preview:large","max-video-preview":"max-video-preview:-1"},"canonical":"https:\/\/www.prijedordanas.com\/?p=165937","og_locale":"en_US","og_type":"article","og_title":"Prijedor: Pokrenuta akcija za zavr\u0161etak ku\u0107e demobilisanog borca prve kategorije - FOTO\/VIDEO - PrijedorDanas.com - Prijedorski gradski portal","og_description":"Gradona\u010delnik Prijedora Dalibor Pavlovi\u0107, Bora\u010dka organizacija grada Prijedora i ovda\u0161nji privrednici te grupa mladih Prijedor\u010dana, aktivista pozvali su sve koji mogu pomo\u0107i da se uklju\u010de u akciju rje\u0161avanja stambenog pitanja [&hellip;]","og_url":"https:\/\/www.prijedordanas.com\/?p=165937","og_site_name":"PrijedorDanas.com - Prijedorski gradski portal","article_publisher":"https:\/\/www.facebook.com\/PrijedorDanasCom\/","article_published_time":"2021-04-27T07:46:50+00:00","og_image":[{"url":"https:\/\/www.prijedordanas.com\/wp-content\/uploads\/2021\/04\/prijedorgradorg-pomoc-slobodanu-djakovicu-1-300x225.jpg"}],"author":"admin","twitter_card":"summary_large_image","twitter_misc":{"Written by":"admin","Est. reading time":"3 minutes"},"schema":{"@context":"https:\/\/schema.org","@graph":[{"@type":"Article","@id":"https:\/\/www.prijedordanas.com\/?p=165937#article","isPartOf":{"@id":"https:\/\/www.prijedordanas.com\/?p=165937"},"author":{"name":"admin","@id":"https:\/\/www.prijedordanas.com\/#\/schema\/person\/4e08ccf29b506ca916ff86d46bb700e6"},"headline":"Prijedor: Pokrenuta akcija za zavr\u0161etak ku\u0107e demobilisanog borca prve kategorije &#8211; FOTO\/VIDEO","datePublished":"2021-04-27T07:46:50+00:00","dateModified":"2021-04-27T07:46:50+00:00","mainEntityOfPage":{"@id":"https:\/\/www.prijedordanas.com\/?p=165937"},"wordCount":474,"publisher":{"@id":"https:\/\/www.prijedordanas.com\/#organization"},"articleSection":["\u017divot"],"inLanguage":"en-US"},{"@type":"WebPage","@id":"https:\/\/www.prijedordanas.com\/?p=165937","url":"https:\/\/www.prijedordanas.com\/?p=165937","name":"Prijedor: Pokrenuta akcija za zavr\u0161etak ku\u0107e demobilisanog borca prve kategorije - FOTO\/VIDEO - PrijedorDanas.com - Prijedorski gradski portal","isPartOf":{"@id":"https:\/\/www.prijedordanas.com\/#website"},"datePublished":"2021-04-27T07:46:50+00:00","dateModified":"2021-04-27T07:46:50+00:00","breadcrumb":{"@id":"https:\/\/www.prijedordanas.com\/?p=165937#breadcrumb"},"inLanguage":"en-US","potentialAction":[{"@type":"ReadAction","target":["https:\/\/www.prijedordanas.com\/?p=165937"]}]},{"@type":"BreadcrumbList","@id":"https:\/\/www.prijedordanas.com\/?p=165937#breadcrumb","itemListElement":[{"@type":"ListItem","position":1,"name":"Home","item":"https:\/\/www.prijedordanas.com\/"},{"@type":"ListItem","position":2,"name":"Prijedor: Pokrenuta akcija za zavr\u0161etak ku\u0107e demobilisanog borca prve kategorije &#8211; FOTO\/VIDEO"}]},{"@type":"WebSite","@id":"https:\/\/www.prijedordanas.com\/#website","url":"https:\/\/www.prijedordanas.com\/","name":"PrijedorDanas.com - Prijedorski gradski portal","description":"Portal o doga\u0111anjima u gradu Prijedoru","publisher":{"@id":"https:\/\/www.prijedordanas.com\/#organization"},"potentialAction":[{"@type":"SearchAction","target":{"@type":"EntryPoint","urlTemplate":"https:\/\/www.prijedordanas.com\/?s={search_term_string}"},"query-input":"required name=search_term_string"}],"inLanguage":"en-US"},{"@type":"Organization","@id":"https:\/\/www.prijedordanas.com\/#organization","name":"PrijedorDanas.com","url":"https:\/\/www.prijedordanas.com\/","logo":{"@type":"ImageObject","inLanguage":"en-US","@id":"https:\/\/www.prijedordanas.com\/#\/schema\/logo\/image\/","url":"http:\/\/www.prijedordanas.com\/wp-content\/uploads\/2021\/12\/logopng.png","contentUrl":"http:\/\/www.prijedordanas.com\/wp-content\/uploads\/2021\/12\/logopng.png","width":1019,"height":776,"caption":"PrijedorDanas.com"},"image":{"@id":"https:\/\/www.prijedordanas.com\/#\/schema\/logo\/image\/"},"sameAs":["https:\/\/www.facebook.com\/PrijedorDanasCom\/"]},{"@type":"Person","@id":"https:\/\/www.prijedordanas.com\/#\/schema\/person\/4e08ccf29b506ca916ff86d46bb700e6","name":"admin","image":{"@type":"ImageObject","inLanguage":"en-US","@id":"https:\/\/www.prijedordanas.com\/#\/schema\/person\/image\/","url":"https:\/\/secure.gravatar.com\/avatar\/1d3fc949d550f0b53a5f0d51e06dfd79?s=96&d=mm&r=g","contentUrl":"https:\/\/secure.gravatar.com\/avatar\/1d3fc949d550f0b53a5f0d51e06dfd79?s=96&d=mm&r=g","caption":"admin"},"url":"https:\/\/www.prijedordanas.com\/?author=1"}]}},"_links":{"self":[{"href":"https:\/\/www.prijedordanas.com\/index.php?rest_route=\/wp\/v2\/posts\/165937"}],"collection":[{"href":"https:\/\/www.prijedordanas.com\/index.php?rest_route=\/wp\/v2\/posts"}],"about":[{"href":"https:\/\/www.prijedordanas.com\/index.php?rest_route=\/wp\/v2\/types\/post"}],"author":[{"embeddable":true,"href":"https:\/\/www.prijedordanas.com\/index.php?rest_route=\/wp\/v2\/users\/1"}],"replies":[{"embeddable":true,"href":"https:\/\/www.prijedordanas.com\/index.php?rest_route=%2Fwp%2Fv2%2Fcomments&post=165937"}],"version-history":[{"count":2,"href":"https:\/\/www.prijedordanas.com\/index.php?rest_route=\/wp\/v2\/posts\/165937\/revisions"}],"predecessor-version":[{"id":165951,"href":"https:\/\/www.prijedordanas.com\/index.php?rest_route=\/wp\/v2\/posts\/165937\/revisions\/165951"}],"wp:attachment":[{"href":"https:\/\/www.prijedordanas.com\/index.php?rest_route=%2Fwp%2Fv2%2Fmedia&parent=165937"}],"wp:term":[{"taxonomy":"category","embeddable":true,"href":"https:\/\/www.prijedordanas.com\/index.php?rest_route=%2Fwp%2Fv2%2Fcategories&post=165937"},{"taxonomy":"post_tag","embeddable":true,"href":"https:\/\/www.prijedordanas.com\/index.php?rest_route=%2Fwp%2Fv2%2Ftags&post=165937"}],"curies":[{"name":"wp","href":"https:\/\/api.w.org\/{rel}","templated":true}]}}