{"id":165592,"date":"2021-04-20T16:00:37","date_gmt":"2021-04-20T14:00:37","guid":{"rendered":"https:\/\/www.prijedordanas.com\/?p=165592"},"modified":"2021-04-20T16:00:37","modified_gmt":"2021-04-20T14:00:37","slug":"odgovor-niskogradnje-marjanovic-na-jucerasnju-pres-konferenciju-odbacene-informacije-o-razlozima-blokade-racuna-toplane","status":"publish","type":"post","link":"https:\/\/www.prijedordanas.com\/?p=165592","title":{"rendered":"Odgovor &#8220;Niskogradnje Marjanovic\u0301&#8221; na ju\u010dera\u0161nju pres konferenciju: Odba\u010dene informacije o razlozima blokade ra\u010duna &#8220;Toplane&#8221;"},"content":{"rendered":"<p><a href=\"https:\/\/www.prijedordanas.com\/wp-content\/uploads\/2021\/04\/niskogradnja-marjanovic.jpg\"><img loading=\"lazy\" decoding=\"async\" class=\"alignleft size-medium wp-image-165586\" src=\"https:\/\/www.prijedordanas.com\/wp-content\/uploads\/2021\/04\/niskogradnja-marjanovic-300x225.jpg\" alt=\"\" width=\"300\" height=\"225\" srcset=\"https:\/\/www.prijedordanas.com\/wp-content\/uploads\/2021\/04\/niskogradnja-marjanovic-300x225.jpg 300w, https:\/\/www.prijedordanas.com\/wp-content\/uploads\/2021\/04\/niskogradnja-marjanovic-640x480.jpg 640w, https:\/\/www.prijedordanas.com\/wp-content\/uploads\/2021\/04\/niskogradnja-marjanovic.jpg 667w\" sizes=\"(max-width: 300px) 100vw, 300px\" \/><\/a>\u201eNiskogradnja &#8211; Marjanovi\u0107&#8221; d.o.o. Prijedor<\/p>\n<p>Odgovor na pres konferenciju<\/p>\n<p>Po\u0161tovani,<\/p>\n<p>Ovim putem se obra\u0107amo gradona\u010delniku gosp. Daliboru Pavlovi\u0107u, v.d.direktoru Du\u0161ku Mileti\u0107u \u201eToplana&#8221; a.d. Prijedor i javnosti.<\/p>\n<p><strong><a href=\"https:\/\/www.prijedordanas.com\/?p=165536\" target=\"_blank\" rel=\"noopener\">Ra\u010dun prijedorske \u201cToplane\u201d blokiran jer je dobavlja\u010d biomase aktivirao mjenicu od 700.000 KM \u2013 VIDEO<\/a><\/strong><\/p>\n<p>Molimo vas da se javno izjasnite o \u010dinjenicama koje ste iznijeli i da dostavite jasne i provjerene argumente. Upu\u0107ujemo pitanje Du\u0161ku Mileti\u0107u, v.d. direktoru \u201eToplana&#8221; a.d Prijedor, za\u0161to niste iznijeli ta\u010dnu informaclju koja se odnosi na uplatu od 180.000,00 KM, u periodu od 12.03.2021. do 14.04.2021. godine, prema privrednom dru\u0161tvu \u201eNiskogradnja &#8211; Marjanovi\u0107&#8221; d.o.o. Prijedor, koja je dobavlja\u010d drvne biomase?<\/p>\n<p><a href=\"https:\/\/www.prijedordanas.com\/wp-content\/uploads\/2021\/04\/fakture-niskogradnja-marjanovic-toplana-prijedor-1.jpg\"><img loading=\"lazy\" decoding=\"async\" class=\"alignleft size-medium wp-image-165587\" src=\"https:\/\/www.prijedordanas.com\/wp-content\/uploads\/2021\/04\/fakture-niskogradnja-marjanovic-toplana-prijedor-1-300x297.jpg\" alt=\"\" width=\"300\" height=\"297\" srcset=\"https:\/\/www.prijedordanas.com\/wp-content\/uploads\/2021\/04\/fakture-niskogradnja-marjanovic-toplana-prijedor-1-300x297.jpg 300w, https:\/\/www.prijedordanas.com\/wp-content\/uploads\/2021\/04\/fakture-niskogradnja-marjanovic-toplana-prijedor-1-150x150.jpg 150w, https:\/\/www.prijedordanas.com\/wp-content\/uploads\/2021\/04\/fakture-niskogradnja-marjanovic-toplana-prijedor-1-50x50.jpg 50w, https:\/\/www.prijedordanas.com\/wp-content\/uploads\/2021\/04\/fakture-niskogradnja-marjanovic-toplana-prijedor-1.jpg 600w\" sizes=\"(max-width: 300px) 100vw, 300px\" \/><\/a>Po\u0161tovani gradona\u010delni\u010de, informacije koje ste iznijeli na ju\u010dera\u0161njoj press konferenciji, a koja se odnosi na kvalitet sje\u010dke je neozbiljna, te tra\u017eimo od Vas kao pokreta\u010da kampanje protiv privrednika (dobavlja\u010da) da kvalitet o kom ste pri\u010dali na konferenciji utvrdite preko ovla\u0161tenih stru\u010dnih institucija, a ne mi\u0161ljenjem pojedinca.<\/p>\n<p>U navedenom periodu, tj. od 12.03.2021. do 14.04.2021.godine, \u201eToplana&#8221; a.d Prijedor pod rukovo\u0111enjem v.d. direktora Du\u0161ka Mileti\u0107a je izvr\u0161ila nabavku drvne biomase kako bi se uspje\u0161no zavr\u0161ila sezona grijanja. Po\u0161to su dugovanja za isporuku u momentu dolaska direktora prelazila 900.000,00 KM, mi dalje nismo mogli isporu\u010divati robu, te je dogovoreno da \u0107e se kontinuitet otplate starog duga izvr\u0161avati u jednakim mjese\u010dnim ratama koje je navedeno u dopisu dostavljenom upravi \u201eToplane&#8221; a.d. Prijedor, a sva dugovanja nastala u narednom periodu da \u0107e se izmirivati u mjese\u010dnom anuitetu kako bi se ispo\u0161tovala finansijska konstrukcija za finansiranje do zavr\u0161etka grejne sezone.<\/p>\n<p><a href=\"https:\/\/www.prijedordanas.com\/wp-content\/uploads\/2021\/04\/fakture-niskogradnja-marjanovic-toplana-prijedor-2.jpg\"><img loading=\"lazy\" decoding=\"async\" class=\"alignleft size-medium wp-image-165588\" src=\"https:\/\/www.prijedordanas.com\/wp-content\/uploads\/2021\/04\/fakture-niskogradnja-marjanovic-toplana-prijedor-2-300x181.jpg\" alt=\"\" width=\"300\" height=\"181\" srcset=\"https:\/\/www.prijedordanas.com\/wp-content\/uploads\/2021\/04\/fakture-niskogradnja-marjanovic-toplana-prijedor-2-300x181.jpg 300w, https:\/\/www.prijedordanas.com\/wp-content\/uploads\/2021\/04\/fakture-niskogradnja-marjanovic-toplana-prijedor-2.jpg 600w\" sizes=\"(max-width: 300px) 100vw, 300px\" \/><\/a>Mi kao dobavlja\u010d smo u navedenom periodu izvr\u0161ili isporuku energenata u iznosu od 189.471,29 KM. Gore navedeno preduze\u0107e je za pomenuti period uplatilo iznos od 180.000,00 KM, od kada je za vr\u0161ioca du\u017enosti direktora imenovan Du\u0161ko Mileti\u0107 (period od 12.03.2021. do 14.04.2021.godme). Navedeno se jasno mo\u017ee vidjeti iz analiti\u010dke kartice koju \u0107emo dostaviti na uvid.<\/p>\n<p><strong><a href=\"https:\/\/www.prijedordanas.com\/?p=165549\" rel=\"noopener\" target=\"_blank\">\u201cUdba\u0161ko-tajkunska hobotnica ne spava\u201d: U Prijedoru blokiran ra\u010dun \u201cToplane\u201d<\/a><\/strong><\/p>\n<p>Na\u0161im dopisom broj: 04-NM75\/21 od 14.04.2021.godine, tra\u017eili smo informaciju za\u0161to se prekinuo kontinuitet uplata na mjese\u010dnom nivou u iznosu od 100.000,00 KM, a koji se odnosio na stari dug \u201eToplane&#8221; a.d Prijedor, koji je na dan 14.04.2021.godine iznosio 1.189.417,95 KM.<\/p>\n<p>Kako nismo dobili odgovor, bili smo primorani da izvr\u0161imo nama dozvoljenu zakonsku i ugovornu obavezu da obezbjedimo svoja sredstva, jer gospodo draga i mi kao i svi imamo svoje obaveze koje moramo kondiciono po\u0161tovati (ispla\u0107ivati iste).<\/p>\n<p><a href=\"https:\/\/www.prijedordanas.com\/wp-content\/uploads\/2021\/04\/fakture-niskogradnja-marjanovic-toplana-prijedor-3.jpg\"><img loading=\"lazy\" decoding=\"async\" class=\"alignleft size-medium wp-image-165589\" src=\"https:\/\/www.prijedordanas.com\/wp-content\/uploads\/2021\/04\/fakture-niskogradnja-marjanovic-toplana-prijedor-3-300x223.jpg\" alt=\"\" width=\"300\" height=\"223\" srcset=\"https:\/\/www.prijedordanas.com\/wp-content\/uploads\/2021\/04\/fakture-niskogradnja-marjanovic-toplana-prijedor-3-300x223.jpg 300w, https:\/\/www.prijedordanas.com\/wp-content\/uploads\/2021\/04\/fakture-niskogradnja-marjanovic-toplana-prijedor-3.jpg 600w\" sizes=\"(max-width: 300px) 100vw, 300px\" \/><\/a>Naime, pominjanje tendera na kojem nismo pro\u0161li, u momentu blokade ra\u010duna nema smisla jer mi nismo imali informaciju o ishodu istog, obzirom da smo Odluku o izboru najpovoljnijeg ponu\u0111a\u010da dobili 16.04.2021.godine, \u0161to \u0107e se mo\u0107i vidjeti i na zvani\u010dnoj stranici \u201eToplana&#8221; a.d Prijedor, kao i na Portalu javnih nabavki. Bitno je naglasiti da krajnji ishod provo\u0111enja javne nabavke, tenderske procedure i ispravnost ponuda kao i kona\u010dne odluke o ishodu donosi Kancelarija za razmatranje \u017ealbi, a ne gradona\u010delnik i v.d. direktor preduze\u0107a \u201eToplana&#8221; a.d. Prijedor.<\/p>\n<p>Navod koji je iznijet na press konferenciji, a koji se odnosi na kamate nastale za nepo\u0161tovanje valute pla\u010danja, na\u0161e preduze\u0107e \u0107e se istih odre\u0107i ukoliko se Vi zalo\u017eite da svim na\u0161im gradanima i privrednicima otpi\u0161ete kamate za dugovanja nastala zbog neizmirenja obaveza.<\/p>\n<p>1. Postavljamo pitanje politi\u010dkoj partiji SNSD preko izvr\u0161nog komiteta iste partije iz koje dolazi gradona\u010delnik Dalibor Pavlovi\u0107,da li je to stav pojedinca na pres konferencijl ili je stav politi\u010dke partije?<\/p>\n<p>2. Postavljamo pitanje politi\u010dkoj partiji SPS, odnosno predsjedniku SPS-a Goranu Selak iz koje je Du\u0161ko Mileti\u0107, da li je ju\u010dera\u0161nja pres konferencija stav politi\u010dke partije u obra\u010dunu sa dobavlja\u010dem (privrednikom) grada Prijedora lli je to stav pojedinca?<\/p>\n<p><a href=\"https:\/\/www.prijedordanas.com\/wp-content\/uploads\/2021\/04\/okvirni-sporazum-niskogradnja-marjanovic-toplana-prijedor.jpg\"><img loading=\"lazy\" decoding=\"async\" class=\"alignleft size-medium wp-image-165590\" src=\"https:\/\/www.prijedordanas.com\/wp-content\/uploads\/2021\/04\/okvirni-sporazum-niskogradnja-marjanovic-toplana-prijedor-231x300.jpg\" alt=\"\" width=\"231\" height=\"300\" srcset=\"https:\/\/www.prijedordanas.com\/wp-content\/uploads\/2021\/04\/okvirni-sporazum-niskogradnja-marjanovic-toplana-prijedor-231x300.jpg 231w, https:\/\/www.prijedordanas.com\/wp-content\/uploads\/2021\/04\/okvirni-sporazum-niskogradnja-marjanovic-toplana-prijedor.jpg 461w\" sizes=\"(max-width: 231px) 100vw, 231px\" \/><\/a>Naime, u prilogu Vam dostavljamo kopiju Ugovora koji je danas potpisan za nabavku sje\u010dke, \u0161to se kosi Va\u0161im navodima na pomenutoj pres konferenciji.<\/p>\n<p>Zamoljavamo Vas da svaka budu\u0107a medijska prepiska i obra\u0107anje javnosti bude u duhu dobronamjerne poslovne komunikacije i rje\u0161avanja teku\u0107ih problema. Mi mo\u017eemo prozivati jedni druge unedogled, da opravdamo svoje postupke ali to ne\u0107e rje\u0161iti probleme i ugrozi\u0107e interese svih i stvoriti sliku o Vama kao nesposobnim za obavljanje datih funkcija.<\/p>\n<p>U prilogu: Analiti\u010dka kartica i kopija ugovora.<\/p>\n<p>Goran Marjanovi\u0107<br \/>\ndirektor<\/p>\n","protected":false},"excerpt":{"rendered":"<p>\u201eNiskogradnja &#8211; Marjanovi\u0107&#8221; d.o.o. Prijedor Odgovor na pres konferenciju Po\u0161tovani, Ovim putem se obra\u0107amo gradona\u010delniku gosp. Daliboru Pavlovi\u0107u, v.d.direktoru Du\u0161ku Mileti\u0107u \u201eToplana&#8221; a.d. Prijedor i javnosti. Ra\u010dun prijedorske \u201cToplane\u201d blokiran [&hellip;]<\/p>\n","protected":false},"author":1,"featured_media":0,"comment_status":"closed","ping_status":"open","sticky":false,"template":"","format":"standard","meta":{"_monsterinsights_skip_tracking":false,"_monsterinsights_sitenote_active":false,"_monsterinsights_sitenote_note":"","_monsterinsights_sitenote_category":0,"footnotes":""},"categories":[4],"tags":[],"yoast_head":"<!-- This site is optimized with the Yoast SEO plugin v21.6 - https:\/\/yoast.com\/wordpress\/plugins\/seo\/ -->\n<title>Odgovor &quot;Niskogradnje Marjanovic\u0301&quot; na ju\u010dera\u0161nju pres konferenciju: Odba\u010dene informacije o razlozima blokade ra\u010duna &quot;Toplane&quot; - PrijedorDanas.com - Prijedorski gradski portal<\/title>\n<meta name=\"robots\" content=\"index, follow, max-snippet:-1, max-image-preview:large, max-video-preview:-1\" \/>\n<link rel=\"canonical\" href=\"https:\/\/www.prijedordanas.com\/?p=165592\" \/>\n<meta property=\"og:locale\" content=\"en_US\" \/>\n<meta property=\"og:type\" content=\"article\" \/>\n<meta property=\"og:title\" content=\"Odgovor &quot;Niskogradnje Marjanovic\u0301&quot; na ju\u010dera\u0161nju pres konferenciju: Odba\u010dene informacije o razlozima blokade ra\u010duna &quot;Toplane&quot; - PrijedorDanas.com - Prijedorski gradski portal\" \/>\n<meta property=\"og:description\" content=\"\u201eNiskogradnja &#8211; Marjanovi\u0107&#8221; d.o.o. Prijedor Odgovor na pres konferenciju Po\u0161tovani, Ovim putem se obra\u0107amo gradona\u010delniku gosp. Daliboru Pavlovi\u0107u, v.d.direktoru Du\u0161ku Mileti\u0107u \u201eToplana&#8221; a.d. Prijedor i javnosti. Ra\u010dun prijedorske \u201cToplane\u201d blokiran [&hellip;]\" \/>\n<meta property=\"og:url\" content=\"https:\/\/www.prijedordanas.com\/?p=165592\" \/>\n<meta property=\"og:site_name\" content=\"PrijedorDanas.com - Prijedorski gradski portal\" \/>\n<meta property=\"article:publisher\" content=\"https:\/\/www.facebook.com\/PrijedorDanasCom\/\" \/>\n<meta property=\"article:published_time\" content=\"2021-04-20T14:00:37+00:00\" \/>\n<meta property=\"og:image\" content=\"https:\/\/www.prijedordanas.com\/wp-content\/uploads\/2021\/04\/niskogradnja-marjanovic-300x225.jpg\" \/>\n<meta name=\"author\" content=\"admin\" \/>\n<meta name=\"twitter:card\" content=\"summary_large_image\" \/>\n<meta name=\"twitter:label1\" content=\"Written by\" \/>\n\t<meta name=\"twitter:data1\" content=\"admin\" \/>\n\t<meta name=\"twitter:label2\" content=\"Est. reading time\" \/>\n\t<meta name=\"twitter:data2\" content=\"4 minutes\" \/>\n<script type=\"application\/ld+json\" class=\"yoast-schema-graph\">{\"@context\":\"https:\/\/schema.org\",\"@graph\":[{\"@type\":\"Article\",\"@id\":\"https:\/\/www.prijedordanas.com\/?p=165592#article\",\"isPartOf\":{\"@id\":\"https:\/\/www.prijedordanas.com\/?p=165592\"},\"author\":{\"name\":\"admin\",\"@id\":\"https:\/\/www.prijedordanas.com\/#\/schema\/person\/4e08ccf29b506ca916ff86d46bb700e6\"},\"headline\":\"Odgovor &#8220;Niskogradnje Marjanovic\u0301&#8221; na ju\u010dera\u0161nju pres konferenciju: Odba\u010dene informacije o razlozima blokade ra\u010duna &#8220;Toplane&#8221;\",\"datePublished\":\"2021-04-20T14:00:37+00:00\",\"dateModified\":\"2021-04-20T14:00:37+00:00\",\"mainEntityOfPage\":{\"@id\":\"https:\/\/www.prijedordanas.com\/?p=165592\"},\"wordCount\":777,\"publisher\":{\"@id\":\"https:\/\/www.prijedordanas.com\/#organization\"},\"articleSection\":[\"Dru\u0161tvo\"],\"inLanguage\":\"en-US\"},{\"@type\":\"WebPage\",\"@id\":\"https:\/\/www.prijedordanas.com\/?p=165592\",\"url\":\"https:\/\/www.prijedordanas.com\/?p=165592\",\"name\":\"Odgovor \\\"Niskogradnje Marjanovic\u0301\\\" na ju\u010dera\u0161nju pres konferenciju: Odba\u010dene informacije o razlozima blokade ra\u010duna \\\"Toplane\\\" - PrijedorDanas.com - Prijedorski gradski portal\",\"isPartOf\":{\"@id\":\"https:\/\/www.prijedordanas.com\/#website\"},\"datePublished\":\"2021-04-20T14:00:37+00:00\",\"dateModified\":\"2021-04-20T14:00:37+00:00\",\"breadcrumb\":{\"@id\":\"https:\/\/www.prijedordanas.com\/?p=165592#breadcrumb\"},\"inLanguage\":\"en-US\",\"potentialAction\":[{\"@type\":\"ReadAction\",\"target\":[\"https:\/\/www.prijedordanas.com\/?p=165592\"]}]},{\"@type\":\"BreadcrumbList\",\"@id\":\"https:\/\/www.prijedordanas.com\/?p=165592#breadcrumb\",\"itemListElement\":[{\"@type\":\"ListItem\",\"position\":1,\"name\":\"Home\",\"item\":\"https:\/\/www.prijedordanas.com\/\"},{\"@type\":\"ListItem\",\"position\":2,\"name\":\"Odgovor &#8220;Niskogradnje Marjanovic\u0301&#8221; na ju\u010dera\u0161nju pres konferenciju: Odba\u010dene informacije o razlozima blokade ra\u010duna &#8220;Toplane&#8221;\"}]},{\"@type\":\"WebSite\",\"@id\":\"https:\/\/www.prijedordanas.com\/#website\",\"url\":\"https:\/\/www.prijedordanas.com\/\",\"name\":\"PrijedorDanas.com - Prijedorski gradski portal\",\"description\":\"Portal o doga\u0111anjima u gradu Prijedoru\",\"publisher\":{\"@id\":\"https:\/\/www.prijedordanas.com\/#organization\"},\"potentialAction\":[{\"@type\":\"SearchAction\",\"target\":{\"@type\":\"EntryPoint\",\"urlTemplate\":\"https:\/\/www.prijedordanas.com\/?s={search_term_string}\"},\"query-input\":\"required name=search_term_string\"}],\"inLanguage\":\"en-US\"},{\"@type\":\"Organization\",\"@id\":\"https:\/\/www.prijedordanas.com\/#organization\",\"name\":\"PrijedorDanas.com\",\"url\":\"https:\/\/www.prijedordanas.com\/\",\"logo\":{\"@type\":\"ImageObject\",\"inLanguage\":\"en-US\",\"@id\":\"https:\/\/www.prijedordanas.com\/#\/schema\/logo\/image\/\",\"url\":\"http:\/\/www.prijedordanas.com\/wp-content\/uploads\/2021\/12\/logopng.png\",\"contentUrl\":\"http:\/\/www.prijedordanas.com\/wp-content\/uploads\/2021\/12\/logopng.png\",\"width\":1019,\"height\":776,\"caption\":\"PrijedorDanas.com\"},\"image\":{\"@id\":\"https:\/\/www.prijedordanas.com\/#\/schema\/logo\/image\/\"},\"sameAs\":[\"https:\/\/www.facebook.com\/PrijedorDanasCom\/\"]},{\"@type\":\"Person\",\"@id\":\"https:\/\/www.prijedordanas.com\/#\/schema\/person\/4e08ccf29b506ca916ff86d46bb700e6\",\"name\":\"admin\",\"image\":{\"@type\":\"ImageObject\",\"inLanguage\":\"en-US\",\"@id\":\"https:\/\/www.prijedordanas.com\/#\/schema\/person\/image\/\",\"url\":\"https:\/\/secure.gravatar.com\/avatar\/1d3fc949d550f0b53a5f0d51e06dfd79?s=96&d=mm&r=g\",\"contentUrl\":\"https:\/\/secure.gravatar.com\/avatar\/1d3fc949d550f0b53a5f0d51e06dfd79?s=96&d=mm&r=g\",\"caption\":\"admin\"},\"url\":\"https:\/\/www.prijedordanas.com\/?author=1\"}]}<\/script>\n<!-- \/ Yoast SEO plugin. -->","yoast_head_json":{"title":"Odgovor \"Niskogradnje Marjanovic\u0301\" na ju\u010dera\u0161nju pres konferenciju: Odba\u010dene informacije o razlozima blokade ra\u010duna \"Toplane\" - PrijedorDanas.com - Prijedorski gradski portal","robots":{"index":"index","follow":"follow","max-snippet":"max-snippet:-1","max-image-preview":"max-image-preview:large","max-video-preview":"max-video-preview:-1"},"canonical":"https:\/\/www.prijedordanas.com\/?p=165592","og_locale":"en_US","og_type":"article","og_title":"Odgovor \"Niskogradnje Marjanovic\u0301\" na ju\u010dera\u0161nju pres konferenciju: Odba\u010dene informacije o razlozima blokade ra\u010duna \"Toplane\" - PrijedorDanas.com - Prijedorski gradski portal","og_description":"\u201eNiskogradnja &#8211; Marjanovi\u0107&#8221; d.o.o. Prijedor Odgovor na pres konferenciju Po\u0161tovani, Ovim putem se obra\u0107amo gradona\u010delniku gosp. Daliboru Pavlovi\u0107u, v.d.direktoru Du\u0161ku Mileti\u0107u \u201eToplana&#8221; a.d. Prijedor i javnosti. Ra\u010dun prijedorske \u201cToplane\u201d blokiran [&hellip;]","og_url":"https:\/\/www.prijedordanas.com\/?p=165592","og_site_name":"PrijedorDanas.com - Prijedorski gradski portal","article_publisher":"https:\/\/www.facebook.com\/PrijedorDanasCom\/","article_published_time":"2021-04-20T14:00:37+00:00","og_image":[{"url":"https:\/\/www.prijedordanas.com\/wp-content\/uploads\/2021\/04\/niskogradnja-marjanovic-300x225.jpg"}],"author":"admin","twitter_card":"summary_large_image","twitter_misc":{"Written by":"admin","Est. reading time":"4 minutes"},"schema":{"@context":"https:\/\/schema.org","@graph":[{"@type":"Article","@id":"https:\/\/www.prijedordanas.com\/?p=165592#article","isPartOf":{"@id":"https:\/\/www.prijedordanas.com\/?p=165592"},"author":{"name":"admin","@id":"https:\/\/www.prijedordanas.com\/#\/schema\/person\/4e08ccf29b506ca916ff86d46bb700e6"},"headline":"Odgovor &#8220;Niskogradnje Marjanovic\u0301&#8221; na ju\u010dera\u0161nju pres konferenciju: Odba\u010dene informacije o razlozima blokade ra\u010duna &#8220;Toplane&#8221;","datePublished":"2021-04-20T14:00:37+00:00","dateModified":"2021-04-20T14:00:37+00:00","mainEntityOfPage":{"@id":"https:\/\/www.prijedordanas.com\/?p=165592"},"wordCount":777,"publisher":{"@id":"https:\/\/www.prijedordanas.com\/#organization"},"articleSection":["Dru\u0161tvo"],"inLanguage":"en-US"},{"@type":"WebPage","@id":"https:\/\/www.prijedordanas.com\/?p=165592","url":"https:\/\/www.prijedordanas.com\/?p=165592","name":"Odgovor \"Niskogradnje Marjanovic\u0301\" na ju\u010dera\u0161nju pres konferenciju: Odba\u010dene informacije o razlozima blokade ra\u010duna \"Toplane\" - PrijedorDanas.com - Prijedorski gradski portal","isPartOf":{"@id":"https:\/\/www.prijedordanas.com\/#website"},"datePublished":"2021-04-20T14:00:37+00:00","dateModified":"2021-04-20T14:00:37+00:00","breadcrumb":{"@id":"https:\/\/www.prijedordanas.com\/?p=165592#breadcrumb"},"inLanguage":"en-US","potentialAction":[{"@type":"ReadAction","target":["https:\/\/www.prijedordanas.com\/?p=165592"]}]},{"@type":"BreadcrumbList","@id":"https:\/\/www.prijedordanas.com\/?p=165592#breadcrumb","itemListElement":[{"@type":"ListItem","position":1,"name":"Home","item":"https:\/\/www.prijedordanas.com\/"},{"@type":"ListItem","position":2,"name":"Odgovor &#8220;Niskogradnje Marjanovic\u0301&#8221; na ju\u010dera\u0161nju pres konferenciju: Odba\u010dene informacije o razlozima blokade ra\u010duna &#8220;Toplane&#8221;"}]},{"@type":"WebSite","@id":"https:\/\/www.prijedordanas.com\/#website","url":"https:\/\/www.prijedordanas.com\/","name":"PrijedorDanas.com - Prijedorski gradski portal","description":"Portal o doga\u0111anjima u gradu Prijedoru","publisher":{"@id":"https:\/\/www.prijedordanas.com\/#organization"},"potentialAction":[{"@type":"SearchAction","target":{"@type":"EntryPoint","urlTemplate":"https:\/\/www.prijedordanas.com\/?s={search_term_string}"},"query-input":"required name=search_term_string"}],"inLanguage":"en-US"},{"@type":"Organization","@id":"https:\/\/www.prijedordanas.com\/#organization","name":"PrijedorDanas.com","url":"https:\/\/www.prijedordanas.com\/","logo":{"@type":"ImageObject","inLanguage":"en-US","@id":"https:\/\/www.prijedordanas.com\/#\/schema\/logo\/image\/","url":"http:\/\/www.prijedordanas.com\/wp-content\/uploads\/2021\/12\/logopng.png","contentUrl":"http:\/\/www.prijedordanas.com\/wp-content\/uploads\/2021\/12\/logopng.png","width":1019,"height":776,"caption":"PrijedorDanas.com"},"image":{"@id":"https:\/\/www.prijedordanas.com\/#\/schema\/logo\/image\/"},"sameAs":["https:\/\/www.facebook.com\/PrijedorDanasCom\/"]},{"@type":"Person","@id":"https:\/\/www.prijedordanas.com\/#\/schema\/person\/4e08ccf29b506ca916ff86d46bb700e6","name":"admin","image":{"@type":"ImageObject","inLanguage":"en-US","@id":"https:\/\/www.prijedordanas.com\/#\/schema\/person\/image\/","url":"https:\/\/secure.gravatar.com\/avatar\/1d3fc949d550f0b53a5f0d51e06dfd79?s=96&d=mm&r=g","contentUrl":"https:\/\/secure.gravatar.com\/avatar\/1d3fc949d550f0b53a5f0d51e06dfd79?s=96&d=mm&r=g","caption":"admin"},"url":"https:\/\/www.prijedordanas.com\/?author=1"}]}},"_links":{"self":[{"href":"https:\/\/www.prijedordanas.com\/index.php?rest_route=\/wp\/v2\/posts\/165592"}],"collection":[{"href":"https:\/\/www.prijedordanas.com\/index.php?rest_route=\/wp\/v2\/posts"}],"about":[{"href":"https:\/\/www.prijedordanas.com\/index.php?rest_route=\/wp\/v2\/types\/post"}],"author":[{"embeddable":true,"href":"https:\/\/www.prijedordanas.com\/index.php?rest_route=\/wp\/v2\/users\/1"}],"replies":[{"embeddable":true,"href":"https:\/\/www.prijedordanas.com\/index.php?rest_route=%2Fwp%2Fv2%2Fcomments&post=165592"}],"version-history":[{"count":1,"href":"https:\/\/www.prijedordanas.com\/index.php?rest_route=\/wp\/v2\/posts\/165592\/revisions"}],"predecessor-version":[{"id":165593,"href":"https:\/\/www.prijedordanas.com\/index.php?rest_route=\/wp\/v2\/posts\/165592\/revisions\/165593"}],"wp:attachment":[{"href":"https:\/\/www.prijedordanas.com\/index.php?rest_route=%2Fwp%2Fv2%2Fmedia&parent=165592"}],"wp:term":[{"taxonomy":"category","embeddable":true,"href":"https:\/\/www.prijedordanas.com\/index.php?rest_route=%2Fwp%2Fv2%2Fcategories&post=165592"},{"taxonomy":"post_tag","embeddable":true,"href":"https:\/\/www.prijedordanas.com\/index.php?rest_route=%2Fwp%2Fv2%2Ftags&post=165592"}],"curies":[{"name":"wp","href":"https:\/\/api.w.org\/{rel}","templated":true}]}}