{"id":165487,"date":"2021-04-18T11:58:31","date_gmt":"2021-04-18T09:58:31","guid":{"rendered":"https:\/\/www.prijedordanas.com\/?p=165487"},"modified":"2021-04-18T12:00:18","modified_gmt":"2021-04-18T10:00:18","slug":"gradonacelnik-pavlovic-posjetio-clanove-udruzenja-anemona-na-kozari","status":"publish","type":"post","link":"https:\/\/www.prijedordanas.com\/?p=165487","title":{"rendered":"Gradona\u010delnik Pavlovi\u0107 posjetio \u010dlanove Udru\u017eenja &#8220;Anemona&#8221; na Kozari"},"content":{"rendered":"<p><a href=\"https:\/\/www.prijedordanas.com\/wp-content\/uploads\/2021\/04\/prijedorgradorg-pavlovic-anemona-kozara-1.jpg\"><img loading=\"lazy\" decoding=\"async\" class=\"alignleft size-medium wp-image-165488\" src=\"https:\/\/www.prijedordanas.com\/wp-content\/uploads\/2021\/04\/prijedorgradorg-pavlovic-anemona-kozara-1-300x225.jpg\" alt=\"\" width=\"300\" height=\"225\" srcset=\"https:\/\/www.prijedordanas.com\/wp-content\/uploads\/2021\/04\/prijedorgradorg-pavlovic-anemona-kozara-1-300x225.jpg 300w, https:\/\/www.prijedordanas.com\/wp-content\/uploads\/2021\/04\/prijedorgradorg-pavlovic-anemona-kozara-1-640x480.jpg 640w, https:\/\/www.prijedordanas.com\/wp-content\/uploads\/2021\/04\/prijedorgradorg-pavlovic-anemona-kozara-1.jpg 667w\" sizes=\"(max-width: 300px) 100vw, 300px\" \/><\/a>Gradona\u010delnik Prijedora Dalibor Pavlovi\u0107 posjetio je \u010dlanove Udru\u017eenja gra\u0111ana oboljelih od astme &#8220;Anemona&#8221; pod \u010dijim sponzorstvom oni provode ovaj vikend na planini Kozari.<\/p>\n<p>&#8220;Moja podr\u0161ka po\u010dela je kad sam shvatio na koji na\u010din ovo udru\u017eenje nastoji da pomogne svojim \u010dlanovima, pogotovo bolesnoj djeci.Tada sam li\u010dno pomogao da se organizuje jedan ovakav boravak na planini i obe\u0107ao sam da \u0107e grad koliko bude u mogu\u0107nosti podr\u017eati&#8221;, rekao je Pavlovi\u0107.<\/p>\n<p>On je dodao da je i ovaj put &#8221; Anemoni&#8221; pomogao li\u010dno, kao \u010dovjek da ovog vikenda borave na Kozari, a da \u0107e grad i on kao graona\u010delnik stajati iza projekata koji budu provodili u narednom periodu.<\/p>\n<p><a href=\"https:\/\/www.prijedordanas.com\/wp-content\/uploads\/2021\/04\/prijedorgradorg-pavlovic-anemona-kozara-2.jpg\"><img loading=\"lazy\" decoding=\"async\" class=\"alignleft size-medium wp-image-165489\" src=\"https:\/\/www.prijedordanas.com\/wp-content\/uploads\/2021\/04\/prijedorgradorg-pavlovic-anemona-kozara-2-300x225.jpg\" alt=\"\" width=\"300\" height=\"225\" srcset=\"https:\/\/www.prijedordanas.com\/wp-content\/uploads\/2021\/04\/prijedorgradorg-pavlovic-anemona-kozara-2-300x225.jpg 300w, https:\/\/www.prijedordanas.com\/wp-content\/uploads\/2021\/04\/prijedorgradorg-pavlovic-anemona-kozara-2-640x480.jpg 640w, https:\/\/www.prijedordanas.com\/wp-content\/uploads\/2021\/04\/prijedorgradorg-pavlovic-anemona-kozara-2.jpg 667w\" sizes=\"(max-width: 300px) 100vw, 300px\" \/><\/a>&#8220;Ima\u0107e ovo udru\u017eenje podr\u0161ku mnogo ve\u0107u nego \u0161to je to bilo u proteklom periodu kada vidimo kako djeca ovdje lak\u0161e i bolje di\u0161u i da su sre\u0107ni i veseli, smatram da je na\u0161 zadatak i misija da omogu\u0107imo djeci da ovdje na\u010dine te korake koji \u0107e pomo\u0107i njihovom zdravlju&#8221;, dodao je Pavlovi\u0107.<\/p>\n<p>Predsjednica Udru\u017eenja Ilinka Macura izjavila je novinarima da je ovo praksa koja se redovno provodi te da je pro\u0161le godine bilo \u010dak sedam odlazaka na Kozaru,a da im je u ovoj godini ovo drugi boravak na ovoj planini.<\/p>\n<p><a href=\"https:\/\/www.prijedordanas.com\/wp-content\/uploads\/2021\/04\/prijedorgradorg-pavlovic-anemona-kozara-3.jpg\"><img loading=\"lazy\" decoding=\"async\" src=\"https:\/\/www.prijedordanas.com\/wp-content\/uploads\/2021\/04\/prijedorgradorg-pavlovic-anemona-kozara-3-225x300.jpg\" alt=\"\" width=\"225\" height=\"300\" class=\"alignleft size-medium wp-image-165491\" srcset=\"https:\/\/www.prijedordanas.com\/wp-content\/uploads\/2021\/04\/prijedorgradorg-pavlovic-anemona-kozara-3-225x300.jpg 225w, https:\/\/www.prijedordanas.com\/wp-content\/uploads\/2021\/04\/prijedorgradorg-pavlovic-anemona-kozara-3.jpg 450w\" sizes=\"(max-width: 225px) 100vw, 225px\" \/><\/a>&#8220;Ovdje je za djecu zaista divno, oni stvarno di\u0161u i osjeti se ta promjena da djeca uzimaju manje terapija. Za djecu astmati\u010dare je to sigurno jedan odlazak kod doktora manje&#8221; rekla je Macura.<\/p>\n<p>Ona je dodala da se tokom boravka na planini organizuju &#8221; astma \u0161kole&#8221; i &#8220;\u0161kole disanja&#8221; te da svoj \u010dlanove informi\u0161u kako da se izbore sa ovom bole\u0161\u0107u.<\/p>\n<p>&#8220;Vje\u017ebe disanja su zaista bitne kod djece astmati\u010dara, jer ako ne nau\u010de pravilno disati ne\u0107e mo\u0107i ni pravilno uzeti svoju terapiju&#8221;, naglasila je Macura i zahvalila se gradona\u010delniku na razumijevanju i podr\u0161ci koju im je do sada pru\u017eio.<\/p>\n<p>Udru\u017eenje &#8220;Anemona&#8221; je jedino takvo udru\u017eenje u BiH koje okuplja oko 700 \u010dlanova, me\u0111u kojim je najvi\u0161e djece oboljelih od astme do 17 godina starosti.<\/p>\n<p><a href=\"http:\/\/prijedorgrad.org\/sr-EU\/vijesti-sadrzaj.html?vid=11480\" target=\"_blank\" rel=\"noopener\">prijedorgrad.org<\/a><\/p>\n<p><a href=\"https:\/\/www.prijedordanas.com\/wp-content\/uploads\/2021\/04\/prijedorgradorg-pavlovic-anemona-kozara-4.jpg\"><img loading=\"lazy\" decoding=\"async\" src=\"https:\/\/www.prijedordanas.com\/wp-content\/uploads\/2021\/04\/prijedorgradorg-pavlovic-anemona-kozara-4-300x225.jpg\" alt=\"\" width=\"300\" height=\"225\" class=\"alignleft size-medium wp-image-165492\" srcset=\"https:\/\/www.prijedordanas.com\/wp-content\/uploads\/2021\/04\/prijedorgradorg-pavlovic-anemona-kozara-4-300x225.jpg 300w, https:\/\/www.prijedordanas.com\/wp-content\/uploads\/2021\/04\/prijedorgradorg-pavlovic-anemona-kozara-4.jpg 600w\" sizes=\"(max-width: 300px) 100vw, 300px\" \/><\/a> <a href=\"https:\/\/www.prijedordanas.com\/wp-content\/uploads\/2021\/04\/prijedorgradorg-pavlovic-anemona-kozara-5.jpg\"><img loading=\"lazy\" decoding=\"async\" src=\"https:\/\/www.prijedordanas.com\/wp-content\/uploads\/2021\/04\/prijedorgradorg-pavlovic-anemona-kozara-5-300x225.jpg\" alt=\"\" width=\"300\" height=\"225\" class=\"alignleft size-medium wp-image-165493\" srcset=\"https:\/\/www.prijedordanas.com\/wp-content\/uploads\/2021\/04\/prijedorgradorg-pavlovic-anemona-kozara-5-300x225.jpg 300w, https:\/\/www.prijedordanas.com\/wp-content\/uploads\/2021\/04\/prijedorgradorg-pavlovic-anemona-kozara-5.jpg 600w\" sizes=\"(max-width: 300px) 100vw, 300px\" \/><\/a><\/p>\n","protected":false},"excerpt":{"rendered":"<p>Gradona\u010delnik Prijedora Dalibor Pavlovi\u0107 posjetio je \u010dlanove Udru\u017eenja gra\u0111ana oboljelih od astme &#8220;Anemona&#8221; pod \u010dijim sponzorstvom oni provode ovaj vikend na planini Kozari. &#8220;Moja podr\u0161ka po\u010dela je kad sam shvatio [&hellip;]<\/p>\n","protected":false},"author":1,"featured_media":0,"comment_status":"closed","ping_status":"open","sticky":false,"template":"","format":"standard","meta":{"_monsterinsights_skip_tracking":false,"_monsterinsights_sitenote_active":false,"_monsterinsights_sitenote_note":"","_monsterinsights_sitenote_category":0,"footnotes":""},"categories":[8],"tags":[],"yoast_head":"<!-- This site is optimized with the Yoast SEO plugin v21.6 - https:\/\/yoast.com\/wordpress\/plugins\/seo\/ -->\n<title>Gradona\u010delnik Pavlovi\u0107 posjetio \u010dlanove Udru\u017eenja &quot;Anemona&quot; na Kozari - PrijedorDanas.com - Prijedorski gradski portal<\/title>\n<meta name=\"robots\" content=\"index, follow, max-snippet:-1, max-image-preview:large, max-video-preview:-1\" \/>\n<link rel=\"canonical\" href=\"https:\/\/www.prijedordanas.com\/?p=165487\" \/>\n<meta property=\"og:locale\" content=\"en_US\" \/>\n<meta property=\"og:type\" content=\"article\" \/>\n<meta property=\"og:title\" content=\"Gradona\u010delnik Pavlovi\u0107 posjetio \u010dlanove Udru\u017eenja &quot;Anemona&quot; na Kozari - PrijedorDanas.com - Prijedorski gradski portal\" \/>\n<meta property=\"og:description\" content=\"Gradona\u010delnik Prijedora Dalibor Pavlovi\u0107 posjetio je \u010dlanove Udru\u017eenja gra\u0111ana oboljelih od astme &#8220;Anemona&#8221; pod \u010dijim sponzorstvom oni provode ovaj vikend na planini Kozari. &#8220;Moja podr\u0161ka po\u010dela je kad sam shvatio [&hellip;]\" \/>\n<meta property=\"og:url\" content=\"https:\/\/www.prijedordanas.com\/?p=165487\" \/>\n<meta property=\"og:site_name\" content=\"PrijedorDanas.com - Prijedorski gradski portal\" \/>\n<meta property=\"article:publisher\" content=\"https:\/\/www.facebook.com\/PrijedorDanasCom\/\" \/>\n<meta property=\"article:published_time\" content=\"2021-04-18T09:58:31+00:00\" \/>\n<meta property=\"article:modified_time\" content=\"2021-04-18T10:00:18+00:00\" \/>\n<meta property=\"og:image\" content=\"https:\/\/www.prijedordanas.com\/wp-content\/uploads\/2021\/04\/prijedorgradorg-pavlovic-anemona-kozara-1-300x225.jpg\" \/>\n<meta name=\"author\" content=\"admin\" \/>\n<meta name=\"twitter:card\" content=\"summary_large_image\" \/>\n<meta name=\"twitter:label1\" content=\"Written by\" \/>\n\t<meta name=\"twitter:data1\" content=\"admin\" \/>\n\t<meta name=\"twitter:label2\" content=\"Est. reading time\" \/>\n\t<meta name=\"twitter:data2\" content=\"2 minutes\" \/>\n<script type=\"application\/ld+json\" class=\"yoast-schema-graph\">{\"@context\":\"https:\/\/schema.org\",\"@graph\":[{\"@type\":\"Article\",\"@id\":\"https:\/\/www.prijedordanas.com\/?p=165487#article\",\"isPartOf\":{\"@id\":\"https:\/\/www.prijedordanas.com\/?p=165487\"},\"author\":{\"name\":\"admin\",\"@id\":\"https:\/\/www.prijedordanas.com\/#\/schema\/person\/4e08ccf29b506ca916ff86d46bb700e6\"},\"headline\":\"Gradona\u010delnik Pavlovi\u0107 posjetio \u010dlanove Udru\u017eenja &#8220;Anemona&#8221; na Kozari\",\"datePublished\":\"2021-04-18T09:58:31+00:00\",\"dateModified\":\"2021-04-18T10:00:18+00:00\",\"mainEntityOfPage\":{\"@id\":\"https:\/\/www.prijedordanas.com\/?p=165487\"},\"wordCount\":370,\"publisher\":{\"@id\":\"https:\/\/www.prijedordanas.com\/#organization\"},\"articleSection\":[\"Svakodnevno\"],\"inLanguage\":\"en-US\"},{\"@type\":\"WebPage\",\"@id\":\"https:\/\/www.prijedordanas.com\/?p=165487\",\"url\":\"https:\/\/www.prijedordanas.com\/?p=165487\",\"name\":\"Gradona\u010delnik Pavlovi\u0107 posjetio \u010dlanove Udru\u017eenja \\\"Anemona\\\" na Kozari - PrijedorDanas.com - Prijedorski gradski portal\",\"isPartOf\":{\"@id\":\"https:\/\/www.prijedordanas.com\/#website\"},\"datePublished\":\"2021-04-18T09:58:31+00:00\",\"dateModified\":\"2021-04-18T10:00:18+00:00\",\"breadcrumb\":{\"@id\":\"https:\/\/www.prijedordanas.com\/?p=165487#breadcrumb\"},\"inLanguage\":\"en-US\",\"potentialAction\":[{\"@type\":\"ReadAction\",\"target\":[\"https:\/\/www.prijedordanas.com\/?p=165487\"]}]},{\"@type\":\"BreadcrumbList\",\"@id\":\"https:\/\/www.prijedordanas.com\/?p=165487#breadcrumb\",\"itemListElement\":[{\"@type\":\"ListItem\",\"position\":1,\"name\":\"Home\",\"item\":\"https:\/\/www.prijedordanas.com\/\"},{\"@type\":\"ListItem\",\"position\":2,\"name\":\"Gradona\u010delnik Pavlovi\u0107 posjetio \u010dlanove Udru\u017eenja &#8220;Anemona&#8221; na Kozari\"}]},{\"@type\":\"WebSite\",\"@id\":\"https:\/\/www.prijedordanas.com\/#website\",\"url\":\"https:\/\/www.prijedordanas.com\/\",\"name\":\"PrijedorDanas.com - Prijedorski gradski portal\",\"description\":\"Portal o doga\u0111anjima u gradu Prijedoru\",\"publisher\":{\"@id\":\"https:\/\/www.prijedordanas.com\/#organization\"},\"potentialAction\":[{\"@type\":\"SearchAction\",\"target\":{\"@type\":\"EntryPoint\",\"urlTemplate\":\"https:\/\/www.prijedordanas.com\/?s={search_term_string}\"},\"query-input\":\"required name=search_term_string\"}],\"inLanguage\":\"en-US\"},{\"@type\":\"Organization\",\"@id\":\"https:\/\/www.prijedordanas.com\/#organization\",\"name\":\"PrijedorDanas.com\",\"url\":\"https:\/\/www.prijedordanas.com\/\",\"logo\":{\"@type\":\"ImageObject\",\"inLanguage\":\"en-US\",\"@id\":\"https:\/\/www.prijedordanas.com\/#\/schema\/logo\/image\/\",\"url\":\"http:\/\/www.prijedordanas.com\/wp-content\/uploads\/2021\/12\/logopng.png\",\"contentUrl\":\"http:\/\/www.prijedordanas.com\/wp-content\/uploads\/2021\/12\/logopng.png\",\"width\":1019,\"height\":776,\"caption\":\"PrijedorDanas.com\"},\"image\":{\"@id\":\"https:\/\/www.prijedordanas.com\/#\/schema\/logo\/image\/\"},\"sameAs\":[\"https:\/\/www.facebook.com\/PrijedorDanasCom\/\"]},{\"@type\":\"Person\",\"@id\":\"https:\/\/www.prijedordanas.com\/#\/schema\/person\/4e08ccf29b506ca916ff86d46bb700e6\",\"name\":\"admin\",\"image\":{\"@type\":\"ImageObject\",\"inLanguage\":\"en-US\",\"@id\":\"https:\/\/www.prijedordanas.com\/#\/schema\/person\/image\/\",\"url\":\"https:\/\/secure.gravatar.com\/avatar\/1d3fc949d550f0b53a5f0d51e06dfd79?s=96&d=mm&r=g\",\"contentUrl\":\"https:\/\/secure.gravatar.com\/avatar\/1d3fc949d550f0b53a5f0d51e06dfd79?s=96&d=mm&r=g\",\"caption\":\"admin\"},\"url\":\"https:\/\/www.prijedordanas.com\/?author=1\"}]}<\/script>\n<!-- \/ Yoast SEO plugin. -->","yoast_head_json":{"title":"Gradona\u010delnik Pavlovi\u0107 posjetio \u010dlanove Udru\u017eenja \"Anemona\" na Kozari - PrijedorDanas.com - Prijedorski gradski portal","robots":{"index":"index","follow":"follow","max-snippet":"max-snippet:-1","max-image-preview":"max-image-preview:large","max-video-preview":"max-video-preview:-1"},"canonical":"https:\/\/www.prijedordanas.com\/?p=165487","og_locale":"en_US","og_type":"article","og_title":"Gradona\u010delnik Pavlovi\u0107 posjetio \u010dlanove Udru\u017eenja \"Anemona\" na Kozari - PrijedorDanas.com - Prijedorski gradski portal","og_description":"Gradona\u010delnik Prijedora Dalibor Pavlovi\u0107 posjetio je \u010dlanove Udru\u017eenja gra\u0111ana oboljelih od astme &#8220;Anemona&#8221; pod \u010dijim sponzorstvom oni provode ovaj vikend na planini Kozari. &#8220;Moja podr\u0161ka po\u010dela je kad sam shvatio [&hellip;]","og_url":"https:\/\/www.prijedordanas.com\/?p=165487","og_site_name":"PrijedorDanas.com - Prijedorski gradski portal","article_publisher":"https:\/\/www.facebook.com\/PrijedorDanasCom\/","article_published_time":"2021-04-18T09:58:31+00:00","article_modified_time":"2021-04-18T10:00:18+00:00","og_image":[{"url":"https:\/\/www.prijedordanas.com\/wp-content\/uploads\/2021\/04\/prijedorgradorg-pavlovic-anemona-kozara-1-300x225.jpg"}],"author":"admin","twitter_card":"summary_large_image","twitter_misc":{"Written by":"admin","Est. reading time":"2 minutes"},"schema":{"@context":"https:\/\/schema.org","@graph":[{"@type":"Article","@id":"https:\/\/www.prijedordanas.com\/?p=165487#article","isPartOf":{"@id":"https:\/\/www.prijedordanas.com\/?p=165487"},"author":{"name":"admin","@id":"https:\/\/www.prijedordanas.com\/#\/schema\/person\/4e08ccf29b506ca916ff86d46bb700e6"},"headline":"Gradona\u010delnik Pavlovi\u0107 posjetio \u010dlanove Udru\u017eenja &#8220;Anemona&#8221; na Kozari","datePublished":"2021-04-18T09:58:31+00:00","dateModified":"2021-04-18T10:00:18+00:00","mainEntityOfPage":{"@id":"https:\/\/www.prijedordanas.com\/?p=165487"},"wordCount":370,"publisher":{"@id":"https:\/\/www.prijedordanas.com\/#organization"},"articleSection":["Svakodnevno"],"inLanguage":"en-US"},{"@type":"WebPage","@id":"https:\/\/www.prijedordanas.com\/?p=165487","url":"https:\/\/www.prijedordanas.com\/?p=165487","name":"Gradona\u010delnik Pavlovi\u0107 posjetio \u010dlanove Udru\u017eenja \"Anemona\" na Kozari - PrijedorDanas.com - Prijedorski gradski portal","isPartOf":{"@id":"https:\/\/www.prijedordanas.com\/#website"},"datePublished":"2021-04-18T09:58:31+00:00","dateModified":"2021-04-18T10:00:18+00:00","breadcrumb":{"@id":"https:\/\/www.prijedordanas.com\/?p=165487#breadcrumb"},"inLanguage":"en-US","potentialAction":[{"@type":"ReadAction","target":["https:\/\/www.prijedordanas.com\/?p=165487"]}]},{"@type":"BreadcrumbList","@id":"https:\/\/www.prijedordanas.com\/?p=165487#breadcrumb","itemListElement":[{"@type":"ListItem","position":1,"name":"Home","item":"https:\/\/www.prijedordanas.com\/"},{"@type":"ListItem","position":2,"name":"Gradona\u010delnik Pavlovi\u0107 posjetio \u010dlanove Udru\u017eenja &#8220;Anemona&#8221; na Kozari"}]},{"@type":"WebSite","@id":"https:\/\/www.prijedordanas.com\/#website","url":"https:\/\/www.prijedordanas.com\/","name":"PrijedorDanas.com - Prijedorski gradski portal","description":"Portal o doga\u0111anjima u gradu Prijedoru","publisher":{"@id":"https:\/\/www.prijedordanas.com\/#organization"},"potentialAction":[{"@type":"SearchAction","target":{"@type":"EntryPoint","urlTemplate":"https:\/\/www.prijedordanas.com\/?s={search_term_string}"},"query-input":"required name=search_term_string"}],"inLanguage":"en-US"},{"@type":"Organization","@id":"https:\/\/www.prijedordanas.com\/#organization","name":"PrijedorDanas.com","url":"https:\/\/www.prijedordanas.com\/","logo":{"@type":"ImageObject","inLanguage":"en-US","@id":"https:\/\/www.prijedordanas.com\/#\/schema\/logo\/image\/","url":"http:\/\/www.prijedordanas.com\/wp-content\/uploads\/2021\/12\/logopng.png","contentUrl":"http:\/\/www.prijedordanas.com\/wp-content\/uploads\/2021\/12\/logopng.png","width":1019,"height":776,"caption":"PrijedorDanas.com"},"image":{"@id":"https:\/\/www.prijedordanas.com\/#\/schema\/logo\/image\/"},"sameAs":["https:\/\/www.facebook.com\/PrijedorDanasCom\/"]},{"@type":"Person","@id":"https:\/\/www.prijedordanas.com\/#\/schema\/person\/4e08ccf29b506ca916ff86d46bb700e6","name":"admin","image":{"@type":"ImageObject","inLanguage":"en-US","@id":"https:\/\/www.prijedordanas.com\/#\/schema\/person\/image\/","url":"https:\/\/secure.gravatar.com\/avatar\/1d3fc949d550f0b53a5f0d51e06dfd79?s=96&d=mm&r=g","contentUrl":"https:\/\/secure.gravatar.com\/avatar\/1d3fc949d550f0b53a5f0d51e06dfd79?s=96&d=mm&r=g","caption":"admin"},"url":"https:\/\/www.prijedordanas.com\/?author=1"}]}},"_links":{"self":[{"href":"https:\/\/www.prijedordanas.com\/index.php?rest_route=\/wp\/v2\/posts\/165487"}],"collection":[{"href":"https:\/\/www.prijedordanas.com\/index.php?rest_route=\/wp\/v2\/posts"}],"about":[{"href":"https:\/\/www.prijedordanas.com\/index.php?rest_route=\/wp\/v2\/types\/post"}],"author":[{"embeddable":true,"href":"https:\/\/www.prijedordanas.com\/index.php?rest_route=\/wp\/v2\/users\/1"}],"replies":[{"embeddable":true,"href":"https:\/\/www.prijedordanas.com\/index.php?rest_route=%2Fwp%2Fv2%2Fcomments&post=165487"}],"version-history":[{"count":2,"href":"https:\/\/www.prijedordanas.com\/index.php?rest_route=\/wp\/v2\/posts\/165487\/revisions"}],"predecessor-version":[{"id":165495,"href":"https:\/\/www.prijedordanas.com\/index.php?rest_route=\/wp\/v2\/posts\/165487\/revisions\/165495"}],"wp:attachment":[{"href":"https:\/\/www.prijedordanas.com\/index.php?rest_route=%2Fwp%2Fv2%2Fmedia&parent=165487"}],"wp:term":[{"taxonomy":"category","embeddable":true,"href":"https:\/\/www.prijedordanas.com\/index.php?rest_route=%2Fwp%2Fv2%2Fcategories&post=165487"},{"taxonomy":"post_tag","embeddable":true,"href":"https:\/\/www.prijedordanas.com\/index.php?rest_route=%2Fwp%2Fv2%2Ftags&post=165487"}],"curies":[{"name":"wp","href":"https:\/\/api.w.org\/{rel}","templated":true}]}}