{"id":164850,"date":"2021-04-02T16:47:33","date_gmt":"2021-04-02T14:47:33","guid":{"rendered":"https:\/\/www.prijedordanas.com\/?p=164850"},"modified":"2021-04-02T16:47:33","modified_gmt":"2021-04-02T14:47:33","slug":"u-prijedoru-trenutno-118-pozitivnih-na-korona-virus-do-sada-vakcinisano-1-690-gradana","status":"publish","type":"post","link":"https:\/\/www.prijedordanas.com\/?p=164850","title":{"rendered":"U Prijedoru trenutno 118 pozitivnih na korona virus: Do sada vakcinisano 1.690 gra\u0111ana"},"content":{"rendered":"<p><a href=\"https:\/\/www.prijedordanas.com\/wp-content\/uploads\/2021\/04\/stab-2april-1.jpg\"><img loading=\"lazy\" decoding=\"async\" class=\"alignleft size-medium wp-image-164846\" src=\"https:\/\/www.prijedordanas.com\/wp-content\/uploads\/2021\/04\/stab-2april-1-300x225.jpg\" alt=\"\" width=\"300\" height=\"225\" srcset=\"https:\/\/www.prijedordanas.com\/wp-content\/uploads\/2021\/04\/stab-2april-1-300x225.jpg 300w, https:\/\/www.prijedordanas.com\/wp-content\/uploads\/2021\/04\/stab-2april-1-640x480.jpg 640w, https:\/\/www.prijedordanas.com\/wp-content\/uploads\/2021\/04\/stab-2april-1.jpg 667w\" sizes=\"(max-width: 300px) 100vw, 300px\" \/><\/a>Grad Prijedor<br \/>\nGradski \u0161tab za vanredne situacije<\/p>\n<p>SAOP\u0160TENJE ZA JAVNOST<\/p>\n<p>Danas je u Prijedoru odr\u017eana 16. ovogodi\u0161nja sjednica Gradskog \u0161taba za vanredne situacije potvr\u0111eno je da je u Prijedoru trenutno 118 lica pozitivnih na virus korona, 198 je pod zdravstvenim nadzorom, a ukupno do sada je 85 preminulih \u010clanovi \u0161taba su informisani i da je do sada izvr\u0161ena vakcinacija 1.690 gra\u0111ana Prijedora (zdravstvenih radnika, lica u domovima za stara lica i gra\u0111ana preko 65 godina starosti). Od ponedjeljka, 5. aprila, po\u010dinje revakcinacija.<\/p>\n<p><a href=\"https:\/\/www.prijedordanas.com\/wp-content\/uploads\/2021\/04\/stab-2april-3.jpg\"><img loading=\"lazy\" decoding=\"async\" src=\"https:\/\/www.prijedordanas.com\/wp-content\/uploads\/2021\/04\/stab-2april-3-300x225.jpg\" alt=\"\" width=\"300\" height=\"225\" class=\"alignleft size-medium wp-image-164847\" srcset=\"https:\/\/www.prijedordanas.com\/wp-content\/uploads\/2021\/04\/stab-2april-3-300x225.jpg 300w, https:\/\/www.prijedordanas.com\/wp-content\/uploads\/2021\/04\/stab-2april-3.jpg 600w\" sizes=\"(max-width: 300px) 100vw, 300px\" \/><\/a>U bolnici &#8220;Dr Mladen Stojanovi\u0107&#8221; na kovid odjeljenju se lije\u010di 69 pacijenata, uglavnom sa te\u017eom i te\u0161kom klini\u010dkom slikom. Trenutno 5. sprat bolnice slu\u017ei kao kovid odjeljenje. Bolnica i 4. sprat, odnosno interno odjeljenje, stavlja u funkciju lije\u010denja isklju\u010divo pacijenata zara\u017eenih korona virusom, \u010dime se pove\u0107ava broj mjesta za pacijente sa potrebom za neki vid kiseoni\u010dke podr\u0161ke. Od danas kre\u0107e revakcinacija zdravstvenih radnika bolnice.<\/p>\n<p>Jedan od zaklju\u010daka sjednice je da u gradu nema ve\u0107ih kr\u0161enja epidemiolo\u0161kih mjera od strane pravnih subjekata i gra\u0111ana Prijedora. Tako\u0111e, lica u izolaciji po\u0161tuju pravila izolacije. Slu\u017ebe nadzora, kontrole i inspekcije su svakodnevno na terenu.<\/p>\n<p>Gradona\u010delnik je naglasio da je potrebno da se svi pridr\u017eavamo epidemiolo\u0161kih mjera, kako bismo zajedni\u010dki smanjili mogu\u0107nost \u0161irenja zaraze i oboljevanja na\u0161ih gra\u0111ana virusom korona. Redovne dezinfekcije prostorija kud se gra\u0111ani kre\u0107u, odr\u017eavanje distance i no\u0161enje maske u prostorijama su osnovno u \u010demu svi gra\u0111ani mogu dati svoj doprinos u borbi protiv virusa korona. Potvrdio je da \u0107e se, pored dezinfekcije javnih povr\u0161ina, izvr\u0161iti i dezinfekcija pje\u0161a\u010dke zone u centru grada kada se za to stvore povoljni vremenski uslovi.<\/p>\n<p><a href=\"https:\/\/www.prijedordanas.com\/wp-content\/uploads\/2021\/04\/stab-2april-7.jpg\"><img loading=\"lazy\" decoding=\"async\" src=\"https:\/\/www.prijedordanas.com\/wp-content\/uploads\/2021\/04\/stab-2april-7-300x225.jpg\" alt=\"\" width=\"300\" height=\"225\" class=\"alignleft size-medium wp-image-164848\" srcset=\"https:\/\/www.prijedordanas.com\/wp-content\/uploads\/2021\/04\/stab-2april-7-300x225.jpg 300w, https:\/\/www.prijedordanas.com\/wp-content\/uploads\/2021\/04\/stab-2april-7.jpg 600w\" sizes=\"(max-width: 300px) 100vw, 300px\" \/><\/a><\/p>\n","protected":false},"excerpt":{"rendered":"<p>Grad Prijedor Gradski \u0161tab za vanredne situacije SAOP\u0160TENJE ZA JAVNOST Danas je u Prijedoru odr\u017eana 16. ovogodi\u0161nja sjednica Gradskog \u0161taba za vanredne situacije potvr\u0111eno je da je u Prijedoru trenutno [&hellip;]<\/p>\n","protected":false},"author":1,"featured_media":0,"comment_status":"closed","ping_status":"open","sticky":false,"template":"","format":"standard","meta":{"_monsterinsights_skip_tracking":false,"_monsterinsights_sitenote_active":false,"_monsterinsights_sitenote_note":"","_monsterinsights_sitenote_category":0,"footnotes":""},"categories":[4],"tags":[11081],"yoast_head":"<!-- This site is optimized with the Yoast SEO plugin v21.6 - https:\/\/yoast.com\/wordpress\/plugins\/seo\/ -->\n<title>U Prijedoru trenutno 118 pozitivnih na korona virus: Do sada vakcinisano 1.690 gra\u0111ana - PrijedorDanas.com - Prijedorski gradski portal<\/title>\n<meta name=\"robots\" content=\"index, follow, max-snippet:-1, max-image-preview:large, max-video-preview:-1\" \/>\n<link rel=\"canonical\" href=\"https:\/\/www.prijedordanas.com\/?p=164850\" \/>\n<meta property=\"og:locale\" content=\"en_US\" \/>\n<meta property=\"og:type\" content=\"article\" \/>\n<meta property=\"og:title\" content=\"U Prijedoru trenutno 118 pozitivnih na korona virus: Do sada vakcinisano 1.690 gra\u0111ana - PrijedorDanas.com - Prijedorski gradski portal\" \/>\n<meta property=\"og:description\" content=\"Grad Prijedor Gradski \u0161tab za vanredne situacije SAOP\u0160TENJE ZA JAVNOST Danas je u Prijedoru odr\u017eana 16. ovogodi\u0161nja sjednica Gradskog \u0161taba za vanredne situacije potvr\u0111eno je da je u Prijedoru trenutno [&hellip;]\" \/>\n<meta property=\"og:url\" content=\"https:\/\/www.prijedordanas.com\/?p=164850\" \/>\n<meta property=\"og:site_name\" content=\"PrijedorDanas.com - Prijedorski gradski portal\" \/>\n<meta property=\"article:publisher\" content=\"https:\/\/www.facebook.com\/PrijedorDanasCom\/\" \/>\n<meta property=\"article:published_time\" content=\"2021-04-02T14:47:33+00:00\" \/>\n<meta property=\"og:image\" content=\"https:\/\/www.prijedordanas.com\/wp-content\/uploads\/2021\/04\/stab-2april-1-300x225.jpg\" \/>\n<meta name=\"author\" content=\"admin\" \/>\n<meta name=\"twitter:card\" content=\"summary_large_image\" \/>\n<meta name=\"twitter:label1\" content=\"Written by\" \/>\n\t<meta name=\"twitter:data1\" content=\"admin\" \/>\n\t<meta name=\"twitter:label2\" content=\"Est. reading time\" \/>\n\t<meta name=\"twitter:data2\" content=\"1 minute\" \/>\n<script type=\"application\/ld+json\" class=\"yoast-schema-graph\">{\"@context\":\"https:\/\/schema.org\",\"@graph\":[{\"@type\":\"Article\",\"@id\":\"https:\/\/www.prijedordanas.com\/?p=164850#article\",\"isPartOf\":{\"@id\":\"https:\/\/www.prijedordanas.com\/?p=164850\"},\"author\":{\"name\":\"admin\",\"@id\":\"https:\/\/www.prijedordanas.com\/#\/schema\/person\/4e08ccf29b506ca916ff86d46bb700e6\"},\"headline\":\"U Prijedoru trenutno 118 pozitivnih na korona virus: Do sada vakcinisano 1.690 gra\u0111ana\",\"datePublished\":\"2021-04-02T14:47:33+00:00\",\"dateModified\":\"2021-04-02T14:47:33+00:00\",\"mainEntityOfPage\":{\"@id\":\"https:\/\/www.prijedordanas.com\/?p=164850\"},\"wordCount\":307,\"publisher\":{\"@id\":\"https:\/\/www.prijedordanas.com\/#organization\"},\"keywords\":[\"korona\"],\"articleSection\":[\"Dru\u0161tvo\"],\"inLanguage\":\"en-US\"},{\"@type\":\"WebPage\",\"@id\":\"https:\/\/www.prijedordanas.com\/?p=164850\",\"url\":\"https:\/\/www.prijedordanas.com\/?p=164850\",\"name\":\"U Prijedoru trenutno 118 pozitivnih na korona virus: Do sada vakcinisano 1.690 gra\u0111ana - PrijedorDanas.com - Prijedorski gradski portal\",\"isPartOf\":{\"@id\":\"https:\/\/www.prijedordanas.com\/#website\"},\"datePublished\":\"2021-04-02T14:47:33+00:00\",\"dateModified\":\"2021-04-02T14:47:33+00:00\",\"breadcrumb\":{\"@id\":\"https:\/\/www.prijedordanas.com\/?p=164850#breadcrumb\"},\"inLanguage\":\"en-US\",\"potentialAction\":[{\"@type\":\"ReadAction\",\"target\":[\"https:\/\/www.prijedordanas.com\/?p=164850\"]}]},{\"@type\":\"BreadcrumbList\",\"@id\":\"https:\/\/www.prijedordanas.com\/?p=164850#breadcrumb\",\"itemListElement\":[{\"@type\":\"ListItem\",\"position\":1,\"name\":\"Home\",\"item\":\"https:\/\/www.prijedordanas.com\/\"},{\"@type\":\"ListItem\",\"position\":2,\"name\":\"U Prijedoru trenutno 118 pozitivnih na korona virus: Do sada vakcinisano 1.690 gra\u0111ana\"}]},{\"@type\":\"WebSite\",\"@id\":\"https:\/\/www.prijedordanas.com\/#website\",\"url\":\"https:\/\/www.prijedordanas.com\/\",\"name\":\"PrijedorDanas.com - Prijedorski gradski portal\",\"description\":\"Portal o doga\u0111anjima u gradu Prijedoru\",\"publisher\":{\"@id\":\"https:\/\/www.prijedordanas.com\/#organization\"},\"potentialAction\":[{\"@type\":\"SearchAction\",\"target\":{\"@type\":\"EntryPoint\",\"urlTemplate\":\"https:\/\/www.prijedordanas.com\/?s={search_term_string}\"},\"query-input\":\"required name=search_term_string\"}],\"inLanguage\":\"en-US\"},{\"@type\":\"Organization\",\"@id\":\"https:\/\/www.prijedordanas.com\/#organization\",\"name\":\"PrijedorDanas.com\",\"url\":\"https:\/\/www.prijedordanas.com\/\",\"logo\":{\"@type\":\"ImageObject\",\"inLanguage\":\"en-US\",\"@id\":\"https:\/\/www.prijedordanas.com\/#\/schema\/logo\/image\/\",\"url\":\"http:\/\/www.prijedordanas.com\/wp-content\/uploads\/2021\/12\/logopng.png\",\"contentUrl\":\"http:\/\/www.prijedordanas.com\/wp-content\/uploads\/2021\/12\/logopng.png\",\"width\":1019,\"height\":776,\"caption\":\"PrijedorDanas.com\"},\"image\":{\"@id\":\"https:\/\/www.prijedordanas.com\/#\/schema\/logo\/image\/\"},\"sameAs\":[\"https:\/\/www.facebook.com\/PrijedorDanasCom\/\"]},{\"@type\":\"Person\",\"@id\":\"https:\/\/www.prijedordanas.com\/#\/schema\/person\/4e08ccf29b506ca916ff86d46bb700e6\",\"name\":\"admin\",\"image\":{\"@type\":\"ImageObject\",\"inLanguage\":\"en-US\",\"@id\":\"https:\/\/www.prijedordanas.com\/#\/schema\/person\/image\/\",\"url\":\"https:\/\/secure.gravatar.com\/avatar\/1d3fc949d550f0b53a5f0d51e06dfd79?s=96&d=mm&r=g\",\"contentUrl\":\"https:\/\/secure.gravatar.com\/avatar\/1d3fc949d550f0b53a5f0d51e06dfd79?s=96&d=mm&r=g\",\"caption\":\"admin\"},\"url\":\"https:\/\/www.prijedordanas.com\/?author=1\"}]}<\/script>\n<!-- \/ Yoast SEO plugin. -->","yoast_head_json":{"title":"U Prijedoru trenutno 118 pozitivnih na korona virus: Do sada vakcinisano 1.690 gra\u0111ana - PrijedorDanas.com - Prijedorski gradski portal","robots":{"index":"index","follow":"follow","max-snippet":"max-snippet:-1","max-image-preview":"max-image-preview:large","max-video-preview":"max-video-preview:-1"},"canonical":"https:\/\/www.prijedordanas.com\/?p=164850","og_locale":"en_US","og_type":"article","og_title":"U Prijedoru trenutno 118 pozitivnih na korona virus: Do sada vakcinisano 1.690 gra\u0111ana - PrijedorDanas.com - Prijedorski gradski portal","og_description":"Grad Prijedor Gradski \u0161tab za vanredne situacije SAOP\u0160TENJE ZA JAVNOST Danas je u Prijedoru odr\u017eana 16. ovogodi\u0161nja sjednica Gradskog \u0161taba za vanredne situacije potvr\u0111eno je da je u Prijedoru trenutno [&hellip;]","og_url":"https:\/\/www.prijedordanas.com\/?p=164850","og_site_name":"PrijedorDanas.com - Prijedorski gradski portal","article_publisher":"https:\/\/www.facebook.com\/PrijedorDanasCom\/","article_published_time":"2021-04-02T14:47:33+00:00","og_image":[{"url":"https:\/\/www.prijedordanas.com\/wp-content\/uploads\/2021\/04\/stab-2april-1-300x225.jpg"}],"author":"admin","twitter_card":"summary_large_image","twitter_misc":{"Written by":"admin","Est. reading time":"1 minute"},"schema":{"@context":"https:\/\/schema.org","@graph":[{"@type":"Article","@id":"https:\/\/www.prijedordanas.com\/?p=164850#article","isPartOf":{"@id":"https:\/\/www.prijedordanas.com\/?p=164850"},"author":{"name":"admin","@id":"https:\/\/www.prijedordanas.com\/#\/schema\/person\/4e08ccf29b506ca916ff86d46bb700e6"},"headline":"U Prijedoru trenutno 118 pozitivnih na korona virus: Do sada vakcinisano 1.690 gra\u0111ana","datePublished":"2021-04-02T14:47:33+00:00","dateModified":"2021-04-02T14:47:33+00:00","mainEntityOfPage":{"@id":"https:\/\/www.prijedordanas.com\/?p=164850"},"wordCount":307,"publisher":{"@id":"https:\/\/www.prijedordanas.com\/#organization"},"keywords":["korona"],"articleSection":["Dru\u0161tvo"],"inLanguage":"en-US"},{"@type":"WebPage","@id":"https:\/\/www.prijedordanas.com\/?p=164850","url":"https:\/\/www.prijedordanas.com\/?p=164850","name":"U Prijedoru trenutno 118 pozitivnih na korona virus: Do sada vakcinisano 1.690 gra\u0111ana - PrijedorDanas.com - Prijedorski gradski portal","isPartOf":{"@id":"https:\/\/www.prijedordanas.com\/#website"},"datePublished":"2021-04-02T14:47:33+00:00","dateModified":"2021-04-02T14:47:33+00:00","breadcrumb":{"@id":"https:\/\/www.prijedordanas.com\/?p=164850#breadcrumb"},"inLanguage":"en-US","potentialAction":[{"@type":"ReadAction","target":["https:\/\/www.prijedordanas.com\/?p=164850"]}]},{"@type":"BreadcrumbList","@id":"https:\/\/www.prijedordanas.com\/?p=164850#breadcrumb","itemListElement":[{"@type":"ListItem","position":1,"name":"Home","item":"https:\/\/www.prijedordanas.com\/"},{"@type":"ListItem","position":2,"name":"U Prijedoru trenutno 118 pozitivnih na korona virus: Do sada vakcinisano 1.690 gra\u0111ana"}]},{"@type":"WebSite","@id":"https:\/\/www.prijedordanas.com\/#website","url":"https:\/\/www.prijedordanas.com\/","name":"PrijedorDanas.com - Prijedorski gradski portal","description":"Portal o doga\u0111anjima u gradu Prijedoru","publisher":{"@id":"https:\/\/www.prijedordanas.com\/#organization"},"potentialAction":[{"@type":"SearchAction","target":{"@type":"EntryPoint","urlTemplate":"https:\/\/www.prijedordanas.com\/?s={search_term_string}"},"query-input":"required name=search_term_string"}],"inLanguage":"en-US"},{"@type":"Organization","@id":"https:\/\/www.prijedordanas.com\/#organization","name":"PrijedorDanas.com","url":"https:\/\/www.prijedordanas.com\/","logo":{"@type":"ImageObject","inLanguage":"en-US","@id":"https:\/\/www.prijedordanas.com\/#\/schema\/logo\/image\/","url":"http:\/\/www.prijedordanas.com\/wp-content\/uploads\/2021\/12\/logopng.png","contentUrl":"http:\/\/www.prijedordanas.com\/wp-content\/uploads\/2021\/12\/logopng.png","width":1019,"height":776,"caption":"PrijedorDanas.com"},"image":{"@id":"https:\/\/www.prijedordanas.com\/#\/schema\/logo\/image\/"},"sameAs":["https:\/\/www.facebook.com\/PrijedorDanasCom\/"]},{"@type":"Person","@id":"https:\/\/www.prijedordanas.com\/#\/schema\/person\/4e08ccf29b506ca916ff86d46bb700e6","name":"admin","image":{"@type":"ImageObject","inLanguage":"en-US","@id":"https:\/\/www.prijedordanas.com\/#\/schema\/person\/image\/","url":"https:\/\/secure.gravatar.com\/avatar\/1d3fc949d550f0b53a5f0d51e06dfd79?s=96&d=mm&r=g","contentUrl":"https:\/\/secure.gravatar.com\/avatar\/1d3fc949d550f0b53a5f0d51e06dfd79?s=96&d=mm&r=g","caption":"admin"},"url":"https:\/\/www.prijedordanas.com\/?author=1"}]}},"_links":{"self":[{"href":"https:\/\/www.prijedordanas.com\/index.php?rest_route=\/wp\/v2\/posts\/164850"}],"collection":[{"href":"https:\/\/www.prijedordanas.com\/index.php?rest_route=\/wp\/v2\/posts"}],"about":[{"href":"https:\/\/www.prijedordanas.com\/index.php?rest_route=\/wp\/v2\/types\/post"}],"author":[{"embeddable":true,"href":"https:\/\/www.prijedordanas.com\/index.php?rest_route=\/wp\/v2\/users\/1"}],"replies":[{"embeddable":true,"href":"https:\/\/www.prijedordanas.com\/index.php?rest_route=%2Fwp%2Fv2%2Fcomments&post=164850"}],"version-history":[{"count":1,"href":"https:\/\/www.prijedordanas.com\/index.php?rest_route=\/wp\/v2\/posts\/164850\/revisions"}],"predecessor-version":[{"id":164851,"href":"https:\/\/www.prijedordanas.com\/index.php?rest_route=\/wp\/v2\/posts\/164850\/revisions\/164851"}],"wp:attachment":[{"href":"https:\/\/www.prijedordanas.com\/index.php?rest_route=%2Fwp%2Fv2%2Fmedia&parent=164850"}],"wp:term":[{"taxonomy":"category","embeddable":true,"href":"https:\/\/www.prijedordanas.com\/index.php?rest_route=%2Fwp%2Fv2%2Fcategories&post=164850"},{"taxonomy":"post_tag","embeddable":true,"href":"https:\/\/www.prijedordanas.com\/index.php?rest_route=%2Fwp%2Fv2%2Ftags&post=164850"}],"curies":[{"name":"wp","href":"https:\/\/api.w.org\/{rel}","templated":true}]}}