{"id":164823,"date":"2021-04-01T20:32:23","date_gmt":"2021-04-01T18:32:23","guid":{"rendered":"https:\/\/www.prijedordanas.com\/?p=164823"},"modified":"2021-04-01T20:32:23","modified_gmt":"2021-04-01T18:32:23","slug":"prijedor-u-slucaju-daljeg-rasta-broja-zarazenih-u-funkciji-zgrada-psihijatrije-video","status":"publish","type":"post","link":"https:\/\/www.prijedordanas.com\/?p=164823","title":{"rendered":"Prijedor: U slu\u010daju daljeg rasta broja zara\u017eenih &#8211; u funkciji zgrada Psihijatrije &#8211; VIDEO"},"content":{"rendered":"<p><a href=\"https:\/\/www.prijedordanas.com\/wp-content\/uploads\/2021\/03\/bolnica-prijedor-mart-2021.jpg\"><img loading=\"lazy\" decoding=\"async\" class=\"alignleft size-medium wp-image-164697\" src=\"https:\/\/www.prijedordanas.com\/wp-content\/uploads\/2021\/03\/bolnica-prijedor-mart-2021-300x225.jpg\" alt=\"\" width=\"300\" height=\"225\" srcset=\"https:\/\/www.prijedordanas.com\/wp-content\/uploads\/2021\/03\/bolnica-prijedor-mart-2021-300x225.jpg 300w, https:\/\/www.prijedordanas.com\/wp-content\/uploads\/2021\/03\/bolnica-prijedor-mart-2021-640x480.jpg 640w, https:\/\/www.prijedordanas.com\/wp-content\/uploads\/2021\/03\/bolnica-prijedor-mart-2021.jpg 667w\" sizes=\"(max-width: 300px) 100vw, 300px\" \/><\/a>Na kovid odjeljenju Bolnice &#8220;Dr Mladen Stojanovi\u0107&#8221; u Prijedoru pove\u0107an je broj prijema pacijenata pozitivnih na virus korona.<\/p>\n<p>Vr\u0161ilac du\u017enosti direktora ove zdravstvene ustanove Andrija Vukoti\u0107 rekao je da ve\u0107ina pacijenata koristi odre\u0111eni vid kiseoni\u010dke podr\u0161ke.<\/p>\n<p>On je istakao da u bolnici trenutno ima dovoljno smje\u0161tajnih kapaciteta, ali ukoliko se desi da se potrebe za hospitalizacijama pove\u0107aju, u funkciji \u0107e biti zgrada Psihijatrije, \u010dija je obnova privredena kraju.<\/p>\n<p><a href=\"https:\/\/www.prijedordanas.com\/wp-content\/uploads\/2021\/03\/kovid-bolnica-radovi-2.jpg\"><img loading=\"lazy\" decoding=\"async\" src=\"https:\/\/www.prijedordanas.com\/wp-content\/uploads\/2021\/03\/kovid-bolnica-radovi-2-300x225.jpg\" alt=\"\" width=\"300\" height=\"225\" class=\"alignleft size-medium wp-image-164765\" srcset=\"https:\/\/www.prijedordanas.com\/wp-content\/uploads\/2021\/03\/kovid-bolnica-radovi-2-300x225.jpg 300w, https:\/\/www.prijedordanas.com\/wp-content\/uploads\/2021\/03\/kovid-bolnica-radovi-2-640x480.jpg 640w, https:\/\/www.prijedordanas.com\/wp-content\/uploads\/2021\/03\/kovid-bolnica-radovi-2.jpg 667w\" sizes=\"(max-width: 300px) 100vw, 300px\" \/><\/a>&#8211; Ukoliko se desi da kapaciteti budu prepunjeni, odnosno ako budemo imalo vi\u0161e od 70 pacijenata na petom spratu i vi\u0161e od 10 na kovid intenzivnoj njezi, spremna je zgrada Psihijatrije, koja je obnovljena programu energetske efikasnosti. Ako na\u0161i kapaciteti bude prepunjeni, radovi na toj zgradi, koji su pri kraju, bi\u0107e obustavljeni i pacijenti \u0107e biti preba\u010deni &#8211; rekao je Vukoti\u0107.<\/p>\n<p>Sutra po\u010dinje revakcinacija 175 radnika prijedorske Bolnice, koji su vakcinisani prije 21 dan.<\/p>\n<p>RTRS<\/p>\n<div style=\"width: 640px;\" class=\"wp-video\"><!--[if lt IE 9]><script>document.createElement('video');<\/script><![endif]-->\n<video class=\"wp-video-shortcode\" id=\"video-164823-1\" width=\"640\" height=\"360\" preload=\"metadata\" controls=\"controls\"><source type=\"video\/mp4\" src=\"https:\/\/arh3.rtrs.tv\/arhiva\/2021\/04\/01\/tvclip046776.mp4?_=1\" \/><a href=\"https:\/\/arh3.rtrs.tv\/arhiva\/2021\/04\/01\/tvclip046776.mp4\">https:\/\/arh3.rtrs.tv\/arhiva\/2021\/04\/01\/tvclip046776.mp4<\/a><\/video><\/div>\n","protected":false},"excerpt":{"rendered":"<p>Na kovid odjeljenju Bolnice &#8220;Dr Mladen Stojanovi\u0107&#8221; u Prijedoru pove\u0107an je broj prijema pacijenata pozitivnih na virus korona. Vr\u0161ilac du\u017enosti direktora ove zdravstvene ustanove Andrija Vukoti\u0107 rekao je da ve\u0107ina [&hellip;]<\/p>\n","protected":false},"author":1,"featured_media":0,"comment_status":"closed","ping_status":"open","sticky":false,"template":"","format":"standard","meta":{"_monsterinsights_skip_tracking":false,"_monsterinsights_sitenote_active":false,"_monsterinsights_sitenote_note":"","_monsterinsights_sitenote_category":0,"footnotes":""},"categories":[4],"tags":[],"yoast_head":"<!-- This site is optimized with the Yoast SEO plugin v21.6 - https:\/\/yoast.com\/wordpress\/plugins\/seo\/ -->\n<title>Prijedor: U slu\u010daju daljeg rasta broja zara\u017eenih - u funkciji zgrada Psihijatrije - VIDEO - PrijedorDanas.com - Prijedorski gradski portal<\/title>\n<meta name=\"robots\" content=\"index, follow, max-snippet:-1, max-image-preview:large, max-video-preview:-1\" \/>\n<link rel=\"canonical\" href=\"https:\/\/www.prijedordanas.com\/?p=164823\" \/>\n<meta property=\"og:locale\" content=\"en_US\" \/>\n<meta property=\"og:type\" content=\"article\" \/>\n<meta property=\"og:title\" content=\"Prijedor: U slu\u010daju daljeg rasta broja zara\u017eenih - u funkciji zgrada Psihijatrije - VIDEO - PrijedorDanas.com - Prijedorski gradski portal\" \/>\n<meta property=\"og:description\" content=\"Na kovid odjeljenju Bolnice &#8220;Dr Mladen Stojanovi\u0107&#8221; u Prijedoru pove\u0107an je broj prijema pacijenata pozitivnih na virus korona. Vr\u0161ilac du\u017enosti direktora ove zdravstvene ustanove Andrija Vukoti\u0107 rekao je da ve\u0107ina [&hellip;]\" \/>\n<meta property=\"og:url\" content=\"https:\/\/www.prijedordanas.com\/?p=164823\" \/>\n<meta property=\"og:site_name\" content=\"PrijedorDanas.com - Prijedorski gradski portal\" \/>\n<meta property=\"article:publisher\" content=\"https:\/\/www.facebook.com\/PrijedorDanasCom\/\" \/>\n<meta property=\"article:published_time\" content=\"2021-04-01T18:32:23+00:00\" \/>\n<meta property=\"og:image\" content=\"https:\/\/www.prijedordanas.com\/wp-content\/uploads\/2021\/03\/bolnica-prijedor-mart-2021-300x225.jpg\" \/>\n<meta name=\"author\" content=\"admin\" \/>\n<meta name=\"twitter:card\" content=\"summary_large_image\" \/>\n<meta name=\"twitter:label1\" content=\"Written by\" \/>\n\t<meta name=\"twitter:data1\" content=\"admin\" \/>\n\t<meta name=\"twitter:label2\" content=\"Est. reading time\" \/>\n\t<meta name=\"twitter:data2\" content=\"1 minute\" \/>\n<script type=\"application\/ld+json\" class=\"yoast-schema-graph\">{\"@context\":\"https:\/\/schema.org\",\"@graph\":[{\"@type\":\"Article\",\"@id\":\"https:\/\/www.prijedordanas.com\/?p=164823#article\",\"isPartOf\":{\"@id\":\"https:\/\/www.prijedordanas.com\/?p=164823\"},\"author\":{\"name\":\"admin\",\"@id\":\"https:\/\/www.prijedordanas.com\/#\/schema\/person\/4e08ccf29b506ca916ff86d46bb700e6\"},\"headline\":\"Prijedor: U slu\u010daju daljeg rasta broja zara\u017eenih &#8211; u funkciji zgrada Psihijatrije &#8211; VIDEO\",\"datePublished\":\"2021-04-01T18:32:23+00:00\",\"dateModified\":\"2021-04-01T18:32:23+00:00\",\"mainEntityOfPage\":{\"@id\":\"https:\/\/www.prijedordanas.com\/?p=164823\"},\"wordCount\":177,\"publisher\":{\"@id\":\"https:\/\/www.prijedordanas.com\/#organization\"},\"articleSection\":[\"Dru\u0161tvo\"],\"inLanguage\":\"en-US\"},{\"@type\":\"WebPage\",\"@id\":\"https:\/\/www.prijedordanas.com\/?p=164823\",\"url\":\"https:\/\/www.prijedordanas.com\/?p=164823\",\"name\":\"Prijedor: U slu\u010daju daljeg rasta broja zara\u017eenih - u funkciji zgrada Psihijatrije - VIDEO - PrijedorDanas.com - Prijedorski gradski portal\",\"isPartOf\":{\"@id\":\"https:\/\/www.prijedordanas.com\/#website\"},\"datePublished\":\"2021-04-01T18:32:23+00:00\",\"dateModified\":\"2021-04-01T18:32:23+00:00\",\"breadcrumb\":{\"@id\":\"https:\/\/www.prijedordanas.com\/?p=164823#breadcrumb\"},\"inLanguage\":\"en-US\",\"potentialAction\":[{\"@type\":\"ReadAction\",\"target\":[\"https:\/\/www.prijedordanas.com\/?p=164823\"]}]},{\"@type\":\"BreadcrumbList\",\"@id\":\"https:\/\/www.prijedordanas.com\/?p=164823#breadcrumb\",\"itemListElement\":[{\"@type\":\"ListItem\",\"position\":1,\"name\":\"Home\",\"item\":\"https:\/\/www.prijedordanas.com\/\"},{\"@type\":\"ListItem\",\"position\":2,\"name\":\"Prijedor: U slu\u010daju daljeg rasta broja zara\u017eenih &#8211; u funkciji zgrada Psihijatrije &#8211; VIDEO\"}]},{\"@type\":\"WebSite\",\"@id\":\"https:\/\/www.prijedordanas.com\/#website\",\"url\":\"https:\/\/www.prijedordanas.com\/\",\"name\":\"PrijedorDanas.com - Prijedorski gradski portal\",\"description\":\"Portal o doga\u0111anjima u gradu Prijedoru\",\"publisher\":{\"@id\":\"https:\/\/www.prijedordanas.com\/#organization\"},\"potentialAction\":[{\"@type\":\"SearchAction\",\"target\":{\"@type\":\"EntryPoint\",\"urlTemplate\":\"https:\/\/www.prijedordanas.com\/?s={search_term_string}\"},\"query-input\":\"required name=search_term_string\"}],\"inLanguage\":\"en-US\"},{\"@type\":\"Organization\",\"@id\":\"https:\/\/www.prijedordanas.com\/#organization\",\"name\":\"PrijedorDanas.com\",\"url\":\"https:\/\/www.prijedordanas.com\/\",\"logo\":{\"@type\":\"ImageObject\",\"inLanguage\":\"en-US\",\"@id\":\"https:\/\/www.prijedordanas.com\/#\/schema\/logo\/image\/\",\"url\":\"http:\/\/www.prijedordanas.com\/wp-content\/uploads\/2021\/12\/logopng.png\",\"contentUrl\":\"http:\/\/www.prijedordanas.com\/wp-content\/uploads\/2021\/12\/logopng.png\",\"width\":1019,\"height\":776,\"caption\":\"PrijedorDanas.com\"},\"image\":{\"@id\":\"https:\/\/www.prijedordanas.com\/#\/schema\/logo\/image\/\"},\"sameAs\":[\"https:\/\/www.facebook.com\/PrijedorDanasCom\/\"]},{\"@type\":\"Person\",\"@id\":\"https:\/\/www.prijedordanas.com\/#\/schema\/person\/4e08ccf29b506ca916ff86d46bb700e6\",\"name\":\"admin\",\"image\":{\"@type\":\"ImageObject\",\"inLanguage\":\"en-US\",\"@id\":\"https:\/\/www.prijedordanas.com\/#\/schema\/person\/image\/\",\"url\":\"https:\/\/secure.gravatar.com\/avatar\/1d3fc949d550f0b53a5f0d51e06dfd79?s=96&d=mm&r=g\",\"contentUrl\":\"https:\/\/secure.gravatar.com\/avatar\/1d3fc949d550f0b53a5f0d51e06dfd79?s=96&d=mm&r=g\",\"caption\":\"admin\"},\"url\":\"https:\/\/www.prijedordanas.com\/?author=1\"}]}<\/script>\n<!-- \/ Yoast SEO plugin. -->","yoast_head_json":{"title":"Prijedor: U slu\u010daju daljeg rasta broja zara\u017eenih - u funkciji zgrada Psihijatrije - VIDEO - PrijedorDanas.com - Prijedorski gradski portal","robots":{"index":"index","follow":"follow","max-snippet":"max-snippet:-1","max-image-preview":"max-image-preview:large","max-video-preview":"max-video-preview:-1"},"canonical":"https:\/\/www.prijedordanas.com\/?p=164823","og_locale":"en_US","og_type":"article","og_title":"Prijedor: U slu\u010daju daljeg rasta broja zara\u017eenih - u funkciji zgrada Psihijatrije - VIDEO - PrijedorDanas.com - Prijedorski gradski portal","og_description":"Na kovid odjeljenju Bolnice &#8220;Dr Mladen Stojanovi\u0107&#8221; u Prijedoru pove\u0107an je broj prijema pacijenata pozitivnih na virus korona. Vr\u0161ilac du\u017enosti direktora ove zdravstvene ustanove Andrija Vukoti\u0107 rekao je da ve\u0107ina [&hellip;]","og_url":"https:\/\/www.prijedordanas.com\/?p=164823","og_site_name":"PrijedorDanas.com - Prijedorski gradski portal","article_publisher":"https:\/\/www.facebook.com\/PrijedorDanasCom\/","article_published_time":"2021-04-01T18:32:23+00:00","og_image":[{"url":"https:\/\/www.prijedordanas.com\/wp-content\/uploads\/2021\/03\/bolnica-prijedor-mart-2021-300x225.jpg"}],"author":"admin","twitter_card":"summary_large_image","twitter_misc":{"Written by":"admin","Est. reading time":"1 minute"},"schema":{"@context":"https:\/\/schema.org","@graph":[{"@type":"Article","@id":"https:\/\/www.prijedordanas.com\/?p=164823#article","isPartOf":{"@id":"https:\/\/www.prijedordanas.com\/?p=164823"},"author":{"name":"admin","@id":"https:\/\/www.prijedordanas.com\/#\/schema\/person\/4e08ccf29b506ca916ff86d46bb700e6"},"headline":"Prijedor: U slu\u010daju daljeg rasta broja zara\u017eenih &#8211; u funkciji zgrada Psihijatrije &#8211; VIDEO","datePublished":"2021-04-01T18:32:23+00:00","dateModified":"2021-04-01T18:32:23+00:00","mainEntityOfPage":{"@id":"https:\/\/www.prijedordanas.com\/?p=164823"},"wordCount":177,"publisher":{"@id":"https:\/\/www.prijedordanas.com\/#organization"},"articleSection":["Dru\u0161tvo"],"inLanguage":"en-US"},{"@type":"WebPage","@id":"https:\/\/www.prijedordanas.com\/?p=164823","url":"https:\/\/www.prijedordanas.com\/?p=164823","name":"Prijedor: U slu\u010daju daljeg rasta broja zara\u017eenih - u funkciji zgrada Psihijatrije - VIDEO - PrijedorDanas.com - Prijedorski gradski portal","isPartOf":{"@id":"https:\/\/www.prijedordanas.com\/#website"},"datePublished":"2021-04-01T18:32:23+00:00","dateModified":"2021-04-01T18:32:23+00:00","breadcrumb":{"@id":"https:\/\/www.prijedordanas.com\/?p=164823#breadcrumb"},"inLanguage":"en-US","potentialAction":[{"@type":"ReadAction","target":["https:\/\/www.prijedordanas.com\/?p=164823"]}]},{"@type":"BreadcrumbList","@id":"https:\/\/www.prijedordanas.com\/?p=164823#breadcrumb","itemListElement":[{"@type":"ListItem","position":1,"name":"Home","item":"https:\/\/www.prijedordanas.com\/"},{"@type":"ListItem","position":2,"name":"Prijedor: U slu\u010daju daljeg rasta broja zara\u017eenih &#8211; u funkciji zgrada Psihijatrije &#8211; VIDEO"}]},{"@type":"WebSite","@id":"https:\/\/www.prijedordanas.com\/#website","url":"https:\/\/www.prijedordanas.com\/","name":"PrijedorDanas.com - Prijedorski gradski portal","description":"Portal o doga\u0111anjima u gradu Prijedoru","publisher":{"@id":"https:\/\/www.prijedordanas.com\/#organization"},"potentialAction":[{"@type":"SearchAction","target":{"@type":"EntryPoint","urlTemplate":"https:\/\/www.prijedordanas.com\/?s={search_term_string}"},"query-input":"required name=search_term_string"}],"inLanguage":"en-US"},{"@type":"Organization","@id":"https:\/\/www.prijedordanas.com\/#organization","name":"PrijedorDanas.com","url":"https:\/\/www.prijedordanas.com\/","logo":{"@type":"ImageObject","inLanguage":"en-US","@id":"https:\/\/www.prijedordanas.com\/#\/schema\/logo\/image\/","url":"http:\/\/www.prijedordanas.com\/wp-content\/uploads\/2021\/12\/logopng.png","contentUrl":"http:\/\/www.prijedordanas.com\/wp-content\/uploads\/2021\/12\/logopng.png","width":1019,"height":776,"caption":"PrijedorDanas.com"},"image":{"@id":"https:\/\/www.prijedordanas.com\/#\/schema\/logo\/image\/"},"sameAs":["https:\/\/www.facebook.com\/PrijedorDanasCom\/"]},{"@type":"Person","@id":"https:\/\/www.prijedordanas.com\/#\/schema\/person\/4e08ccf29b506ca916ff86d46bb700e6","name":"admin","image":{"@type":"ImageObject","inLanguage":"en-US","@id":"https:\/\/www.prijedordanas.com\/#\/schema\/person\/image\/","url":"https:\/\/secure.gravatar.com\/avatar\/1d3fc949d550f0b53a5f0d51e06dfd79?s=96&d=mm&r=g","contentUrl":"https:\/\/secure.gravatar.com\/avatar\/1d3fc949d550f0b53a5f0d51e06dfd79?s=96&d=mm&r=g","caption":"admin"},"url":"https:\/\/www.prijedordanas.com\/?author=1"}]}},"_links":{"self":[{"href":"https:\/\/www.prijedordanas.com\/index.php?rest_route=\/wp\/v2\/posts\/164823"}],"collection":[{"href":"https:\/\/www.prijedordanas.com\/index.php?rest_route=\/wp\/v2\/posts"}],"about":[{"href":"https:\/\/www.prijedordanas.com\/index.php?rest_route=\/wp\/v2\/types\/post"}],"author":[{"embeddable":true,"href":"https:\/\/www.prijedordanas.com\/index.php?rest_route=\/wp\/v2\/users\/1"}],"replies":[{"embeddable":true,"href":"https:\/\/www.prijedordanas.com\/index.php?rest_route=%2Fwp%2Fv2%2Fcomments&post=164823"}],"version-history":[{"count":1,"href":"https:\/\/www.prijedordanas.com\/index.php?rest_route=\/wp\/v2\/posts\/164823\/revisions"}],"predecessor-version":[{"id":164824,"href":"https:\/\/www.prijedordanas.com\/index.php?rest_route=\/wp\/v2\/posts\/164823\/revisions\/164824"}],"wp:attachment":[{"href":"https:\/\/www.prijedordanas.com\/index.php?rest_route=%2Fwp%2Fv2%2Fmedia&parent=164823"}],"wp:term":[{"taxonomy":"category","embeddable":true,"href":"https:\/\/www.prijedordanas.com\/index.php?rest_route=%2Fwp%2Fv2%2Fcategories&post=164823"},{"taxonomy":"post_tag","embeddable":true,"href":"https:\/\/www.prijedordanas.com\/index.php?rest_route=%2Fwp%2Fv2%2Ftags&post=164823"}],"curies":[{"name":"wp","href":"https:\/\/api.w.org\/{rel}","templated":true}]}}