{"id":16481,"date":"2015-02-20T11:16:54","date_gmt":"2015-02-20T10:16:54","guid":{"rendered":"https:\/\/www.prijedordanas.com\/?p=16481"},"modified":"2015-02-20T11:19:49","modified_gmt":"2015-02-20T10:19:49","slug":"prijedorcanka-semira-hoffman-pomaze-i-u-hrvatskoj-rana-intervencija-u-autizmu-video","status":"publish","type":"post","link":"https:\/\/www.prijedordanas.com\/?p=16481","title":{"rendered":"PRIJEDOR\u010cANKA SEMIRA HOFFMAN POMA\u017dE I U HRVATSKOJ: RANA INTERVENCIJA U AUTIZMU \u2013 VIDEO"},"content":{"rendered":"<p><a href=\"https:\/\/www.prijedordanas.com\/wp-content\/uploads\/2015\/02\/hrt-semira-hofman-autizam.jpg\"><img loading=\"lazy\" decoding=\"async\" class=\"alignleft size-medium wp-image-16451\" src=\"https:\/\/www.prijedordanas.com\/wp-content\/uploads\/2015\/02\/hrt-semira-hofman-autizam-300x203.jpg\" alt=\"hrt-semira hofman-autizam\" width=\"300\" height=\"203\" srcset=\"https:\/\/www.prijedordanas.com\/wp-content\/uploads\/2015\/02\/hrt-semira-hofman-autizam-300x203.jpg 300w, https:\/\/www.prijedordanas.com\/wp-content\/uploads\/2015\/02\/hrt-semira-hofman-autizam.jpg 600w\" sizes=\"(max-width: 300px) 100vw, 300px\" \/><\/a>Autizam je zbog manifestacije vrlo slo\u017een biolo\u0161ki razvojni poreme\u0107aj mozga. Karakteriziraju ga slaba ili nikakva socijalna interakcija i komunikacija, ograni\u010deni ponavljaju\u0107i obrasci pona\u0161anja. Zato je najva\u017enija rana intervencija. Za neke, prilago\u0111eni softveri u terapiji poti\u010du br\u017ei razvoj.<\/p>\n<p>Ivor ima 4 i pol godine. 2013. dijagnosticiran mu je autizam. Tada je od tonova proizvodio samo visoki C, ne\u0161to izme\u0111u pjevanja i vri\u0161tanja. Po cijeli je dan le\u017eao na podu i gurao auti\u0107. Uop\u0107e se nije odazivao. Brat Viktor mislio je da ne \u010duje. Nije prepoznavao opasnosti koje mo\u017ee izazvati penjanje, udaranje, bacanje stvari i skakanje. Nije dopu\u0161tao fizi\u010dki kontakt, a kamoli poljubac. No, danas je slika Ivorove igre sasvim druga\u010dija.<\/p>\n<p>Ivorova majka Nata\u0161a Bahun nije se predavala. Kako bi pomogla svom djetetu zavr\u0161ila je mnoge te\u010dajeve i edukacije. Tako je do\u0161la i do Semire Hoffman, po struci medicinske sestre koju mnogi roditelji u Semirinoj rodnoj Bosni i Hercegovini zovu dobrom vilom iz Amerike. Ona se posljednjih 5 godina posvetila ranoj intervenciji u tretmanu autizma, jer je ameri\u010dki sustav smatrala prili\u010dno nehumanim. Osnovala je domove za djecu i odrasle ometene u razvoju, kao i Kliniku za rane intervencije u autizmu. Hrvatsku je posjetila kako bi roditeljima djece s autizmompoklonila 10 primjeraka programa Teach Town, koji se koristi u ameri\u010dkoj klinici i u domovima u ranom tretmanu autizma i kojim posti\u017eu jako dobre rezultate.<\/p>\n<p>\u201eJako je va\u017eno da se tretman po\u010dne u \u0161to ranijoj dobi kod djece. Mi \u010dak radimo od 2 godine \u017eivota, jer se mogu posti\u0107i bolji rezultati. A i kasnije preveniramo neke komplikacije zbog nemogu\u0107nosti takvog djeteta da komunicira.&#8221;, isti\u010de va\u017enost rane intervencije Semira Hoffman, a opisuju\u0107i program dodaje: &#8220;Teach Town na jedan specifi\u010dan na\u010din kroz igru prakti\u010dno djecu osposobljava da komuniciraju, da se snalaze u socijalnim sredinama ovisno o stupnju kojeg dijete dosegne. Jako je va\u017eno da dijete ne prepoznaje da se s njim radi, nego djeca misle da se igraju.&#8221;<\/p>\n<p>Osim \u0161to ga \u010detiri puta tjedno posje\u0107uje teta Ivana, koja s njim radi po bihevioralnoj metodi, Ivor se svakodnevno igra i istovremeno u\u010di pomo\u0107u Teach Towna, koji se sastoji od 500 lekcija koje poti\u010du: razvoj jezika kao prvog koraka u razvoju govora, socijalne vje\u0161tine, prilagodljivost, olak\u0161ava povezivanje pojmova i generalizaciju. A tu je i 300 dodatnih prijedloga za nagradne igrice. Neka su djeca, ka\u017ee Nata\u0161a, uz ovaj program prvi put progovorila. Ivor ga koristi tek dva mjeseca i kao \u0161to se vidi &#8211; u tomu apsolutno u\u017eiva. I svi se sla\u017eu koliko br\u017ee napreduje otkako mu ga je Semira donirala. Razvio je govor, pa\u017enju, po\u010deo ponavljati rije\u010di, vi\u0161e povezivati pojmove koje ondje vidi s pojmovima u svakodnevnom \u017eivotu. Jedina mana ovog programa je \u0161to je na engleskom jeziku. Da je na materinjem Ivor i ostali mnogo bi toga br\u017ee svladavali, jer bi se mogli igrati sami. Upravo se za prijevod na hrvatski mama Nata\u0161a zala\u017ee. \u010cak je osnovala i Centar za podr\u0161ku osobama s autizmom i njihovim roditeljima. A mi se nadamo da \u0107e i uspjeti.<\/p>\n<p>Hrt.hr<\/p>\n<p><iframe loading=\"lazy\" width=\"500\" height=\"375\" src=\"http:\/\/www.youtube.com\/embed\/KSCHuLiZQS8?feature=oembed\" frameborder=\"0\" allowfullscreen><\/iframe><\/p>\n","protected":false},"excerpt":{"rendered":"<p>Autizam je zbog manifestacije vrlo slo\u017een biolo\u0161ki razvojni poreme\u0107aj mozga. Karakteriziraju ga slaba ili nikakva socijalna interakcija i komunikacija, ograni\u010deni ponavljaju\u0107i obrasci pona\u0161anja. Zato je najva\u017enija rana intervencija. Za neke, [&hellip;]<\/p>\n","protected":false},"author":1,"featured_media":0,"comment_status":"closed","ping_status":"open","sticky":false,"template":"","format":"standard","meta":{"_monsterinsights_skip_tracking":false,"_monsterinsights_sitenote_active":false,"_monsterinsights_sitenote_note":"","_monsterinsights_sitenote_category":0,"footnotes":""},"categories":[4],"tags":[2614],"yoast_head":"<!-- This site is optimized with the Yoast SEO plugin v21.6 - https:\/\/yoast.com\/wordpress\/plugins\/seo\/ -->\n<title>PRIJEDOR\u010cANKA SEMIRA HOFFMAN POMA\u017dE I U HRVATSKOJ: RANA INTERVENCIJA U AUTIZMU \u2013 VIDEO - PrijedorDanas.com - Prijedorski gradski portal<\/title>\n<meta name=\"robots\" content=\"index, follow, max-snippet:-1, max-image-preview:large, max-video-preview:-1\" \/>\n<link rel=\"canonical\" href=\"https:\/\/www.prijedordanas.com\/?p=16481\" \/>\n<meta property=\"og:locale\" content=\"en_US\" \/>\n<meta property=\"og:type\" content=\"article\" \/>\n<meta property=\"og:title\" content=\"PRIJEDOR\u010cANKA SEMIRA HOFFMAN POMA\u017dE I U HRVATSKOJ: RANA INTERVENCIJA U AUTIZMU \u2013 VIDEO - PrijedorDanas.com - Prijedorski gradski portal\" \/>\n<meta property=\"og:description\" content=\"Autizam je zbog manifestacije vrlo slo\u017een biolo\u0161ki razvojni poreme\u0107aj mozga. Karakteriziraju ga slaba ili nikakva socijalna interakcija i komunikacija, ograni\u010deni ponavljaju\u0107i obrasci pona\u0161anja. Zato je najva\u017enija rana intervencija. Za neke, [&hellip;]\" \/>\n<meta property=\"og:url\" content=\"https:\/\/www.prijedordanas.com\/?p=16481\" \/>\n<meta property=\"og:site_name\" content=\"PrijedorDanas.com - Prijedorski gradski portal\" \/>\n<meta property=\"article:publisher\" content=\"https:\/\/www.facebook.com\/PrijedorDanasCom\/\" \/>\n<meta property=\"article:published_time\" content=\"2015-02-20T10:16:54+00:00\" \/>\n<meta property=\"article:modified_time\" content=\"2015-02-20T10:19:49+00:00\" \/>\n<meta property=\"og:image\" content=\"https:\/\/www.prijedordanas.com\/wp-content\/uploads\/2015\/02\/hrt-semira-hofman-autizam-300x203.jpg\" \/>\n<meta name=\"author\" content=\"admin\" \/>\n<meta name=\"twitter:card\" content=\"summary_large_image\" \/>\n<meta name=\"twitter:label1\" content=\"Written by\" \/>\n\t<meta name=\"twitter:data1\" content=\"admin\" \/>\n\t<meta name=\"twitter:label2\" content=\"Est. reading time\" \/>\n\t<meta name=\"twitter:data2\" content=\"3 minutes\" \/>\n<script type=\"application\/ld+json\" class=\"yoast-schema-graph\">{\"@context\":\"https:\/\/schema.org\",\"@graph\":[{\"@type\":\"Article\",\"@id\":\"https:\/\/www.prijedordanas.com\/?p=16481#article\",\"isPartOf\":{\"@id\":\"https:\/\/www.prijedordanas.com\/?p=16481\"},\"author\":{\"name\":\"admin\",\"@id\":\"https:\/\/www.prijedordanas.com\/#\/schema\/person\/4e08ccf29b506ca916ff86d46bb700e6\"},\"headline\":\"PRIJEDOR\u010cANKA SEMIRA HOFFMAN POMA\u017dE I U HRVATSKOJ: RANA INTERVENCIJA U AUTIZMU \u2013 VIDEO\",\"datePublished\":\"2015-02-20T10:16:54+00:00\",\"dateModified\":\"2015-02-20T10:19:49+00:00\",\"mainEntityOfPage\":{\"@id\":\"https:\/\/www.prijedordanas.com\/?p=16481\"},\"wordCount\":558,\"publisher\":{\"@id\":\"https:\/\/www.prijedordanas.com\/#organization\"},\"keywords\":[\"Semira Hoffman\"],\"articleSection\":[\"Dru\u0161tvo\"],\"inLanguage\":\"en-US\"},{\"@type\":\"WebPage\",\"@id\":\"https:\/\/www.prijedordanas.com\/?p=16481\",\"url\":\"https:\/\/www.prijedordanas.com\/?p=16481\",\"name\":\"PRIJEDOR\u010cANKA SEMIRA HOFFMAN POMA\u017dE I U HRVATSKOJ: RANA INTERVENCIJA U AUTIZMU \u2013 VIDEO - PrijedorDanas.com - Prijedorski gradski portal\",\"isPartOf\":{\"@id\":\"https:\/\/www.prijedordanas.com\/#website\"},\"datePublished\":\"2015-02-20T10:16:54+00:00\",\"dateModified\":\"2015-02-20T10:19:49+00:00\",\"breadcrumb\":{\"@id\":\"https:\/\/www.prijedordanas.com\/?p=16481#breadcrumb\"},\"inLanguage\":\"en-US\",\"potentialAction\":[{\"@type\":\"ReadAction\",\"target\":[\"https:\/\/www.prijedordanas.com\/?p=16481\"]}]},{\"@type\":\"BreadcrumbList\",\"@id\":\"https:\/\/www.prijedordanas.com\/?p=16481#breadcrumb\",\"itemListElement\":[{\"@type\":\"ListItem\",\"position\":1,\"name\":\"Home\",\"item\":\"https:\/\/www.prijedordanas.com\/\"},{\"@type\":\"ListItem\",\"position\":2,\"name\":\"PRIJEDOR\u010cANKA SEMIRA HOFFMAN POMA\u017dE I U HRVATSKOJ: RANA INTERVENCIJA U AUTIZMU \u2013 VIDEO\"}]},{\"@type\":\"WebSite\",\"@id\":\"https:\/\/www.prijedordanas.com\/#website\",\"url\":\"https:\/\/www.prijedordanas.com\/\",\"name\":\"PrijedorDanas.com - Prijedorski gradski portal\",\"description\":\"Portal o doga\u0111anjima u gradu Prijedoru\",\"publisher\":{\"@id\":\"https:\/\/www.prijedordanas.com\/#organization\"},\"potentialAction\":[{\"@type\":\"SearchAction\",\"target\":{\"@type\":\"EntryPoint\",\"urlTemplate\":\"https:\/\/www.prijedordanas.com\/?s={search_term_string}\"},\"query-input\":\"required name=search_term_string\"}],\"inLanguage\":\"en-US\"},{\"@type\":\"Organization\",\"@id\":\"https:\/\/www.prijedordanas.com\/#organization\",\"name\":\"PrijedorDanas.com\",\"url\":\"https:\/\/www.prijedordanas.com\/\",\"logo\":{\"@type\":\"ImageObject\",\"inLanguage\":\"en-US\",\"@id\":\"https:\/\/www.prijedordanas.com\/#\/schema\/logo\/image\/\",\"url\":\"http:\/\/www.prijedordanas.com\/wp-content\/uploads\/2021\/12\/logopng.png\",\"contentUrl\":\"http:\/\/www.prijedordanas.com\/wp-content\/uploads\/2021\/12\/logopng.png\",\"width\":1019,\"height\":776,\"caption\":\"PrijedorDanas.com\"},\"image\":{\"@id\":\"https:\/\/www.prijedordanas.com\/#\/schema\/logo\/image\/\"},\"sameAs\":[\"https:\/\/www.facebook.com\/PrijedorDanasCom\/\"]},{\"@type\":\"Person\",\"@id\":\"https:\/\/www.prijedordanas.com\/#\/schema\/person\/4e08ccf29b506ca916ff86d46bb700e6\",\"name\":\"admin\",\"image\":{\"@type\":\"ImageObject\",\"inLanguage\":\"en-US\",\"@id\":\"https:\/\/www.prijedordanas.com\/#\/schema\/person\/image\/\",\"url\":\"https:\/\/secure.gravatar.com\/avatar\/1d3fc949d550f0b53a5f0d51e06dfd79?s=96&d=mm&r=g\",\"contentUrl\":\"https:\/\/secure.gravatar.com\/avatar\/1d3fc949d550f0b53a5f0d51e06dfd79?s=96&d=mm&r=g\",\"caption\":\"admin\"},\"url\":\"https:\/\/www.prijedordanas.com\/?author=1\"}]}<\/script>\n<!-- \/ Yoast SEO plugin. -->","yoast_head_json":{"title":"PRIJEDOR\u010cANKA SEMIRA HOFFMAN POMA\u017dE I U HRVATSKOJ: RANA INTERVENCIJA U AUTIZMU \u2013 VIDEO - PrijedorDanas.com - Prijedorski gradski portal","robots":{"index":"index","follow":"follow","max-snippet":"max-snippet:-1","max-image-preview":"max-image-preview:large","max-video-preview":"max-video-preview:-1"},"canonical":"https:\/\/www.prijedordanas.com\/?p=16481","og_locale":"en_US","og_type":"article","og_title":"PRIJEDOR\u010cANKA SEMIRA HOFFMAN POMA\u017dE I U HRVATSKOJ: RANA INTERVENCIJA U AUTIZMU \u2013 VIDEO - PrijedorDanas.com - Prijedorski gradski portal","og_description":"Autizam je zbog manifestacije vrlo slo\u017een biolo\u0161ki razvojni poreme\u0107aj mozga. Karakteriziraju ga slaba ili nikakva socijalna interakcija i komunikacija, ograni\u010deni ponavljaju\u0107i obrasci pona\u0161anja. Zato je najva\u017enija rana intervencija. Za neke, [&hellip;]","og_url":"https:\/\/www.prijedordanas.com\/?p=16481","og_site_name":"PrijedorDanas.com - Prijedorski gradski portal","article_publisher":"https:\/\/www.facebook.com\/PrijedorDanasCom\/","article_published_time":"2015-02-20T10:16:54+00:00","article_modified_time":"2015-02-20T10:19:49+00:00","og_image":[{"url":"https:\/\/www.prijedordanas.com\/wp-content\/uploads\/2015\/02\/hrt-semira-hofman-autizam-300x203.jpg"}],"author":"admin","twitter_card":"summary_large_image","twitter_misc":{"Written by":"admin","Est. reading time":"3 minutes"},"schema":{"@context":"https:\/\/schema.org","@graph":[{"@type":"Article","@id":"https:\/\/www.prijedordanas.com\/?p=16481#article","isPartOf":{"@id":"https:\/\/www.prijedordanas.com\/?p=16481"},"author":{"name":"admin","@id":"https:\/\/www.prijedordanas.com\/#\/schema\/person\/4e08ccf29b506ca916ff86d46bb700e6"},"headline":"PRIJEDOR\u010cANKA SEMIRA HOFFMAN POMA\u017dE I U HRVATSKOJ: RANA INTERVENCIJA U AUTIZMU \u2013 VIDEO","datePublished":"2015-02-20T10:16:54+00:00","dateModified":"2015-02-20T10:19:49+00:00","mainEntityOfPage":{"@id":"https:\/\/www.prijedordanas.com\/?p=16481"},"wordCount":558,"publisher":{"@id":"https:\/\/www.prijedordanas.com\/#organization"},"keywords":["Semira Hoffman"],"articleSection":["Dru\u0161tvo"],"inLanguage":"en-US"},{"@type":"WebPage","@id":"https:\/\/www.prijedordanas.com\/?p=16481","url":"https:\/\/www.prijedordanas.com\/?p=16481","name":"PRIJEDOR\u010cANKA SEMIRA HOFFMAN POMA\u017dE I U HRVATSKOJ: RANA INTERVENCIJA U AUTIZMU \u2013 VIDEO - PrijedorDanas.com - Prijedorski gradski portal","isPartOf":{"@id":"https:\/\/www.prijedordanas.com\/#website"},"datePublished":"2015-02-20T10:16:54+00:00","dateModified":"2015-02-20T10:19:49+00:00","breadcrumb":{"@id":"https:\/\/www.prijedordanas.com\/?p=16481#breadcrumb"},"inLanguage":"en-US","potentialAction":[{"@type":"ReadAction","target":["https:\/\/www.prijedordanas.com\/?p=16481"]}]},{"@type":"BreadcrumbList","@id":"https:\/\/www.prijedordanas.com\/?p=16481#breadcrumb","itemListElement":[{"@type":"ListItem","position":1,"name":"Home","item":"https:\/\/www.prijedordanas.com\/"},{"@type":"ListItem","position":2,"name":"PRIJEDOR\u010cANKA SEMIRA HOFFMAN POMA\u017dE I U HRVATSKOJ: RANA INTERVENCIJA U AUTIZMU \u2013 VIDEO"}]},{"@type":"WebSite","@id":"https:\/\/www.prijedordanas.com\/#website","url":"https:\/\/www.prijedordanas.com\/","name":"PrijedorDanas.com - Prijedorski gradski portal","description":"Portal o doga\u0111anjima u gradu Prijedoru","publisher":{"@id":"https:\/\/www.prijedordanas.com\/#organization"},"potentialAction":[{"@type":"SearchAction","target":{"@type":"EntryPoint","urlTemplate":"https:\/\/www.prijedordanas.com\/?s={search_term_string}"},"query-input":"required name=search_term_string"}],"inLanguage":"en-US"},{"@type":"Organization","@id":"https:\/\/www.prijedordanas.com\/#organization","name":"PrijedorDanas.com","url":"https:\/\/www.prijedordanas.com\/","logo":{"@type":"ImageObject","inLanguage":"en-US","@id":"https:\/\/www.prijedordanas.com\/#\/schema\/logo\/image\/","url":"http:\/\/www.prijedordanas.com\/wp-content\/uploads\/2021\/12\/logopng.png","contentUrl":"http:\/\/www.prijedordanas.com\/wp-content\/uploads\/2021\/12\/logopng.png","width":1019,"height":776,"caption":"PrijedorDanas.com"},"image":{"@id":"https:\/\/www.prijedordanas.com\/#\/schema\/logo\/image\/"},"sameAs":["https:\/\/www.facebook.com\/PrijedorDanasCom\/"]},{"@type":"Person","@id":"https:\/\/www.prijedordanas.com\/#\/schema\/person\/4e08ccf29b506ca916ff86d46bb700e6","name":"admin","image":{"@type":"ImageObject","inLanguage":"en-US","@id":"https:\/\/www.prijedordanas.com\/#\/schema\/person\/image\/","url":"https:\/\/secure.gravatar.com\/avatar\/1d3fc949d550f0b53a5f0d51e06dfd79?s=96&d=mm&r=g","contentUrl":"https:\/\/secure.gravatar.com\/avatar\/1d3fc949d550f0b53a5f0d51e06dfd79?s=96&d=mm&r=g","caption":"admin"},"url":"https:\/\/www.prijedordanas.com\/?author=1"}]}},"_links":{"self":[{"href":"https:\/\/www.prijedordanas.com\/index.php?rest_route=\/wp\/v2\/posts\/16481"}],"collection":[{"href":"https:\/\/www.prijedordanas.com\/index.php?rest_route=\/wp\/v2\/posts"}],"about":[{"href":"https:\/\/www.prijedordanas.com\/index.php?rest_route=\/wp\/v2\/types\/post"}],"author":[{"embeddable":true,"href":"https:\/\/www.prijedordanas.com\/index.php?rest_route=\/wp\/v2\/users\/1"}],"replies":[{"embeddable":true,"href":"https:\/\/www.prijedordanas.com\/index.php?rest_route=%2Fwp%2Fv2%2Fcomments&post=16481"}],"version-history":[{"count":1,"href":"https:\/\/www.prijedordanas.com\/index.php?rest_route=\/wp\/v2\/posts\/16481\/revisions"}],"predecessor-version":[{"id":16482,"href":"https:\/\/www.prijedordanas.com\/index.php?rest_route=\/wp\/v2\/posts\/16481\/revisions\/16482"}],"wp:attachment":[{"href":"https:\/\/www.prijedordanas.com\/index.php?rest_route=%2Fwp%2Fv2%2Fmedia&parent=16481"}],"wp:term":[{"taxonomy":"category","embeddable":true,"href":"https:\/\/www.prijedordanas.com\/index.php?rest_route=%2Fwp%2Fv2%2Fcategories&post=16481"},{"taxonomy":"post_tag","embeddable":true,"href":"https:\/\/www.prijedordanas.com\/index.php?rest_route=%2Fwp%2Fv2%2Ftags&post=16481"}],"curies":[{"name":"wp","href":"https:\/\/api.w.org\/{rel}","templated":true}]}}