{"id":164809,"date":"2021-04-01T19:26:40","date_gmt":"2021-04-01T17:26:40","guid":{"rendered":"https:\/\/www.prijedordanas.com\/?p=164809"},"modified":"2021-04-01T19:26:40","modified_gmt":"2021-04-01T17:26:40","slug":"prijedor-obiljezena-godisnjica-rodenja-i-smrti-doktora-mladena-stojanovica-foto","status":"publish","type":"post","link":"https:\/\/www.prijedordanas.com\/?p=164809","title":{"rendered":"Prijedor: Obilje\u017eena godi\u0161njica ro\u0111enja i smrti doktora Mladena Stojanovi\u0107a &#8211; FOTO"},"content":{"rendered":"<p><a href=\"https:\/\/www.prijedordanas.com\/wp-content\/uploads\/2021\/04\/prijedorgradorg-godisnjica-dr-mladen-stojanovic-1.jpg\"><img loading=\"lazy\" decoding=\"async\" class=\"alignleft size-medium wp-image-164810\" src=\"https:\/\/www.prijedordanas.com\/wp-content\/uploads\/2021\/04\/prijedorgradorg-godisnjica-dr-mladen-stojanovic-1-300x225.jpg\" alt=\"\" width=\"300\" height=\"225\" srcset=\"https:\/\/www.prijedordanas.com\/wp-content\/uploads\/2021\/04\/prijedorgradorg-godisnjica-dr-mladen-stojanovic-1-300x225.jpg 300w, https:\/\/www.prijedordanas.com\/wp-content\/uploads\/2021\/04\/prijedorgradorg-godisnjica-dr-mladen-stojanovic-1-640x480.jpg 640w, https:\/\/www.prijedordanas.com\/wp-content\/uploads\/2021\/04\/prijedorgradorg-godisnjica-dr-mladen-stojanovic-1.jpg 667w\" sizes=\"(max-width: 300px) 100vw, 300px\" \/><\/a>U Prijedoru je danas obilje\u017eena 125. godi\u0161njica od ro\u0111enja i 79.godi\u0161njica od smrti narodnog heroja doktora i legende potkozarskog kraja Mladena Stojanovi\u0107a.<\/p>\n<p>Predsjednik Gradskog odbora SUBNOR-a Prijedor Veljko Rodi\u0107 rekao je da je rije\u010d o visoko moralnoj i humanoj li\u010dnosti \u010dije \u0107e se ime i njegova velika djela spominjati decenijama i vjekoviima i prenositi na mlade sada\u0161nje i budu\u0107e generacije.<\/p>\n<p>&#8220;Okupili smo se kao \u0161to to \u010dinimo i mnogo godina ranije, jo\u0161 od 1952. kada je podignut i otkriven ovaj spomenik, a ovdje \u0107emo se okupljati i ubudu\u0107e da bismo podsje\u0107ali na \u010dovjeka koji je iz rodnog Prijedora oti\u0161ao u legendu. Mladen je bio i ostao junak i narodni heroj koji je pripadao ne samo Prijedoru i Potkozarju nego i Podgrme\u010du i Bosanskoj krajini i mnogo, mnogo \u0161ire&#8221;, rekao je Rodi\u0107 u obra\u0107anju zvanicama.<\/p>\n<p><a href=\"https:\/\/www.prijedordanas.com\/wp-content\/uploads\/2021\/04\/prijedorgradorg-godisnjica-dr-mladen-stojanovic-2.jpg\"><img loading=\"lazy\" decoding=\"async\" class=\"alignleft size-medium wp-image-164811\" src=\"https:\/\/www.prijedordanas.com\/wp-content\/uploads\/2021\/04\/prijedorgradorg-godisnjica-dr-mladen-stojanovic-2-300x225.jpg\" alt=\"\" width=\"300\" height=\"225\" srcset=\"https:\/\/www.prijedordanas.com\/wp-content\/uploads\/2021\/04\/prijedorgradorg-godisnjica-dr-mladen-stojanovic-2-300x225.jpg 300w, https:\/\/www.prijedordanas.com\/wp-content\/uploads\/2021\/04\/prijedorgradorg-godisnjica-dr-mladen-stojanovic-2.jpg 600w\" sizes=\"(max-width: 300px) 100vw, 300px\" \/><\/a>On je naglasio da Mladen zaslu\u017euje da mu se ime izgovara sa posebnim i naro\u010ditim pijetetom i punom pa\u017enjom.<\/p>\n<p>&#8220;Bio je primjer drugima, a svi koji su ga poznavali ka\u017eu da je svaka rije\u010d izgovorena iz njegovih usta imala svoje mjesto i bila melem za du\u0161u i srce svakog \u010dovjeka, pa i za nas koji smo se danas okupili ovdje Mladenu u \u010dast. Budimo i mi onakvi , kakav je bio na\u0161 doktor Mladen&#8221;, poru\u010dio je Rodi\u0107.<\/p>\n<p>Gradona\u010delnik Prijedora Dalibor Pavlovi\u0107 rekao je da brojne ustanove i udru\u017eenja u Prijedoru nose Mladenovo ime, da je me\u0111u njima i bolnica \u010diji danas, u vremenu pandemije virusa korona, \u010dine sve da pomogu oboljelima ba\u0161 kao \u0161to je to doktor Mladen radio govore\u0107i govorio da su mu najve\u0107a nagrada &#8220;zahvalne o\u010di bolesnika koji se pridi\u017eu i u \u017eivot vra\u0107aju&#8221;.<\/p>\n<p><a href=\"https:\/\/www.prijedordanas.com\/wp-content\/uploads\/2021\/04\/prijedorgradorg-godisnjica-dr-mladen-stojanovic-3.jpg\"><img loading=\"lazy\" decoding=\"async\" src=\"https:\/\/www.prijedordanas.com\/wp-content\/uploads\/2021\/04\/prijedorgradorg-godisnjica-dr-mladen-stojanovic-3-300x225.jpg\" alt=\"\" width=\"300\" height=\"225\" class=\"alignleft size-medium wp-image-164812\" srcset=\"https:\/\/www.prijedordanas.com\/wp-content\/uploads\/2021\/04\/prijedorgradorg-godisnjica-dr-mladen-stojanovic-3-300x225.jpg 300w, https:\/\/www.prijedordanas.com\/wp-content\/uploads\/2021\/04\/prijedorgradorg-godisnjica-dr-mladen-stojanovic-3.jpg 600w\" sizes=\"(max-width: 300px) 100vw, 300px\" \/><\/a>&#8220;Svojom \u010destito\u0161\u0107u i ljudskim odnosom prema ljudima, doktor Mladen je stekao simpatije i veliko po\u0161tovanje u narodu Kozare i Potkozarja i u\u0161ao u kraji\u0161ku pjesmu i prije narodnog ustanka. Svog Mladena, \u010duvenog crvenog doktora sa Kozare, narod je bezgrani\u010dno volio i po\u0161tovao. Tako je i danas, a bi\u0107e i u budu\u0107nosti, jer po\u0161tovaoci i potomci u\u010desnika NOB-a ne\u0107e dozvoliti da izblijede krvlju pisane stranice na\u0161e istorije&#8221;, istakao je Pavlovi\u0107.<\/p>\n<p>Vijence i cvije\u0107e na spomenik Mladenu Stojanovi\u0107u ispred zgrade Gradske uprave polo\u017eile su brojne delegacije me\u0111u kojima delegacija gradona\u010delnika Prijedora, republi\u010dke i gradske organizacije SUBNOR-a, kao i op\u0161tinskih odbora SUBNOR-a Kozarske Dubice i Novog Grada, ustanova i organizacija koje nose ime dr Mladena Stojanovi\u0107a.<\/p>\n<p><a href=\"http:\/\/prijedorgrad.org\/sr-EU\/vijesti-sadrzaj.html?vid=11323\" target=\"_blank\" rel=\"noopener\">prijedorgrad.org<\/a><\/p>\n<p><a href=\"https:\/\/www.prijedordanas.com\/wp-content\/uploads\/2021\/04\/prijedorgradorg-godisnjica-dr-mladen-stojanovic-4.jpg\"><img loading=\"lazy\" decoding=\"async\" src=\"https:\/\/www.prijedordanas.com\/wp-content\/uploads\/2021\/04\/prijedorgradorg-godisnjica-dr-mladen-stojanovic-4-300x225.jpg\" alt=\"\" width=\"300\" height=\"225\" class=\"alignleft size-medium wp-image-164813\" srcset=\"https:\/\/www.prijedordanas.com\/wp-content\/uploads\/2021\/04\/prijedorgradorg-godisnjica-dr-mladen-stojanovic-4-300x225.jpg 300w, https:\/\/www.prijedordanas.com\/wp-content\/uploads\/2021\/04\/prijedorgradorg-godisnjica-dr-mladen-stojanovic-4.jpg 600w\" sizes=\"(max-width: 300px) 100vw, 300px\" \/><\/a> <a href=\"https:\/\/www.prijedordanas.com\/wp-content\/uploads\/2021\/04\/prijedorgradorg-godisnjica-dr-mladen-stojanovic-5.jpg\"><img loading=\"lazy\" decoding=\"async\" src=\"https:\/\/www.prijedordanas.com\/wp-content\/uploads\/2021\/04\/prijedorgradorg-godisnjica-dr-mladen-stojanovic-5-300x225.jpg\" alt=\"\" width=\"300\" height=\"225\" class=\"alignleft size-medium wp-image-164814\" srcset=\"https:\/\/www.prijedordanas.com\/wp-content\/uploads\/2021\/04\/prijedorgradorg-godisnjica-dr-mladen-stojanovic-5-300x225.jpg 300w, https:\/\/www.prijedordanas.com\/wp-content\/uploads\/2021\/04\/prijedorgradorg-godisnjica-dr-mladen-stojanovic-5.jpg 600w\" sizes=\"(max-width: 300px) 100vw, 300px\" \/><\/a> <a href=\"https:\/\/www.prijedordanas.com\/wp-content\/uploads\/2021\/04\/prijedorgradorg-godisnjica-dr-mladen-stojanovic-6.jpg\"><img loading=\"lazy\" decoding=\"async\" src=\"https:\/\/www.prijedordanas.com\/wp-content\/uploads\/2021\/04\/prijedorgradorg-godisnjica-dr-mladen-stojanovic-6-300x225.jpg\" alt=\"\" width=\"300\" height=\"225\" class=\"alignleft size-medium wp-image-164815\" srcset=\"https:\/\/www.prijedordanas.com\/wp-content\/uploads\/2021\/04\/prijedorgradorg-godisnjica-dr-mladen-stojanovic-6-300x225.jpg 300w, https:\/\/www.prijedordanas.com\/wp-content\/uploads\/2021\/04\/prijedorgradorg-godisnjica-dr-mladen-stojanovic-6.jpg 600w\" sizes=\"(max-width: 300px) 100vw, 300px\" \/><\/a> <a href=\"https:\/\/www.prijedordanas.com\/wp-content\/uploads\/2021\/04\/prijedorgradorg-godisnjica-dr-mladen-stojanovic-7.jpg\"><img loading=\"lazy\" decoding=\"async\" src=\"https:\/\/www.prijedordanas.com\/wp-content\/uploads\/2021\/04\/prijedorgradorg-godisnjica-dr-mladen-stojanovic-7-300x225.jpg\" alt=\"\" width=\"300\" height=\"225\" class=\"alignleft size-medium wp-image-164816\" srcset=\"https:\/\/www.prijedordanas.com\/wp-content\/uploads\/2021\/04\/prijedorgradorg-godisnjica-dr-mladen-stojanovic-7-300x225.jpg 300w, https:\/\/www.prijedordanas.com\/wp-content\/uploads\/2021\/04\/prijedorgradorg-godisnjica-dr-mladen-stojanovic-7.jpg 600w\" sizes=\"(max-width: 300px) 100vw, 300px\" \/><\/a> <a href=\"https:\/\/www.prijedordanas.com\/wp-content\/uploads\/2021\/04\/prijedorgradorg-godisnjica-dr-mladen-stojanovic-8.jpg\"><img loading=\"lazy\" decoding=\"async\" src=\"https:\/\/www.prijedordanas.com\/wp-content\/uploads\/2021\/04\/prijedorgradorg-godisnjica-dr-mladen-stojanovic-8-300x225.jpg\" alt=\"\" width=\"300\" height=\"225\" class=\"alignleft size-medium wp-image-164817\" srcset=\"https:\/\/www.prijedordanas.com\/wp-content\/uploads\/2021\/04\/prijedorgradorg-godisnjica-dr-mladen-stojanovic-8-300x225.jpg 300w, https:\/\/www.prijedordanas.com\/wp-content\/uploads\/2021\/04\/prijedorgradorg-godisnjica-dr-mladen-stojanovic-8.jpg 600w\" sizes=\"(max-width: 300px) 100vw, 300px\" \/><\/a><\/p>\n","protected":false},"excerpt":{"rendered":"<p>U Prijedoru je danas obilje\u017eena 125. godi\u0161njica od ro\u0111enja i 79.godi\u0161njica od smrti narodnog heroja doktora i legende potkozarskog kraja Mladena Stojanovi\u0107a. Predsjednik Gradskog odbora SUBNOR-a Prijedor Veljko Rodi\u0107 rekao [&hellip;]<\/p>\n","protected":false},"author":1,"featured_media":0,"comment_status":"closed","ping_status":"open","sticky":false,"template":"","format":"standard","meta":{"_monsterinsights_skip_tracking":false,"_monsterinsights_sitenote_active":false,"_monsterinsights_sitenote_note":"","_monsterinsights_sitenote_category":0,"footnotes":""},"categories":[8],"tags":[],"yoast_head":"<!-- This site is optimized with the Yoast SEO plugin v21.6 - https:\/\/yoast.com\/wordpress\/plugins\/seo\/ -->\n<title>Prijedor: Obilje\u017eena godi\u0161njica ro\u0111enja i smrti doktora Mladena Stojanovi\u0107a - FOTO - PrijedorDanas.com - Prijedorski gradski portal<\/title>\n<meta name=\"robots\" content=\"index, follow, max-snippet:-1, max-image-preview:large, max-video-preview:-1\" \/>\n<link rel=\"canonical\" href=\"https:\/\/www.prijedordanas.com\/?p=164809\" \/>\n<meta property=\"og:locale\" content=\"en_US\" \/>\n<meta property=\"og:type\" content=\"article\" \/>\n<meta property=\"og:title\" content=\"Prijedor: Obilje\u017eena godi\u0161njica ro\u0111enja i smrti doktora Mladena Stojanovi\u0107a - FOTO - PrijedorDanas.com - Prijedorski gradski portal\" \/>\n<meta property=\"og:description\" content=\"U Prijedoru je danas obilje\u017eena 125. godi\u0161njica od ro\u0111enja i 79.godi\u0161njica od smrti narodnog heroja doktora i legende potkozarskog kraja Mladena Stojanovi\u0107a. Predsjednik Gradskog odbora SUBNOR-a Prijedor Veljko Rodi\u0107 rekao [&hellip;]\" \/>\n<meta property=\"og:url\" content=\"https:\/\/www.prijedordanas.com\/?p=164809\" \/>\n<meta property=\"og:site_name\" content=\"PrijedorDanas.com - Prijedorski gradski portal\" \/>\n<meta property=\"article:publisher\" content=\"https:\/\/www.facebook.com\/PrijedorDanasCom\/\" \/>\n<meta property=\"article:published_time\" content=\"2021-04-01T17:26:40+00:00\" \/>\n<meta property=\"og:image\" content=\"https:\/\/www.prijedordanas.com\/wp-content\/uploads\/2021\/04\/prijedorgradorg-godisnjica-dr-mladen-stojanovic-1-300x225.jpg\" \/>\n<meta name=\"author\" content=\"admin\" \/>\n<meta name=\"twitter:card\" content=\"summary_large_image\" \/>\n<meta name=\"twitter:label1\" content=\"Written by\" \/>\n\t<meta name=\"twitter:data1\" content=\"admin\" \/>\n\t<meta name=\"twitter:label2\" content=\"Est. reading time\" \/>\n\t<meta name=\"twitter:data2\" content=\"3 minutes\" \/>\n<script type=\"application\/ld+json\" class=\"yoast-schema-graph\">{\"@context\":\"https:\/\/schema.org\",\"@graph\":[{\"@type\":\"Article\",\"@id\":\"https:\/\/www.prijedordanas.com\/?p=164809#article\",\"isPartOf\":{\"@id\":\"https:\/\/www.prijedordanas.com\/?p=164809\"},\"author\":{\"name\":\"admin\",\"@id\":\"https:\/\/www.prijedordanas.com\/#\/schema\/person\/4e08ccf29b506ca916ff86d46bb700e6\"},\"headline\":\"Prijedor: Obilje\u017eena godi\u0161njica ro\u0111enja i smrti doktora Mladena Stojanovi\u0107a &#8211; FOTO\",\"datePublished\":\"2021-04-01T17:26:40+00:00\",\"dateModified\":\"2021-04-01T17:26:40+00:00\",\"mainEntityOfPage\":{\"@id\":\"https:\/\/www.prijedordanas.com\/?p=164809\"},\"wordCount\":444,\"publisher\":{\"@id\":\"https:\/\/www.prijedordanas.com\/#organization\"},\"articleSection\":[\"Svakodnevno\"],\"inLanguage\":\"en-US\"},{\"@type\":\"WebPage\",\"@id\":\"https:\/\/www.prijedordanas.com\/?p=164809\",\"url\":\"https:\/\/www.prijedordanas.com\/?p=164809\",\"name\":\"Prijedor: Obilje\u017eena godi\u0161njica ro\u0111enja i smrti doktora Mladena Stojanovi\u0107a - FOTO - PrijedorDanas.com - Prijedorski gradski portal\",\"isPartOf\":{\"@id\":\"https:\/\/www.prijedordanas.com\/#website\"},\"datePublished\":\"2021-04-01T17:26:40+00:00\",\"dateModified\":\"2021-04-01T17:26:40+00:00\",\"breadcrumb\":{\"@id\":\"https:\/\/www.prijedordanas.com\/?p=164809#breadcrumb\"},\"inLanguage\":\"en-US\",\"potentialAction\":[{\"@type\":\"ReadAction\",\"target\":[\"https:\/\/www.prijedordanas.com\/?p=164809\"]}]},{\"@type\":\"BreadcrumbList\",\"@id\":\"https:\/\/www.prijedordanas.com\/?p=164809#breadcrumb\",\"itemListElement\":[{\"@type\":\"ListItem\",\"position\":1,\"name\":\"Home\",\"item\":\"https:\/\/www.prijedordanas.com\/\"},{\"@type\":\"ListItem\",\"position\":2,\"name\":\"Prijedor: Obilje\u017eena godi\u0161njica ro\u0111enja i smrti doktora Mladena Stojanovi\u0107a &#8211; FOTO\"}]},{\"@type\":\"WebSite\",\"@id\":\"https:\/\/www.prijedordanas.com\/#website\",\"url\":\"https:\/\/www.prijedordanas.com\/\",\"name\":\"PrijedorDanas.com - Prijedorski gradski portal\",\"description\":\"Portal o doga\u0111anjima u gradu Prijedoru\",\"publisher\":{\"@id\":\"https:\/\/www.prijedordanas.com\/#organization\"},\"potentialAction\":[{\"@type\":\"SearchAction\",\"target\":{\"@type\":\"EntryPoint\",\"urlTemplate\":\"https:\/\/www.prijedordanas.com\/?s={search_term_string}\"},\"query-input\":\"required name=search_term_string\"}],\"inLanguage\":\"en-US\"},{\"@type\":\"Organization\",\"@id\":\"https:\/\/www.prijedordanas.com\/#organization\",\"name\":\"PrijedorDanas.com\",\"url\":\"https:\/\/www.prijedordanas.com\/\",\"logo\":{\"@type\":\"ImageObject\",\"inLanguage\":\"en-US\",\"@id\":\"https:\/\/www.prijedordanas.com\/#\/schema\/logo\/image\/\",\"url\":\"http:\/\/www.prijedordanas.com\/wp-content\/uploads\/2021\/12\/logopng.png\",\"contentUrl\":\"http:\/\/www.prijedordanas.com\/wp-content\/uploads\/2021\/12\/logopng.png\",\"width\":1019,\"height\":776,\"caption\":\"PrijedorDanas.com\"},\"image\":{\"@id\":\"https:\/\/www.prijedordanas.com\/#\/schema\/logo\/image\/\"},\"sameAs\":[\"https:\/\/www.facebook.com\/PrijedorDanasCom\/\"]},{\"@type\":\"Person\",\"@id\":\"https:\/\/www.prijedordanas.com\/#\/schema\/person\/4e08ccf29b506ca916ff86d46bb700e6\",\"name\":\"admin\",\"image\":{\"@type\":\"ImageObject\",\"inLanguage\":\"en-US\",\"@id\":\"https:\/\/www.prijedordanas.com\/#\/schema\/person\/image\/\",\"url\":\"https:\/\/secure.gravatar.com\/avatar\/1d3fc949d550f0b53a5f0d51e06dfd79?s=96&d=mm&r=g\",\"contentUrl\":\"https:\/\/secure.gravatar.com\/avatar\/1d3fc949d550f0b53a5f0d51e06dfd79?s=96&d=mm&r=g\",\"caption\":\"admin\"},\"url\":\"https:\/\/www.prijedordanas.com\/?author=1\"}]}<\/script>\n<!-- \/ Yoast SEO plugin. -->","yoast_head_json":{"title":"Prijedor: Obilje\u017eena godi\u0161njica ro\u0111enja i smrti doktora Mladena Stojanovi\u0107a - FOTO - PrijedorDanas.com - Prijedorski gradski portal","robots":{"index":"index","follow":"follow","max-snippet":"max-snippet:-1","max-image-preview":"max-image-preview:large","max-video-preview":"max-video-preview:-1"},"canonical":"https:\/\/www.prijedordanas.com\/?p=164809","og_locale":"en_US","og_type":"article","og_title":"Prijedor: Obilje\u017eena godi\u0161njica ro\u0111enja i smrti doktora Mladena Stojanovi\u0107a - FOTO - PrijedorDanas.com - Prijedorski gradski portal","og_description":"U Prijedoru je danas obilje\u017eena 125. godi\u0161njica od ro\u0111enja i 79.godi\u0161njica od smrti narodnog heroja doktora i legende potkozarskog kraja Mladena Stojanovi\u0107a. Predsjednik Gradskog odbora SUBNOR-a Prijedor Veljko Rodi\u0107 rekao [&hellip;]","og_url":"https:\/\/www.prijedordanas.com\/?p=164809","og_site_name":"PrijedorDanas.com - Prijedorski gradski portal","article_publisher":"https:\/\/www.facebook.com\/PrijedorDanasCom\/","article_published_time":"2021-04-01T17:26:40+00:00","og_image":[{"url":"https:\/\/www.prijedordanas.com\/wp-content\/uploads\/2021\/04\/prijedorgradorg-godisnjica-dr-mladen-stojanovic-1-300x225.jpg"}],"author":"admin","twitter_card":"summary_large_image","twitter_misc":{"Written by":"admin","Est. reading time":"3 minutes"},"schema":{"@context":"https:\/\/schema.org","@graph":[{"@type":"Article","@id":"https:\/\/www.prijedordanas.com\/?p=164809#article","isPartOf":{"@id":"https:\/\/www.prijedordanas.com\/?p=164809"},"author":{"name":"admin","@id":"https:\/\/www.prijedordanas.com\/#\/schema\/person\/4e08ccf29b506ca916ff86d46bb700e6"},"headline":"Prijedor: Obilje\u017eena godi\u0161njica ro\u0111enja i smrti doktora Mladena Stojanovi\u0107a &#8211; FOTO","datePublished":"2021-04-01T17:26:40+00:00","dateModified":"2021-04-01T17:26:40+00:00","mainEntityOfPage":{"@id":"https:\/\/www.prijedordanas.com\/?p=164809"},"wordCount":444,"publisher":{"@id":"https:\/\/www.prijedordanas.com\/#organization"},"articleSection":["Svakodnevno"],"inLanguage":"en-US"},{"@type":"WebPage","@id":"https:\/\/www.prijedordanas.com\/?p=164809","url":"https:\/\/www.prijedordanas.com\/?p=164809","name":"Prijedor: Obilje\u017eena godi\u0161njica ro\u0111enja i smrti doktora Mladena Stojanovi\u0107a - FOTO - PrijedorDanas.com - Prijedorski gradski portal","isPartOf":{"@id":"https:\/\/www.prijedordanas.com\/#website"},"datePublished":"2021-04-01T17:26:40+00:00","dateModified":"2021-04-01T17:26:40+00:00","breadcrumb":{"@id":"https:\/\/www.prijedordanas.com\/?p=164809#breadcrumb"},"inLanguage":"en-US","potentialAction":[{"@type":"ReadAction","target":["https:\/\/www.prijedordanas.com\/?p=164809"]}]},{"@type":"BreadcrumbList","@id":"https:\/\/www.prijedordanas.com\/?p=164809#breadcrumb","itemListElement":[{"@type":"ListItem","position":1,"name":"Home","item":"https:\/\/www.prijedordanas.com\/"},{"@type":"ListItem","position":2,"name":"Prijedor: Obilje\u017eena godi\u0161njica ro\u0111enja i smrti doktora Mladena Stojanovi\u0107a &#8211; FOTO"}]},{"@type":"WebSite","@id":"https:\/\/www.prijedordanas.com\/#website","url":"https:\/\/www.prijedordanas.com\/","name":"PrijedorDanas.com - Prijedorski gradski portal","description":"Portal o doga\u0111anjima u gradu Prijedoru","publisher":{"@id":"https:\/\/www.prijedordanas.com\/#organization"},"potentialAction":[{"@type":"SearchAction","target":{"@type":"EntryPoint","urlTemplate":"https:\/\/www.prijedordanas.com\/?s={search_term_string}"},"query-input":"required name=search_term_string"}],"inLanguage":"en-US"},{"@type":"Organization","@id":"https:\/\/www.prijedordanas.com\/#organization","name":"PrijedorDanas.com","url":"https:\/\/www.prijedordanas.com\/","logo":{"@type":"ImageObject","inLanguage":"en-US","@id":"https:\/\/www.prijedordanas.com\/#\/schema\/logo\/image\/","url":"http:\/\/www.prijedordanas.com\/wp-content\/uploads\/2021\/12\/logopng.png","contentUrl":"http:\/\/www.prijedordanas.com\/wp-content\/uploads\/2021\/12\/logopng.png","width":1019,"height":776,"caption":"PrijedorDanas.com"},"image":{"@id":"https:\/\/www.prijedordanas.com\/#\/schema\/logo\/image\/"},"sameAs":["https:\/\/www.facebook.com\/PrijedorDanasCom\/"]},{"@type":"Person","@id":"https:\/\/www.prijedordanas.com\/#\/schema\/person\/4e08ccf29b506ca916ff86d46bb700e6","name":"admin","image":{"@type":"ImageObject","inLanguage":"en-US","@id":"https:\/\/www.prijedordanas.com\/#\/schema\/person\/image\/","url":"https:\/\/secure.gravatar.com\/avatar\/1d3fc949d550f0b53a5f0d51e06dfd79?s=96&d=mm&r=g","contentUrl":"https:\/\/secure.gravatar.com\/avatar\/1d3fc949d550f0b53a5f0d51e06dfd79?s=96&d=mm&r=g","caption":"admin"},"url":"https:\/\/www.prijedordanas.com\/?author=1"}]}},"_links":{"self":[{"href":"https:\/\/www.prijedordanas.com\/index.php?rest_route=\/wp\/v2\/posts\/164809"}],"collection":[{"href":"https:\/\/www.prijedordanas.com\/index.php?rest_route=\/wp\/v2\/posts"}],"about":[{"href":"https:\/\/www.prijedordanas.com\/index.php?rest_route=\/wp\/v2\/types\/post"}],"author":[{"embeddable":true,"href":"https:\/\/www.prijedordanas.com\/index.php?rest_route=\/wp\/v2\/users\/1"}],"replies":[{"embeddable":true,"href":"https:\/\/www.prijedordanas.com\/index.php?rest_route=%2Fwp%2Fv2%2Fcomments&post=164809"}],"version-history":[{"count":1,"href":"https:\/\/www.prijedordanas.com\/index.php?rest_route=\/wp\/v2\/posts\/164809\/revisions"}],"predecessor-version":[{"id":164818,"href":"https:\/\/www.prijedordanas.com\/index.php?rest_route=\/wp\/v2\/posts\/164809\/revisions\/164818"}],"wp:attachment":[{"href":"https:\/\/www.prijedordanas.com\/index.php?rest_route=%2Fwp%2Fv2%2Fmedia&parent=164809"}],"wp:term":[{"taxonomy":"category","embeddable":true,"href":"https:\/\/www.prijedordanas.com\/index.php?rest_route=%2Fwp%2Fv2%2Fcategories&post=164809"},{"taxonomy":"post_tag","embeddable":true,"href":"https:\/\/www.prijedordanas.com\/index.php?rest_route=%2Fwp%2Fv2%2Ftags&post=164809"}],"curies":[{"name":"wp","href":"https:\/\/api.w.org\/{rel}","templated":true}]}}